{"id":15739,"date":"2024-07-31T11:29:01","date_gmt":"2024-07-31T11:29:01","guid":{"rendered":"https:\/\/macite.tg\/?p=15739"},"modified":"2024-07-31T11:29:03","modified_gmt":"2024-07-31T11:29:03","slug":"togo-lutte-contre-lextremisme-des-lauriers-pour-nos-forces-de-defense-et-de-securite-fds","status":"publish","type":"post","link":"https:\/\/macite.tg\/?p=15739","title":{"rendered":"TOGO\/ LUTTE CONTRE L\u2019EXTREMISME\u00a0: Des lauriers pour nos forces de d\u00e9fense et de s\u00e9curit\u00e9 (Fds)"},"content":{"rendered":"\n<p class=\"wp-block-paragraph\"><strong><em>Le 20 juillet dernier, notre pays a subi, au poste de contr\u00f4le avanc\u00e9 de Kpinkpakandi dans la Pr\u00e9fecture de Kpendjal-Ouest, une attaque terroriste. Des pertes en vies humaines ainsi que d&rsquo;importants d\u00e9g\u00e2ts mat\u00e9riels ont \u00e9t\u00e9 enregistr\u00e9s dans les rangs des Forces de d\u00e9fense togolaises mais \u00e9galement au sein des terroristes.<\/em><\/strong> <\/p>\n\n\n\n<p class=\"wp-block-paragraph\">Les Forces de d\u00e9fense ont vaillamment d\u00e9fendu le Togo contre une id\u00e9e d&rsquo;occupation de la r\u00e9gion Nord du pays par les terroristes, mis en d\u00e9bandade malgr\u00e9 leur nombre impressionnant. Les informations parlent de plus d&rsquo;un millier de terroristes lourdement arm\u00e9s face \u00e0 nos Forces de d\u00e9fense qui n&rsquo;ont pas du tout d\u00e9m\u00e9rit\u00e9, m\u00eame si on y d\u00e9nombre des pertes en vies humaines.<\/p>\n\n\n<div class=\"wp-block-image\">\n<figure class=\"aligncenter size-full is-resized\"><img loading=\"lazy\" decoding=\"async\" src=\"https:\/\/macite.tg\/wp-content\/uploads\/2024\/07\/88c62692-46fa-48fc-8489-9b0360abc212.jpg\" alt=\"\" class=\"wp-image-15697\" width=\"470\" height=\"648\" srcset=\"https:\/\/macite.tg\/wp-content\/uploads\/2024\/07\/88c62692-46fa-48fc-8489-9b0360abc212.jpg 720w, https:\/\/macite.tg\/wp-content\/uploads\/2024\/07\/88c62692-46fa-48fc-8489-9b0360abc212-218x300.jpg 218w\" sizes=\"auto, (max-width: 470px) 100vw, 470px\" \/><\/figure>\n<\/div>\n\n\n<p class=\"wp-block-paragraph\"><strong>Des militaires togolais tu\u00e9s, des terroristes d\u00e9vast\u00e9s en grand nombre et mis en d\u00e9route<\/strong><\/p>\n\n\n\n<p class=\"wp-block-paragraph\">Au regard du nombre important des terroristes ayant attaqu\u00e9 le poste de contr\u00f4le avanc\u00e9 de Kpinkpakandi dans la Pr\u00e9fecture de Kpendjal-Ouest, le 20 juillet dernier, et toute analyse bien faite, il n&rsquo;est aucun doute que l&rsquo;intention majeure de cette attaque (avec plus d&rsquo;un millier de terroristes mobilis\u00e9s) \u00e9tait de s&rsquo;installer au nord du pays et de progresser au four et \u00e0 mesure. Sinon pourquoi mobiliser plus de 1.000 hommes si c&rsquo;\u00e9tait juste pour une simple attaque ?<\/p>\n\n\n\n<p class=\"wp-block-paragraph\">Non seulement, les terroristes furent surpris par les forces de r\u00e9action de nos militaires, mais ensuite et pour leur survie, ont pr\u00e9f\u00e9r\u00e9 d\u00e9taler, tant la riposte togolaise \u00e9tait de bonne facture et appropri\u00e9e.<\/p>\n\n\n\n<p class=\"wp-block-paragraph\"><strong>Des fleurs pour nos vaillants militaires<\/strong><\/p>\n\n\n\n<p class=\"wp-block-paragraph\">Au front depuis un moment, avec z\u00e8le, d\u00e9vouement et abn\u00e9gation, les militaires togolais, d\u00e9ploy\u00e9s au nord du Togo pour d\u00e9jouer toutes les actions terroristes, visant \u00e0 une occupation du territoire, accomplissent leur travail. N&rsquo;eut \u00e9t\u00e9 leurs pr\u00e9sences et leurs strat\u00e9gies de ripostes, face aux diverses attaques, la r\u00e9gion Nord du pays serait peut-\u00eatre depuis dans les mains des bandes terroristes.<\/p>\n\n\n\n<p class=\"wp-block-paragraph\">Ces derni\u00e8res ont multipli\u00e9, avant le 20 juillet dernier, des s\u00e9ries d&rsquo;attaques qui, malheureusement pour eux, n&rsquo;ont pas produit les r\u00e9sultats escompt\u00e9s. Dans ce registre, il sied de relever que si les attaques terroristes n&rsquo;ont pas remport\u00e9 les victoires souhait\u00e9es, c&rsquo;est surtout gr\u00e2ce aux forces de d\u00e9fense du Togo d\u00e9ploy\u00e9es tr\u00e8s t\u00f4t dans cette zone.<\/p>\n\n\n<div class=\"wp-block-image\">\n<figure class=\"aligncenter size-large is-resized\"><img loading=\"lazy\" decoding=\"async\" src=\"https:\/\/macite.tg\/wp-content\/uploads\/2024\/07\/7f44bc18-2883-4563-9cba-d78a98c033b1-703x1024.jpg\" alt=\"\" class=\"wp-image-15699\" width=\"393\" height=\"572\" srcset=\"https:\/\/macite.tg\/wp-content\/uploads\/2024\/07\/7f44bc18-2883-4563-9cba-d78a98c033b1-703x1024.jpg 703w, https:\/\/macite.tg\/wp-content\/uploads\/2024\/07\/7f44bc18-2883-4563-9cba-d78a98c033b1-206x300.jpg 206w, https:\/\/macite.tg\/wp-content\/uploads\/2024\/07\/7f44bc18-2883-4563-9cba-d78a98c033b1.jpg 720w\" sizes=\"auto, (max-width: 393px) 100vw, 393px\" \/><\/figure>\n<\/div>\n\n\n<p class=\"wp-block-paragraph\">Ayant choisi de d\u00e9fendre le territoire togolais contre les potentiels ennemis, les militaires n&rsquo;ont pas \u00e9t\u00e9 pri\u00e9s ou suppli\u00e9s avant de s&rsquo;impliquer farouchement pour jouer leur partition. A maintes reprises, et dans un pass\u00e9 r\u00e9cent ils ont toujours su repousser les offensives des terroristes. Cette fois-ci, et trahis par leur nombre tr\u00e8s impressionnant, les militaires togolais sont arriv\u00e9s surtout \u00e0 les emp\u00eacher de poser leurs bases au Nord du Togo.<\/p>\n\n\n\n<p class=\"wp-block-paragraph\">C&rsquo;\u00e9tait en r\u00e9alit\u00e9 leur intention. Et en prenant le contr\u00f4le de la zone du poste de contr\u00f4le avanc\u00e9 de Kpinkpakandi, dans la Pr\u00e9fecture de Kpendjal Ouest, les forces du mal esp\u00e9raient tant progresser vers d&rsquo;autres zones du pays et foudre le bordel, comme ils l&rsquo;avaient fait au nord du Mali, et m\u00eame au Burkina et au Niger. Combattus avec la derni\u00e8re rigueur dans les pays de l&rsquo;Alliance des Etats du Sahel (Aes), les terroristes essaient de trouver d&rsquo;autres refuges plus s\u00fbrs. Et sachant que les Forces arm\u00e9es du Burkina Faso n&rsquo;ont pas de r\u00e9elle emprise sur la zone fronti\u00e8re avec le Togo, les terroristes ont vite fait de convoiter le nord du Togo pour en faire une de leurs bases. Mais, c&rsquo;est sans compter les comp\u00e9tences et la puissance de r\u00e9action des militaires togolais.<\/p>\n\n\n\n<p class=\"wp-block-paragraph\"><strong>Le manque de patriotisme des partis politiques de l&rsquo;opposition<\/strong><\/p>\n\n\n\n<p class=\"wp-block-paragraph\">Face aux d\u00e9fis s\u00e9curitaires dont notre pays fait face depuis un moment, et surtout celui des attaques terroristes au Nord du Togo, la plupart des partis politiques de l&rsquo;opposition togolaise affichent leur manque de patriotisme aux yeux du monde entier et des populations togolaises, en particulier. Les professionnels de l&rsquo;opposition se sont donc mur\u00e9s dans un silence de cimeti\u00e8re, ce qui laisse transparaitre au grand jour leur manque criard de patriotisme.<\/p>\n\n\n<div class=\"wp-block-image\">\n<figure class=\"aligncenter size-full is-resized\"><img loading=\"lazy\" decoding=\"async\" src=\"https:\/\/macite.tg\/wp-content\/uploads\/2024\/07\/Depreciation-jusquau-31-Dec-1.jpg\" alt=\"\" class=\"wp-image-15723\" width=\"433\" height=\"612\" srcset=\"https:\/\/macite.tg\/wp-content\/uploads\/2024\/07\/Depreciation-jusquau-31-Dec-1.jpg 509w, https:\/\/macite.tg\/wp-content\/uploads\/2024\/07\/Depreciation-jusquau-31-Dec-1-212x300.jpg 212w\" sizes=\"auto, (max-width: 433px) 100vw, 433px\" \/><\/figure>\n<\/div>\n\n\n<p class=\"wp-block-paragraph\">Dans ce contexte de lutte contre les actions terroristes au nord du pays, pour une fois, il serait d\u00e9cent que les partis politiques de l&rsquo;opposition s&rsquo;associent aux gouvernants pour conjuguer les efforts afin de mieux affronter les d\u00e9fis s\u00e9curitaires du moment. Aujourd&rsquo;hui, avec toutes les tentatives des terroristes pour s&rsquo;accaparer la r\u00e9gion du nord, les partis politiques devraient plut\u00f4t quitter leurs chasubles d&rsquo;\u00e9ternels contestataires des actions politiques de nos dirigeants pour montrer et d\u00e9montrer leur amour pour le Togo.<\/p>\n\n\n\n<p class=\"wp-block-paragraph\">Si aujourd&rsquo;hui, les premiers Responsables du Togo, ensemble avec les Forces de d\u00e9fense et de s\u00e9curit\u00e9, s&rsquo;investissent fortement pour faire barrage aux progressions des terroristes, les partis politiques de l&rsquo;opposition ne devraient pas du tout se mettre en marge et adopter le silence. Le commun des mortels se poserait ais\u00e9ment la question de savoir si ce silence ou manque de patriotisme des partis politiques a une autre connotation ? Est-ce que le fait de combattre un syst\u00e8me politique depuis des d\u00e9cennies pourrait-il justifier ce manque de patriotisme des partis politiques de l&rsquo;opposition ?<\/p>\n\n\n\n<p class=\"wp-block-paragraph\">Il faut tout de m\u00eame pr\u00e9ciser que suite \u00e0 l&rsquo;attaque terroriste du 20 juillet dernier, le Comit\u00e9 d&rsquo;Action pour le Renouveau de Dat\u00e9 Yao Robert a sorti un communiqu\u00e9 sur le sujet. Notons que dans un souci d&rsquo;efficacit\u00e9, les pouvoirs publics auraient fait le choix de ne pas communiquer sur la situation s\u00e9curitaire dans la r\u00e9gion septentrionale.<\/p>\n\n\n<div class=\"wp-block-image\">\n<figure class=\"aligncenter size-full is-resized\"><img loading=\"lazy\" decoding=\"async\" src=\"https:\/\/macite.tg\/wp-content\/uploads\/2024\/07\/IMG-20240313-WA0013-2.jpg\" alt=\"\" class=\"wp-image-15595\" width=\"844\" height=\"208\" srcset=\"https:\/\/macite.tg\/wp-content\/uploads\/2024\/07\/IMG-20240313-WA0013-2.jpg 690w, https:\/\/macite.tg\/wp-content\/uploads\/2024\/07\/IMG-20240313-WA0013-2-300x74.jpg 300w\" sizes=\"auto, (max-width: 844px) 100vw, 844px\" \/><\/figure>\n<\/div>\n\n\n<p class=\"wp-block-paragraph\">Selon nos confr\u00e8res fran\u00e7ais du journal Le Monde, <em>\u00ab&nbsp;l&rsquo;offensive n&rsquo;a pas \u00e9t\u00e9 revendiqu\u00e9e, mais tous les regards se tournent vers les djihadistes du Groupe de soutien \u00e0 l&rsquo;islam et aux musulmans (Gsim). Depuis janvier, ce groupe, filiale d&rsquo;Al-Qa\u00efda au Sahel a reconnu \u00eatre \u00e0 l&rsquo;origine de dix attaques sur les quatorze qui ont \u00e9t\u00e9 men\u00e9es au Togo, les quatre derni\u00e8res n&rsquo;ayant pas \u00e9t\u00e9 revendiqu\u00e9es et leurs auteurs jamais identifi\u00e9s. Elles se sont toutes produites dans la r\u00e9gion des Savanes et ont entra\u00een\u00e9 la mort de 64 personnes, selon Armed Conflict Location &amp; Event Data Project (Acled), une ONG sp\u00e9cialis\u00e9e dans le recueil d&rsquo;informations et l&rsquo;analyse de donn\u00e9es dans les zones de conflit&nbsp;\u00bb.<\/em><\/p>\n\n\n\n<p class=\"wp-block-paragraph\"><strong>N\u00e9cessit\u00e9 pour tous les Togolais de signaler tout mouvement suspect<\/strong><\/p>\n\n\n\n<p class=\"wp-block-paragraph\">A quelque niveau que ce soit, tous les Togolais sans exclusion devront s&rsquo;approprier cette lutte contre les terroristes au nord du pays. Ce n&rsquo;est plus uniquement le travail des Forces de d\u00e9fense et de s\u00e9curit\u00e9. Et c&rsquo;est dans ce sens que des num\u00e9ros verts ont \u00e9t\u00e9 mis \u00e0 la disposition des citoyens de signaler tout mouvement ou activit\u00e9 suspecte, qui pourrait compromettre la s\u00e9curit\u00e9 du pays.<\/p>\n\n\n\n<p class=\"wp-block-paragraph\">Dans nos entourages proches, nous devons \u00eatre vigilants et diligents en rapportant tout mouvement ou attitude suspecte aux forces de d\u00e9fense et de s\u00e9curit\u00e9. M\u00eame dans nos maisons, nos familles et sur nos lieux de travail, toutes activit\u00e9s suspectes doivent \u00eatre signal\u00e9es \u00e0 temps.<\/p>\n\n\n<div class=\"wp-block-image\">\n<figure class=\"aligncenter size-full is-resized\"><img loading=\"lazy\" decoding=\"async\" src=\"https:\/\/macite.tg\/wp-content\/uploads\/2024\/07\/ANNONCES-1-768x319-3.jpg\" alt=\"\" class=\"wp-image-15724\" width=\"841\" height=\"349\" srcset=\"https:\/\/macite.tg\/wp-content\/uploads\/2024\/07\/ANNONCES-1-768x319-3.jpg 768w, https:\/\/macite.tg\/wp-content\/uploads\/2024\/07\/ANNONCES-1-768x319-3-300x125.jpg 300w\" sizes=\"auto, (max-width: 841px) 100vw, 841px\" \/><\/figure>\n<\/div>\n\n\n<p class=\"wp-block-paragraph\">Dans cette optique, et afin de mieux coordonner les actions pour plus d&rsquo;efficacit\u00e9 et de succ\u00e8s dans la lutte, le Gouvernement togolais a fait en sorte que chaque r\u00e9gion du Togo b\u00e9n\u00e9ficie de num\u00e9ros sp\u00e9cifiques dans le but de faciliter les signalements. Une totale collaboration avec nos Forces de d\u00e9fense et de s\u00e9curit\u00e9 s&rsquo;impose. Ceci contribuera sensiblement \u00e0 pr\u00e9server nos acquis et \u00e0 faire face aux terroristes.<\/p>\n\n\n\n<p class=\"wp-block-paragraph\">Somme toute, il faut aujourd&rsquo;hui jeter des lauriers \u00e0 nos Forces de d\u00e9fense qui ne cessent de repousser les actions des terroristes dans la r\u00e9gion Nord du pays.<\/p>\n\n\n\n<p class=\"wp-block-paragraph\"><strong>Cr\u00e9do TETTEH (In LE MEDIUM n\u00b0616 du 30 Juillet au 05 Ao\u00fbt 2024)<\/strong><\/p>\n\n\n\n<p class=\"wp-block-paragraph\"><strong><em>@macite.tg&nbsp;&nbsp;&nbsp;&nbsp;&nbsp;&nbsp;&nbsp;&nbsp;<\/em><\/strong><\/p>\n\n\n\n<p class=\"wp-block-paragraph\"><strong><em>E-mail&nbsp;: <\/em><\/strong><a href=\"mailto:maciteinfo@gmail.com\"><strong><em>maciteinfo@gmail.com<\/em><\/strong><\/a><strong><em>; <\/em><\/strong><a href=\"mailto:bawela1@gmail.com\"><strong><em>bawela1@gmail.com<\/em><\/strong><\/a><strong><em><\/em><\/strong><\/p>\n\n\n\n<p class=\"wp-block-paragraph\"><strong><em>Pour vos annonces, (publi)reportages, etc., joignez-nous au (00228)91515309\/<strong>79872224 <\/strong>www.macite.tg, L\u2019information, la bonne&nbsp;!<\/em><\/strong><\/p>\n","protected":false},"excerpt":{"rendered":"<p class=\"text-justify mb-2\" >Le 20 juillet dernier, notre pays a subi, au poste de contr\u00f4le avanc\u00e9 de Kpinkpakandi dans la Pr\u00e9fecture de Kpendjal-Ouest, une attaque terroriste. Des pertes en vies humaines ainsi que d&rsquo;importants d\u00e9g\u00e2ts mat\u00e9riels ont \u00e9t\u00e9 enregistr\u00e9s dans les rangs des Forces de d\u00e9fense togolaises mais [&hellip;]<\/p>\n","protected":false},"author":2,"featured_media":15742,"comment_status":"open","ping_status":"open","sticky":false,"template":"","format":"standard","meta":{"footnotes":""},"categories":[20,28],"tags":[],"class_list":["post-15739","post","type-post","status-publish","format-standard","has-post-thumbnail","hentry","category-actualite","category-securite"],"yoast_head":"<!-- This site is optimized with the Yoast SEO plugin v28.4 - https:\/\/yoast.com\/product\/yoast-seo-wordpress\/ -->\n<title>TOGO\/ LUTTE CONTRE L\u2019EXTREMISME\u00a0: Des lauriers pour nos forces de d\u00e9fense et de s\u00e9curit\u00e9 (Fds) -<\/title>\n<meta name=\"robots\" content=\"index, follow, max-snippet:-1, max-image-preview:large, max-video-preview:-1\" \/>\n<link rel=\"canonical\" href=\"https:\/\/macite.tg\/?p=15739\" \/>\n<meta property=\"og:locale\" content=\"fr_FR\" \/>\n<meta property=\"og:type\" content=\"article\" \/>\n<meta property=\"og:title\" content=\"TOGO\/ LUTTE CONTRE L\u2019EXTREMISME\u00a0: Des lauriers pour nos forces de d\u00e9fense et de s\u00e9curit\u00e9 (Fds) -\" \/>\n<meta property=\"og:description\" content=\"Le 20 juillet dernier, notre pays a subi, au poste de contr\u00f4le avanc\u00e9 de Kpinkpakandi dans la Pr\u00e9fecture de Kpendjal-Ouest, une attaque terroriste. Des pertes en vies humaines ainsi que d&rsquo;importants d\u00e9g\u00e2ts mat\u00e9riels ont \u00e9t\u00e9 enregistr\u00e9s dans les rangs des Forces de d\u00e9fense togolaises mais [&hellip;]\" \/>\n<meta property=\"og:url\" content=\"https:\/\/macite.tg\/?p=15739\" \/>\n<meta property=\"article:published_time\" content=\"2024-07-31T11:29:01+00:00\" \/>\n<meta property=\"article:modified_time\" content=\"2024-07-31T11:29:03+00:00\" \/>\n<meta property=\"og:image\" content=\"https:\/\/macite.tg\/wp-content\/uploads\/2024\/07\/image-57.png\" \/>\n\t<meta property=\"og:image:width\" content=\"336\" \/>\n\t<meta property=\"og:image:height\" content=\"270\" \/>\n\t<meta property=\"og:image:type\" content=\"image\/png\" \/>\n<meta name=\"author\" content=\"Jean Pierre BAWELA\" \/>\n<meta name=\"twitter:card\" content=\"summary_large_image\" \/>\n<meta name=\"twitter:label1\" content=\"\u00c9crit par\" \/>\n\t<meta name=\"twitter:data1\" content=\"Jean Pierre BAWELA\" \/>\n\t<meta name=\"twitter:label2\" content=\"Dur\u00e9e de lecture estim\u00e9e\" \/>\n\t<meta name=\"twitter:data2\" content=\"7 minutes\" \/>\n<script type=\"application\/ld+json\" class=\"yoast-schema-graph\">{\"@context\":\"https:\\\/\\\/schema.org\",\"@graph\":[{\"@type\":\"Article\",\"@id\":\"https:\\\/\\\/macite.tg\\\/?p=15739#article\",\"isPartOf\":{\"@id\":\"https:\\\/\\\/macite.tg\\\/?p=15739\"},\"author\":{\"name\":\"Jean Pierre BAWELA\",\"@id\":\"https:\\\/\\\/macite.tg\\\/#\\\/schema\\\/person\\\/e9f2de7e5dbbe7770a9402c7ce82f5c2\"},\"headline\":\"TOGO\\\/ LUTTE CONTRE L\u2019EXTREMISME\u00a0: Des lauriers pour nos forces de d\u00e9fense et de s\u00e9curit\u00e9 (Fds)\",\"datePublished\":\"2024-07-31T11:29:01+00:00\",\"dateModified\":\"2024-07-31T11:29:03+00:00\",\"mainEntityOfPage\":{\"@id\":\"https:\\\/\\\/macite.tg\\\/?p=15739\"},\"wordCount\":1418,\"commentCount\":0,\"image\":{\"@id\":\"https:\\\/\\\/macite.tg\\\/?p=15739#primaryimage\"},\"thumbnailUrl\":\"https:\\\/\\\/macite.tg\\\/wp-content\\\/uploads\\\/2024\\\/07\\\/image-57.png\",\"articleSection\":[\"ACTUALITE\",\"SECURITE\"],\"inLanguage\":\"fr-FR\",\"potentialAction\":[{\"@type\":\"CommentAction\",\"name\":\"Comment\",\"target\":[\"https:\\\/\\\/macite.tg\\\/?p=15739#respond\"]}]},{\"@type\":\"WebPage\",\"@id\":\"https:\\\/\\\/macite.tg\\\/?p=15739\",\"url\":\"https:\\\/\\\/macite.tg\\\/?p=15739\",\"name\":\"TOGO\\\/ LUTTE CONTRE L\u2019EXTREMISME\u00a0: Des lauriers pour nos forces de d\u00e9fense et de s\u00e9curit\u00e9 (Fds) -\",\"isPartOf\":{\"@id\":\"https:\\\/\\\/macite.tg\\\/#website\"},\"primaryImageOfPage\":{\"@id\":\"https:\\\/\\\/macite.tg\\\/?p=15739#primaryimage\"},\"image\":{\"@id\":\"https:\\\/\\\/macite.tg\\\/?p=15739#primaryimage\"},\"thumbnailUrl\":\"https:\\\/\\\/macite.tg\\\/wp-content\\\/uploads\\\/2024\\\/07\\\/image-57.png\",\"datePublished\":\"2024-07-31T11:29:01+00:00\",\"dateModified\":\"2024-07-31T11:29:03+00:00\",\"author\":{\"@id\":\"https:\\\/\\\/macite.tg\\\/#\\\/schema\\\/person\\\/e9f2de7e5dbbe7770a9402c7ce82f5c2\"},\"breadcrumb\":{\"@id\":\"https:\\\/\\\/macite.tg\\\/?p=15739#breadcrumb\"},\"inLanguage\":\"fr-FR\",\"potentialAction\":[{\"@type\":\"ReadAction\",\"target\":[\"https:\\\/\\\/macite.tg\\\/?p=15739\"]}]},{\"@type\":\"ImageObject\",\"inLanguage\":\"fr-FR\",\"@id\":\"https:\\\/\\\/macite.tg\\\/?p=15739#primaryimage\",\"url\":\"https:\\\/\\\/macite.tg\\\/wp-content\\\/uploads\\\/2024\\\/07\\\/image-57.png\",\"contentUrl\":\"https:\\\/\\\/macite.tg\\\/wp-content\\\/uploads\\\/2024\\\/07\\\/image-57.png\",\"width\":336,\"height\":270,\"caption\":\"Le Pr\u00e9sident Faure Gnassingb\u00e9 \u00e9changeant avec des \u00e9l\u00e9ments des Forces de d\u00e9fense et de s\u00e9curit\u00e9 (Fds), au front dnas l'extr\u00eame nord du pays.\"},{\"@type\":\"BreadcrumbList\",\"@id\":\"https:\\\/\\\/macite.tg\\\/?p=15739#breadcrumb\",\"itemListElement\":[{\"@type\":\"ListItem\",\"position\":1,\"name\":\"Accueil\",\"item\":\"https:\\\/\\\/macite.tg\\\/\"},{\"@type\":\"ListItem\",\"position\":2,\"name\":\"TOGO\\\/ LUTTE CONTRE L\u2019EXTREMISME\u00a0: Des lauriers pour nos forces de d\u00e9fense et de s\u00e9curit\u00e9 (Fds)\"}]},{\"@type\":\"WebSite\",\"@id\":\"https:\\\/\\\/macite.tg\\\/#website\",\"url\":\"https:\\\/\\\/macite.tg\\\/\",\"name\":\"\",\"description\":\"L&#039;information, la bonne!!!\",\"potentialAction\":[{\"@type\":\"SearchAction\",\"target\":{\"@type\":\"EntryPoint\",\"urlTemplate\":\"https:\\\/\\\/macite.tg\\\/?s={search_term_string}\"},\"query-input\":{\"@type\":\"PropertyValueSpecification\",\"valueRequired\":true,\"valueName\":\"search_term_string\"}}],\"inLanguage\":\"fr-FR\"},{\"@type\":\"Person\",\"@id\":\"https:\\\/\\\/macite.tg\\\/#\\\/schema\\\/person\\\/e9f2de7e5dbbe7770a9402c7ce82f5c2\",\"name\":\"Jean Pierre BAWELA\",\"image\":{\"@type\":\"ImageObject\",\"inLanguage\":\"fr-FR\",\"@id\":\"https:\\\/\\\/macite.tg\\\/wp-content\\\/uploads\\\/2023\\\/09\\\/WhatsApp-Image-2023-09-19-at-14.44.41-122x122.jpeg\",\"url\":\"https:\\\/\\\/macite.tg\\\/wp-content\\\/uploads\\\/2023\\\/09\\\/WhatsApp-Image-2023-09-19-at-14.44.41-122x122.jpeg\",\"contentUrl\":\"https:\\\/\\\/macite.tg\\\/wp-content\\\/uploads\\\/2023\\\/09\\\/WhatsApp-Image-2023-09-19-at-14.44.41-122x122.jpeg\",\"caption\":\"Jean Pierre BAWELA\"},\"url\":\"https:\\\/\\\/macite.tg\\\/?author=2\"}]}<\/script>\n<!-- \/ Yoast SEO plugin. -->","yoast_head_json":{"title":"TOGO\/ LUTTE CONTRE L\u2019EXTREMISME\u00a0: Des lauriers pour nos forces de d\u00e9fense et de s\u00e9curit\u00e9 (Fds) -","robots":{"index":"index","follow":"follow","max-snippet":"max-snippet:-1","max-image-preview":"max-image-preview:large","max-video-preview":"max-video-preview:-1"},"canonical":"https:\/\/macite.tg\/?p=15739","og_locale":"fr_FR","og_type":"article","og_title":"TOGO\/ LUTTE CONTRE L\u2019EXTREMISME\u00a0: Des lauriers pour nos forces de d\u00e9fense et de s\u00e9curit\u00e9 (Fds) -","og_description":"Le 20 juillet dernier, notre pays a subi, au poste de contr\u00f4le avanc\u00e9 de Kpinkpakandi dans la Pr\u00e9fecture de Kpendjal-Ouest, une attaque terroriste. Des pertes en vies humaines ainsi que d&rsquo;importants d\u00e9g\u00e2ts mat\u00e9riels ont \u00e9t\u00e9 enregistr\u00e9s dans les rangs des Forces de d\u00e9fense togolaises mais [&hellip;]","og_url":"https:\/\/macite.tg\/?p=15739","article_published_time":"2024-07-31T11:29:01+00:00","article_modified_time":"2024-07-31T11:29:03+00:00","og_image":[{"width":336,"height":270,"url":"https:\/\/macite.tg\/wp-content\/uploads\/2024\/07\/image-57.png","type":"image\/png"}],"author":"Jean Pierre BAWELA","twitter_card":"summary_large_image","twitter_misc":{"\u00c9crit par":"Jean Pierre BAWELA","Dur\u00e9e de lecture estim\u00e9e":"7 minutes"},"schema":{"@context":"https:\/\/schema.org","@graph":[{"@type":"Article","@id":"https:\/\/macite.tg\/?p=15739#article","isPartOf":{"@id":"https:\/\/macite.tg\/?p=15739"},"author":{"name":"Jean Pierre BAWELA","@id":"https:\/\/macite.tg\/#\/schema\/person\/e9f2de7e5dbbe7770a9402c7ce82f5c2"},"headline":"TOGO\/ LUTTE CONTRE L\u2019EXTREMISME\u00a0: Des lauriers pour nos forces de d\u00e9fense et de s\u00e9curit\u00e9 (Fds)","datePublished":"2024-07-31T11:29:01+00:00","dateModified":"2024-07-31T11:29:03+00:00","mainEntityOfPage":{"@id":"https:\/\/macite.tg\/?p=15739"},"wordCount":1418,"commentCount":0,"image":{"@id":"https:\/\/macite.tg\/?p=15739#primaryimage"},"thumbnailUrl":"https:\/\/macite.tg\/wp-content\/uploads\/2024\/07\/image-57.png","articleSection":["ACTUALITE","SECURITE"],"inLanguage":"fr-FR","potentialAction":[{"@type":"CommentAction","name":"Comment","target":["https:\/\/macite.tg\/?p=15739#respond"]}]},{"@type":"WebPage","@id":"https:\/\/macite.tg\/?p=15739","url":"https:\/\/macite.tg\/?p=15739","name":"TOGO\/ LUTTE CONTRE L\u2019EXTREMISME\u00a0: Des lauriers pour nos forces de d\u00e9fense et de s\u00e9curit\u00e9 (Fds) -","isPartOf":{"@id":"https:\/\/macite.tg\/#website"},"primaryImageOfPage":{"@id":"https:\/\/macite.tg\/?p=15739#primaryimage"},"image":{"@id":"https:\/\/macite.tg\/?p=15739#primaryimage"},"thumbnailUrl":"https:\/\/macite.tg\/wp-content\/uploads\/2024\/07\/image-57.png","datePublished":"2024-07-31T11:29:01+00:00","dateModified":"2024-07-31T11:29:03+00:00","author":{"@id":"https:\/\/macite.tg\/#\/schema\/person\/e9f2de7e5dbbe7770a9402c7ce82f5c2"},"breadcrumb":{"@id":"https:\/\/macite.tg\/?p=15739#breadcrumb"},"inLanguage":"fr-FR","potentialAction":[{"@type":"ReadAction","target":["https:\/\/macite.tg\/?p=15739"]}]},{"@type":"ImageObject","inLanguage":"fr-FR","@id":"https:\/\/macite.tg\/?p=15739#primaryimage","url":"https:\/\/macite.tg\/wp-content\/uploads\/2024\/07\/image-57.png","contentUrl":"https:\/\/macite.tg\/wp-content\/uploads\/2024\/07\/image-57.png","width":336,"height":270,"caption":"Le Pr\u00e9sident Faure Gnassingb\u00e9 \u00e9changeant avec des \u00e9l\u00e9ments des Forces de d\u00e9fense et de s\u00e9curit\u00e9 (Fds), au front dnas l'extr\u00eame nord du pays."},{"@type":"BreadcrumbList","@id":"https:\/\/macite.tg\/?p=15739#breadcrumb","itemListElement":[{"@type":"ListItem","position":1,"name":"Accueil","item":"https:\/\/macite.tg\/"},{"@type":"ListItem","position":2,"name":"TOGO\/ LUTTE CONTRE L\u2019EXTREMISME\u00a0: Des lauriers pour nos forces de d\u00e9fense et de s\u00e9curit\u00e9 (Fds)"}]},{"@type":"WebSite","@id":"https:\/\/macite.tg\/#website","url":"https:\/\/macite.tg\/","name":"","description":"L&#039;information, la bonne!!!","potentialAction":[{"@type":"SearchAction","target":{"@type":"EntryPoint","urlTemplate":"https:\/\/macite.tg\/?s={search_term_string}"},"query-input":{"@type":"PropertyValueSpecification","valueRequired":true,"valueName":"search_term_string"}}],"inLanguage":"fr-FR"},{"@type":"Person","@id":"https:\/\/macite.tg\/#\/schema\/person\/e9f2de7e5dbbe7770a9402c7ce82f5c2","name":"Jean Pierre BAWELA","image":{"@type":"ImageObject","inLanguage":"fr-FR","@id":"https:\/\/macite.tg\/wp-content\/uploads\/2023\/09\/WhatsApp-Image-2023-09-19-at-14.44.41-122x122.jpeg","url":"https:\/\/macite.tg\/wp-content\/uploads\/2023\/09\/WhatsApp-Image-2023-09-19-at-14.44.41-122x122.jpeg","contentUrl":"https:\/\/macite.tg\/wp-content\/uploads\/2023\/09\/WhatsApp-Image-2023-09-19-at-14.44.41-122x122.jpeg","caption":"Jean Pierre BAWELA"},"url":"https:\/\/macite.tg\/?author=2"}]}},"_links":{"self":[{"href":"https:\/\/macite.tg\/index.php?rest_route=\/wp\/v2\/posts\/15739","targetHints":{"allow":["GET"]}}],"collection":[{"href":"https:\/\/macite.tg\/index.php?rest_route=\/wp\/v2\/posts"}],"about":[{"href":"https:\/\/macite.tg\/index.php?rest_route=\/wp\/v2\/types\/post"}],"author":[{"embeddable":true,"href":"https:\/\/macite.tg\/index.php?rest_route=\/wp\/v2\/users\/2"}],"replies":[{"embeddable":true,"href":"https:\/\/macite.tg\/index.php?rest_route=%2Fwp%2Fv2%2Fcomments&post=15739"}],"version-history":[{"count":0,"href":"https:\/\/macite.tg\/index.php?rest_route=\/wp\/v2\/posts\/15739\/revisions"}],"wp:featuredmedia":[{"embeddable":true,"href":"https:\/\/macite.tg\/index.php?rest_route=\/wp\/v2\/media\/15742"}],"wp:attachment":[{"href":"https:\/\/macite.tg\/index.php?rest_route=%2Fwp%2Fv2%2Fmedia&parent=15739"}],"wp:term":[{"taxonomy":"category","embeddable":true,"href":"https:\/\/macite.tg\/index.php?rest_route=%2Fwp%2Fv2%2Fcategories&post=15739"},{"taxonomy":"post_tag","embeddable":true,"href":"https:\/\/macite.tg\/index.php?rest_route=%2Fwp%2Fv2%2Ftags&post=15739"}],"curies":[{"name":"wp","href":"https:\/\/api.w.org\/{rel}","templated":true}]}}