{"id":15738,"date":"2024-07-31T10:45:35","date_gmt":"2024-07-31T10:45:35","guid":{"rendered":"https:\/\/macite.tg\/?p=15738"},"modified":"2024-07-31T10:45:38","modified_gmt":"2024-07-31T10:45:38","slug":"acces-a-lelectricite-appropriation-des-axes-du-projet-rogeap-par-les-etats","status":"publish","type":"post","link":"https:\/\/macite.tg\/?p=15738","title":{"rendered":"ACCES A L\u2019ELECTRICITE : Appropriation des axes du projet Rogeap par les Etats"},"content":{"rendered":"\n<p class=\"wp-block-paragraph\"><strong><em>Sur les 406 millions de personnes r\u00e9sidant en Afrique de l&rsquo;Ouest et dans la r\u00e9gion du Sahel, on estime que 208 millions d&rsquo;habitants n&rsquo;ont pas acc\u00e8s \u00e0 l&rsquo;\u00e9lectricit\u00e9, dont environ 70 % vivent dans des zones rurales. En raison de l&rsquo;importance strat\u00e9gique de l&rsquo;\u00e9nergie dans la r\u00e9alisation du d\u00e9veloppement durable et la r\u00e9duction de la pauvret\u00e9 dans la Communaut\u00e9 \u00e9conomique des \u00c9tats de l&rsquo;Afrique de l&rsquo;Ouest (Cedeao) et la r\u00e9gion du Sahel, le Centre pour les \u00e9nergies renouvelables et l&rsquo;efficacit\u00e9 \u00e9nerg\u00e9tique de la Cedeao (Ecreee) avait lanc\u00e9 le Projet r\u00e9gional d&rsquo;\u00e9lectrification hors r\u00e9seau (Rogep), en partenariat avec la Banque Ouest Africaine de D\u00e9veloppement (Boad), dans le but d&rsquo;accro\u00eetre l&rsquo;acc\u00e8s \u00e0 l&rsquo;\u00e9lectricit\u00e9 des m\u00e9nages, des entreprises et des institutions publiques, en utilisant une technologie solaire moderne et autonome, par le biais d&rsquo;une approche r\u00e9gionale harmonis\u00e9e.<\/em><\/strong><\/p>\n\n\n\n<p class=\"wp-block-paragraph\"><strong>D\u00e9veloppement et financement des produits solaires PV autonomes &#8211; hors r\u00e9seau<\/strong><\/p>\n\n\n\n<p class=\"wp-block-paragraph\">Approuv\u00e9 le 17 avril 2019, le projet a \u00e9t\u00e9 restructur\u00e9 par la Banque Mondiale le 11 mars 2021, pour un montant global de 333,8 dollars US sous le nom \u00a0\u00bb Projet r\u00e9gional d&rsquo;acc\u00e8s \u00e0 l&rsquo;\u00e9lectricit\u00e9 hors r\u00e9seau (Rogeap) \u00a0\u00bb et la Cedeao et la Boad sont d\u00e9sign\u00e9es comme les deux agences d&rsquo;ex\u00e9cution. Le projet s&rsquo;inscrira aussi dans le cadre du programme de la Cedeao sur l&rsquo;acc\u00e8s aux services d&rsquo;\u00e9lectricit\u00e9 durables (Epases), contribuant directement aux objectifs de la politique r\u00e9gionale de la Cedeao en mati\u00e8re d&rsquo;\u00e9nergies renouvelables (Erep), avec pour objectif de fournir un acc\u00e8s universel \u00e0 l&rsquo;\u00e9lectricit\u00e9 dans la r\u00e9gion d&rsquo;ici 2030<strong><em>.<\/em><\/strong><\/p>\n\n\n<div class=\"wp-block-image\">\n<figure class=\"aligncenter size-full is-resized\"><img loading=\"lazy\" decoding=\"async\" src=\"https:\/\/macite.tg\/wp-content\/uploads\/2024\/07\/88c62692-46fa-48fc-8489-9b0360abc212.jpg\" alt=\"\" class=\"wp-image-15697\" width=\"494\" height=\"681\" srcset=\"https:\/\/macite.tg\/wp-content\/uploads\/2024\/07\/88c62692-46fa-48fc-8489-9b0360abc212.jpg 720w, https:\/\/macite.tg\/wp-content\/uploads\/2024\/07\/88c62692-46fa-48fc-8489-9b0360abc212-218x300.jpg 218w\" sizes=\"auto, (max-width: 494px) 100vw, 494px\" \/><\/figure>\n<\/div>\n\n\n<p class=\"wp-block-paragraph\">Le projet comporte deux principales composantes : le d\u00e9veloppement d&rsquo;un march\u00e9 r\u00e9gional pour les syst\u00e8mes solaires PV hors-r\u00e9seau (Composante 1). L&rsquo;objectif rechercher \u00e0 travers cette composante, dont la mise en \u0153uvre incombe \u00e0 la Commission de la Cedeao, est de mettre en place un environnement favorable ; de fournir une assistance technique aux entreprises priv\u00e9s ; de fournir une assistance financi\u00e8re aux entreprises priv\u00e9es et de lever les barri\u00e8res pour faciliter l&rsquo;acc\u00e8s au march\u00e9 hors r\u00e9seau.<\/p>\n\n\n\n<p class=\"wp-block-paragraph\">Il s&rsquo;agit d&rsquo;identifier les obstacles et barri\u00e8res politiques affectant la croissance du march\u00e9 solaire autonome, sensibiliser les d\u00e9cideurs gouvernementaux sur l&rsquo;avantage de supprimer ces obstacles politiques et fournir un soutien cibl\u00e9 pour \u00e9liminer les obstacles dans des march\u00e9s difficiles, d&rsquo;accompagner les \u00e9tats membres \u00e0 adopter les tarifs ext\u00e9rieurs communs (Tec), pour faciliter le commerce transfrontalier des produits solaires autonomes, et d&rsquo;\u00e9laborer un cadre r\u00e9gional d&rsquo;assurance qualit\u00e9 pour faciliter la fourniture de produits solaires autonomes \u00e9ligibles dans les 19 pays du projet.<\/p>\n\n\n\n<p class=\"wp-block-paragraph\">Le renforcement du capital humain et la croissance de l&rsquo;activit\u00e9 entrepreneuriale, en dispensant une formation pour d\u00e9velopper les comp\u00e9tences ad\u00e9quates et requises par le biais d&rsquo;un m\u00e9canisme structur\u00e9 de d\u00e9veloppement de l&rsquo;entrepreneuriat, qui assurera un service fiable aux b\u00e9n\u00e9ficiaires et cr\u00e9era des opportunit\u00e9s d&#8217;emploi au niveau local, le\u00a0 financement aux entreprises solaires, et la r\u00e9duction des risques pour la promotion des nouvelles technologies solaires PV et de nouveaux mod\u00e8les d&rsquo;affaires et commerciaux sont aussi vis\u00e9s. <\/p>\n\n\n<div class=\"wp-block-image\">\n<figure class=\"aligncenter size-full is-resized\"><img loading=\"lazy\" decoding=\"async\" src=\"https:\/\/macite.tg\/wp-content\/uploads\/2024\/07\/IMG-20240313-WA0013-2.jpg\" alt=\"\" class=\"wp-image-15595\" width=\"836\" height=\"206\" srcset=\"https:\/\/macite.tg\/wp-content\/uploads\/2024\/07\/IMG-20240313-WA0013-2.jpg 690w, https:\/\/macite.tg\/wp-content\/uploads\/2024\/07\/IMG-20240313-WA0013-2-300x74.jpg 300w\" sizes=\"auto, (max-width: 836px) 100vw, 836px\" \/><\/figure>\n<\/div>\n\n\n<p class=\"wp-block-paragraph\"><em>\u00ab\u00a0Dans le cadre de la promotion de l&rsquo;entreprenariat, le projet Rogeap soutiendra le Secteur Priv\u00e9 pour qu&rsquo;ils fournissent de l&rsquo;\u00e9lectricit\u00e9 \u00e0 partir de syst\u00e8mes photovolta\u00efques solaires autonomes aux infrastructures publiques (centres de sant\u00e9 et \u00e9coles), \u00e0 travers de mod\u00e8les de contrats innovants entre l&rsquo;Etat et fournisseur de service \u00e9nerg\u00e9tique\u00a0\u00bb,<\/em> fait-on savoir \u00e0 la commission de la Cedeao.<\/p>\n\n\n\n<p class=\"wp-block-paragraph\">La composante 2, quant \u00e0 elle, est relative \u00e0 l&rsquo;acc\u00e8s aux financements. <em>\u00ab&nbsp;L&rsquo;objectif que vise cette composante est de permettre au secteur priv\u00e9 d&rsquo;acc\u00e9der aux financements des produits solaires PV automnes &#8211; hors r\u00e9seau. Pour ce faire, la Boad, en tant qu&rsquo;agence d&rsquo;ex\u00e9cution de cette composante mettra en place sur les fonds du projet : une ligne de cr\u00e9dit pour les entreprises solaires autonomes et un M\u00e9canisme de subventions contingentes pour les institutions financi\u00e8res (Banques commerciales)&nbsp;\u00bb,<\/em> renseigne-t-on.<\/p>\n\n\n\n<p class=\"wp-block-paragraph\"><strong>Respect des normes dans la sous-r\u00e9gion<\/strong><\/p>\n\n\n\n<p class=\"wp-block-paragraph\">Il faut relever que dans le cadre de ce projet, la Cedeao a adopt\u00e9 en juillet 2023 les deux normes r\u00e9gionales harmonis\u00e9es de qualit\u00e9 pour les produits solaires hors r\u00e9seau \u00e0 travers le R\u00c8GLEMENT C\/REG.12\/07\/23. Il s&rsquo;agit de Ecostand IEC TS 62257-9-5:2018 : Recommandations pour les syst\u00e8mes d&rsquo;\u00e9nergie renouvelable et les syst\u00e8mes hybrides pour l&rsquo;\u00e9lectrification rurale &#8211; Partie 9-5, sur la qualit\u00e9 des produits ; Ecostand IEC TS 62257-9- 8:2020 : Syst\u00e8mes d&rsquo;\u00e9nergie renouvelable et syst\u00e8mes hybrides pour l&rsquo;\u00e9lectrification rurale et les Syst\u00e8mes int\u00e9gr\u00e9s sur les m\u00e9thodes de tests en laboratoire.<\/p>\n\n\n<div class=\"wp-block-image\">\n<figure class=\"aligncenter size-full\"><img loading=\"lazy\" decoding=\"async\" width=\"509\" height=\"720\" src=\"https:\/\/macite.tg\/wp-content\/uploads\/2024\/07\/Depreciation-jusquau-31-Dec-1.jpg\" alt=\"\" class=\"wp-image-15723\" srcset=\"https:\/\/macite.tg\/wp-content\/uploads\/2024\/07\/Depreciation-jusquau-31-Dec-1.jpg 509w, https:\/\/macite.tg\/wp-content\/uploads\/2024\/07\/Depreciation-jusquau-31-Dec-1-212x300.jpg 212w\" sizes=\"auto, (max-width: 509px) 100vw, 509px\" \/><\/figure>\n<\/div>\n\n\n<p class=\"wp-block-paragraph\">Pour la meilleure mise en \u0153uvre des deux normes adopt\u00e9es, la Commission de la Cedeao, en collaboration avec les organismes nationaux de normalisation, VeraSol (anciennement Lighting Global Quality Assurance) et le Minist\u00e8re en charge de l&rsquo;Energie de chaque Etat membre, ont mis en place une s\u00e9rie d&rsquo;activit\u00e9s dans chaque pays et fournira l&rsquo;assistance technique n\u00e9cessaire dans l&rsquo;effectivit\u00e9 de l&rsquo;entr\u00e9e en vigueur des normes.<\/p>\n\n\n\n<p class=\"wp-block-paragraph\">Des ateliers nationaux s&rsquo;organisent \u00e0 cet effet dans les pays afin de s&rsquo;assurer que les normes adopt\u00e9es pour les produits solaires hors r\u00e9seau sont bien connues et bien mises en \u0153uvre au niveau national par les autorit\u00e9s. C&rsquo;est ce qui s&rsquo;est fait \u00e0 Lom\u00e9 la semaine derni\u00e8re \u00e0 Lom\u00e9 pour les acteurs du Togo.<\/p>\n\n\n\n<p class=\"wp-block-paragraph\">Il faut relever que pendant ces ateliers de sensibilisation et de renforcement de capacit\u00e9, les participants se familiarisent avec les d\u00e9finitions, les normes de qualit\u00e9 internationales de qualit\u00e9 et les m\u00e9thodes d&rsquo;essai pour les produits et syst\u00e8mes solaires hors r\u00e9seaux pour \u00eatre&nbsp; capables de fournir des informations correctes aux autres parties prenantes concern\u00e9es, \u00e0 propos des deux normes adopt\u00e9es et de sensibiliser le grand public, et savoir comment les deux normes doivent \u00eatre mise en application, conform\u00e9ment \u00e0 la l\u00e9gislation en vigueur.<\/p>\n\n\n<div class=\"wp-block-image\">\n<figure class=\"aligncenter size-large is-resized\"><img loading=\"lazy\" decoding=\"async\" src=\"https:\/\/macite.tg\/wp-content\/uploads\/2024\/07\/7f44bc18-2883-4563-9cba-d78a98c033b1-703x1024.jpg\" alt=\"\" class=\"wp-image-15699\" width=\"463\" height=\"674\" srcset=\"https:\/\/macite.tg\/wp-content\/uploads\/2024\/07\/7f44bc18-2883-4563-9cba-d78a98c033b1-703x1024.jpg 703w, https:\/\/macite.tg\/wp-content\/uploads\/2024\/07\/7f44bc18-2883-4563-9cba-d78a98c033b1-206x300.jpg 206w, https:\/\/macite.tg\/wp-content\/uploads\/2024\/07\/7f44bc18-2883-4563-9cba-d78a98c033b1.jpg 720w\" sizes=\"auto, (max-width: 463px) 100vw, 463px\" \/><\/figure>\n<\/div>\n\n\n<p class=\"wp-block-paragraph\"><em>\u00ab&nbsp;Ils pourront donc r\u00e9aliser une \u00e9valuation de la conformit\u00e9 des produits solaires PV hors r\u00e9seau (applicable aux normes), la surveillance du march\u00e9 et diffuser l&rsquo;information au grand public&nbsp;\u00bb<\/em>, a d\u00e9clar\u00e9 El Hadj Sylla, le commissaire principal de la commission de la Cedeao en charge des infrastructures, \u00e9nergies et digitalisation.<\/p>\n\n\n\n<p class=\"wp-block-paragraph\"><strong>(In LE MEDIUM n\u00b0616 du 30 Juillet au 05 Ao\u00fbt 2024)<\/strong><\/p>\n\n\n\n<p class=\"wp-block-paragraph\"><a><strong><em>@macite.tg&nbsp;&nbsp;&nbsp;&nbsp;&nbsp;&nbsp;&nbsp;&nbsp;<\/em><\/strong><\/a><\/p>\n\n\n\n<p class=\"wp-block-paragraph\"><strong><em>E-mail&nbsp;: <\/em><\/strong><a href=\"mailto:maciteinfo@gmail.com\"><strong><em>maciteinfo@gmail.com<\/em><\/strong><\/a><strong><em>; <\/em><\/strong><a href=\"mailto:bawela1@gmail.com\"><strong><em>bawela1@gmail.com<\/em><\/strong><\/a><strong><em><\/em><\/strong><\/p>\n\n\n\n<p class=\"wp-block-paragraph\"><strong><em>Pour vos annonces, (publi)reportages, etc., joignez-nous au (00228)91515309\/<strong>79872224 <\/strong>www.macite.tg, L\u2019information, la bonne&nbsp;!<\/em><\/strong><\/p>\n","protected":false},"excerpt":{"rendered":"<p class=\"text-justify mb-2\" >Sur les 406 millions de personnes r\u00e9sidant en Afrique de l&rsquo;Ouest et dans la r\u00e9gion du Sahel, on estime que 208 millions d&rsquo;habitants n&rsquo;ont pas acc\u00e8s \u00e0 l&rsquo;\u00e9lectricit\u00e9, dont environ 70 % vivent dans des zones rurales. En raison de l&rsquo;importance strat\u00e9gique de l&rsquo;\u00e9nergie dans [&hellip;]<\/p>\n","protected":false},"author":2,"featured_media":15740,"comment_status":"open","ping_status":"open","sticky":false,"template":"","format":"standard","meta":{"footnotes":""},"categories":[20,38],"tags":[],"class_list":["post-15738","post","type-post","status-publish","format-standard","has-post-thumbnail","hentry","category-actualite","category-energie"],"yoast_head":"<!-- This site is optimized with the Yoast SEO plugin v28.4 - https:\/\/yoast.com\/product\/yoast-seo-wordpress\/ -->\n<title>ACCES A L\u2019ELECTRICITE : Appropriation des axes du projet Rogeap par les Etats -<\/title>\n<meta name=\"robots\" content=\"index, follow, max-snippet:-1, max-image-preview:large, max-video-preview:-1\" \/>\n<link rel=\"canonical\" href=\"https:\/\/macite.tg\/?p=15738\" \/>\n<meta property=\"og:locale\" content=\"fr_FR\" \/>\n<meta property=\"og:type\" content=\"article\" \/>\n<meta property=\"og:title\" content=\"ACCES A L\u2019ELECTRICITE : Appropriation des axes du projet Rogeap par les Etats -\" \/>\n<meta property=\"og:description\" content=\"Sur les 406 millions de personnes r\u00e9sidant en Afrique de l&rsquo;Ouest et dans la r\u00e9gion du Sahel, on estime que 208 millions d&rsquo;habitants n&rsquo;ont pas acc\u00e8s \u00e0 l&rsquo;\u00e9lectricit\u00e9, dont environ 70 % vivent dans des zones rurales. En raison de l&rsquo;importance strat\u00e9gique de l&rsquo;\u00e9nergie dans [&hellip;]\" \/>\n<meta property=\"og:url\" content=\"https:\/\/macite.tg\/?p=15738\" \/>\n<meta property=\"article:published_time\" content=\"2024-07-31T10:45:35+00:00\" \/>\n<meta property=\"article:modified_time\" content=\"2024-07-31T10:45:38+00:00\" \/>\n<meta property=\"og:image\" content=\"https:\/\/macite.tg\/wp-content\/uploads\/2024\/07\/f4434263-c466-4dc1-a769-16fdc4ffc6df-Copie.jpg\" \/>\n\t<meta property=\"og:image:width\" content=\"567\" \/>\n\t<meta property=\"og:image:height\" content=\"399\" \/>\n\t<meta property=\"og:image:type\" content=\"image\/jpeg\" \/>\n<meta name=\"author\" content=\"Jean Pierre BAWELA\" \/>\n<meta name=\"twitter:card\" content=\"summary_large_image\" \/>\n<meta name=\"twitter:label1\" content=\"\u00c9crit par\" \/>\n\t<meta name=\"twitter:data1\" content=\"Jean Pierre BAWELA\" \/>\n\t<meta name=\"twitter:label2\" content=\"Dur\u00e9e de lecture estim\u00e9e\" \/>\n\t<meta name=\"twitter:data2\" content=\"5 minutes\" \/>\n<script type=\"application\/ld+json\" class=\"yoast-schema-graph\">{\"@context\":\"https:\\\/\\\/schema.org\",\"@graph\":[{\"@type\":\"Article\",\"@id\":\"https:\\\/\\\/macite.tg\\\/?p=15738#article\",\"isPartOf\":{\"@id\":\"https:\\\/\\\/macite.tg\\\/?p=15738\"},\"author\":{\"name\":\"Jean Pierre BAWELA\",\"@id\":\"https:\\\/\\\/macite.tg\\\/#\\\/schema\\\/person\\\/e9f2de7e5dbbe7770a9402c7ce82f5c2\"},\"headline\":\"ACCES A L\u2019ELECTRICITE : Appropriation des axes du projet Rogeap par les Etats\",\"datePublished\":\"2024-07-31T10:45:35+00:00\",\"dateModified\":\"2024-07-31T10:45:38+00:00\",\"mainEntityOfPage\":{\"@id\":\"https:\\\/\\\/macite.tg\\\/?p=15738\"},\"wordCount\":1144,\"commentCount\":0,\"image\":{\"@id\":\"https:\\\/\\\/macite.tg\\\/?p=15738#primaryimage\"},\"thumbnailUrl\":\"https:\\\/\\\/macite.tg\\\/wp-content\\\/uploads\\\/2024\\\/07\\\/f4434263-c466-4dc1-a769-16fdc4ffc6df-Copie.jpg\",\"articleSection\":[\"ACTUALITE\",\"ENERGIE\"],\"inLanguage\":\"fr-FR\",\"potentialAction\":[{\"@type\":\"CommentAction\",\"name\":\"Comment\",\"target\":[\"https:\\\/\\\/macite.tg\\\/?p=15738#respond\"]}]},{\"@type\":\"WebPage\",\"@id\":\"https:\\\/\\\/macite.tg\\\/?p=15738\",\"url\":\"https:\\\/\\\/macite.tg\\\/?p=15738\",\"name\":\"ACCES A L\u2019ELECTRICITE : Appropriation des axes du projet Rogeap par les Etats -\",\"isPartOf\":{\"@id\":\"https:\\\/\\\/macite.tg\\\/#website\"},\"primaryImageOfPage\":{\"@id\":\"https:\\\/\\\/macite.tg\\\/?p=15738#primaryimage\"},\"image\":{\"@id\":\"https:\\\/\\\/macite.tg\\\/?p=15738#primaryimage\"},\"thumbnailUrl\":\"https:\\\/\\\/macite.tg\\\/wp-content\\\/uploads\\\/2024\\\/07\\\/f4434263-c466-4dc1-a769-16fdc4ffc6df-Copie.jpg\",\"datePublished\":\"2024-07-31T10:45:35+00:00\",\"dateModified\":\"2024-07-31T10:45:38+00:00\",\"author\":{\"@id\":\"https:\\\/\\\/macite.tg\\\/#\\\/schema\\\/person\\\/e9f2de7e5dbbe7770a9402c7ce82f5c2\"},\"breadcrumb\":{\"@id\":\"https:\\\/\\\/macite.tg\\\/?p=15738#breadcrumb\"},\"inLanguage\":\"fr-FR\",\"potentialAction\":[{\"@type\":\"ReadAction\",\"target\":[\"https:\\\/\\\/macite.tg\\\/?p=15738\"]}]},{\"@type\":\"ImageObject\",\"inLanguage\":\"fr-FR\",\"@id\":\"https:\\\/\\\/macite.tg\\\/?p=15738#primaryimage\",\"url\":\"https:\\\/\\\/macite.tg\\\/wp-content\\\/uploads\\\/2024\\\/07\\\/f4434263-c466-4dc1-a769-16fdc4ffc6df-Copie.jpg\",\"contentUrl\":\"https:\\\/\\\/macite.tg\\\/wp-content\\\/uploads\\\/2024\\\/07\\\/f4434263-c466-4dc1-a769-16fdc4ffc6df-Copie.jpg\",\"width\":567,\"height\":399,\"caption\":\"El Hadj Sylla, le commissaire principal de la commission de la Cedeao en charge des infrastructures, \u00e9nergies et digitalisation\"},{\"@type\":\"BreadcrumbList\",\"@id\":\"https:\\\/\\\/macite.tg\\\/?p=15738#breadcrumb\",\"itemListElement\":[{\"@type\":\"ListItem\",\"position\":1,\"name\":\"Accueil\",\"item\":\"https:\\\/\\\/macite.tg\\\/\"},{\"@type\":\"ListItem\",\"position\":2,\"name\":\"ACCES A L\u2019ELECTRICITE : Appropriation des axes du projet Rogeap par les Etats\"}]},{\"@type\":\"WebSite\",\"@id\":\"https:\\\/\\\/macite.tg\\\/#website\",\"url\":\"https:\\\/\\\/macite.tg\\\/\",\"name\":\"\",\"description\":\"L&#039;information, la bonne!!!\",\"potentialAction\":[{\"@type\":\"SearchAction\",\"target\":{\"@type\":\"EntryPoint\",\"urlTemplate\":\"https:\\\/\\\/macite.tg\\\/?s={search_term_string}\"},\"query-input\":{\"@type\":\"PropertyValueSpecification\",\"valueRequired\":true,\"valueName\":\"search_term_string\"}}],\"inLanguage\":\"fr-FR\"},{\"@type\":\"Person\",\"@id\":\"https:\\\/\\\/macite.tg\\\/#\\\/schema\\\/person\\\/e9f2de7e5dbbe7770a9402c7ce82f5c2\",\"name\":\"Jean Pierre BAWELA\",\"image\":{\"@type\":\"ImageObject\",\"inLanguage\":\"fr-FR\",\"@id\":\"https:\\\/\\\/macite.tg\\\/wp-content\\\/uploads\\\/2023\\\/09\\\/WhatsApp-Image-2023-09-19-at-14.44.41-122x122.jpeg\",\"url\":\"https:\\\/\\\/macite.tg\\\/wp-content\\\/uploads\\\/2023\\\/09\\\/WhatsApp-Image-2023-09-19-at-14.44.41-122x122.jpeg\",\"contentUrl\":\"https:\\\/\\\/macite.tg\\\/wp-content\\\/uploads\\\/2023\\\/09\\\/WhatsApp-Image-2023-09-19-at-14.44.41-122x122.jpeg\",\"caption\":\"Jean Pierre BAWELA\"},\"url\":\"https:\\\/\\\/macite.tg\\\/?author=2\"}]}<\/script>\n<!-- \/ Yoast SEO plugin. -->","yoast_head_json":{"title":"ACCES A L\u2019ELECTRICITE : Appropriation des axes du projet Rogeap par les Etats -","robots":{"index":"index","follow":"follow","max-snippet":"max-snippet:-1","max-image-preview":"max-image-preview:large","max-video-preview":"max-video-preview:-1"},"canonical":"https:\/\/macite.tg\/?p=15738","og_locale":"fr_FR","og_type":"article","og_title":"ACCES A L\u2019ELECTRICITE : Appropriation des axes du projet Rogeap par les Etats -","og_description":"Sur les 406 millions de personnes r\u00e9sidant en Afrique de l&rsquo;Ouest et dans la r\u00e9gion du Sahel, on estime que 208 millions d&rsquo;habitants n&rsquo;ont pas acc\u00e8s \u00e0 l&rsquo;\u00e9lectricit\u00e9, dont environ 70 % vivent dans des zones rurales. En raison de l&rsquo;importance strat\u00e9gique de l&rsquo;\u00e9nergie dans [&hellip;]","og_url":"https:\/\/macite.tg\/?p=15738","article_published_time":"2024-07-31T10:45:35+00:00","article_modified_time":"2024-07-31T10:45:38+00:00","og_image":[{"width":567,"height":399,"url":"https:\/\/macite.tg\/wp-content\/uploads\/2024\/07\/f4434263-c466-4dc1-a769-16fdc4ffc6df-Copie.jpg","type":"image\/jpeg"}],"author":"Jean Pierre BAWELA","twitter_card":"summary_large_image","twitter_misc":{"\u00c9crit par":"Jean Pierre BAWELA","Dur\u00e9e de lecture estim\u00e9e":"5 minutes"},"schema":{"@context":"https:\/\/schema.org","@graph":[{"@type":"Article","@id":"https:\/\/macite.tg\/?p=15738#article","isPartOf":{"@id":"https:\/\/macite.tg\/?p=15738"},"author":{"name":"Jean Pierre BAWELA","@id":"https:\/\/macite.tg\/#\/schema\/person\/e9f2de7e5dbbe7770a9402c7ce82f5c2"},"headline":"ACCES A L\u2019ELECTRICITE : Appropriation des axes du projet Rogeap par les Etats","datePublished":"2024-07-31T10:45:35+00:00","dateModified":"2024-07-31T10:45:38+00:00","mainEntityOfPage":{"@id":"https:\/\/macite.tg\/?p=15738"},"wordCount":1144,"commentCount":0,"image":{"@id":"https:\/\/macite.tg\/?p=15738#primaryimage"},"thumbnailUrl":"https:\/\/macite.tg\/wp-content\/uploads\/2024\/07\/f4434263-c466-4dc1-a769-16fdc4ffc6df-Copie.jpg","articleSection":["ACTUALITE","ENERGIE"],"inLanguage":"fr-FR","potentialAction":[{"@type":"CommentAction","name":"Comment","target":["https:\/\/macite.tg\/?p=15738#respond"]}]},{"@type":"WebPage","@id":"https:\/\/macite.tg\/?p=15738","url":"https:\/\/macite.tg\/?p=15738","name":"ACCES A L\u2019ELECTRICITE : Appropriation des axes du projet Rogeap par les Etats -","isPartOf":{"@id":"https:\/\/macite.tg\/#website"},"primaryImageOfPage":{"@id":"https:\/\/macite.tg\/?p=15738#primaryimage"},"image":{"@id":"https:\/\/macite.tg\/?p=15738#primaryimage"},"thumbnailUrl":"https:\/\/macite.tg\/wp-content\/uploads\/2024\/07\/f4434263-c466-4dc1-a769-16fdc4ffc6df-Copie.jpg","datePublished":"2024-07-31T10:45:35+00:00","dateModified":"2024-07-31T10:45:38+00:00","author":{"@id":"https:\/\/macite.tg\/#\/schema\/person\/e9f2de7e5dbbe7770a9402c7ce82f5c2"},"breadcrumb":{"@id":"https:\/\/macite.tg\/?p=15738#breadcrumb"},"inLanguage":"fr-FR","potentialAction":[{"@type":"ReadAction","target":["https:\/\/macite.tg\/?p=15738"]}]},{"@type":"ImageObject","inLanguage":"fr-FR","@id":"https:\/\/macite.tg\/?p=15738#primaryimage","url":"https:\/\/macite.tg\/wp-content\/uploads\/2024\/07\/f4434263-c466-4dc1-a769-16fdc4ffc6df-Copie.jpg","contentUrl":"https:\/\/macite.tg\/wp-content\/uploads\/2024\/07\/f4434263-c466-4dc1-a769-16fdc4ffc6df-Copie.jpg","width":567,"height":399,"caption":"El Hadj Sylla, le commissaire principal de la commission de la Cedeao en charge des infrastructures, \u00e9nergies et digitalisation"},{"@type":"BreadcrumbList","@id":"https:\/\/macite.tg\/?p=15738#breadcrumb","itemListElement":[{"@type":"ListItem","position":1,"name":"Accueil","item":"https:\/\/macite.tg\/"},{"@type":"ListItem","position":2,"name":"ACCES A L\u2019ELECTRICITE : Appropriation des axes du projet Rogeap par les Etats"}]},{"@type":"WebSite","@id":"https:\/\/macite.tg\/#website","url":"https:\/\/macite.tg\/","name":"","description":"L&#039;information, la bonne!!!","potentialAction":[{"@type":"SearchAction","target":{"@type":"EntryPoint","urlTemplate":"https:\/\/macite.tg\/?s={search_term_string}"},"query-input":{"@type":"PropertyValueSpecification","valueRequired":true,"valueName":"search_term_string"}}],"inLanguage":"fr-FR"},{"@type":"Person","@id":"https:\/\/macite.tg\/#\/schema\/person\/e9f2de7e5dbbe7770a9402c7ce82f5c2","name":"Jean Pierre BAWELA","image":{"@type":"ImageObject","inLanguage":"fr-FR","@id":"https:\/\/macite.tg\/wp-content\/uploads\/2023\/09\/WhatsApp-Image-2023-09-19-at-14.44.41-122x122.jpeg","url":"https:\/\/macite.tg\/wp-content\/uploads\/2023\/09\/WhatsApp-Image-2023-09-19-at-14.44.41-122x122.jpeg","contentUrl":"https:\/\/macite.tg\/wp-content\/uploads\/2023\/09\/WhatsApp-Image-2023-09-19-at-14.44.41-122x122.jpeg","caption":"Jean Pierre BAWELA"},"url":"https:\/\/macite.tg\/?author=2"}]}},"_links":{"self":[{"href":"https:\/\/macite.tg\/index.php?rest_route=\/wp\/v2\/posts\/15738","targetHints":{"allow":["GET"]}}],"collection":[{"href":"https:\/\/macite.tg\/index.php?rest_route=\/wp\/v2\/posts"}],"about":[{"href":"https:\/\/macite.tg\/index.php?rest_route=\/wp\/v2\/types\/post"}],"author":[{"embeddable":true,"href":"https:\/\/macite.tg\/index.php?rest_route=\/wp\/v2\/users\/2"}],"replies":[{"embeddable":true,"href":"https:\/\/macite.tg\/index.php?rest_route=%2Fwp%2Fv2%2Fcomments&post=15738"}],"version-history":[{"count":0,"href":"https:\/\/macite.tg\/index.php?rest_route=\/wp\/v2\/posts\/15738\/revisions"}],"wp:featuredmedia":[{"embeddable":true,"href":"https:\/\/macite.tg\/index.php?rest_route=\/wp\/v2\/media\/15740"}],"wp:attachment":[{"href":"https:\/\/macite.tg\/index.php?rest_route=%2Fwp%2Fv2%2Fmedia&parent=15738"}],"wp:term":[{"taxonomy":"category","embeddable":true,"href":"https:\/\/macite.tg\/index.php?rest_route=%2Fwp%2Fv2%2Fcategories&post=15738"},{"taxonomy":"post_tag","embeddable":true,"href":"https:\/\/macite.tg\/index.php?rest_route=%2Fwp%2Fv2%2Ftags&post=15738"}],"curies":[{"name":"wp","href":"https:\/\/api.w.org\/{rel}","templated":true}]}}