{"id":15727,"date":"2024-07-30T14:47:24","date_gmt":"2024-07-30T14:47:24","guid":{"rendered":"https:\/\/macite.tg\/?p=15727"},"modified":"2024-07-30T14:47:27","modified_gmt":"2024-07-30T14:47:27","slug":"maroc-grace-royale-pour-2-476-personnes-un-geste-humain-et-bienveillant-un-message-fortsur-limportance-de-la-compassion-et-du","status":"publish","type":"post","link":"https:\/\/macite.tg\/?p=15727","title":{"rendered":"MAROC &#8211; GRACE ROYALE POUR 2.476 PERSONNES\u00a0: Un geste \u2018\u2019humain et bienveillant\u2019\u2019, \u2026un message fortsur \u2018\u2019l&rsquo;importance de la compassion et du pardon\u2019\u2019 de Sa Majest\u00e9 le Roi"},"content":{"rendered":"\n<p class=\"wp-block-paragraph\"><strong><em>Hier lundi 29 juillet, le Royaume du Maroc a comm\u00e9mor\u00e9 le 25<sup>\u00e8me<\/sup> anniversaire de la F\u00eate du tr\u00f4ne. Une occasion saisie par Sa Majest\u00e9 le Roi, que Dieu Le glorifie, pour accorder Sa Gr\u00e2ce \u00e0, un \u00ab\u00a0ensemble de personnes condamn\u00e9es par diff\u00e9rents tribunaux du Royaume\u00a0\u00bb.<\/em><\/strong><\/p>\n\n\n\n<p class=\"wp-block-paragraph\">Ce geste, une tradition renouvel\u00e9e par le Souverain, est <em>\u00ab&nbsp;un symbole distinctif de l\u2019h\u00e9ritage et du patrimoine collectifs marocains&nbsp;\u00bb<\/em>. C\u2019est \u00e9galement <em>\u00ab&nbsp;un message fort sur l&rsquo;importance de la compassion et du pardon, des valeurs qui renforcent le tissu social et favorisent l&rsquo;harmonie au sein de la nation, mettant en lumi\u00e8re la bienveillance et l&#8217;empathie&nbsp;\u00bb,<\/em> qui caract\u00e9risent le r\u00e8gne de Sa Majest\u00e9 le Roi Mohammed VI, que Dieu Le Glorifie.<\/p>\n\n\n<div class=\"wp-block-image\">\n<figure class=\"aligncenter size-full is-resized\"><img loading=\"lazy\" decoding=\"async\" src=\"https:\/\/macite.tg\/wp-content\/uploads\/2024\/07\/88c62692-46fa-48fc-8489-9b0360abc212.jpg\" alt=\"\" class=\"wp-image-15697\" width=\"424\" height=\"585\" srcset=\"https:\/\/macite.tg\/wp-content\/uploads\/2024\/07\/88c62692-46fa-48fc-8489-9b0360abc212.jpg 720w, https:\/\/macite.tg\/wp-content\/uploads\/2024\/07\/88c62692-46fa-48fc-8489-9b0360abc212-218x300.jpg 218w\" sizes=\"auto, (max-width: 424px) 100vw, 424px\" \/><\/figure>\n<\/div>\n\n\n<p class=\"wp-block-paragraph\">Par son caract\u00e8re \u00e0 la <em>\u00ab&nbsp;fois humain et \u00e9minemment souverain qui s\u2019\u00e9l\u00e8ve au-dessus des conjonctures passag\u00e8res&nbsp;\u00bb,<\/em> la Gr\u00e2ce Royale, qui s\u2019inscrit <em>\u00ab&nbsp;en droite ligne d\u2019une tradition mill\u00e9naire bien ancr\u00e9e dans les us et coutumes du Royaume du Maroc&nbsp;\u00bb,<\/em> se d\u00e9marque par <em>\u00ab&nbsp;son caract\u00e8re \u00e0 la fois humain et \u00e9minemment souverain, qui s\u2019\u00e9l\u00e8ve au-dessus des conjonctures passag\u00e8res&nbsp;\u00bb.<\/em><\/p>\n\n\n\n<p class=\"wp-block-paragraph\">Elle est, par-dessus tout, le fruit d&rsquo;une <em>\u00ab&nbsp;culture de r\u00e9conciliation et de cl\u00e9mence<\/em> <em>ancr\u00e9e dans l\u2019histoire mill\u00e9naire du Royaume, tout en soulignant qu\u2019il s\u2019agit d\u2019un geste Royal qui est l\u2019affirmation de la souverainet\u00e9 marocaine et un acte de bienveillance qui n\u2019ob\u00e9it \u00e0 aucune pression \u00e9trang\u00e8re&nbsp;\u00bb.<\/em><\/p>\n\n\n\n<p class=\"wp-block-paragraph\"><em>\u00ab&nbsp;Ultime recours pour les personnes condamn\u00e9es&nbsp;\u00bb,<\/em> la Gr\u00e2ce Royale n\u2019est point l\u2019Amnistie, comme le pourrait penser certains, mais une \u00ab&nbsp;pr\u00e9rogative&nbsp;\u00bb exerc\u00e9e par le Souverain au b\u00e9n\u00e9fice de <em>\u00ab&nbsp;personnes condamn\u00e9es pour des crimes de droit commun&nbsp;\u00bb.<\/em><\/p>\n\n\n<div class=\"wp-block-image\">\n<figure class=\"aligncenter size-large is-resized\"><img loading=\"lazy\" decoding=\"async\" src=\"https:\/\/macite.tg\/wp-content\/uploads\/2024\/07\/Otr_Obligations-de-declaration-et-paiement-1024x1024.jpg\" alt=\"\" class=\"wp-image-15672\" width=\"458\" height=\"458\" srcset=\"https:\/\/macite.tg\/wp-content\/uploads\/2024\/07\/Otr_Obligations-de-declaration-et-paiement-1024x1024.jpg 1024w, https:\/\/macite.tg\/wp-content\/uploads\/2024\/07\/Otr_Obligations-de-declaration-et-paiement-300x300.jpg 300w, https:\/\/macite.tg\/wp-content\/uploads\/2024\/07\/Otr_Obligations-de-declaration-et-paiement-150x150.jpg 150w, https:\/\/macite.tg\/wp-content\/uploads\/2024\/07\/Otr_Obligations-de-declaration-et-paiement-768x768.jpg 768w, https:\/\/macite.tg\/wp-content\/uploads\/2024\/07\/Otr_Obligations-de-declaration-et-paiement-122x122.jpg 122w, https:\/\/macite.tg\/wp-content\/uploads\/2024\/07\/Otr_Obligations-de-declaration-et-paiement.jpg 1080w\" sizes=\"auto, (max-width: 458px) 100vw, 458px\" \/><\/figure>\n<\/div>\n\n\n<p class=\"wp-block-paragraph\">Ils sont donc au total 2.476 personnes \u00e0 b\u00e9n\u00e9ficier, hier lundi 29 juillet, de la Gr\u00e2ce Royale, \u00e0 l\u2019occasion de la F\u00eate du Tr\u00f4ne de l\u2019ann\u00e9e 1446 H &#8211; 2024 G. Ils sont r\u00e9partis comme suit&nbsp;:<\/p>\n\n\n\n<p class=\"wp-block-paragraph\">&#8211; 2.278 d\u00e9tenus graci\u00e9s sur la peine d\u2019amende et le reliquat de la peine de r\u00e9clusion (171 d\u00e9tenus)&nbsp;; sur le reliquat de la peine de r\u00e9clusion (02 d\u00e9tenus)&nbsp;; pour remise de la peine d\u2019emprisonnement ou de r\u00e9clusion (2.090 d\u00e9tenus)&nbsp;; pour commutation perp\u00e9tuelle en peine \u00e0 temps (15 d\u00e9tenus)&nbsp;;<\/p>\n\n\n\n<p class=\"wp-block-paragraph\">&#8211; 182 personnes ont obtenu la gr\u00e2ce sur la peine d\u2019emprisonnement ou son reliquat (45 personnes)&nbsp;; gr\u00e2ce sur la peine d\u2019emprisonnement avec maintien de l\u2019amende (09 personnes)&nbsp;; gr\u00e2ce sur la peine d\u2019amende ou son reliquat (121 personnes)&nbsp;; gr\u00e2ce sur la peine d\u2019emprisonnement et d\u2019amende (07 personnes)&nbsp;;<\/p>\n\n\n\n<p class=\"wp-block-paragraph\">&#8211; et 16 autres personnes relax\u00e9es apr\u00e8s <em>\u00ab&nbsp;avoir officiellement exprim\u00e9 leur attachement aux constantes et aux sacralit\u00e9s de la Nation et aux institutions nationales, et r\u00e9vis\u00e9 leurs orientations id\u00e9ologiques et rejet\u00e9 l\u2019extr\u00e9misme et le terrorisme&nbsp;\u00bb.<\/em><\/p>\n\n\n<div class=\"wp-block-image\">\n<figure class=\"aligncenter size-large is-resized\"><img loading=\"lazy\" decoding=\"async\" src=\"https:\/\/macite.tg\/wp-content\/uploads\/2024\/07\/7f44bc18-2883-4563-9cba-d78a98c033b1-703x1024.jpg\" alt=\"\" class=\"wp-image-15699\" width=\"425\" height=\"619\" srcset=\"https:\/\/macite.tg\/wp-content\/uploads\/2024\/07\/7f44bc18-2883-4563-9cba-d78a98c033b1-703x1024.jpg 703w, https:\/\/macite.tg\/wp-content\/uploads\/2024\/07\/7f44bc18-2883-4563-9cba-d78a98c033b1-206x300.jpg 206w, https:\/\/macite.tg\/wp-content\/uploads\/2024\/07\/7f44bc18-2883-4563-9cba-d78a98c033b1.jpg 720w\" sizes=\"auto, (max-width: 425px) 100vw, 425px\" \/><\/figure>\n<\/div>\n\n\n<p class=\"wp-block-paragraph\">Notons que ces personnes pourront sereinement retrouver leurs familles et leurs proches, pourvu <em>\u00ab&nbsp;qu\u2019ils en soient dignes&nbsp;\u00bb<\/em> et entament <em>\u00ab&nbsp;une vie citoyenne responsable et en \u0153uvrant pour la d\u00e9fense des causes sacr\u00e9es de la Nation&nbsp;\u00bb.<\/em> Une chose est certaine, cette Gr\u00e2ce Royale n\u2019annule aucunement <em>\u00ab&nbsp;leur culpabilit\u00e9 des charges pour lesquelles elles ont purg\u00e9 leurs peines de prison&nbsp;\u00bb.<\/em><\/p>\n\n\n\n<p class=\"wp-block-paragraph\"><strong>MC<\/strong><\/p>\n\n\n\n<p class=\"wp-block-paragraph\"><a><strong><em>@macite.tg&nbsp;&nbsp;&nbsp;&nbsp;&nbsp;&nbsp;&nbsp;&nbsp;<\/em><\/strong><\/a><\/p>\n\n\n\n<p class=\"wp-block-paragraph\"><strong><em>E-mail&nbsp;: <\/em><\/strong><a href=\"mailto:maciteinfo@gmail.com\"><strong><em>maciteinfo@gmail.com<\/em><\/strong><\/a><strong><em>; <\/em><\/strong><a href=\"mailto:bawela1@gmail.com\"><strong><em>bawela1@gmail.com<\/em><\/strong><\/a><strong><em><\/em><\/strong><\/p>\n\n\n\n<p class=\"wp-block-paragraph\"><strong><em>Pour vos annonces, (publi)reportages, etc., joignez-nous au (00228)91515309\/<strong>79872224 <\/strong>www.macite.tg, L\u2019information, la bonne&nbsp;!<\/em><\/strong><\/p>\n","protected":false},"excerpt":{"rendered":"<p class=\"text-justify mb-2\" >Hier lundi 29 juillet, le Royaume du Maroc a comm\u00e9mor\u00e9 le 25\u00e8me anniversaire de la F\u00eate du tr\u00f4ne. Une occasion saisie par Sa Majest\u00e9 le Roi, que Dieu Le glorifie, pour accorder Sa Gr\u00e2ce \u00e0, un \u00ab\u00a0ensemble de personnes condamn\u00e9es par diff\u00e9rents tribunaux du Royaume\u00a0\u00bb. [&hellip;]<\/p>\n","protected":false},"author":2,"featured_media":15720,"comment_status":"open","ping_status":"open","sticky":false,"template":"","format":"standard","meta":{"footnotes":""},"categories":[20,26],"tags":[],"class_list":["post-15727","post","type-post","status-publish","format-standard","has-post-thumbnail","hentry","category-actualite","category-justice"],"yoast_head":"<!-- This site is optimized with the Yoast SEO plugin v28.4 - https:\/\/yoast.com\/product\/yoast-seo-wordpress\/ -->\n<title>MAROC - GRACE ROYALE POUR 2.476 PERSONNES\u00a0: Un geste \u2018\u2019humain et bienveillant\u2019\u2019, \u2026un message fortsur \u2018\u2019l&#039;importance de la compassion et du pardon\u2019\u2019 de Sa Majest\u00e9 le Roi -<\/title>\n<meta name=\"robots\" content=\"index, follow, max-snippet:-1, max-image-preview:large, max-video-preview:-1\" \/>\n<link rel=\"canonical\" href=\"https:\/\/macite.tg\/?p=15727\" \/>\n<meta property=\"og:locale\" content=\"fr_FR\" \/>\n<meta property=\"og:type\" content=\"article\" \/>\n<meta property=\"og:title\" content=\"MAROC - GRACE ROYALE POUR 2.476 PERSONNES\u00a0: Un geste \u2018\u2019humain et bienveillant\u2019\u2019, \u2026un message fortsur \u2018\u2019l&#039;importance de la compassion et du pardon\u2019\u2019 de Sa Majest\u00e9 le Roi -\" \/>\n<meta property=\"og:description\" content=\"Hier lundi 29 juillet, le Royaume du Maroc a comm\u00e9mor\u00e9 le 25\u00e8me anniversaire de la F\u00eate du tr\u00f4ne. Une occasion saisie par Sa Majest\u00e9 le Roi, que Dieu Le glorifie, pour accorder Sa Gr\u00e2ce \u00e0, un \u00ab\u00a0ensemble de personnes condamn\u00e9es par diff\u00e9rents tribunaux du Royaume\u00a0\u00bb. [&hellip;]\" \/>\n<meta property=\"og:url\" content=\"https:\/\/macite.tg\/?p=15727\" \/>\n<meta property=\"article:published_time\" content=\"2024-07-30T14:47:24+00:00\" \/>\n<meta property=\"article:modified_time\" content=\"2024-07-30T14:47:27+00:00\" \/>\n<meta property=\"og:image\" content=\"https:\/\/macite.tg\/wp-content\/uploads\/2024\/07\/SMR.jpg\" \/>\n\t<meta property=\"og:image:width\" content=\"500\" \/>\n\t<meta property=\"og:image:height\" content=\"494\" \/>\n\t<meta property=\"og:image:type\" content=\"image\/jpeg\" \/>\n<meta name=\"author\" content=\"Jean Pierre BAWELA\" \/>\n<meta name=\"twitter:card\" content=\"summary_large_image\" \/>\n<meta name=\"twitter:label1\" content=\"\u00c9crit par\" \/>\n\t<meta name=\"twitter:data1\" content=\"Jean Pierre BAWELA\" \/>\n\t<meta name=\"twitter:label2\" content=\"Dur\u00e9e de lecture estim\u00e9e\" \/>\n\t<meta name=\"twitter:data2\" content=\"3 minutes\" \/>\n<script type=\"application\/ld+json\" class=\"yoast-schema-graph\">{\"@context\":\"https:\\\/\\\/schema.org\",\"@graph\":[{\"@type\":\"Article\",\"@id\":\"https:\\\/\\\/macite.tg\\\/?p=15727#article\",\"isPartOf\":{\"@id\":\"https:\\\/\\\/macite.tg\\\/?p=15727\"},\"author\":{\"name\":\"Jean Pierre BAWELA\",\"@id\":\"https:\\\/\\\/macite.tg\\\/#\\\/schema\\\/person\\\/e9f2de7e5dbbe7770a9402c7ce82f5c2\"},\"headline\":\"MAROC &#8211; GRACE ROYALE POUR 2.476 PERSONNES\u00a0: Un geste \u2018\u2019humain et bienveillant\u2019\u2019, \u2026un message fortsur \u2018\u2019l&rsquo;importance de la compassion et du pardon\u2019\u2019 de Sa Majest\u00e9 le Roi\",\"datePublished\":\"2024-07-30T14:47:24+00:00\",\"dateModified\":\"2024-07-30T14:47:27+00:00\",\"mainEntityOfPage\":{\"@id\":\"https:\\\/\\\/macite.tg\\\/?p=15727\"},\"wordCount\":641,\"commentCount\":0,\"image\":{\"@id\":\"https:\\\/\\\/macite.tg\\\/?p=15727#primaryimage\"},\"thumbnailUrl\":\"https:\\\/\\\/macite.tg\\\/wp-content\\\/uploads\\\/2024\\\/07\\\/SMR.jpg\",\"articleSection\":[\"ACTUALITE\",\"JUSTICE\"],\"inLanguage\":\"fr-FR\",\"potentialAction\":[{\"@type\":\"CommentAction\",\"name\":\"Comment\",\"target\":[\"https:\\\/\\\/macite.tg\\\/?p=15727#respond\"]}]},{\"@type\":\"WebPage\",\"@id\":\"https:\\\/\\\/macite.tg\\\/?p=15727\",\"url\":\"https:\\\/\\\/macite.tg\\\/?p=15727\",\"name\":\"MAROC - GRACE ROYALE POUR 2.476 PERSONNES\u00a0: Un geste \u2018\u2019humain et bienveillant\u2019\u2019, \u2026un message fortsur \u2018\u2019l'importance de la compassion et du pardon\u2019\u2019 de Sa Majest\u00e9 le Roi -\",\"isPartOf\":{\"@id\":\"https:\\\/\\\/macite.tg\\\/#website\"},\"primaryImageOfPage\":{\"@id\":\"https:\\\/\\\/macite.tg\\\/?p=15727#primaryimage\"},\"image\":{\"@id\":\"https:\\\/\\\/macite.tg\\\/?p=15727#primaryimage\"},\"thumbnailUrl\":\"https:\\\/\\\/macite.tg\\\/wp-content\\\/uploads\\\/2024\\\/07\\\/SMR.jpg\",\"datePublished\":\"2024-07-30T14:47:24+00:00\",\"dateModified\":\"2024-07-30T14:47:27+00:00\",\"author\":{\"@id\":\"https:\\\/\\\/macite.tg\\\/#\\\/schema\\\/person\\\/e9f2de7e5dbbe7770a9402c7ce82f5c2\"},\"breadcrumb\":{\"@id\":\"https:\\\/\\\/macite.tg\\\/?p=15727#breadcrumb\"},\"inLanguage\":\"fr-FR\",\"potentialAction\":[{\"@type\":\"ReadAction\",\"target\":[\"https:\\\/\\\/macite.tg\\\/?p=15727\"]}]},{\"@type\":\"ImageObject\",\"inLanguage\":\"fr-FR\",\"@id\":\"https:\\\/\\\/macite.tg\\\/?p=15727#primaryimage\",\"url\":\"https:\\\/\\\/macite.tg\\\/wp-content\\\/uploads\\\/2024\\\/07\\\/SMR.jpg\",\"contentUrl\":\"https:\\\/\\\/macite.tg\\\/wp-content\\\/uploads\\\/2024\\\/07\\\/SMR.jpg\",\"width\":500,\"height\":494,\"caption\":\"Sa Majest\u00e9 le Roi Mohamme VI, que Dieu Le glorifie.\"},{\"@type\":\"BreadcrumbList\",\"@id\":\"https:\\\/\\\/macite.tg\\\/?p=15727#breadcrumb\",\"itemListElement\":[{\"@type\":\"ListItem\",\"position\":1,\"name\":\"Accueil\",\"item\":\"https:\\\/\\\/macite.tg\\\/\"},{\"@type\":\"ListItem\",\"position\":2,\"name\":\"MAROC &#8211; GRACE ROYALE POUR 2.476 PERSONNES\u00a0: Un geste \u2018\u2019humain et bienveillant\u2019\u2019, \u2026un message fortsur \u2018\u2019l&rsquo;importance de la compassion et du pardon\u2019\u2019 de Sa Majest\u00e9 le Roi\"}]},{\"@type\":\"WebSite\",\"@id\":\"https:\\\/\\\/macite.tg\\\/#website\",\"url\":\"https:\\\/\\\/macite.tg\\\/\",\"name\":\"\",\"description\":\"L&#039;information, la bonne!!!\",\"potentialAction\":[{\"@type\":\"SearchAction\",\"target\":{\"@type\":\"EntryPoint\",\"urlTemplate\":\"https:\\\/\\\/macite.tg\\\/?s={search_term_string}\"},\"query-input\":{\"@type\":\"PropertyValueSpecification\",\"valueRequired\":true,\"valueName\":\"search_term_string\"}}],\"inLanguage\":\"fr-FR\"},{\"@type\":\"Person\",\"@id\":\"https:\\\/\\\/macite.tg\\\/#\\\/schema\\\/person\\\/e9f2de7e5dbbe7770a9402c7ce82f5c2\",\"name\":\"Jean Pierre BAWELA\",\"image\":{\"@type\":\"ImageObject\",\"inLanguage\":\"fr-FR\",\"@id\":\"https:\\\/\\\/macite.tg\\\/wp-content\\\/uploads\\\/2023\\\/09\\\/WhatsApp-Image-2023-09-19-at-14.44.41-122x122.jpeg\",\"url\":\"https:\\\/\\\/macite.tg\\\/wp-content\\\/uploads\\\/2023\\\/09\\\/WhatsApp-Image-2023-09-19-at-14.44.41-122x122.jpeg\",\"contentUrl\":\"https:\\\/\\\/macite.tg\\\/wp-content\\\/uploads\\\/2023\\\/09\\\/WhatsApp-Image-2023-09-19-at-14.44.41-122x122.jpeg\",\"caption\":\"Jean Pierre BAWELA\"},\"url\":\"https:\\\/\\\/macite.tg\\\/?author=2\"}]}<\/script>\n<!-- \/ Yoast SEO plugin. -->","yoast_head_json":{"title":"MAROC - GRACE ROYALE POUR 2.476 PERSONNES\u00a0: Un geste \u2018\u2019humain et bienveillant\u2019\u2019, \u2026un message fortsur \u2018\u2019l'importance de la compassion et du pardon\u2019\u2019 de Sa Majest\u00e9 le Roi -","robots":{"index":"index","follow":"follow","max-snippet":"max-snippet:-1","max-image-preview":"max-image-preview:large","max-video-preview":"max-video-preview:-1"},"canonical":"https:\/\/macite.tg\/?p=15727","og_locale":"fr_FR","og_type":"article","og_title":"MAROC - GRACE ROYALE POUR 2.476 PERSONNES\u00a0: Un geste \u2018\u2019humain et bienveillant\u2019\u2019, \u2026un message fortsur \u2018\u2019l'importance de la compassion et du pardon\u2019\u2019 de Sa Majest\u00e9 le Roi -","og_description":"Hier lundi 29 juillet, le Royaume du Maroc a comm\u00e9mor\u00e9 le 25\u00e8me anniversaire de la F\u00eate du tr\u00f4ne. Une occasion saisie par Sa Majest\u00e9 le Roi, que Dieu Le glorifie, pour accorder Sa Gr\u00e2ce \u00e0, un \u00ab\u00a0ensemble de personnes condamn\u00e9es par diff\u00e9rents tribunaux du Royaume\u00a0\u00bb. [&hellip;]","og_url":"https:\/\/macite.tg\/?p=15727","article_published_time":"2024-07-30T14:47:24+00:00","article_modified_time":"2024-07-30T14:47:27+00:00","og_image":[{"width":500,"height":494,"url":"https:\/\/macite.tg\/wp-content\/uploads\/2024\/07\/SMR.jpg","type":"image\/jpeg"}],"author":"Jean Pierre BAWELA","twitter_card":"summary_large_image","twitter_misc":{"\u00c9crit par":"Jean Pierre BAWELA","Dur\u00e9e de lecture estim\u00e9e":"3 minutes"},"schema":{"@context":"https:\/\/schema.org","@graph":[{"@type":"Article","@id":"https:\/\/macite.tg\/?p=15727#article","isPartOf":{"@id":"https:\/\/macite.tg\/?p=15727"},"author":{"name":"Jean Pierre BAWELA","@id":"https:\/\/macite.tg\/#\/schema\/person\/e9f2de7e5dbbe7770a9402c7ce82f5c2"},"headline":"MAROC &#8211; GRACE ROYALE POUR 2.476 PERSONNES\u00a0: Un geste \u2018\u2019humain et bienveillant\u2019\u2019, \u2026un message fortsur \u2018\u2019l&rsquo;importance de la compassion et du pardon\u2019\u2019 de Sa Majest\u00e9 le Roi","datePublished":"2024-07-30T14:47:24+00:00","dateModified":"2024-07-30T14:47:27+00:00","mainEntityOfPage":{"@id":"https:\/\/macite.tg\/?p=15727"},"wordCount":641,"commentCount":0,"image":{"@id":"https:\/\/macite.tg\/?p=15727#primaryimage"},"thumbnailUrl":"https:\/\/macite.tg\/wp-content\/uploads\/2024\/07\/SMR.jpg","articleSection":["ACTUALITE","JUSTICE"],"inLanguage":"fr-FR","potentialAction":[{"@type":"CommentAction","name":"Comment","target":["https:\/\/macite.tg\/?p=15727#respond"]}]},{"@type":"WebPage","@id":"https:\/\/macite.tg\/?p=15727","url":"https:\/\/macite.tg\/?p=15727","name":"MAROC - GRACE ROYALE POUR 2.476 PERSONNES\u00a0: Un geste \u2018\u2019humain et bienveillant\u2019\u2019, \u2026un message fortsur \u2018\u2019l'importance de la compassion et du pardon\u2019\u2019 de Sa Majest\u00e9 le Roi -","isPartOf":{"@id":"https:\/\/macite.tg\/#website"},"primaryImageOfPage":{"@id":"https:\/\/macite.tg\/?p=15727#primaryimage"},"image":{"@id":"https:\/\/macite.tg\/?p=15727#primaryimage"},"thumbnailUrl":"https:\/\/macite.tg\/wp-content\/uploads\/2024\/07\/SMR.jpg","datePublished":"2024-07-30T14:47:24+00:00","dateModified":"2024-07-30T14:47:27+00:00","author":{"@id":"https:\/\/macite.tg\/#\/schema\/person\/e9f2de7e5dbbe7770a9402c7ce82f5c2"},"breadcrumb":{"@id":"https:\/\/macite.tg\/?p=15727#breadcrumb"},"inLanguage":"fr-FR","potentialAction":[{"@type":"ReadAction","target":["https:\/\/macite.tg\/?p=15727"]}]},{"@type":"ImageObject","inLanguage":"fr-FR","@id":"https:\/\/macite.tg\/?p=15727#primaryimage","url":"https:\/\/macite.tg\/wp-content\/uploads\/2024\/07\/SMR.jpg","contentUrl":"https:\/\/macite.tg\/wp-content\/uploads\/2024\/07\/SMR.jpg","width":500,"height":494,"caption":"Sa Majest\u00e9 le Roi Mohamme VI, que Dieu Le glorifie."},{"@type":"BreadcrumbList","@id":"https:\/\/macite.tg\/?p=15727#breadcrumb","itemListElement":[{"@type":"ListItem","position":1,"name":"Accueil","item":"https:\/\/macite.tg\/"},{"@type":"ListItem","position":2,"name":"MAROC &#8211; GRACE ROYALE POUR 2.476 PERSONNES\u00a0: Un geste \u2018\u2019humain et bienveillant\u2019\u2019, \u2026un message fortsur \u2018\u2019l&rsquo;importance de la compassion et du pardon\u2019\u2019 de Sa Majest\u00e9 le Roi"}]},{"@type":"WebSite","@id":"https:\/\/macite.tg\/#website","url":"https:\/\/macite.tg\/","name":"","description":"L&#039;information, la bonne!!!","potentialAction":[{"@type":"SearchAction","target":{"@type":"EntryPoint","urlTemplate":"https:\/\/macite.tg\/?s={search_term_string}"},"query-input":{"@type":"PropertyValueSpecification","valueRequired":true,"valueName":"search_term_string"}}],"inLanguage":"fr-FR"},{"@type":"Person","@id":"https:\/\/macite.tg\/#\/schema\/person\/e9f2de7e5dbbe7770a9402c7ce82f5c2","name":"Jean Pierre BAWELA","image":{"@type":"ImageObject","inLanguage":"fr-FR","@id":"https:\/\/macite.tg\/wp-content\/uploads\/2023\/09\/WhatsApp-Image-2023-09-19-at-14.44.41-122x122.jpeg","url":"https:\/\/macite.tg\/wp-content\/uploads\/2023\/09\/WhatsApp-Image-2023-09-19-at-14.44.41-122x122.jpeg","contentUrl":"https:\/\/macite.tg\/wp-content\/uploads\/2023\/09\/WhatsApp-Image-2023-09-19-at-14.44.41-122x122.jpeg","caption":"Jean Pierre BAWELA"},"url":"https:\/\/macite.tg\/?author=2"}]}},"_links":{"self":[{"href":"https:\/\/macite.tg\/index.php?rest_route=\/wp\/v2\/posts\/15727","targetHints":{"allow":["GET"]}}],"collection":[{"href":"https:\/\/macite.tg\/index.php?rest_route=\/wp\/v2\/posts"}],"about":[{"href":"https:\/\/macite.tg\/index.php?rest_route=\/wp\/v2\/types\/post"}],"author":[{"embeddable":true,"href":"https:\/\/macite.tg\/index.php?rest_route=\/wp\/v2\/users\/2"}],"replies":[{"embeddable":true,"href":"https:\/\/macite.tg\/index.php?rest_route=%2Fwp%2Fv2%2Fcomments&post=15727"}],"version-history":[{"count":0,"href":"https:\/\/macite.tg\/index.php?rest_route=\/wp\/v2\/posts\/15727\/revisions"}],"wp:featuredmedia":[{"embeddable":true,"href":"https:\/\/macite.tg\/index.php?rest_route=\/wp\/v2\/media\/15720"}],"wp:attachment":[{"href":"https:\/\/macite.tg\/index.php?rest_route=%2Fwp%2Fv2%2Fmedia&parent=15727"}],"wp:term":[{"taxonomy":"category","embeddable":true,"href":"https:\/\/macite.tg\/index.php?rest_route=%2Fwp%2Fv2%2Fcategories&post=15727"},{"taxonomy":"post_tag","embeddable":true,"href":"https:\/\/macite.tg\/index.php?rest_route=%2Fwp%2Fv2%2Ftags&post=15727"}],"curies":[{"name":"wp","href":"https:\/\/api.w.org\/{rel}","templated":true}]}}