{"id":15719,"date":"2024-07-30T13:08:02","date_gmt":"2024-07-30T13:08:02","guid":{"rendered":"https:\/\/macite.tg\/?p=15719"},"modified":"2024-07-30T13:08:33","modified_gmt":"2024-07-30T13:08:33","slug":"fete-du-trone-discours-de-sm-le-roi-problematique-eau-resolution-de-la-crise-a-gaza-exploitation-des-provinces-du-sud-les-mesures-urgentes-du-souverain-face-aux-grands-def","status":"publish","type":"post","link":"https:\/\/macite.tg\/?p=15719","title":{"rendered":"FETE DU TRONE \u2013 DISCOURS DE SM LE ROI\u00a0: Probl\u00e9matique Eau, r\u00e9solution de la crise \u00e0 Gaza, exploitation des provinces du Sud, \u2026les mesures urgentes du Souverain face aux grands d\u00e9fis"},"content":{"rendered":"\n<p class=\"wp-block-paragraph\"><strong><em>A l\u2019occasion du 25\u00e8me anniversaire de l\u2019accession du Souverain au Tr\u00f4ne de Ses glorieux Anc\u00eatres, Sa Majest\u00e9 le Roi Mohammed VI, que Dieu L&rsquo;assiste, a adress\u00e9, hier lundi 29 juillet, un Discours \u00e0 Son peuple fid\u00e8le. Dans Son message, tout en rendant \u00ab\u00a0gr\u00e2ce \u00e0 Dieu pour les nombreux acquis\u00a0\u00bb accumul\u00e9s au fil de ces ann\u00e9es, et pour les multiples r\u00e9alisations \u00ab\u00a0accomplies en mati\u00e8re de r\u00e9formes politiques et institutionnelles et en ce qui concerne la consolidation de l\u2019identit\u00e9 marocaine\u00a0\u00bb, le Souverain a, face aux grands d\u00e9fis auxquels fait face le Royaume et la communaut\u00e9 internationale, donn\u00e9 de grandes orientations, conform\u00e9ment \u00e0 Sa Vision strat\u00e9gique volontariste et ambitieuse. Ceci dans l\u2019optique \u00ab\u00a0d\u2019aborder l\u2019avenir avec optimisme\u00a0\u00bb.<\/em><\/strong><\/p>\n\n\n\n<p class=\"wp-block-paragraph\">A l\u2019entame de Son propos, Sa Majest\u00e9 le Roi Mohammed VI, que Dieu Le glorifie, a, <em>\u00ab&nbsp;avec une immense fiert\u00e9&nbsp;\u00bb,<\/em> annonc\u00e9 la comm\u00e9moration du vingt-cinqui\u00e8me anniversaire de Son Accession au Tr\u00f4ne. Il a, pour ce faire, rendu gr\u00e2ce \u00e0 Dieu pour les nombreux acquis et r\u00e9alisations cumul\u00e9es au cours de ces ann\u00e9es, mais aussi pour les r\u00e9formes politiques et institutionnelles, qui ont concouru \u00e0 la <em>\u00ab&nbsp;consolidation de l\u2019identit\u00e9 marocaine&nbsp;\u00bb, <\/em>avant de revenir sur les grands d\u00e9fis de l\u2019heure et les moyens \u00e0 mettre en \u0153uvre, ceci malgr\u00e9 la multitude <em>\u00ab&nbsp;de projets \u00e9conomiques et d\u00e9veloppementaux et de programmes sociaux&nbsp;\u00bb visant \u00e0 \u00ab&nbsp;garantir la coh\u00e9sion sociale et \u00e0 assurer l\u2019acc\u00e8s des citoyens aux services de base&nbsp;\u00bb<\/em>.<\/p>\n\n\n<div class=\"wp-block-image\">\n<figure class=\"aligncenter size-large is-resized\"><img loading=\"lazy\" decoding=\"async\" src=\"https:\/\/macite.tg\/wp-content\/uploads\/2024\/07\/7f44bc18-2883-4563-9cba-d78a98c033b1-703x1024.jpg\" alt=\"\" class=\"wp-image-15699\" width=\"423\" height=\"616\" srcset=\"https:\/\/macite.tg\/wp-content\/uploads\/2024\/07\/7f44bc18-2883-4563-9cba-d78a98c033b1-703x1024.jpg 703w, https:\/\/macite.tg\/wp-content\/uploads\/2024\/07\/7f44bc18-2883-4563-9cba-d78a98c033b1-206x300.jpg 206w, https:\/\/macite.tg\/wp-content\/uploads\/2024\/07\/7f44bc18-2883-4563-9cba-d78a98c033b1.jpg 720w\" sizes=\"auto, (max-width: 423px) 100vw, 423px\" \/><\/figure>\n<\/div>\n\n\n<p class=\"wp-block-paragraph\">Pour ce qui est de la probl\u00e9matique de l\u2019eau, le Souverain note que la prise de mesures urgentes et novatrices, notamment par les autorit\u00e9s comp\u00e9tentes, afin de pr\u00e9venir la p\u00e9nurie d\u2019eau, est n\u00e9cessaire. Malgr\u00e9 la mise en \u0153uvre optimale des diff\u00e9rentes composantes du programme national pour l\u2019approvisionnement en eau potable et l\u2019irrigation 2020-2027, il convient, note Sa Majest\u00e9, de mettre \u00e0 jour, de mani\u00e8re continue, <em>\u00ab&nbsp;les leviers de la politique nationale de l\u2019eau&nbsp;\u00bb.<\/em><\/p>\n\n\n\n<p class=\"wp-block-paragraph\">Cela suppose, en cons\u00e9quence, la d\u00e9finition <em>\u00ab&nbsp;d\u2019un objectif strat\u00e9gique visant \u00e0 garantir l\u2019eau potable \u00e0 tous les citoyens et couvrir 80% au moins des besoins d\u2019irrigation sur tout le territoire national&nbsp;\u00bb, <\/em>maisaussi la poursuite et l\u2019ach\u00e8vement du <em>\u00ab&nbsp;programme de construction des barrages&nbsp;\u00bb,<\/em> l\u2019acc\u00e9l\u00e9ration <em>\u00ab de&nbsp;la r\u00e9alisation des grands projets de transfert d\u2019eau entre les bassins hydrauliques&nbsp;\u00bb<\/em> devant assurer l\u2019exploitation d\u2019un milliard de m\u00e8tres cubes d\u2019eau qui se perdaient dans la mer, de m\u00eame que l\u2019acc\u00e9l\u00e9ration <em>\u00ab&nbsp;de la r\u00e9alisation des stations de dessalement de l\u2019eau de mer doit \u00eatre acc\u00e9l\u00e9r\u00e9e, visant \u00e0 assurer la mobilisation annuelle de plus de 1,7 milliard de m\u00e8tres cubes&nbsp;\u00bb<\/em>.<\/p>\n\n\n\n<p class=\"wp-block-paragraph\">Cela passe \u00e9galement par l\u2019encouragement de <em>\u00ab&nbsp;l\u2019innovation dans le domaine de gestion de l\u2019eau et de mettre \u00e0 profit les nouvelles technologies y aff\u00e9rentes&nbsp;\u00bb,<\/em> l\u2019extension de la <em>\u00ab&nbsp;station de Dakhla et le rel\u00e8vement futur de la capacit\u00e9 de production des autres stations&nbsp;\u00bb, <\/em>mais aussi et surtout, l\u2019exploitation <em>\u00ab&nbsp;du grand potentiel \u00e9nergies propres que rec\u00e8lent les provinces du Sud&nbsp;\u00bb,<\/em> a pr\u00e9cis\u00e9 Sa Majest\u00e9.<\/p>\n\n\n\n<p class=\"wp-block-paragraph\">L\u2019autre priorit\u00e9 sera \u00e9galement&nbsp;<em>\u00ab&nbsp;d\u2019acc\u00e9l\u00e9rer la r\u00e9alisation du projet d\u2019interconnexion \u00e9lectrique qui vise \u00e0 acheminer l\u2019\u00e9nergie renouvelable, \u00e0 partir des Provinces du sud, vers le Centre et le Nord&nbsp;\u00bb <\/em>car, la production de l\u2019eau, et les stations de dessalement doivent \u00eatre aliment\u00e9es avec de l\u2019\u00e9nergie propre.<\/p>\n\n\n<div class=\"wp-block-image\">\n<figure class=\"aligncenter size-full is-resized\"><img loading=\"lazy\" decoding=\"async\" src=\"https:\/\/macite.tg\/wp-content\/uploads\/2024\/07\/IMG-20240313-WA0013-2.jpg\" alt=\"\" class=\"wp-image-15595\" width=\"837\" height=\"206\" srcset=\"https:\/\/macite.tg\/wp-content\/uploads\/2024\/07\/IMG-20240313-WA0013-2.jpg 690w, https:\/\/macite.tg\/wp-content\/uploads\/2024\/07\/IMG-20240313-WA0013-2-300x74.jpg 300w\" sizes=\"auto, (max-width: 837px) 100vw, 837px\" \/><\/figure>\n<\/div>\n\n\n<p class=\"wp-block-paragraph\">Tous ces diff\u00e9rentes initiatives visent, note le Souverain, ont pour objectif de sortir le Royaume de ces six derni\u00e8res ann\u00e9es cons\u00e9cutives de s\u00e9cheresse, qui ont <em>\u00ab&nbsp;profond\u00e9ment affect\u00e9 les r\u00e9serves hydriques et les eaux souterraines, rendant la situation hydrique plus pr\u00e9caire et plus complexe&nbsp;\u00bb, <\/em>et assurer la couverture, \u00e0 l\u2019horizon 2030, de plus de la moiti\u00e9 des besoins du Maroc en eau potable \u00e0 partir de ces stations, irriguer d\u2019importantes superficies agricoles, et renforcer sa s\u00e9curit\u00e9 alimentaire.<\/p>\n\n\n\n<p class=\"wp-block-paragraph\">Pour ce qui est de la crise \u00e0 Gaza, en attendant la recherche d\u2019une solution d\u00e9finitive, les plus Hautes Autorit\u00e9s marocaines proposent <em>\u00ab&nbsp;l\u2019ouverture d\u2019une voie in\u00e9dite pour acheminer des aides alimentaires et m\u00e9dicales urgentes \u00e0 Gaza&nbsp;\u00bb.<\/em><\/p>\n\n\n\n<p class=\"wp-block-paragraph\">Et parlant de solution d\u00e9finitive, elle devrait \u00eatre envisag\u00e9e en trois temps, d\u2019abord la <em>\u00ab&nbsp;cessation des hostilit\u00e9s \u00e0 Gaza&nbsp;\u00bb<\/em> qui doit se faire concomitamment avec <em>\u00ab&nbsp;avec l\u2019ouverture d\u2019un horizon politique susceptible d\u2019instaurer une paix juste et durable dans la r\u00e9gion&nbsp;\u00bb<\/em>&nbsp;; ensuite le <em>\u00ab&nbsp;recours aux n\u00e9gociations pour ressusciter le processus de paix entre les parties palestinienne et isra\u00e9lienne, qui impose de barrer la route aux extr\u00e9mistes de tous bords&nbsp;\u00bb<\/em>&nbsp;; et enfin, un retour \u00e0 la&nbsp;s\u00e9curit\u00e9 et \u00e0 la stabilit\u00e9 dans la r\u00e9gion, possible dans une <em>\u00ab&nbsp;dynamique inscrite dans le cadre de la Solution \u00e0 deux Etats, aux termes de laquelle Gaza est partie int\u00e9grante des territoires de l\u2019Etat palestinien ind\u00e9pendant, avec Al-Qods Oriental comme capitale&nbsp;\u00bb.<\/em><\/p>\n\n\n<div class=\"wp-block-image\">\n<figure class=\"aligncenter size-full is-resized\"><img loading=\"lazy\" decoding=\"async\" src=\"https:\/\/macite.tg\/wp-content\/uploads\/2024\/07\/88c62692-46fa-48fc-8489-9b0360abc212.jpg\" alt=\"\" class=\"wp-image-15697\" width=\"450\" height=\"621\" srcset=\"https:\/\/macite.tg\/wp-content\/uploads\/2024\/07\/88c62692-46fa-48fc-8489-9b0360abc212.jpg 720w, https:\/\/macite.tg\/wp-content\/uploads\/2024\/07\/88c62692-46fa-48fc-8489-9b0360abc212-218x300.jpg 218w\" sizes=\"auto, (max-width: 450px) 100vw, 450px\" \/><\/figure>\n<\/div>\n\n\n<p class=\"wp-block-paragraph\">Avant de clore Son propos, le Souverain a appel\u00e9 \u00e0 la responsabilit\u00e9 de l\u2019ensemble des citoyennes et des citoyens afin de <em>\u00ab&nbsp;concourir \u00e0 l\u2019essor de la Nation, \u00e0 la d\u00e9fense de ses int\u00e9r\u00eats sup\u00e9rieurs et de ses Causes justes&nbsp;\u00bb. <\/em>Et dans ce sens, Il a exprim\u00e9 Sa fiert\u00e9 face aux <em>\u00ab&nbsp;efforts d\u00e9ploy\u00e9s par toutes les forces vives de la Nation et les acteurs nationaux, publics et priv\u00e9s, pour assurer au pays progr\u00e8s et d\u00e9veloppement&nbsp;\u00bb.<\/em><\/p>\n\n\n\n<p class=\"has-text-align-center wp-block-paragraph\"><strong>MC<\/strong><\/p>\n\n\n\n<p class=\"wp-block-paragraph\"><a><strong><em>@macite.tg&nbsp;&nbsp;&nbsp;&nbsp;&nbsp;&nbsp;&nbsp;&nbsp;<\/em><\/strong><\/a><\/p>\n\n\n\n<p class=\"wp-block-paragraph\"><strong><em>E-mail&nbsp;: <\/em><\/strong><a href=\"mailto:maciteinfo@gmail.com\"><strong><em>maciteinfo@gmail.com<\/em><\/strong><\/a><strong><em>; <\/em><\/strong><a href=\"mailto:bawela1@gmail.com\"><strong><em>bawela1@gmail.com<\/em><\/strong><\/a><strong><em><\/em><\/strong><\/p>\n\n\n\n<p class=\"wp-block-paragraph\"><strong><em>Pour vos annonces, (publi)reportages, etc., joignez-nous au (00228)91515309\/<strong>79872224 <\/strong>www.macite.tg, L\u2019information, la bonne&nbsp;!<\/em><\/strong><\/p>\n","protected":false},"excerpt":{"rendered":"<p class=\"text-justify mb-2\" >A l\u2019occasion du 25\u00e8me anniversaire de l\u2019accession du Souverain au Tr\u00f4ne de Ses glorieux Anc\u00eatres, Sa Majest\u00e9 le Roi Mohammed VI, que Dieu L&rsquo;assiste, a adress\u00e9, hier lundi 29 juillet, un Discours \u00e0 Son peuple fid\u00e8le. Dans Son message, tout en rendant \u00ab\u00a0gr\u00e2ce \u00e0 Dieu [&hellip;]<\/p>\n","protected":false},"author":2,"featured_media":15720,"comment_status":"open","ping_status":"open","sticky":false,"template":"","format":"standard","meta":{"footnotes":""},"categories":[20,8],"tags":[],"class_list":["post-15719","post","type-post","status-publish","format-standard","has-post-thumbnail","hentry","category-actualite","category-diplomatie"],"yoast_head":"<!-- This site is optimized with the Yoast SEO plugin v28.4 - https:\/\/yoast.com\/product\/yoast-seo-wordpress\/ -->\n<title>FETE DU TRONE \u2013 DISCOURS DE SM LE ROI\u00a0: Probl\u00e9matique Eau, r\u00e9solution de la crise \u00e0 Gaza, exploitation des provinces du Sud, \u2026les mesures urgentes du Souverain face aux grands d\u00e9fis -<\/title>\n<meta name=\"robots\" content=\"index, follow, max-snippet:-1, max-image-preview:large, max-video-preview:-1\" \/>\n<link rel=\"canonical\" href=\"https:\/\/macite.tg\/?p=15719\" \/>\n<meta property=\"og:locale\" content=\"fr_FR\" \/>\n<meta property=\"og:type\" content=\"article\" \/>\n<meta property=\"og:title\" content=\"FETE DU TRONE \u2013 DISCOURS DE SM LE ROI\u00a0: Probl\u00e9matique Eau, r\u00e9solution de la crise \u00e0 Gaza, exploitation des provinces du Sud, \u2026les mesures urgentes du Souverain face aux grands d\u00e9fis -\" \/>\n<meta property=\"og:description\" content=\"A l\u2019occasion du 25\u00e8me anniversaire de l\u2019accession du Souverain au Tr\u00f4ne de Ses glorieux Anc\u00eatres, Sa Majest\u00e9 le Roi Mohammed VI, que Dieu L&rsquo;assiste, a adress\u00e9, hier lundi 29 juillet, un Discours \u00e0 Son peuple fid\u00e8le. Dans Son message, tout en rendant \u00ab\u00a0gr\u00e2ce \u00e0 Dieu [&hellip;]\" \/>\n<meta property=\"og:url\" content=\"https:\/\/macite.tg\/?p=15719\" \/>\n<meta property=\"article:published_time\" content=\"2024-07-30T13:08:02+00:00\" \/>\n<meta property=\"article:modified_time\" content=\"2024-07-30T13:08:33+00:00\" \/>\n<meta property=\"og:image\" content=\"https:\/\/macite.tg\/wp-content\/uploads\/2024\/07\/SMR.jpg\" \/>\n\t<meta property=\"og:image:width\" content=\"500\" \/>\n\t<meta property=\"og:image:height\" content=\"494\" \/>\n\t<meta property=\"og:image:type\" content=\"image\/jpeg\" \/>\n<meta name=\"author\" content=\"Jean Pierre BAWELA\" \/>\n<meta name=\"twitter:card\" content=\"summary_large_image\" \/>\n<meta name=\"twitter:label1\" content=\"\u00c9crit par\" \/>\n\t<meta name=\"twitter:data1\" content=\"Jean Pierre BAWELA\" \/>\n\t<meta name=\"twitter:label2\" content=\"Dur\u00e9e de lecture estim\u00e9e\" \/>\n\t<meta name=\"twitter:data2\" content=\"5 minutes\" \/>\n<script type=\"application\/ld+json\" class=\"yoast-schema-graph\">{\"@context\":\"https:\\\/\\\/schema.org\",\"@graph\":[{\"@type\":\"Article\",\"@id\":\"https:\\\/\\\/macite.tg\\\/?p=15719#article\",\"isPartOf\":{\"@id\":\"https:\\\/\\\/macite.tg\\\/?p=15719\"},\"author\":{\"name\":\"Jean Pierre BAWELA\",\"@id\":\"https:\\\/\\\/macite.tg\\\/#\\\/schema\\\/person\\\/e9f2de7e5dbbe7770a9402c7ce82f5c2\"},\"headline\":\"FETE DU TRONE \u2013 DISCOURS DE SM LE ROI\u00a0: Probl\u00e9matique Eau, r\u00e9solution de la crise \u00e0 Gaza, exploitation des provinces du Sud, \u2026les mesures urgentes du Souverain face aux grands d\u00e9fis\",\"datePublished\":\"2024-07-30T13:08:02+00:00\",\"dateModified\":\"2024-07-30T13:08:33+00:00\",\"mainEntityOfPage\":{\"@id\":\"https:\\\/\\\/macite.tg\\\/?p=15719\"},\"wordCount\":1034,\"commentCount\":0,\"image\":{\"@id\":\"https:\\\/\\\/macite.tg\\\/?p=15719#primaryimage\"},\"thumbnailUrl\":\"https:\\\/\\\/macite.tg\\\/wp-content\\\/uploads\\\/2024\\\/07\\\/SMR.jpg\",\"articleSection\":[\"ACTUALITE\",\"DIPLOMATIE\"],\"inLanguage\":\"fr-FR\",\"potentialAction\":[{\"@type\":\"CommentAction\",\"name\":\"Comment\",\"target\":[\"https:\\\/\\\/macite.tg\\\/?p=15719#respond\"]}]},{\"@type\":\"WebPage\",\"@id\":\"https:\\\/\\\/macite.tg\\\/?p=15719\",\"url\":\"https:\\\/\\\/macite.tg\\\/?p=15719\",\"name\":\"FETE DU TRONE \u2013 DISCOURS DE SM LE ROI\u00a0: Probl\u00e9matique Eau, r\u00e9solution de la crise \u00e0 Gaza, exploitation des provinces du Sud, \u2026les mesures urgentes du Souverain face aux grands d\u00e9fis -\",\"isPartOf\":{\"@id\":\"https:\\\/\\\/macite.tg\\\/#website\"},\"primaryImageOfPage\":{\"@id\":\"https:\\\/\\\/macite.tg\\\/?p=15719#primaryimage\"},\"image\":{\"@id\":\"https:\\\/\\\/macite.tg\\\/?p=15719#primaryimage\"},\"thumbnailUrl\":\"https:\\\/\\\/macite.tg\\\/wp-content\\\/uploads\\\/2024\\\/07\\\/SMR.jpg\",\"datePublished\":\"2024-07-30T13:08:02+00:00\",\"dateModified\":\"2024-07-30T13:08:33+00:00\",\"author\":{\"@id\":\"https:\\\/\\\/macite.tg\\\/#\\\/schema\\\/person\\\/e9f2de7e5dbbe7770a9402c7ce82f5c2\"},\"breadcrumb\":{\"@id\":\"https:\\\/\\\/macite.tg\\\/?p=15719#breadcrumb\"},\"inLanguage\":\"fr-FR\",\"potentialAction\":[{\"@type\":\"ReadAction\",\"target\":[\"https:\\\/\\\/macite.tg\\\/?p=15719\"]}]},{\"@type\":\"ImageObject\",\"inLanguage\":\"fr-FR\",\"@id\":\"https:\\\/\\\/macite.tg\\\/?p=15719#primaryimage\",\"url\":\"https:\\\/\\\/macite.tg\\\/wp-content\\\/uploads\\\/2024\\\/07\\\/SMR.jpg\",\"contentUrl\":\"https:\\\/\\\/macite.tg\\\/wp-content\\\/uploads\\\/2024\\\/07\\\/SMR.jpg\",\"width\":500,\"height\":494,\"caption\":\"Sa Majest\u00e9 le Roi Mohamme VI, que Dieu Le glorifie.\"},{\"@type\":\"BreadcrumbList\",\"@id\":\"https:\\\/\\\/macite.tg\\\/?p=15719#breadcrumb\",\"itemListElement\":[{\"@type\":\"ListItem\",\"position\":1,\"name\":\"Accueil\",\"item\":\"https:\\\/\\\/macite.tg\\\/\"},{\"@type\":\"ListItem\",\"position\":2,\"name\":\"FETE DU TRONE \u2013 DISCOURS DE SM LE ROI\u00a0: Probl\u00e9matique Eau, r\u00e9solution de la crise \u00e0 Gaza, exploitation des provinces du Sud, \u2026les mesures urgentes du Souverain face aux grands d\u00e9fis\"}]},{\"@type\":\"WebSite\",\"@id\":\"https:\\\/\\\/macite.tg\\\/#website\",\"url\":\"https:\\\/\\\/macite.tg\\\/\",\"name\":\"\",\"description\":\"L&#039;information, la bonne!!!\",\"potentialAction\":[{\"@type\":\"SearchAction\",\"target\":{\"@type\":\"EntryPoint\",\"urlTemplate\":\"https:\\\/\\\/macite.tg\\\/?s={search_term_string}\"},\"query-input\":{\"@type\":\"PropertyValueSpecification\",\"valueRequired\":true,\"valueName\":\"search_term_string\"}}],\"inLanguage\":\"fr-FR\"},{\"@type\":\"Person\",\"@id\":\"https:\\\/\\\/macite.tg\\\/#\\\/schema\\\/person\\\/e9f2de7e5dbbe7770a9402c7ce82f5c2\",\"name\":\"Jean Pierre BAWELA\",\"image\":{\"@type\":\"ImageObject\",\"inLanguage\":\"fr-FR\",\"@id\":\"https:\\\/\\\/macite.tg\\\/wp-content\\\/uploads\\\/2023\\\/09\\\/WhatsApp-Image-2023-09-19-at-14.44.41-122x122.jpeg\",\"url\":\"https:\\\/\\\/macite.tg\\\/wp-content\\\/uploads\\\/2023\\\/09\\\/WhatsApp-Image-2023-09-19-at-14.44.41-122x122.jpeg\",\"contentUrl\":\"https:\\\/\\\/macite.tg\\\/wp-content\\\/uploads\\\/2023\\\/09\\\/WhatsApp-Image-2023-09-19-at-14.44.41-122x122.jpeg\",\"caption\":\"Jean Pierre BAWELA\"},\"url\":\"https:\\\/\\\/macite.tg\\\/?author=2\"}]}<\/script>\n<!-- \/ Yoast SEO plugin. -->","yoast_head_json":{"title":"FETE DU TRONE \u2013 DISCOURS DE SM LE ROI\u00a0: Probl\u00e9matique Eau, r\u00e9solution de la crise \u00e0 Gaza, exploitation des provinces du Sud, \u2026les mesures urgentes du Souverain face aux grands d\u00e9fis -","robots":{"index":"index","follow":"follow","max-snippet":"max-snippet:-1","max-image-preview":"max-image-preview:large","max-video-preview":"max-video-preview:-1"},"canonical":"https:\/\/macite.tg\/?p=15719","og_locale":"fr_FR","og_type":"article","og_title":"FETE DU TRONE \u2013 DISCOURS DE SM LE ROI\u00a0: Probl\u00e9matique Eau, r\u00e9solution de la crise \u00e0 Gaza, exploitation des provinces du Sud, \u2026les mesures urgentes du Souverain face aux grands d\u00e9fis -","og_description":"A l\u2019occasion du 25\u00e8me anniversaire de l\u2019accession du Souverain au Tr\u00f4ne de Ses glorieux Anc\u00eatres, Sa Majest\u00e9 le Roi Mohammed VI, que Dieu L&rsquo;assiste, a adress\u00e9, hier lundi 29 juillet, un Discours \u00e0 Son peuple fid\u00e8le. Dans Son message, tout en rendant \u00ab\u00a0gr\u00e2ce \u00e0 Dieu [&hellip;]","og_url":"https:\/\/macite.tg\/?p=15719","article_published_time":"2024-07-30T13:08:02+00:00","article_modified_time":"2024-07-30T13:08:33+00:00","og_image":[{"width":500,"height":494,"url":"https:\/\/macite.tg\/wp-content\/uploads\/2024\/07\/SMR.jpg","type":"image\/jpeg"}],"author":"Jean Pierre BAWELA","twitter_card":"summary_large_image","twitter_misc":{"\u00c9crit par":"Jean Pierre BAWELA","Dur\u00e9e de lecture estim\u00e9e":"5 minutes"},"schema":{"@context":"https:\/\/schema.org","@graph":[{"@type":"Article","@id":"https:\/\/macite.tg\/?p=15719#article","isPartOf":{"@id":"https:\/\/macite.tg\/?p=15719"},"author":{"name":"Jean Pierre BAWELA","@id":"https:\/\/macite.tg\/#\/schema\/person\/e9f2de7e5dbbe7770a9402c7ce82f5c2"},"headline":"FETE DU TRONE \u2013 DISCOURS DE SM LE ROI\u00a0: Probl\u00e9matique Eau, r\u00e9solution de la crise \u00e0 Gaza, exploitation des provinces du Sud, \u2026les mesures urgentes du Souverain face aux grands d\u00e9fis","datePublished":"2024-07-30T13:08:02+00:00","dateModified":"2024-07-30T13:08:33+00:00","mainEntityOfPage":{"@id":"https:\/\/macite.tg\/?p=15719"},"wordCount":1034,"commentCount":0,"image":{"@id":"https:\/\/macite.tg\/?p=15719#primaryimage"},"thumbnailUrl":"https:\/\/macite.tg\/wp-content\/uploads\/2024\/07\/SMR.jpg","articleSection":["ACTUALITE","DIPLOMATIE"],"inLanguage":"fr-FR","potentialAction":[{"@type":"CommentAction","name":"Comment","target":["https:\/\/macite.tg\/?p=15719#respond"]}]},{"@type":"WebPage","@id":"https:\/\/macite.tg\/?p=15719","url":"https:\/\/macite.tg\/?p=15719","name":"FETE DU TRONE \u2013 DISCOURS DE SM LE ROI\u00a0: Probl\u00e9matique Eau, r\u00e9solution de la crise \u00e0 Gaza, exploitation des provinces du Sud, \u2026les mesures urgentes du Souverain face aux grands d\u00e9fis -","isPartOf":{"@id":"https:\/\/macite.tg\/#website"},"primaryImageOfPage":{"@id":"https:\/\/macite.tg\/?p=15719#primaryimage"},"image":{"@id":"https:\/\/macite.tg\/?p=15719#primaryimage"},"thumbnailUrl":"https:\/\/macite.tg\/wp-content\/uploads\/2024\/07\/SMR.jpg","datePublished":"2024-07-30T13:08:02+00:00","dateModified":"2024-07-30T13:08:33+00:00","author":{"@id":"https:\/\/macite.tg\/#\/schema\/person\/e9f2de7e5dbbe7770a9402c7ce82f5c2"},"breadcrumb":{"@id":"https:\/\/macite.tg\/?p=15719#breadcrumb"},"inLanguage":"fr-FR","potentialAction":[{"@type":"ReadAction","target":["https:\/\/macite.tg\/?p=15719"]}]},{"@type":"ImageObject","inLanguage":"fr-FR","@id":"https:\/\/macite.tg\/?p=15719#primaryimage","url":"https:\/\/macite.tg\/wp-content\/uploads\/2024\/07\/SMR.jpg","contentUrl":"https:\/\/macite.tg\/wp-content\/uploads\/2024\/07\/SMR.jpg","width":500,"height":494,"caption":"Sa Majest\u00e9 le Roi Mohamme VI, que Dieu Le glorifie."},{"@type":"BreadcrumbList","@id":"https:\/\/macite.tg\/?p=15719#breadcrumb","itemListElement":[{"@type":"ListItem","position":1,"name":"Accueil","item":"https:\/\/macite.tg\/"},{"@type":"ListItem","position":2,"name":"FETE DU TRONE \u2013 DISCOURS DE SM LE ROI\u00a0: Probl\u00e9matique Eau, r\u00e9solution de la crise \u00e0 Gaza, exploitation des provinces du Sud, \u2026les mesures urgentes du Souverain face aux grands d\u00e9fis"}]},{"@type":"WebSite","@id":"https:\/\/macite.tg\/#website","url":"https:\/\/macite.tg\/","name":"","description":"L&#039;information, la bonne!!!","potentialAction":[{"@type":"SearchAction","target":{"@type":"EntryPoint","urlTemplate":"https:\/\/macite.tg\/?s={search_term_string}"},"query-input":{"@type":"PropertyValueSpecification","valueRequired":true,"valueName":"search_term_string"}}],"inLanguage":"fr-FR"},{"@type":"Person","@id":"https:\/\/macite.tg\/#\/schema\/person\/e9f2de7e5dbbe7770a9402c7ce82f5c2","name":"Jean Pierre BAWELA","image":{"@type":"ImageObject","inLanguage":"fr-FR","@id":"https:\/\/macite.tg\/wp-content\/uploads\/2023\/09\/WhatsApp-Image-2023-09-19-at-14.44.41-122x122.jpeg","url":"https:\/\/macite.tg\/wp-content\/uploads\/2023\/09\/WhatsApp-Image-2023-09-19-at-14.44.41-122x122.jpeg","contentUrl":"https:\/\/macite.tg\/wp-content\/uploads\/2023\/09\/WhatsApp-Image-2023-09-19-at-14.44.41-122x122.jpeg","caption":"Jean Pierre BAWELA"},"url":"https:\/\/macite.tg\/?author=2"}]}},"_links":{"self":[{"href":"https:\/\/macite.tg\/index.php?rest_route=\/wp\/v2\/posts\/15719","targetHints":{"allow":["GET"]}}],"collection":[{"href":"https:\/\/macite.tg\/index.php?rest_route=\/wp\/v2\/posts"}],"about":[{"href":"https:\/\/macite.tg\/index.php?rest_route=\/wp\/v2\/types\/post"}],"author":[{"embeddable":true,"href":"https:\/\/macite.tg\/index.php?rest_route=\/wp\/v2\/users\/2"}],"replies":[{"embeddable":true,"href":"https:\/\/macite.tg\/index.php?rest_route=%2Fwp%2Fv2%2Fcomments&post=15719"}],"version-history":[{"count":0,"href":"https:\/\/macite.tg\/index.php?rest_route=\/wp\/v2\/posts\/15719\/revisions"}],"wp:featuredmedia":[{"embeddable":true,"href":"https:\/\/macite.tg\/index.php?rest_route=\/wp\/v2\/media\/15720"}],"wp:attachment":[{"href":"https:\/\/macite.tg\/index.php?rest_route=%2Fwp%2Fv2%2Fmedia&parent=15719"}],"wp:term":[{"taxonomy":"category","embeddable":true,"href":"https:\/\/macite.tg\/index.php?rest_route=%2Fwp%2Fv2%2Fcategories&post=15719"},{"taxonomy":"post_tag","embeddable":true,"href":"https:\/\/macite.tg\/index.php?rest_route=%2Fwp%2Fv2%2Ftags&post=15719"}],"curies":[{"name":"wp","href":"https:\/\/api.w.org\/{rel}","templated":true}]}}