{"id":15705,"date":"2024-07-29T13:27:01","date_gmt":"2024-07-29T13:27:01","guid":{"rendered":"https:\/\/macite.tg\/?p=15705"},"modified":"2024-07-29T13:27:04","modified_gmt":"2024-07-29T13:27:04","slug":"idea-120-milliards-de-fcfa-pour-renforcer-lapprovisionnement-en-energie-electrique-au-togo","status":"publish","type":"post","link":"https:\/\/macite.tg\/?p=15705","title":{"rendered":"IDEA\u00a0: 120 milliards de Fcfa pour renforcer l&rsquo;approvisionnement en \u00e9nergie \u00e9lectrique au Togo"},"content":{"rendered":"\n<p class=\"wp-block-paragraph\"><strong><em>Le Togo a pris son envol vers l&rsquo;\u00e9mergence sociale et \u00e9conomique, de sorte que tous les habitants puissent avoir des conditions de vie d\u00e9centes et nourrir des espoirs d&rsquo;un avenir encore meilleur. Une vari\u00e9t\u00e9 de programmes existe aujourd&rsquo;hui, tous mis en \u0153uvre dans des conditions sp\u00e9cifiques pour b\u00e2tir un pays fort, solidaire et moderne. Dans ce sens, le Togo a b\u00e9n\u00e9fici\u00e9 d\u2019un financement de la Banque mondial \u00e0 hauteur de 200 millions de dollars, soit 12O milliards de Fca, pour le renforcement de l&rsquo;approvisionnement en \u00e9nergie \u00e9lectrique. Le projet cible la construction des lignes de transmission de 161 kV qui permettront \u00e0 plus de 1,5 million de personnes, surtout dans les milieux ruraux, d&rsquo;avoir facilement acc\u00e8s \u00e0 l&rsquo;\u00e9lectricit\u00e9 fiable.<\/em><\/strong><\/p>\n\n\n\n<p class=\"wp-block-paragraph\">Le Projet de d\u00e9veloppement inclusif gr\u00e2ce \u00e0 l&rsquo;acc\u00e8s \u00e0 l&rsquo;\u00e9lectricit\u00e9 (Idea) peut \u00eatre mentionn\u00e9. Il vise \u00e0 assurer que les b\u00e9n\u00e9fices du d\u00e9veloppement profitent \u00e0 tous les segments de la soci\u00e9t\u00e9, y compris les groupes les plus vuln\u00e9rables et marginalis\u00e9s.<\/p>\n\n\n<div class=\"wp-block-image\">\n<figure class=\"aligncenter size-full is-resized\"><img loading=\"lazy\" decoding=\"async\" src=\"https:\/\/macite.tg\/wp-content\/uploads\/2024\/07\/88c62692-46fa-48fc-8489-9b0360abc212.jpg\" alt=\"\" class=\"wp-image-15697\" width=\"516\" height=\"712\" srcset=\"https:\/\/macite.tg\/wp-content\/uploads\/2024\/07\/88c62692-46fa-48fc-8489-9b0360abc212.jpg 720w, https:\/\/macite.tg\/wp-content\/uploads\/2024\/07\/88c62692-46fa-48fc-8489-9b0360abc212-218x300.jpg 218w\" sizes=\"auto, (max-width: 516px) 100vw, 516px\" \/><\/figure>\n<\/div>\n\n\n<p class=\"wp-block-paragraph\">Conform\u00e9ment aux ambitions du pays, le m\u00e9canisme r\u00e9duit les in\u00e9galit\u00e9s et favorise une croissance \u00e9conomique \u00e9quitable et durable, ses caract\u00e9ristiques \u00e9tant l&rsquo;\u00e9quit\u00e9, la participation active, la croissance durable, la r\u00e9duction de la pauvret\u00e9, etc.<\/p>\n\n\n\n<p class=\"wp-block-paragraph\"><strong>Un nouvel accord de financement<\/strong><\/p>\n\n\n\n<p class=\"wp-block-paragraph\">Le gouvernement togolais et son partenaire la Banque mondiale ont sign\u00e9 le 12 juillet 2024 trois nouveaux accords de financement d&rsquo;un montant de 298 millions de dollars, ce qui fait environ 180 milliards de francs Cfa.<\/p>\n\n\n\n<p class=\"wp-block-paragraph\">Il s&rsquo;agit de nouvelles ressources, qui sont destin\u00e9es \u00e0 la mise en \u0153uvre de trois projets. Ceux-ci ont pour objectif d&rsquo;am\u00e9liorer l&rsquo;acc\u00e8s des populations \u00e0 l&rsquo;\u00e9lectricit\u00e9, de renforcer la prestation des services publics et enfin de promouvoir la coh\u00e9sion sociale.<\/p>\n\n\n<div class=\"wp-block-image\">\n<figure class=\"aligncenter size-large is-resized\"><img loading=\"lazy\" decoding=\"async\" src=\"https:\/\/macite.tg\/wp-content\/uploads\/2024\/07\/Otr_Obligations-de-declaration-et-paiement-1024x1024.jpg\" alt=\"\" class=\"wp-image-15672\" width=\"510\" height=\"510\" srcset=\"https:\/\/macite.tg\/wp-content\/uploads\/2024\/07\/Otr_Obligations-de-declaration-et-paiement-1024x1024.jpg 1024w, https:\/\/macite.tg\/wp-content\/uploads\/2024\/07\/Otr_Obligations-de-declaration-et-paiement-300x300.jpg 300w, https:\/\/macite.tg\/wp-content\/uploads\/2024\/07\/Otr_Obligations-de-declaration-et-paiement-150x150.jpg 150w, https:\/\/macite.tg\/wp-content\/uploads\/2024\/07\/Otr_Obligations-de-declaration-et-paiement-768x768.jpg 768w, https:\/\/macite.tg\/wp-content\/uploads\/2024\/07\/Otr_Obligations-de-declaration-et-paiement-122x122.jpg 122w, https:\/\/macite.tg\/wp-content\/uploads\/2024\/07\/Otr_Obligations-de-declaration-et-paiement.jpg 1080w\" sizes=\"auto, (max-width: 510px) 100vw, 510px\" \/><\/figure>\n<\/div>\n\n\n<p class=\"wp-block-paragraph\"><strong>IDEA pour le bien-\u00eatre social<\/strong><\/p>\n\n\n\n<p class=\"wp-block-paragraph\">Le Projet de d\u00e9veloppement inclusif gr\u00e2ce \u00e0 l&rsquo;acc\u00e8s \u00e0 l&rsquo;\u00e9lectricit\u00e9 (Idea), en l&rsquo;occurrence, b\u00e9n\u00e9ficie de 200 millions de dollars, soit plus de 120 milliards de francs. Il se focalise sur le renforcement de l&rsquo;approvisionnement en \u00e9nergie \u00e9lectrique.<\/p>\n\n\n\n<p class=\"wp-block-paragraph\">Dans les d\u00e9tails, le projet cible la construction des lignes de transmission de 161 kV qui permettront \u00e0 plus de 1,5 million de personnes, surtout dans les milieux ruraux, d&rsquo;avoir facilement acc\u00e8s \u00e0 l&rsquo;\u00e9lectricit\u00e9 fiable.<\/p>\n\n\n\n<p class=\"wp-block-paragraph\">Aussi, le projet donnera de la force aux capacit\u00e9s institutionnelles du secteur de l&rsquo;\u00e9nergie, il r\u00e9duira essentiellement les \u00e9missions de gaz \u00e0 effet de serre (Ges) gr\u00e2ce \u00e0 l&rsquo;expansion des \u00e9nergies renouvelables, indiquent les autorit\u00e9s.<\/p>\n\n\n\n<p class=\"wp-block-paragraph\"><strong>Le taux d&rsquo;\u00e9lectricit\u00e9 fait des bonds<\/strong><\/p>\n\n\n\n<p class=\"wp-block-paragraph\">Gr\u00e2ce aux strat\u00e9gies innovantes d\u00e9ploy\u00e9es par les pouvoirs publics, le Togo a termin\u00e9 l&rsquo;ann\u00e9e 2023 avec un taux d&rsquo;acc\u00e8s \u00e0 l&rsquo;\u00e9lectricit\u00e9 de 68 %. C&rsquo;est repr\u00e9sentatif d&rsquo;une progression de 18 % en trois ans, compar\u00e9 \u00e0 l&rsquo;ann\u00e9e 2020 o\u00f9 ce taux en question pointait \u00e0 50 %.<\/p>\n\n\n<div class=\"wp-block-image\">\n<figure class=\"aligncenter size-large is-resized\"><img loading=\"lazy\" decoding=\"async\" src=\"https:\/\/macite.tg\/wp-content\/uploads\/2024\/07\/7f44bc18-2883-4563-9cba-d78a98c033b1-703x1024.jpg\" alt=\"\" class=\"wp-image-15699\" width=\"437\" height=\"637\" srcset=\"https:\/\/macite.tg\/wp-content\/uploads\/2024\/07\/7f44bc18-2883-4563-9cba-d78a98c033b1-703x1024.jpg 703w, https:\/\/macite.tg\/wp-content\/uploads\/2024\/07\/7f44bc18-2883-4563-9cba-d78a98c033b1-206x300.jpg 206w, https:\/\/macite.tg\/wp-content\/uploads\/2024\/07\/7f44bc18-2883-4563-9cba-d78a98c033b1.jpg 720w\" sizes=\"auto, (max-width: 437px) 100vw, 437px\" \/><\/figure>\n<\/div>\n\n\n<p class=\"wp-block-paragraph\">On attribue ce progr\u00e8s aux projets comme celui de l&rsquo;\u00e9lectrification en milieu rural par les kits solaires Cizo, le fonds d&rsquo;aide Tinga qui raccorde les m\u00e9nages \u00e0 l&rsquo;\u00e9lectricit\u00e9 contre seulement 1.000 francs, le projet d&rsquo;installation de 50.000 lampadaires solaires autonomes et intelligents, les centrales solaires, la liste n&rsquo;est pas ferm\u00e9e.<\/p>\n\n\n\n<p class=\"wp-block-paragraph\"><strong>Samir<\/strong><\/p>\n\n\n\n<p class=\"wp-block-paragraph\"><a><strong><em>@macite.tg&nbsp;&nbsp;&nbsp;&nbsp;&nbsp;&nbsp;&nbsp;&nbsp;<\/em><\/strong><\/a><\/p>\n\n\n\n<p class=\"wp-block-paragraph\"><strong><em>E-mail&nbsp;: <\/em><\/strong><a href=\"mailto:maciteinfo@gmail.com\"><strong><em>maciteinfo@gmail.com<\/em><\/strong><\/a><strong><em>; <\/em><\/strong><a href=\"mailto:bawela1@gmail.com\"><strong><em>bawela1@gmail.com<\/em><\/strong><\/a><strong><em><\/em><\/strong><\/p>\n\n\n\n<p class=\"wp-block-paragraph\"><strong><em>Pour vos annonces, (publi)reportages, etc., joignez-nous au (00228)91515309\/<strong>79872224 <\/strong>www.macite.tg, L\u2019information, la bonne&nbsp;!<\/em><\/strong><\/p>\n","protected":false},"excerpt":{"rendered":"<p class=\"text-justify mb-2\" >Le Togo a pris son envol vers l&rsquo;\u00e9mergence sociale et \u00e9conomique, de sorte que tous les habitants puissent avoir des conditions de vie d\u00e9centes et nourrir des espoirs d&rsquo;un avenir encore meilleur. Une vari\u00e9t\u00e9 de programmes existe aujourd&rsquo;hui, tous mis en \u0153uvre dans des conditions [&hellip;]<\/p>\n","protected":false},"author":2,"featured_media":15707,"comment_status":"open","ping_status":"open","sticky":false,"template":"","format":"standard","meta":{"footnotes":""},"categories":[20,38],"tags":[],"class_list":["post-15705","post","type-post","status-publish","format-standard","has-post-thumbnail","hentry","category-actualite","category-energie"],"yoast_head":"<!-- This site is optimized with the Yoast SEO plugin v28.4 - https:\/\/yoast.com\/product\/yoast-seo-wordpress\/ -->\n<title>IDEA\u00a0: 120 milliards de Fcfa pour renforcer l&#039;approvisionnement en \u00e9nergie \u00e9lectrique au Togo -<\/title>\n<meta name=\"robots\" content=\"index, follow, max-snippet:-1, max-image-preview:large, max-video-preview:-1\" \/>\n<link rel=\"canonical\" href=\"https:\/\/macite.tg\/?p=15705\" \/>\n<meta property=\"og:locale\" content=\"fr_FR\" \/>\n<meta property=\"og:type\" content=\"article\" \/>\n<meta property=\"og:title\" content=\"IDEA\u00a0: 120 milliards de Fcfa pour renforcer l&#039;approvisionnement en \u00e9nergie \u00e9lectrique au Togo -\" \/>\n<meta property=\"og:description\" content=\"Le Togo a pris son envol vers l&rsquo;\u00e9mergence sociale et \u00e9conomique, de sorte que tous les habitants puissent avoir des conditions de vie d\u00e9centes et nourrir des espoirs d&rsquo;un avenir encore meilleur. Une vari\u00e9t\u00e9 de programmes existe aujourd&rsquo;hui, tous mis en \u0153uvre dans des conditions [&hellip;]\" \/>\n<meta property=\"og:url\" content=\"https:\/\/macite.tg\/?p=15705\" \/>\n<meta property=\"article:published_time\" content=\"2024-07-29T13:27:01+00:00\" \/>\n<meta property=\"article:modified_time\" content=\"2024-07-29T13:27:04+00:00\" \/>\n<meta property=\"og:image\" content=\"https:\/\/macite.tg\/wp-content\/uploads\/2024\/07\/image-52.png\" \/>\n\t<meta property=\"og:image:width\" content=\"474\" \/>\n\t<meta property=\"og:image:height\" content=\"355\" \/>\n\t<meta property=\"og:image:type\" content=\"image\/png\" \/>\n<meta name=\"author\" content=\"Jean Pierre BAWELA\" \/>\n<meta name=\"twitter:card\" content=\"summary_large_image\" \/>\n<meta name=\"twitter:label1\" content=\"\u00c9crit par\" \/>\n\t<meta name=\"twitter:data1\" content=\"Jean Pierre BAWELA\" \/>\n\t<meta name=\"twitter:label2\" content=\"Dur\u00e9e de lecture estim\u00e9e\" \/>\n\t<meta name=\"twitter:data2\" content=\"3 minutes\" \/>\n<script type=\"application\/ld+json\" class=\"yoast-schema-graph\">{\"@context\":\"https:\\\/\\\/schema.org\",\"@graph\":[{\"@type\":\"Article\",\"@id\":\"https:\\\/\\\/macite.tg\\\/?p=15705#article\",\"isPartOf\":{\"@id\":\"https:\\\/\\\/macite.tg\\\/?p=15705\"},\"author\":{\"name\":\"Jean Pierre BAWELA\",\"@id\":\"https:\\\/\\\/macite.tg\\\/#\\\/schema\\\/person\\\/e9f2de7e5dbbe7770a9402c7ce82f5c2\"},\"headline\":\"IDEA\u00a0: 120 milliards de Fcfa pour renforcer l&rsquo;approvisionnement en \u00e9nergie \u00e9lectrique au Togo\",\"datePublished\":\"2024-07-29T13:27:01+00:00\",\"dateModified\":\"2024-07-29T13:27:04+00:00\",\"mainEntityOfPage\":{\"@id\":\"https:\\\/\\\/macite.tg\\\/?p=15705\"},\"wordCount\":582,\"commentCount\":0,\"image\":{\"@id\":\"https:\\\/\\\/macite.tg\\\/?p=15705#primaryimage\"},\"thumbnailUrl\":\"https:\\\/\\\/macite.tg\\\/wp-content\\\/uploads\\\/2024\\\/07\\\/image-52.png\",\"articleSection\":[\"ACTUALITE\",\"ENERGIE\"],\"inLanguage\":\"fr-FR\",\"potentialAction\":[{\"@type\":\"CommentAction\",\"name\":\"Comment\",\"target\":[\"https:\\\/\\\/macite.tg\\\/?p=15705#respond\"]}]},{\"@type\":\"WebPage\",\"@id\":\"https:\\\/\\\/macite.tg\\\/?p=15705\",\"url\":\"https:\\\/\\\/macite.tg\\\/?p=15705\",\"name\":\"IDEA\u00a0: 120 milliards de Fcfa pour renforcer l'approvisionnement en \u00e9nergie \u00e9lectrique au Togo -\",\"isPartOf\":{\"@id\":\"https:\\\/\\\/macite.tg\\\/#website\"},\"primaryImageOfPage\":{\"@id\":\"https:\\\/\\\/macite.tg\\\/?p=15705#primaryimage\"},\"image\":{\"@id\":\"https:\\\/\\\/macite.tg\\\/?p=15705#primaryimage\"},\"thumbnailUrl\":\"https:\\\/\\\/macite.tg\\\/wp-content\\\/uploads\\\/2024\\\/07\\\/image-52.png\",\"datePublished\":\"2024-07-29T13:27:01+00:00\",\"dateModified\":\"2024-07-29T13:27:04+00:00\",\"author\":{\"@id\":\"https:\\\/\\\/macite.tg\\\/#\\\/schema\\\/person\\\/e9f2de7e5dbbe7770a9402c7ce82f5c2\"},\"breadcrumb\":{\"@id\":\"https:\\\/\\\/macite.tg\\\/?p=15705#breadcrumb\"},\"inLanguage\":\"fr-FR\",\"potentialAction\":[{\"@type\":\"ReadAction\",\"target\":[\"https:\\\/\\\/macite.tg\\\/?p=15705\"]}]},{\"@type\":\"ImageObject\",\"inLanguage\":\"fr-FR\",\"@id\":\"https:\\\/\\\/macite.tg\\\/?p=15705#primaryimage\",\"url\":\"https:\\\/\\\/macite.tg\\\/wp-content\\\/uploads\\\/2024\\\/07\\\/image-52.png\",\"contentUrl\":\"https:\\\/\\\/macite.tg\\\/wp-content\\\/uploads\\\/2024\\\/07\\\/image-52.png\",\"width\":474,\"height\":355},{\"@type\":\"BreadcrumbList\",\"@id\":\"https:\\\/\\\/macite.tg\\\/?p=15705#breadcrumb\",\"itemListElement\":[{\"@type\":\"ListItem\",\"position\":1,\"name\":\"Accueil\",\"item\":\"https:\\\/\\\/macite.tg\\\/\"},{\"@type\":\"ListItem\",\"position\":2,\"name\":\"IDEA\u00a0: 120 milliards de Fcfa pour renforcer l&rsquo;approvisionnement en \u00e9nergie \u00e9lectrique au Togo\"}]},{\"@type\":\"WebSite\",\"@id\":\"https:\\\/\\\/macite.tg\\\/#website\",\"url\":\"https:\\\/\\\/macite.tg\\\/\",\"name\":\"\",\"description\":\"L&#039;information, la bonne!!!\",\"potentialAction\":[{\"@type\":\"SearchAction\",\"target\":{\"@type\":\"EntryPoint\",\"urlTemplate\":\"https:\\\/\\\/macite.tg\\\/?s={search_term_string}\"},\"query-input\":{\"@type\":\"PropertyValueSpecification\",\"valueRequired\":true,\"valueName\":\"search_term_string\"}}],\"inLanguage\":\"fr-FR\"},{\"@type\":\"Person\",\"@id\":\"https:\\\/\\\/macite.tg\\\/#\\\/schema\\\/person\\\/e9f2de7e5dbbe7770a9402c7ce82f5c2\",\"name\":\"Jean Pierre BAWELA\",\"image\":{\"@type\":\"ImageObject\",\"inLanguage\":\"fr-FR\",\"@id\":\"https:\\\/\\\/macite.tg\\\/wp-content\\\/uploads\\\/2023\\\/09\\\/WhatsApp-Image-2023-09-19-at-14.44.41-122x122.jpeg\",\"url\":\"https:\\\/\\\/macite.tg\\\/wp-content\\\/uploads\\\/2023\\\/09\\\/WhatsApp-Image-2023-09-19-at-14.44.41-122x122.jpeg\",\"contentUrl\":\"https:\\\/\\\/macite.tg\\\/wp-content\\\/uploads\\\/2023\\\/09\\\/WhatsApp-Image-2023-09-19-at-14.44.41-122x122.jpeg\",\"caption\":\"Jean Pierre BAWELA\"},\"url\":\"https:\\\/\\\/macite.tg\\\/?author=2\"}]}<\/script>\n<!-- \/ Yoast SEO plugin. -->","yoast_head_json":{"title":"IDEA\u00a0: 120 milliards de Fcfa pour renforcer l'approvisionnement en \u00e9nergie \u00e9lectrique au Togo -","robots":{"index":"index","follow":"follow","max-snippet":"max-snippet:-1","max-image-preview":"max-image-preview:large","max-video-preview":"max-video-preview:-1"},"canonical":"https:\/\/macite.tg\/?p=15705","og_locale":"fr_FR","og_type":"article","og_title":"IDEA\u00a0: 120 milliards de Fcfa pour renforcer l'approvisionnement en \u00e9nergie \u00e9lectrique au Togo -","og_description":"Le Togo a pris son envol vers l&rsquo;\u00e9mergence sociale et \u00e9conomique, de sorte que tous les habitants puissent avoir des conditions de vie d\u00e9centes et nourrir des espoirs d&rsquo;un avenir encore meilleur. Une vari\u00e9t\u00e9 de programmes existe aujourd&rsquo;hui, tous mis en \u0153uvre dans des conditions [&hellip;]","og_url":"https:\/\/macite.tg\/?p=15705","article_published_time":"2024-07-29T13:27:01+00:00","article_modified_time":"2024-07-29T13:27:04+00:00","og_image":[{"width":474,"height":355,"url":"https:\/\/macite.tg\/wp-content\/uploads\/2024\/07\/image-52.png","type":"image\/png"}],"author":"Jean Pierre BAWELA","twitter_card":"summary_large_image","twitter_misc":{"\u00c9crit par":"Jean Pierre BAWELA","Dur\u00e9e de lecture estim\u00e9e":"3 minutes"},"schema":{"@context":"https:\/\/schema.org","@graph":[{"@type":"Article","@id":"https:\/\/macite.tg\/?p=15705#article","isPartOf":{"@id":"https:\/\/macite.tg\/?p=15705"},"author":{"name":"Jean Pierre BAWELA","@id":"https:\/\/macite.tg\/#\/schema\/person\/e9f2de7e5dbbe7770a9402c7ce82f5c2"},"headline":"IDEA\u00a0: 120 milliards de Fcfa pour renforcer l&rsquo;approvisionnement en \u00e9nergie \u00e9lectrique au Togo","datePublished":"2024-07-29T13:27:01+00:00","dateModified":"2024-07-29T13:27:04+00:00","mainEntityOfPage":{"@id":"https:\/\/macite.tg\/?p=15705"},"wordCount":582,"commentCount":0,"image":{"@id":"https:\/\/macite.tg\/?p=15705#primaryimage"},"thumbnailUrl":"https:\/\/macite.tg\/wp-content\/uploads\/2024\/07\/image-52.png","articleSection":["ACTUALITE","ENERGIE"],"inLanguage":"fr-FR","potentialAction":[{"@type":"CommentAction","name":"Comment","target":["https:\/\/macite.tg\/?p=15705#respond"]}]},{"@type":"WebPage","@id":"https:\/\/macite.tg\/?p=15705","url":"https:\/\/macite.tg\/?p=15705","name":"IDEA\u00a0: 120 milliards de Fcfa pour renforcer l'approvisionnement en \u00e9nergie \u00e9lectrique au Togo -","isPartOf":{"@id":"https:\/\/macite.tg\/#website"},"primaryImageOfPage":{"@id":"https:\/\/macite.tg\/?p=15705#primaryimage"},"image":{"@id":"https:\/\/macite.tg\/?p=15705#primaryimage"},"thumbnailUrl":"https:\/\/macite.tg\/wp-content\/uploads\/2024\/07\/image-52.png","datePublished":"2024-07-29T13:27:01+00:00","dateModified":"2024-07-29T13:27:04+00:00","author":{"@id":"https:\/\/macite.tg\/#\/schema\/person\/e9f2de7e5dbbe7770a9402c7ce82f5c2"},"breadcrumb":{"@id":"https:\/\/macite.tg\/?p=15705#breadcrumb"},"inLanguage":"fr-FR","potentialAction":[{"@type":"ReadAction","target":["https:\/\/macite.tg\/?p=15705"]}]},{"@type":"ImageObject","inLanguage":"fr-FR","@id":"https:\/\/macite.tg\/?p=15705#primaryimage","url":"https:\/\/macite.tg\/wp-content\/uploads\/2024\/07\/image-52.png","contentUrl":"https:\/\/macite.tg\/wp-content\/uploads\/2024\/07\/image-52.png","width":474,"height":355},{"@type":"BreadcrumbList","@id":"https:\/\/macite.tg\/?p=15705#breadcrumb","itemListElement":[{"@type":"ListItem","position":1,"name":"Accueil","item":"https:\/\/macite.tg\/"},{"@type":"ListItem","position":2,"name":"IDEA\u00a0: 120 milliards de Fcfa pour renforcer l&rsquo;approvisionnement en \u00e9nergie \u00e9lectrique au Togo"}]},{"@type":"WebSite","@id":"https:\/\/macite.tg\/#website","url":"https:\/\/macite.tg\/","name":"","description":"L&#039;information, la bonne!!!","potentialAction":[{"@type":"SearchAction","target":{"@type":"EntryPoint","urlTemplate":"https:\/\/macite.tg\/?s={search_term_string}"},"query-input":{"@type":"PropertyValueSpecification","valueRequired":true,"valueName":"search_term_string"}}],"inLanguage":"fr-FR"},{"@type":"Person","@id":"https:\/\/macite.tg\/#\/schema\/person\/e9f2de7e5dbbe7770a9402c7ce82f5c2","name":"Jean Pierre BAWELA","image":{"@type":"ImageObject","inLanguage":"fr-FR","@id":"https:\/\/macite.tg\/wp-content\/uploads\/2023\/09\/WhatsApp-Image-2023-09-19-at-14.44.41-122x122.jpeg","url":"https:\/\/macite.tg\/wp-content\/uploads\/2023\/09\/WhatsApp-Image-2023-09-19-at-14.44.41-122x122.jpeg","contentUrl":"https:\/\/macite.tg\/wp-content\/uploads\/2023\/09\/WhatsApp-Image-2023-09-19-at-14.44.41-122x122.jpeg","caption":"Jean Pierre BAWELA"},"url":"https:\/\/macite.tg\/?author=2"}]}},"_links":{"self":[{"href":"https:\/\/macite.tg\/index.php?rest_route=\/wp\/v2\/posts\/15705","targetHints":{"allow":["GET"]}}],"collection":[{"href":"https:\/\/macite.tg\/index.php?rest_route=\/wp\/v2\/posts"}],"about":[{"href":"https:\/\/macite.tg\/index.php?rest_route=\/wp\/v2\/types\/post"}],"author":[{"embeddable":true,"href":"https:\/\/macite.tg\/index.php?rest_route=\/wp\/v2\/users\/2"}],"replies":[{"embeddable":true,"href":"https:\/\/macite.tg\/index.php?rest_route=%2Fwp%2Fv2%2Fcomments&post=15705"}],"version-history":[{"count":0,"href":"https:\/\/macite.tg\/index.php?rest_route=\/wp\/v2\/posts\/15705\/revisions"}],"wp:featuredmedia":[{"embeddable":true,"href":"https:\/\/macite.tg\/index.php?rest_route=\/wp\/v2\/media\/15707"}],"wp:attachment":[{"href":"https:\/\/macite.tg\/index.php?rest_route=%2Fwp%2Fv2%2Fmedia&parent=15705"}],"wp:term":[{"taxonomy":"category","embeddable":true,"href":"https:\/\/macite.tg\/index.php?rest_route=%2Fwp%2Fv2%2Fcategories&post=15705"},{"taxonomy":"post_tag","embeddable":true,"href":"https:\/\/macite.tg\/index.php?rest_route=%2Fwp%2Fv2%2Ftags&post=15705"}],"curies":[{"name":"wp","href":"https:\/\/api.w.org\/{rel}","templated":true}]}}