{"id":15691,"date":"2024-07-29T10:32:52","date_gmt":"2024-07-29T10:32:52","guid":{"rendered":"https:\/\/macite.tg\/?p=15691"},"modified":"2024-07-29T10:32:53","modified_gmt":"2024-07-29T10:32:53","slug":"reduction-du-chomage-67-des-diplomes-des-ifad-deja-finances","status":"publish","type":"post","link":"https:\/\/macite.tg\/?p=15691","title":{"rendered":"REDUCTION DU CHOMAGE : 67% des dipl\u00f4m\u00e9s des Ifad d\u00e9j\u00e0 financ\u00e9s"},"content":{"rendered":"\n<p class=\"wp-block-paragraph\"><strong><em>Pour dynamiser son \u00e9conomie et r\u00e9duire le ch\u00f4mage, l\u2019ex\u00e9cutif togolais s\u2019est tourn\u00e9 vers les Instituts de formation en alternance pour le d\u00e9veloppement (Ifad), qui se r\u00e9v\u00e8lent comme un pilier fondamental du d\u00e9veloppement durable. Ces Ifad sont ainsi un maillon strat\u00e9gique, surtout dans les zones o\u00f9 ils sont install\u00e9s.<\/em><\/strong> <\/p>\n\n\n\n<p class=\"wp-block-paragraph\">Les Ifad sont des \u00e9coles qualifiantes et dipl\u00f4mantes qui alliant la th\u00e9orie et la pratique. Ce sont des centres qui proposent \u00e0 la jeunesse une formation professionnelle de qualit\u00e9 et qui est parfaitement adapt\u00e9e aux besoins du march\u00e9 du travail.<\/p>\n\n\n<div class=\"wp-block-image\">\n<figure class=\"aligncenter size-large is-resized\"><img loading=\"lazy\" decoding=\"async\" src=\"https:\/\/macite.tg\/wp-content\/uploads\/2024\/07\/Otr_Obligations-de-declaration-et-paiement-1024x1024.jpg\" alt=\"\" class=\"wp-image-15672\" width=\"414\" height=\"414\" srcset=\"https:\/\/macite.tg\/wp-content\/uploads\/2024\/07\/Otr_Obligations-de-declaration-et-paiement-1024x1024.jpg 1024w, https:\/\/macite.tg\/wp-content\/uploads\/2024\/07\/Otr_Obligations-de-declaration-et-paiement-300x300.jpg 300w, https:\/\/macite.tg\/wp-content\/uploads\/2024\/07\/Otr_Obligations-de-declaration-et-paiement-150x150.jpg 150w, https:\/\/macite.tg\/wp-content\/uploads\/2024\/07\/Otr_Obligations-de-declaration-et-paiement-768x768.jpg 768w, https:\/\/macite.tg\/wp-content\/uploads\/2024\/07\/Otr_Obligations-de-declaration-et-paiement-122x122.jpg 122w, https:\/\/macite.tg\/wp-content\/uploads\/2024\/07\/Otr_Obligations-de-declaration-et-paiement.jpg 1080w\" sizes=\"auto, (max-width: 414px) 100vw, 414px\" \/><\/figure>\n<\/div>\n\n\n<p class=\"wp-block-paragraph\">En mettant l&rsquo;accent sur des secteurs phares comme l&rsquo;\u00e9levage, les b\u00e2timents, etc., les Ifad forment une main-d&rsquo;\u0153uvre qualifi\u00e9e et pr\u00eate \u00e0 relever les d\u00e9fis actuels.<\/p>\n\n\n\n<p class=\"wp-block-paragraph\"><strong>Une nouvelle promotion<\/strong><\/p>\n\n\n\n<p class=\"wp-block-paragraph\">Dans la premi\u00e8re moiti\u00e9 du mois de juillet 2024, la nouvelle vague de recrutement dans les Instituts de formation en alternance pour le d\u00e9veloppement a \u00e9t\u00e9 lanc\u00e9e. Les inscriptions, cens\u00e9es continuer jusqu&rsquo;au 8 ao\u00fbt, concernent les trois (03) \u00e9tablissements d\u00e9j\u00e0 op\u00e9rationnels&nbsp;: celui d\u00e9di\u00e9 \u00e0 l&rsquo;aquaculture \u00e0 \u00c9lavagnon, l&rsquo;Ifad-B\u00e2timent \u00e0 Lom\u00e9 et l&rsquo;Ifad-\u00c9levage sis \u00e0 Barkoissi.<\/p>\n\n\n\n<p class=\"wp-block-paragraph\">Les Togolais \u00e2g\u00e9s de 16 \u00e0 30 ans, titulaires au minimum du Brevet d&rsquo;\u00e9tudes du premier cycle (Bepc), en bonne condition physique et motiv\u00e9s, peuvent postuler.<\/p>\n\n\n<div class=\"wp-block-image\">\n<figure class=\"aligncenter size-full is-resized\"><img loading=\"lazy\" decoding=\"async\" src=\"https:\/\/macite.tg\/wp-content\/uploads\/2024\/07\/IMG-20240313-WA0013-2.jpg\" alt=\"\" class=\"wp-image-15595\" width=\"835\" height=\"206\" srcset=\"https:\/\/macite.tg\/wp-content\/uploads\/2024\/07\/IMG-20240313-WA0013-2.jpg 690w, https:\/\/macite.tg\/wp-content\/uploads\/2024\/07\/IMG-20240313-WA0013-2-300x74.jpg 300w\" sizes=\"auto, (max-width: 835px) 100vw, 835px\" \/><\/figure>\n<\/div>\n\n\n<p class=\"wp-block-paragraph\">Les formations durent trois ans. \u00c0 la fin, le form\u00e9 se voit octroyer un baccalaur\u00e9at professionnel dans une dizaine de fili\u00e8res r\u00e9parties dans les trois domaines. Le co\u00fbt de la formation est de 400.000 francs Cfa l&rsquo;an, il inclut les outils de travail et les fournitures scolaires, avec la possibilit\u00e9 de payer en deux tranches.<\/p>\n\n\n\n<p class=\"wp-block-paragraph\"><strong>Du financement pour les dipl\u00f4m\u00e9s<\/strong><\/p>\n\n\n\n<p class=\"wp-block-paragraph\">Outre la formation des ressources humaines comp\u00e9tentes, conform\u00e9ment aux besoins du monde professionnel, qu&rsquo;assurent les Ifad, ils garantissent \u00e9galement du financement aux jeunes dipl\u00f4m\u00e9s et assidus. Les chiffres divulgu\u00e9s font \u00e9tat de ce que 67 % des apprenants dipl\u00f4m\u00e9s ont \u00e9t\u00e9 financ\u00e9s \u00e0 ce jour.<\/p>\n\n\n\n<p class=\"wp-block-paragraph\">Le premier Ifad-Aquaculture a \u00e9t\u00e9 ouvert en 2020 \u00e0 Elavagnon, d\u00e9di\u00e9 \u00e0 l&rsquo;aquaculture. Il offre aux jeunes des connaissances pratiques en cr\u00e9ation et exploitation de fermes aquacoles. Cet Ifad a certifi\u00e9 sa premi\u00e8re promotion en f\u00e9vrier 2023. Cette promotion est compos\u00e9e de&nbsp;113 jeunes dipl\u00f4m\u00e9s, dont 27 filles.<\/p>\n\n\n<div class=\"wp-block-image\">\n<figure class=\"aligncenter size-full is-resized\"><img loading=\"lazy\" decoding=\"async\" src=\"https:\/\/macite.tg\/wp-content\/uploads\/2024\/07\/430610036_925056442962496_839956534399484435_n.jpg\" alt=\"\" class=\"wp-image-15577\" width=\"510\" height=\"515\" srcset=\"https:\/\/macite.tg\/wp-content\/uploads\/2024\/07\/430610036_925056442962496_839956534399484435_n.jpg 843w, https:\/\/macite.tg\/wp-content\/uploads\/2024\/07\/430610036_925056442962496_839956534399484435_n-296x300.jpg 296w, https:\/\/macite.tg\/wp-content\/uploads\/2024\/07\/430610036_925056442962496_839956534399484435_n-150x150.jpg 150w, https:\/\/macite.tg\/wp-content\/uploads\/2024\/07\/430610036_925056442962496_839956534399484435_n-768x777.jpg 768w, https:\/\/macite.tg\/wp-content\/uploads\/2024\/07\/430610036_925056442962496_839956534399484435_n-122x122.jpg 122w\" sizes=\"auto, (max-width: 510px) 100vw, 510px\" \/><\/figure>\n<\/div>\n\n\n<p class=\"wp-block-paragraph\">Un quatri\u00e8me Ifad, d\u00e9di\u00e9 aux&nbsp;\u00e9nergies renouvelables,&nbsp;est \u00e0 Adidogom\u00e9. On annonce son op\u00e9rationnalisation imminente. Puis, un cinqui\u00e8me consacr\u00e9 \u00e0 l&rsquo;\u00e9levage \u00e0 Av\u00e9tonou est \u00e9voqu\u00e9. L&rsquo;ambition du Chef de l&rsquo;\u00c9tat, Faure Gnassingb\u00e9, initiateur dudit projet, est de cr\u00e9er, \u00e0 terme, une dizaine d&rsquo;Ifad sur le territoire.<\/p>\n\n\n\n<p class=\"wp-block-paragraph\"><strong>Samir<\/strong><\/p>\n\n\n\n<p class=\"wp-block-paragraph\"><a><strong><em>@macite.tg&nbsp;&nbsp;&nbsp;&nbsp;&nbsp;&nbsp;&nbsp;&nbsp;<\/em><\/strong><\/a><\/p>\n\n\n\n<p class=\"wp-block-paragraph\"><strong><em>E-mail&nbsp;: <\/em><\/strong><a href=\"mailto:maciteinfo@gmail.com\"><strong><em>maciteinfo@gmail.com<\/em><\/strong><\/a><strong><em>; <\/em><\/strong><a href=\"mailto:bawela1@gmail.com\"><strong><em>bawela1@gmail.com<\/em><\/strong><\/a><strong><em><\/em><\/strong><\/p>\n\n\n\n<p class=\"wp-block-paragraph\"><strong><em>Pour vos annonces, (publi)reportages, etc., joignez-nous au (00228)91515309\/<strong>79872224 <\/strong>www.macite.tg, L\u2019information, la bonne&nbsp;!<\/em><\/strong><\/p>\n","protected":false},"excerpt":{"rendered":"<p class=\"text-justify mb-2\" >Pour dynamiser son \u00e9conomie et r\u00e9duire le ch\u00f4mage, l\u2019ex\u00e9cutif togolais s\u2019est tourn\u00e9 vers les Instituts de formation en alternance pour le d\u00e9veloppement (Ifad), qui se r\u00e9v\u00e8lent comme un pilier fondamental du d\u00e9veloppement durable. Ces Ifad sont ainsi un maillon strat\u00e9gique, surtout dans les zones o\u00f9 [&hellip;]<\/p>\n","protected":false},"author":2,"featured_media":15694,"comment_status":"open","ping_status":"open","sticky":false,"template":"","format":"standard","meta":{"footnotes":""},"categories":[20,43],"tags":[],"class_list":["post-15691","post","type-post","status-publish","format-standard","has-post-thumbnail","hentry","category-actualite","category-emploi"],"yoast_head":"<!-- This site is optimized with the Yoast SEO plugin v28.4 - https:\/\/yoast.com\/product\/yoast-seo-wordpress\/ -->\n<title>REDUCTION DU CHOMAGE : 67% des dipl\u00f4m\u00e9s des Ifad d\u00e9j\u00e0 financ\u00e9s -<\/title>\n<meta name=\"robots\" content=\"index, follow, max-snippet:-1, max-image-preview:large, max-video-preview:-1\" \/>\n<link rel=\"canonical\" href=\"https:\/\/macite.tg\/?p=15691\" \/>\n<meta property=\"og:locale\" content=\"fr_FR\" \/>\n<meta property=\"og:type\" content=\"article\" \/>\n<meta property=\"og:title\" content=\"REDUCTION DU CHOMAGE : 67% des dipl\u00f4m\u00e9s des Ifad d\u00e9j\u00e0 financ\u00e9s -\" \/>\n<meta property=\"og:description\" content=\"Pour dynamiser son \u00e9conomie et r\u00e9duire le ch\u00f4mage, l\u2019ex\u00e9cutif togolais s\u2019est tourn\u00e9 vers les Instituts de formation en alternance pour le d\u00e9veloppement (Ifad), qui se r\u00e9v\u00e8lent comme un pilier fondamental du d\u00e9veloppement durable. Ces Ifad sont ainsi un maillon strat\u00e9gique, surtout dans les zones o\u00f9 [&hellip;]\" \/>\n<meta property=\"og:url\" content=\"https:\/\/macite.tg\/?p=15691\" \/>\n<meta property=\"article:published_time\" content=\"2024-07-29T10:32:52+00:00\" \/>\n<meta property=\"article:modified_time\" content=\"2024-07-29T10:32:53+00:00\" \/>\n<meta property=\"og:image\" content=\"https:\/\/macite.tg\/wp-content\/uploads\/2024\/07\/image-50.png\" \/>\n\t<meta property=\"og:image:width\" content=\"418\" \/>\n\t<meta property=\"og:image:height\" content=\"279\" \/>\n\t<meta property=\"og:image:type\" content=\"image\/png\" \/>\n<meta name=\"author\" content=\"Jean Pierre BAWELA\" \/>\n<meta name=\"twitter:card\" content=\"summary_large_image\" \/>\n<meta name=\"twitter:label1\" content=\"\u00c9crit par\" \/>\n\t<meta name=\"twitter:data1\" content=\"Jean Pierre BAWELA\" \/>\n\t<meta name=\"twitter:label2\" content=\"Dur\u00e9e de lecture estim\u00e9e\" \/>\n\t<meta name=\"twitter:data2\" content=\"2 minutes\" \/>\n<script type=\"application\/ld+json\" class=\"yoast-schema-graph\">{\"@context\":\"https:\\\/\\\/schema.org\",\"@graph\":[{\"@type\":\"Article\",\"@id\":\"https:\\\/\\\/macite.tg\\\/?p=15691#article\",\"isPartOf\":{\"@id\":\"https:\\\/\\\/macite.tg\\\/?p=15691\"},\"author\":{\"name\":\"Jean Pierre BAWELA\",\"@id\":\"https:\\\/\\\/macite.tg\\\/#\\\/schema\\\/person\\\/e9f2de7e5dbbe7770a9402c7ce82f5c2\"},\"headline\":\"REDUCTION DU CHOMAGE : 67% des dipl\u00f4m\u00e9s des Ifad d\u00e9j\u00e0 financ\u00e9s\",\"datePublished\":\"2024-07-29T10:32:52+00:00\",\"dateModified\":\"2024-07-29T10:32:53+00:00\",\"mainEntityOfPage\":{\"@id\":\"https:\\\/\\\/macite.tg\\\/?p=15691\"},\"wordCount\":493,\"commentCount\":0,\"image\":{\"@id\":\"https:\\\/\\\/macite.tg\\\/?p=15691#primaryimage\"},\"thumbnailUrl\":\"https:\\\/\\\/macite.tg\\\/wp-content\\\/uploads\\\/2024\\\/07\\\/image-50.png\",\"articleSection\":[\"ACTUALITE\",\"EMPLOI\"],\"inLanguage\":\"fr-FR\",\"potentialAction\":[{\"@type\":\"CommentAction\",\"name\":\"Comment\",\"target\":[\"https:\\\/\\\/macite.tg\\\/?p=15691#respond\"]}]},{\"@type\":\"WebPage\",\"@id\":\"https:\\\/\\\/macite.tg\\\/?p=15691\",\"url\":\"https:\\\/\\\/macite.tg\\\/?p=15691\",\"name\":\"REDUCTION DU CHOMAGE : 67% des dipl\u00f4m\u00e9s des Ifad d\u00e9j\u00e0 financ\u00e9s -\",\"isPartOf\":{\"@id\":\"https:\\\/\\\/macite.tg\\\/#website\"},\"primaryImageOfPage\":{\"@id\":\"https:\\\/\\\/macite.tg\\\/?p=15691#primaryimage\"},\"image\":{\"@id\":\"https:\\\/\\\/macite.tg\\\/?p=15691#primaryimage\"},\"thumbnailUrl\":\"https:\\\/\\\/macite.tg\\\/wp-content\\\/uploads\\\/2024\\\/07\\\/image-50.png\",\"datePublished\":\"2024-07-29T10:32:52+00:00\",\"dateModified\":\"2024-07-29T10:32:53+00:00\",\"author\":{\"@id\":\"https:\\\/\\\/macite.tg\\\/#\\\/schema\\\/person\\\/e9f2de7e5dbbe7770a9402c7ce82f5c2\"},\"breadcrumb\":{\"@id\":\"https:\\\/\\\/macite.tg\\\/?p=15691#breadcrumb\"},\"inLanguage\":\"fr-FR\",\"potentialAction\":[{\"@type\":\"ReadAction\",\"target\":[\"https:\\\/\\\/macite.tg\\\/?p=15691\"]}]},{\"@type\":\"ImageObject\",\"inLanguage\":\"fr-FR\",\"@id\":\"https:\\\/\\\/macite.tg\\\/?p=15691#primaryimage\",\"url\":\"https:\\\/\\\/macite.tg\\\/wp-content\\\/uploads\\\/2024\\\/07\\\/image-50.png\",\"contentUrl\":\"https:\\\/\\\/macite.tg\\\/wp-content\\\/uploads\\\/2024\\\/07\\\/image-50.png\",\"width\":418,\"height\":279,\"caption\":\"Une dipl\u00f4m\u00e9e de l'Ifad f\u00e9licit\u00e9e par le Chef de l'Etat, Faure Gnassingb\u00e9.\"},{\"@type\":\"BreadcrumbList\",\"@id\":\"https:\\\/\\\/macite.tg\\\/?p=15691#breadcrumb\",\"itemListElement\":[{\"@type\":\"ListItem\",\"position\":1,\"name\":\"Accueil\",\"item\":\"https:\\\/\\\/macite.tg\\\/\"},{\"@type\":\"ListItem\",\"position\":2,\"name\":\"REDUCTION DU CHOMAGE : 67% des dipl\u00f4m\u00e9s des Ifad d\u00e9j\u00e0 financ\u00e9s\"}]},{\"@type\":\"WebSite\",\"@id\":\"https:\\\/\\\/macite.tg\\\/#website\",\"url\":\"https:\\\/\\\/macite.tg\\\/\",\"name\":\"\",\"description\":\"L&#039;information, la bonne!!!\",\"potentialAction\":[{\"@type\":\"SearchAction\",\"target\":{\"@type\":\"EntryPoint\",\"urlTemplate\":\"https:\\\/\\\/macite.tg\\\/?s={search_term_string}\"},\"query-input\":{\"@type\":\"PropertyValueSpecification\",\"valueRequired\":true,\"valueName\":\"search_term_string\"}}],\"inLanguage\":\"fr-FR\"},{\"@type\":\"Person\",\"@id\":\"https:\\\/\\\/macite.tg\\\/#\\\/schema\\\/person\\\/e9f2de7e5dbbe7770a9402c7ce82f5c2\",\"name\":\"Jean Pierre BAWELA\",\"image\":{\"@type\":\"ImageObject\",\"inLanguage\":\"fr-FR\",\"@id\":\"https:\\\/\\\/macite.tg\\\/wp-content\\\/uploads\\\/2023\\\/09\\\/WhatsApp-Image-2023-09-19-at-14.44.41-122x122.jpeg\",\"url\":\"https:\\\/\\\/macite.tg\\\/wp-content\\\/uploads\\\/2023\\\/09\\\/WhatsApp-Image-2023-09-19-at-14.44.41-122x122.jpeg\",\"contentUrl\":\"https:\\\/\\\/macite.tg\\\/wp-content\\\/uploads\\\/2023\\\/09\\\/WhatsApp-Image-2023-09-19-at-14.44.41-122x122.jpeg\",\"caption\":\"Jean Pierre BAWELA\"},\"url\":\"https:\\\/\\\/macite.tg\\\/?author=2\"}]}<\/script>\n<!-- \/ Yoast SEO plugin. -->","yoast_head_json":{"title":"REDUCTION DU CHOMAGE : 67% des dipl\u00f4m\u00e9s des Ifad d\u00e9j\u00e0 financ\u00e9s -","robots":{"index":"index","follow":"follow","max-snippet":"max-snippet:-1","max-image-preview":"max-image-preview:large","max-video-preview":"max-video-preview:-1"},"canonical":"https:\/\/macite.tg\/?p=15691","og_locale":"fr_FR","og_type":"article","og_title":"REDUCTION DU CHOMAGE : 67% des dipl\u00f4m\u00e9s des Ifad d\u00e9j\u00e0 financ\u00e9s -","og_description":"Pour dynamiser son \u00e9conomie et r\u00e9duire le ch\u00f4mage, l\u2019ex\u00e9cutif togolais s\u2019est tourn\u00e9 vers les Instituts de formation en alternance pour le d\u00e9veloppement (Ifad), qui se r\u00e9v\u00e8lent comme un pilier fondamental du d\u00e9veloppement durable. Ces Ifad sont ainsi un maillon strat\u00e9gique, surtout dans les zones o\u00f9 [&hellip;]","og_url":"https:\/\/macite.tg\/?p=15691","article_published_time":"2024-07-29T10:32:52+00:00","article_modified_time":"2024-07-29T10:32:53+00:00","og_image":[{"width":418,"height":279,"url":"https:\/\/macite.tg\/wp-content\/uploads\/2024\/07\/image-50.png","type":"image\/png"}],"author":"Jean Pierre BAWELA","twitter_card":"summary_large_image","twitter_misc":{"\u00c9crit par":"Jean Pierre BAWELA","Dur\u00e9e de lecture estim\u00e9e":"2 minutes"},"schema":{"@context":"https:\/\/schema.org","@graph":[{"@type":"Article","@id":"https:\/\/macite.tg\/?p=15691#article","isPartOf":{"@id":"https:\/\/macite.tg\/?p=15691"},"author":{"name":"Jean Pierre BAWELA","@id":"https:\/\/macite.tg\/#\/schema\/person\/e9f2de7e5dbbe7770a9402c7ce82f5c2"},"headline":"REDUCTION DU CHOMAGE : 67% des dipl\u00f4m\u00e9s des Ifad d\u00e9j\u00e0 financ\u00e9s","datePublished":"2024-07-29T10:32:52+00:00","dateModified":"2024-07-29T10:32:53+00:00","mainEntityOfPage":{"@id":"https:\/\/macite.tg\/?p=15691"},"wordCount":493,"commentCount":0,"image":{"@id":"https:\/\/macite.tg\/?p=15691#primaryimage"},"thumbnailUrl":"https:\/\/macite.tg\/wp-content\/uploads\/2024\/07\/image-50.png","articleSection":["ACTUALITE","EMPLOI"],"inLanguage":"fr-FR","potentialAction":[{"@type":"CommentAction","name":"Comment","target":["https:\/\/macite.tg\/?p=15691#respond"]}]},{"@type":"WebPage","@id":"https:\/\/macite.tg\/?p=15691","url":"https:\/\/macite.tg\/?p=15691","name":"REDUCTION DU CHOMAGE : 67% des dipl\u00f4m\u00e9s des Ifad d\u00e9j\u00e0 financ\u00e9s -","isPartOf":{"@id":"https:\/\/macite.tg\/#website"},"primaryImageOfPage":{"@id":"https:\/\/macite.tg\/?p=15691#primaryimage"},"image":{"@id":"https:\/\/macite.tg\/?p=15691#primaryimage"},"thumbnailUrl":"https:\/\/macite.tg\/wp-content\/uploads\/2024\/07\/image-50.png","datePublished":"2024-07-29T10:32:52+00:00","dateModified":"2024-07-29T10:32:53+00:00","author":{"@id":"https:\/\/macite.tg\/#\/schema\/person\/e9f2de7e5dbbe7770a9402c7ce82f5c2"},"breadcrumb":{"@id":"https:\/\/macite.tg\/?p=15691#breadcrumb"},"inLanguage":"fr-FR","potentialAction":[{"@type":"ReadAction","target":["https:\/\/macite.tg\/?p=15691"]}]},{"@type":"ImageObject","inLanguage":"fr-FR","@id":"https:\/\/macite.tg\/?p=15691#primaryimage","url":"https:\/\/macite.tg\/wp-content\/uploads\/2024\/07\/image-50.png","contentUrl":"https:\/\/macite.tg\/wp-content\/uploads\/2024\/07\/image-50.png","width":418,"height":279,"caption":"Une dipl\u00f4m\u00e9e de l'Ifad f\u00e9licit\u00e9e par le Chef de l'Etat, Faure Gnassingb\u00e9."},{"@type":"BreadcrumbList","@id":"https:\/\/macite.tg\/?p=15691#breadcrumb","itemListElement":[{"@type":"ListItem","position":1,"name":"Accueil","item":"https:\/\/macite.tg\/"},{"@type":"ListItem","position":2,"name":"REDUCTION DU CHOMAGE : 67% des dipl\u00f4m\u00e9s des Ifad d\u00e9j\u00e0 financ\u00e9s"}]},{"@type":"WebSite","@id":"https:\/\/macite.tg\/#website","url":"https:\/\/macite.tg\/","name":"","description":"L&#039;information, la bonne!!!","potentialAction":[{"@type":"SearchAction","target":{"@type":"EntryPoint","urlTemplate":"https:\/\/macite.tg\/?s={search_term_string}"},"query-input":{"@type":"PropertyValueSpecification","valueRequired":true,"valueName":"search_term_string"}}],"inLanguage":"fr-FR"},{"@type":"Person","@id":"https:\/\/macite.tg\/#\/schema\/person\/e9f2de7e5dbbe7770a9402c7ce82f5c2","name":"Jean Pierre BAWELA","image":{"@type":"ImageObject","inLanguage":"fr-FR","@id":"https:\/\/macite.tg\/wp-content\/uploads\/2023\/09\/WhatsApp-Image-2023-09-19-at-14.44.41-122x122.jpeg","url":"https:\/\/macite.tg\/wp-content\/uploads\/2023\/09\/WhatsApp-Image-2023-09-19-at-14.44.41-122x122.jpeg","contentUrl":"https:\/\/macite.tg\/wp-content\/uploads\/2023\/09\/WhatsApp-Image-2023-09-19-at-14.44.41-122x122.jpeg","caption":"Jean Pierre BAWELA"},"url":"https:\/\/macite.tg\/?author=2"}]}},"_links":{"self":[{"href":"https:\/\/macite.tg\/index.php?rest_route=\/wp\/v2\/posts\/15691","targetHints":{"allow":["GET"]}}],"collection":[{"href":"https:\/\/macite.tg\/index.php?rest_route=\/wp\/v2\/posts"}],"about":[{"href":"https:\/\/macite.tg\/index.php?rest_route=\/wp\/v2\/types\/post"}],"author":[{"embeddable":true,"href":"https:\/\/macite.tg\/index.php?rest_route=\/wp\/v2\/users\/2"}],"replies":[{"embeddable":true,"href":"https:\/\/macite.tg\/index.php?rest_route=%2Fwp%2Fv2%2Fcomments&post=15691"}],"version-history":[{"count":0,"href":"https:\/\/macite.tg\/index.php?rest_route=\/wp\/v2\/posts\/15691\/revisions"}],"wp:featuredmedia":[{"embeddable":true,"href":"https:\/\/macite.tg\/index.php?rest_route=\/wp\/v2\/media\/15694"}],"wp:attachment":[{"href":"https:\/\/macite.tg\/index.php?rest_route=%2Fwp%2Fv2%2Fmedia&parent=15691"}],"wp:term":[{"taxonomy":"category","embeddable":true,"href":"https:\/\/macite.tg\/index.php?rest_route=%2Fwp%2Fv2%2Fcategories&post=15691"},{"taxonomy":"post_tag","embeddable":true,"href":"https:\/\/macite.tg\/index.php?rest_route=%2Fwp%2Fv2%2Ftags&post=15691"}],"curies":[{"name":"wp","href":"https:\/\/api.w.org\/{rel}","templated":true}]}}