{"id":15686,"date":"2024-07-26T16:52:44","date_gmt":"2024-07-26T16:52:44","guid":{"rendered":"https:\/\/macite.tg\/?p=15686"},"modified":"2024-07-26T16:53:41","modified_gmt":"2024-07-26T16:53:41","slug":"grand-marche-de-lome-ou-en-est-on-avec-les-travaux-de-reconstruction","status":"publish","type":"post","link":"https:\/\/macite.tg\/?p=15686","title":{"rendered":"GRAND MARCHE DE LOME : O\u00f9 en est-on avec les travaux de reconstruction\u00a0?"},"content":{"rendered":"\n<p class=\"wp-block-paragraph\"><strong><em>Les travaux de reconstruction du b\u00e2timent principal du Grand march\u00e9 de Lom\u00e9, p\u00f4le \u00e9conomique r\u00e9put\u00e9 malheureusement ravag\u00e9 par des flammes il y a plus de dix ans, se poursuivent. D\u2019ailleurs, la phase des gros \u0153uvres est totalement achev\u00e9e, rassure Sara Consult, l\u2019entreprise charg\u00e9e de contr\u00f4le.<\/em><\/strong><\/p>\n\n\n\n<p class=\"wp-block-paragraph\">En effet, hier jeudi 25 juillet, une d\u00e9l\u00e9gation parlementaire a effectu\u00e9 une visite de terrain pour s\u2019en qu\u00e9rir de l\u2019\u00e9volution des travaux de r\u00e9habilitation de cette grande tour commerciale du pays.<\/p>\n\n\n<div class=\"wp-block-image\">\n<figure class=\"aligncenter size-full is-resized\"><img loading=\"lazy\" decoding=\"async\" src=\"https:\/\/macite.tg\/wp-content\/uploads\/2024\/07\/IMG-20240313-WA0013-2.jpg\" alt=\"\" class=\"wp-image-15595\" width=\"844\" height=\"208\" srcset=\"https:\/\/macite.tg\/wp-content\/uploads\/2024\/07\/IMG-20240313-WA0013-2.jpg 690w, https:\/\/macite.tg\/wp-content\/uploads\/2024\/07\/IMG-20240313-WA0013-2-300x74.jpg 300w\" sizes=\"auto, (max-width: 844px) 100vw, 844px\" \/><\/figure>\n<\/div>\n\n\n<p class=\"wp-block-paragraph\">Conduite par le pr\u00e9sident de l\u2019Assembl\u00e9e nationale, Kodjo Ad\u00e9dz\u00e9, la d\u00e9l\u00e9gation est all\u00e9e toucher du doigt les r\u00e9alit\u00e9s sur le chantier de reconstruction du grand march\u00e9 de Lom\u00e9 qui ont \u00e9t\u00e9 relanc\u00e9s depuis deux ans d\u00e9j\u00e0, apr\u00e8s avoir connu un arr\u00eat en raison de la crise sanitaire li\u00e9e \u00e0 la pand\u00e9mie au coronavirus.<\/p>\n\n\n\n<p class=\"wp-block-paragraph\">Selon les responsables de l\u2019entreprise en charge des travaux, le nouveau b\u00e2timent qui aura une surface de 21.000 m2 sur cinq (05) niveaux, sera de type commercial moderne \u00e0 plusieurs niveaux, abritant des boutiques, kiosques, \u00e9tals, espaces pour grossistes ainsi qu\u2019un restaurant et un espace pour les \u00e9v\u00e8nements.<\/p>\n\n\n\n<p class=\"wp-block-paragraph\">Sur le terrain, la d\u00e9l\u00e9gation a pu constater que <em>\u00ab&nbsp;les<\/em> <em>travaux de protection incendie et les r\u00e9servations sont aussi achev\u00e9s. Il reste les \u00e9quipements terminaux. Les b\u00e2ches \u00e0 eau, l\u2019\u00e9lectricit\u00e9, l\u2019approvisionnement des ascenseurs sont aussi d\u00e9j\u00e0 faits. Le transformateur \u00e9lectrique est \u00e9galement approvisionn\u00e9&nbsp;\u00bb, <\/em>comme l\u2019a expliqu\u00e9 les responsables de l\u2019entreprise Sara Consult, responsable du contr\u00f4le.<\/p>\n\n\n<div class=\"wp-block-image\">\n<figure class=\"aligncenter size-full is-resized\"><img loading=\"lazy\" decoding=\"async\" src=\"https:\/\/macite.tg\/wp-content\/uploads\/2024\/07\/OTR_Fisc-Quiz_du-22-au-28-juillet-2024.jpg\" alt=\"\" class=\"wp-image-15670\" width=\"452\" height=\"452\" srcset=\"https:\/\/macite.tg\/wp-content\/uploads\/2024\/07\/OTR_Fisc-Quiz_du-22-au-28-juillet-2024.jpg 526w, https:\/\/macite.tg\/wp-content\/uploads\/2024\/07\/OTR_Fisc-Quiz_du-22-au-28-juillet-2024-300x300.jpg 300w, https:\/\/macite.tg\/wp-content\/uploads\/2024\/07\/OTR_Fisc-Quiz_du-22-au-28-juillet-2024-150x150.jpg 150w, https:\/\/macite.tg\/wp-content\/uploads\/2024\/07\/OTR_Fisc-Quiz_du-22-au-28-juillet-2024-122x122.jpg 122w\" sizes=\"auto, (max-width: 452px) 100vw, 452px\" \/><\/figure>\n<\/div>\n\n\n<p class=\"wp-block-paragraph\">A ce jour, \u00ab&nbsp;<em>des travaux additionnels ont \u00e9t\u00e9 faits en concertation avec&nbsp;l\u2019Etablissement public autonome pour l&rsquo;exploitation des march\u00e9s<\/em>&nbsp;<em>(Epam), le ma\u00eetre d\u2019ouvrage, et les b\u00e9n\u00e9ficiaires. Il reste les travaux des portes, d\u2019\u00e9lectricit\u00e9, les appareillages de protection incendie, le compl\u00e9ment des pompes, la toile sous forme de parasol qui va servir de toit, et d\u2019autres \u00e9l\u00e9ments \u00e0 valider avec le ma\u00eetre d\u2019ouvrage&nbsp;\u00bb, <\/em>note-t-on.<\/p>\n\n\n\n<p class=\"wp-block-paragraph\">Selon la d\u00e9put\u00e9e Ibrahima M\u00e9mounatou, membre de la d\u00e9l\u00e9gation, l\u2019objectif \u00e9tait <em>\u00ab&nbsp;d\u2019\u00e9couter les responsables de l\u2019entreprise en charge des travaux&nbsp;\u00bb, et \u00ab&nbsp;s\u2019assurer que tous les aspects ont \u00e9t\u00e9 pris en compte car la nouvelle dynamique nous impose d\u2019\u00eatre plus pr\u00e8s du peuple&nbsp;\u00bb.<\/em><\/p>\n\n\n<div class=\"wp-block-image\">\n<figure class=\"aligncenter size-large is-resized\"><img loading=\"lazy\" decoding=\"async\" src=\"https:\/\/macite.tg\/wp-content\/uploads\/2024\/07\/Otr_Obligations-de-declaration-et-paiement-1024x1024.jpg\" alt=\"\" class=\"wp-image-15672\" width=\"459\" height=\"459\" srcset=\"https:\/\/macite.tg\/wp-content\/uploads\/2024\/07\/Otr_Obligations-de-declaration-et-paiement-1024x1024.jpg 1024w, https:\/\/macite.tg\/wp-content\/uploads\/2024\/07\/Otr_Obligations-de-declaration-et-paiement-300x300.jpg 300w, https:\/\/macite.tg\/wp-content\/uploads\/2024\/07\/Otr_Obligations-de-declaration-et-paiement-150x150.jpg 150w, https:\/\/macite.tg\/wp-content\/uploads\/2024\/07\/Otr_Obligations-de-declaration-et-paiement-768x768.jpg 768w, https:\/\/macite.tg\/wp-content\/uploads\/2024\/07\/Otr_Obligations-de-declaration-et-paiement-122x122.jpg 122w, https:\/\/macite.tg\/wp-content\/uploads\/2024\/07\/Otr_Obligations-de-declaration-et-paiement.jpg 1080w\" sizes=\"auto, (max-width: 459px) 100vw, 459px\" \/><\/figure>\n<\/div>\n\n\n<p class=\"wp-block-paragraph\">Elle a, ensuite, exhort\u00e9 les commer\u00e7antes \u00e0 la patience pour, enfin joui de ce joyau. \u00ab&nbsp;<em>\u00c0 l\u2019endroit de nos s\u0153urs et mamans du Grand march\u00e9, nous leur disons de rester confiantes car nous les repr\u00e9sentons \u00e0 l\u2019Assembl\u00e9e nationale et nous ferons tout pour suivre les travaux jusqu\u2019\u00e0 leur terme afin de leur permettre de jouir de ce joyau dans les plus brefs d\u00e9lais&nbsp;\u00bb, <\/em>a-t-elle indiqu\u00e9<em>.<\/em><\/p>\n\n\n\n<p class=\"wp-block-paragraph\"><strong>JPB<\/strong><\/p>\n\n\n\n<p class=\"wp-block-paragraph\"><a><strong><em>@macite.tg&nbsp;&nbsp;&nbsp;&nbsp;&nbsp;&nbsp;&nbsp;&nbsp;<\/em><\/strong><\/a><\/p>\n\n\n\n<p class=\"wp-block-paragraph\"><strong><em>E-mail&nbsp;: <\/em><\/strong><a href=\"mailto:maciteinfo@gmail.com\"><strong><em>maciteinfo@gmail.com<\/em><\/strong><\/a><strong><em>; <\/em><\/strong><a href=\"mailto:bawela1@gmail.com\"><strong><em>bawela1@gmail.com<\/em><\/strong><\/a><strong><em><\/em><\/strong><\/p>\n\n\n\n<p class=\"wp-block-paragraph\"><strong><em>Pour vos annonces, (publi)reportages, etc., joignez-nous au (00228)91515309\/<strong>79872224 <\/strong>www.macite.tg, L\u2019information, la bonne&nbsp;!<\/em><\/strong><\/p>\n","protected":false},"excerpt":{"rendered":"<p class=\"text-justify mb-2\" >Les travaux de reconstruction du b\u00e2timent principal du Grand march\u00e9 de Lom\u00e9, p\u00f4le \u00e9conomique r\u00e9put\u00e9 malheureusement ravag\u00e9 par des flammes il y a plus de dix ans, se poursuivent. D\u2019ailleurs, la phase des gros \u0153uvres est totalement achev\u00e9e, rassure Sara Consult, l\u2019entreprise charg\u00e9e de contr\u00f4le. [&hellip;]<\/p>\n","protected":false},"author":2,"featured_media":15687,"comment_status":"open","ping_status":"open","sticky":false,"template":"","format":"standard","meta":{"footnotes":""},"categories":[20,3],"tags":[],"class_list":["post-15686","post","type-post","status-publish","format-standard","has-post-thumbnail","hentry","category-actualite","category-economie"],"yoast_head":"<!-- This site is optimized with the Yoast SEO plugin v28.4 - https:\/\/yoast.com\/product\/yoast-seo-wordpress\/ -->\n<title>GRAND MARCHE DE LOME : O\u00f9 en est-on avec les travaux de reconstruction\u00a0? -<\/title>\n<meta name=\"robots\" content=\"index, follow, max-snippet:-1, max-image-preview:large, max-video-preview:-1\" \/>\n<link rel=\"canonical\" href=\"https:\/\/macite.tg\/?p=15686\" \/>\n<meta property=\"og:locale\" content=\"fr_FR\" \/>\n<meta property=\"og:type\" content=\"article\" \/>\n<meta property=\"og:title\" content=\"GRAND MARCHE DE LOME : O\u00f9 en est-on avec les travaux de reconstruction\u00a0? -\" \/>\n<meta property=\"og:description\" content=\"Les travaux de reconstruction du b\u00e2timent principal du Grand march\u00e9 de Lom\u00e9, p\u00f4le \u00e9conomique r\u00e9put\u00e9 malheureusement ravag\u00e9 par des flammes il y a plus de dix ans, se poursuivent. D\u2019ailleurs, la phase des gros \u0153uvres est totalement achev\u00e9e, rassure Sara Consult, l\u2019entreprise charg\u00e9e de contr\u00f4le. [&hellip;]\" \/>\n<meta property=\"og:url\" content=\"https:\/\/macite.tg\/?p=15686\" \/>\n<meta property=\"article:published_time\" content=\"2024-07-26T16:52:44+00:00\" \/>\n<meta property=\"article:modified_time\" content=\"2024-07-26T16:53:41+00:00\" \/>\n<meta property=\"og:image\" content=\"https:\/\/macite.tg\/wp-content\/uploads\/2024\/07\/Grand-marche.jpg\" \/>\n\t<meta property=\"og:image:width\" content=\"500\" \/>\n\t<meta property=\"og:image:height\" content=\"251\" \/>\n\t<meta property=\"og:image:type\" content=\"image\/jpeg\" \/>\n<meta name=\"author\" content=\"Jean Pierre BAWELA\" \/>\n<meta name=\"twitter:card\" content=\"summary_large_image\" \/>\n<meta name=\"twitter:label1\" content=\"\u00c9crit par\" \/>\n\t<meta name=\"twitter:data1\" content=\"Jean Pierre BAWELA\" \/>\n\t<meta name=\"twitter:label2\" content=\"Dur\u00e9e de lecture estim\u00e9e\" \/>\n\t<meta name=\"twitter:data2\" content=\"3 minutes\" \/>\n<script type=\"application\/ld+json\" class=\"yoast-schema-graph\">{\"@context\":\"https:\\\/\\\/schema.org\",\"@graph\":[{\"@type\":\"Article\",\"@id\":\"https:\\\/\\\/macite.tg\\\/?p=15686#article\",\"isPartOf\":{\"@id\":\"https:\\\/\\\/macite.tg\\\/?p=15686\"},\"author\":{\"name\":\"Jean Pierre BAWELA\",\"@id\":\"https:\\\/\\\/macite.tg\\\/#\\\/schema\\\/person\\\/e9f2de7e5dbbe7770a9402c7ce82f5c2\"},\"headline\":\"GRAND MARCHE DE LOME : O\u00f9 en est-on avec les travaux de reconstruction\u00a0?\",\"datePublished\":\"2024-07-26T16:52:44+00:00\",\"dateModified\":\"2024-07-26T16:53:41+00:00\",\"mainEntityOfPage\":{\"@id\":\"https:\\\/\\\/macite.tg\\\/?p=15686\"},\"wordCount\":526,\"commentCount\":0,\"image\":{\"@id\":\"https:\\\/\\\/macite.tg\\\/?p=15686#primaryimage\"},\"thumbnailUrl\":\"https:\\\/\\\/macite.tg\\\/wp-content\\\/uploads\\\/2024\\\/07\\\/Grand-marche.jpg\",\"articleSection\":[\"ACTUALITE\",\"ECONOMIE\"],\"inLanguage\":\"fr-FR\",\"potentialAction\":[{\"@type\":\"CommentAction\",\"name\":\"Comment\",\"target\":[\"https:\\\/\\\/macite.tg\\\/?p=15686#respond\"]}]},{\"@type\":\"WebPage\",\"@id\":\"https:\\\/\\\/macite.tg\\\/?p=15686\",\"url\":\"https:\\\/\\\/macite.tg\\\/?p=15686\",\"name\":\"GRAND MARCHE DE LOME : O\u00f9 en est-on avec les travaux de reconstruction\u00a0? -\",\"isPartOf\":{\"@id\":\"https:\\\/\\\/macite.tg\\\/#website\"},\"primaryImageOfPage\":{\"@id\":\"https:\\\/\\\/macite.tg\\\/?p=15686#primaryimage\"},\"image\":{\"@id\":\"https:\\\/\\\/macite.tg\\\/?p=15686#primaryimage\"},\"thumbnailUrl\":\"https:\\\/\\\/macite.tg\\\/wp-content\\\/uploads\\\/2024\\\/07\\\/Grand-marche.jpg\",\"datePublished\":\"2024-07-26T16:52:44+00:00\",\"dateModified\":\"2024-07-26T16:53:41+00:00\",\"author\":{\"@id\":\"https:\\\/\\\/macite.tg\\\/#\\\/schema\\\/person\\\/e9f2de7e5dbbe7770a9402c7ce82f5c2\"},\"breadcrumb\":{\"@id\":\"https:\\\/\\\/macite.tg\\\/?p=15686#breadcrumb\"},\"inLanguage\":\"fr-FR\",\"potentialAction\":[{\"@type\":\"ReadAction\",\"target\":[\"https:\\\/\\\/macite.tg\\\/?p=15686\"]}]},{\"@type\":\"ImageObject\",\"inLanguage\":\"fr-FR\",\"@id\":\"https:\\\/\\\/macite.tg\\\/?p=15686#primaryimage\",\"url\":\"https:\\\/\\\/macite.tg\\\/wp-content\\\/uploads\\\/2024\\\/07\\\/Grand-marche.jpg\",\"contentUrl\":\"https:\\\/\\\/macite.tg\\\/wp-content\\\/uploads\\\/2024\\\/07\\\/Grand-marche.jpg\",\"width\":500,\"height\":251},{\"@type\":\"BreadcrumbList\",\"@id\":\"https:\\\/\\\/macite.tg\\\/?p=15686#breadcrumb\",\"itemListElement\":[{\"@type\":\"ListItem\",\"position\":1,\"name\":\"Accueil\",\"item\":\"https:\\\/\\\/macite.tg\\\/\"},{\"@type\":\"ListItem\",\"position\":2,\"name\":\"GRAND MARCHE DE LOME : O\u00f9 en est-on avec les travaux de reconstruction\u00a0?\"}]},{\"@type\":\"WebSite\",\"@id\":\"https:\\\/\\\/macite.tg\\\/#website\",\"url\":\"https:\\\/\\\/macite.tg\\\/\",\"name\":\"\",\"description\":\"L&#039;information, la bonne!!!\",\"potentialAction\":[{\"@type\":\"SearchAction\",\"target\":{\"@type\":\"EntryPoint\",\"urlTemplate\":\"https:\\\/\\\/macite.tg\\\/?s={search_term_string}\"},\"query-input\":{\"@type\":\"PropertyValueSpecification\",\"valueRequired\":true,\"valueName\":\"search_term_string\"}}],\"inLanguage\":\"fr-FR\"},{\"@type\":\"Person\",\"@id\":\"https:\\\/\\\/macite.tg\\\/#\\\/schema\\\/person\\\/e9f2de7e5dbbe7770a9402c7ce82f5c2\",\"name\":\"Jean Pierre BAWELA\",\"image\":{\"@type\":\"ImageObject\",\"inLanguage\":\"fr-FR\",\"@id\":\"https:\\\/\\\/macite.tg\\\/wp-content\\\/uploads\\\/2023\\\/09\\\/WhatsApp-Image-2023-09-19-at-14.44.41-122x122.jpeg\",\"url\":\"https:\\\/\\\/macite.tg\\\/wp-content\\\/uploads\\\/2023\\\/09\\\/WhatsApp-Image-2023-09-19-at-14.44.41-122x122.jpeg\",\"contentUrl\":\"https:\\\/\\\/macite.tg\\\/wp-content\\\/uploads\\\/2023\\\/09\\\/WhatsApp-Image-2023-09-19-at-14.44.41-122x122.jpeg\",\"caption\":\"Jean Pierre BAWELA\"},\"url\":\"https:\\\/\\\/macite.tg\\\/?author=2\"}]}<\/script>\n<!-- \/ Yoast SEO plugin. -->","yoast_head_json":{"title":"GRAND MARCHE DE LOME : O\u00f9 en est-on avec les travaux de reconstruction\u00a0? -","robots":{"index":"index","follow":"follow","max-snippet":"max-snippet:-1","max-image-preview":"max-image-preview:large","max-video-preview":"max-video-preview:-1"},"canonical":"https:\/\/macite.tg\/?p=15686","og_locale":"fr_FR","og_type":"article","og_title":"GRAND MARCHE DE LOME : O\u00f9 en est-on avec les travaux de reconstruction\u00a0? -","og_description":"Les travaux de reconstruction du b\u00e2timent principal du Grand march\u00e9 de Lom\u00e9, p\u00f4le \u00e9conomique r\u00e9put\u00e9 malheureusement ravag\u00e9 par des flammes il y a plus de dix ans, se poursuivent. D\u2019ailleurs, la phase des gros \u0153uvres est totalement achev\u00e9e, rassure Sara Consult, l\u2019entreprise charg\u00e9e de contr\u00f4le. [&hellip;]","og_url":"https:\/\/macite.tg\/?p=15686","article_published_time":"2024-07-26T16:52:44+00:00","article_modified_time":"2024-07-26T16:53:41+00:00","og_image":[{"width":500,"height":251,"url":"https:\/\/macite.tg\/wp-content\/uploads\/2024\/07\/Grand-marche.jpg","type":"image\/jpeg"}],"author":"Jean Pierre BAWELA","twitter_card":"summary_large_image","twitter_misc":{"\u00c9crit par":"Jean Pierre BAWELA","Dur\u00e9e de lecture estim\u00e9e":"3 minutes"},"schema":{"@context":"https:\/\/schema.org","@graph":[{"@type":"Article","@id":"https:\/\/macite.tg\/?p=15686#article","isPartOf":{"@id":"https:\/\/macite.tg\/?p=15686"},"author":{"name":"Jean Pierre BAWELA","@id":"https:\/\/macite.tg\/#\/schema\/person\/e9f2de7e5dbbe7770a9402c7ce82f5c2"},"headline":"GRAND MARCHE DE LOME : O\u00f9 en est-on avec les travaux de reconstruction\u00a0?","datePublished":"2024-07-26T16:52:44+00:00","dateModified":"2024-07-26T16:53:41+00:00","mainEntityOfPage":{"@id":"https:\/\/macite.tg\/?p=15686"},"wordCount":526,"commentCount":0,"image":{"@id":"https:\/\/macite.tg\/?p=15686#primaryimage"},"thumbnailUrl":"https:\/\/macite.tg\/wp-content\/uploads\/2024\/07\/Grand-marche.jpg","articleSection":["ACTUALITE","ECONOMIE"],"inLanguage":"fr-FR","potentialAction":[{"@type":"CommentAction","name":"Comment","target":["https:\/\/macite.tg\/?p=15686#respond"]}]},{"@type":"WebPage","@id":"https:\/\/macite.tg\/?p=15686","url":"https:\/\/macite.tg\/?p=15686","name":"GRAND MARCHE DE LOME : O\u00f9 en est-on avec les travaux de reconstruction\u00a0? -","isPartOf":{"@id":"https:\/\/macite.tg\/#website"},"primaryImageOfPage":{"@id":"https:\/\/macite.tg\/?p=15686#primaryimage"},"image":{"@id":"https:\/\/macite.tg\/?p=15686#primaryimage"},"thumbnailUrl":"https:\/\/macite.tg\/wp-content\/uploads\/2024\/07\/Grand-marche.jpg","datePublished":"2024-07-26T16:52:44+00:00","dateModified":"2024-07-26T16:53:41+00:00","author":{"@id":"https:\/\/macite.tg\/#\/schema\/person\/e9f2de7e5dbbe7770a9402c7ce82f5c2"},"breadcrumb":{"@id":"https:\/\/macite.tg\/?p=15686#breadcrumb"},"inLanguage":"fr-FR","potentialAction":[{"@type":"ReadAction","target":["https:\/\/macite.tg\/?p=15686"]}]},{"@type":"ImageObject","inLanguage":"fr-FR","@id":"https:\/\/macite.tg\/?p=15686#primaryimage","url":"https:\/\/macite.tg\/wp-content\/uploads\/2024\/07\/Grand-marche.jpg","contentUrl":"https:\/\/macite.tg\/wp-content\/uploads\/2024\/07\/Grand-marche.jpg","width":500,"height":251},{"@type":"BreadcrumbList","@id":"https:\/\/macite.tg\/?p=15686#breadcrumb","itemListElement":[{"@type":"ListItem","position":1,"name":"Accueil","item":"https:\/\/macite.tg\/"},{"@type":"ListItem","position":2,"name":"GRAND MARCHE DE LOME : O\u00f9 en est-on avec les travaux de reconstruction\u00a0?"}]},{"@type":"WebSite","@id":"https:\/\/macite.tg\/#website","url":"https:\/\/macite.tg\/","name":"","description":"L&#039;information, la bonne!!!","potentialAction":[{"@type":"SearchAction","target":{"@type":"EntryPoint","urlTemplate":"https:\/\/macite.tg\/?s={search_term_string}"},"query-input":{"@type":"PropertyValueSpecification","valueRequired":true,"valueName":"search_term_string"}}],"inLanguage":"fr-FR"},{"@type":"Person","@id":"https:\/\/macite.tg\/#\/schema\/person\/e9f2de7e5dbbe7770a9402c7ce82f5c2","name":"Jean Pierre BAWELA","image":{"@type":"ImageObject","inLanguage":"fr-FR","@id":"https:\/\/macite.tg\/wp-content\/uploads\/2023\/09\/WhatsApp-Image-2023-09-19-at-14.44.41-122x122.jpeg","url":"https:\/\/macite.tg\/wp-content\/uploads\/2023\/09\/WhatsApp-Image-2023-09-19-at-14.44.41-122x122.jpeg","contentUrl":"https:\/\/macite.tg\/wp-content\/uploads\/2023\/09\/WhatsApp-Image-2023-09-19-at-14.44.41-122x122.jpeg","caption":"Jean Pierre BAWELA"},"url":"https:\/\/macite.tg\/?author=2"}]}},"_links":{"self":[{"href":"https:\/\/macite.tg\/index.php?rest_route=\/wp\/v2\/posts\/15686","targetHints":{"allow":["GET"]}}],"collection":[{"href":"https:\/\/macite.tg\/index.php?rest_route=\/wp\/v2\/posts"}],"about":[{"href":"https:\/\/macite.tg\/index.php?rest_route=\/wp\/v2\/types\/post"}],"author":[{"embeddable":true,"href":"https:\/\/macite.tg\/index.php?rest_route=\/wp\/v2\/users\/2"}],"replies":[{"embeddable":true,"href":"https:\/\/macite.tg\/index.php?rest_route=%2Fwp%2Fv2%2Fcomments&post=15686"}],"version-history":[{"count":0,"href":"https:\/\/macite.tg\/index.php?rest_route=\/wp\/v2\/posts\/15686\/revisions"}],"wp:featuredmedia":[{"embeddable":true,"href":"https:\/\/macite.tg\/index.php?rest_route=\/wp\/v2\/media\/15687"}],"wp:attachment":[{"href":"https:\/\/macite.tg\/index.php?rest_route=%2Fwp%2Fv2%2Fmedia&parent=15686"}],"wp:term":[{"taxonomy":"category","embeddable":true,"href":"https:\/\/macite.tg\/index.php?rest_route=%2Fwp%2Fv2%2Fcategories&post=15686"},{"taxonomy":"post_tag","embeddable":true,"href":"https:\/\/macite.tg\/index.php?rest_route=%2Fwp%2Fv2%2Ftags&post=15686"}],"curies":[{"name":"wp","href":"https:\/\/api.w.org\/{rel}","templated":true}]}}