{"id":15684,"date":"2024-07-26T13:05:00","date_gmt":"2024-07-26T13:05:00","guid":{"rendered":"https:\/\/macite.tg\/?p=15684"},"modified":"2024-07-25T20:31:26","modified_gmt":"2024-07-25T20:31:26","slug":"modernisation-de-ladministration-publique-une-enveloppe-de-45-milliards-de-francs-cfa-mobilisee-2","status":"publish","type":"post","link":"https:\/\/macite.tg\/?p=15684","title":{"rendered":"MODERNISATION DE L\u2019ADMINISTRATION PUBLIQUE\u00a0: Une enveloppe de 45 milliards de francs Cfa mobilis\u00e9e"},"content":{"rendered":"\n<p class=\"wp-block-paragraph\"><strong><em>Dans l\u2019optique de mieux satisfaire les contribuables, l\u2019ex\u00e9cutif togolais a lanc\u00e9, au cours de cette d\u00e9cennie, la modernisation de l\u2019administration publique. Il y a quelques mois d\u00e9j\u00e0, le processus eu un coup d\u2019acc\u00e9l\u00e9rateur, car le gouvernement est bien engag\u00e9 pour une meilleure relation avec les administr\u00e9s \u00e0 travers des services publics accessibles et de qualit\u00e9.<\/em><\/strong><\/p>\n\n\n\n<p class=\"wp-block-paragraph\">Le pays fait des avanc\u00e9es vers l&rsquo;efficacit\u00e9 et la transparence dans la gestion des affaires. Sur la voie de la modernisation de l&rsquo;administration, le chef de l&rsquo;\u00c9tat, Faure Gnassingb\u00e9, donne vie \u00e0 des r\u00e9formes ambitieuses \u00e0 forte capacit\u00e9 de transformation.<\/p>\n\n\n<div class=\"wp-block-image\">\n<figure class=\"aligncenter size-full\"><img loading=\"lazy\" decoding=\"async\" width=\"526\" height=\"526\" src=\"https:\/\/macite.tg\/wp-content\/uploads\/2024\/07\/OTR_Fisc-Quiz_du-22-au-28-juillet-2024.jpg\" alt=\"\" class=\"wp-image-15670\" srcset=\"https:\/\/macite.tg\/wp-content\/uploads\/2024\/07\/OTR_Fisc-Quiz_du-22-au-28-juillet-2024.jpg 526w, https:\/\/macite.tg\/wp-content\/uploads\/2024\/07\/OTR_Fisc-Quiz_du-22-au-28-juillet-2024-300x300.jpg 300w, https:\/\/macite.tg\/wp-content\/uploads\/2024\/07\/OTR_Fisc-Quiz_du-22-au-28-juillet-2024-150x150.jpg 150w, https:\/\/macite.tg\/wp-content\/uploads\/2024\/07\/OTR_Fisc-Quiz_du-22-au-28-juillet-2024-122x122.jpg 122w\" sizes=\"auto, (max-width: 526px) 100vw, 526px\" \/><\/figure>\n<\/div>\n\n\n<p class=\"wp-block-paragraph\">Entre autres mesures, il fait int\u00e9grer des technologies num\u00e9riques pour des pratiques de gouvernance plus modernes et au go\u00fbt des citoyens.<\/p>\n\n\n\n<p class=\"wp-block-paragraph\"><strong>Pmapds, un des projets phares<\/strong><\/p>\n\n\n\n<p class=\"wp-block-paragraph\">En juillet 2024, la Banque mondiale a sign\u00e9 avec le Togo des accords de financement \u00e9valu\u00e9s \u00e0 298 millions de dollars, l&rsquo;\u00e9quivalent de 180 milliards de francs Cfa.<\/p>\n\n\n\n<p class=\"wp-block-paragraph\">Ils sont structur\u00e9s comme suit&nbsp;: 120 milliards de francs Cfa pour le Projet de d\u00e9veloppement inclusif gr\u00e2ce \u00e0 l&rsquo;acc\u00e8s \u00e0 l&rsquo;\u00e9lectricit\u00e9 (Idea), 13,8 milliards de francs pour le Projet de coh\u00e9sion sociale des r\u00e9gions nord du Golfe de Guin\u00e9e (Coso) et 45 milliards pour le Programme de renforcement du secteur public pour la prestation des services (Pmapds) qui nous int\u00e9resse.<\/p>\n\n\n<div class=\"wp-block-image\">\n<figure class=\"aligncenter size-large is-resized\"><img loading=\"lazy\" decoding=\"async\" src=\"https:\/\/macite.tg\/wp-content\/uploads\/2024\/07\/Otr_Obligations-de-declaration-et-paiement-1024x1024.jpg\" alt=\"\" class=\"wp-image-15672\" width=\"493\" height=\"493\" srcset=\"https:\/\/macite.tg\/wp-content\/uploads\/2024\/07\/Otr_Obligations-de-declaration-et-paiement-1024x1024.jpg 1024w, https:\/\/macite.tg\/wp-content\/uploads\/2024\/07\/Otr_Obligations-de-declaration-et-paiement-300x300.jpg 300w, https:\/\/macite.tg\/wp-content\/uploads\/2024\/07\/Otr_Obligations-de-declaration-et-paiement-150x150.jpg 150w, https:\/\/macite.tg\/wp-content\/uploads\/2024\/07\/Otr_Obligations-de-declaration-et-paiement-768x768.jpg 768w, https:\/\/macite.tg\/wp-content\/uploads\/2024\/07\/Otr_Obligations-de-declaration-et-paiement-122x122.jpg 122w, https:\/\/macite.tg\/wp-content\/uploads\/2024\/07\/Otr_Obligations-de-declaration-et-paiement.jpg 1080w\" sizes=\"auto, (max-width: 493px) 100vw, 493px\" \/><\/figure>\n<\/div>\n\n\n<p class=\"wp-block-paragraph\">Il est destin\u00e9 \u00e0 l&rsquo;am\u00e9lioration de la gestion des ressources humaines et des finances publiques. Le Pmapds se focalise sur la modernisation de l&rsquo;administration publique, la digitalisation de la collecte des recettes fiscales et l&rsquo;augmentation des paiements num\u00e9riques.<\/p>\n\n\n\n<p class=\"wp-block-paragraph\">Il intervient dans un contexte o\u00f9 l&rsquo;Office togolais des recettes (Otr) cartonne en mati\u00e8re de mobilisation de recettes. Par exemple, au premier trimestre 2024, le gendarme de la fiscalit\u00e9 a collect\u00e9 207 milliards de francs Cfa de recettes fiscales. Une performance en hausse de 17&nbsp;% par rapport aux 176,8 milliards de francs obtenus en 2023 \u00e0 la m\u00eame p\u00e9riode.<\/p>\n\n\n\n<p class=\"wp-block-paragraph\"><strong>Modernisation de l&rsquo;administration&nbsp;: des acquis existent d\u00e9j\u00e0<\/strong><\/p>\n\n\n\n<p class=\"wp-block-paragraph\">Comme la digitalisation de la demande du casier judiciaire. En f\u00e9vrier 2023, donc moins de deux ans apr\u00e8s la digitalisation de la demande du casier judiciaire,&nbsp;environ 350.000 bulletins avaient d\u00e9j\u00e0 \u00e9t\u00e9 d\u00e9livr\u00e9s, soit une hausse de 600 %. La moyenne annuelle \u00e9tait de 50.000 bulletins d\u00e9livr\u00e9s avant la r\u00e9forme.<\/p>\n\n\n<div class=\"wp-block-image\">\n<figure class=\"aligncenter size-full is-resized\"><img loading=\"lazy\" decoding=\"async\" src=\"https:\/\/macite.tg\/wp-content\/uploads\/2024\/07\/Depreciation-jusquau-31-Dec.jpg\" alt=\"\" class=\"wp-image-15492\" width=\"431\" height=\"610\" srcset=\"https:\/\/macite.tg\/wp-content\/uploads\/2024\/07\/Depreciation-jusquau-31-Dec.jpg 509w, https:\/\/macite.tg\/wp-content\/uploads\/2024\/07\/Depreciation-jusquau-31-Dec-212x300.jpg 212w\" sizes=\"auto, (max-width: 431px) 100vw, 431px\" \/><\/figure>\n<\/div>\n\n\n<p class=\"wp-block-paragraph\">Maintenant, le duplicata du certificat de nationalit\u00e9 s&rsquo;obtient ais\u00e9ment dans les mairies pour ceux et celles qui sont \u00e9loign\u00e9s du centre principal de d\u00e9livrance situ\u00e9 dans la ville&nbsp;; les bureaux de l&rsquo;administration fonctionnent avec de la connexion haut d\u00e9bit&nbsp;qui les relie&nbsp;; les demandes de plusieurs documents administratifs sont faisables en ligne sur le portail num\u00e9rique des services publics\u2026 Une nette am\u00e9lioration est perceptible.<\/p>\n\n\n\n<p class=\"wp-block-paragraph\"><strong>Samir<\/strong><\/p>\n\n\n\n<p class=\"wp-block-paragraph\"><a><strong><em>@macite.tg&nbsp;&nbsp;&nbsp;&nbsp;&nbsp;&nbsp;&nbsp;&nbsp;<\/em><\/strong><\/a><\/p>\n\n\n\n<p class=\"wp-block-paragraph\"><strong><em>E-mail&nbsp;: <\/em><\/strong><a href=\"mailto:maciteinfo@gmail.com\"><strong>maciteinfo@gmail.com<\/strong><\/a><strong><em>; <\/em><\/strong><a href=\"mailto:bawela1@gmail.com\"><strong>bawela1@gmail.com<\/strong><\/a><strong><\/strong><\/p>\n\n\n\n<p class=\"wp-block-paragraph\"><strong><em>Pour vos annonces, (publi)reportages, etc., joignez-nous au (00228)91515309\/<strong>79872224 <\/strong>www.macite.tg, L\u2019information, la bonne&nbsp;!<\/em><\/strong><\/p>\n","protected":false},"excerpt":{"rendered":"<p class=\"text-justify mb-2\" >Dans l\u2019optique de mieux satisfaire les contribuables, l\u2019ex\u00e9cutif togolais a lanc\u00e9, au cours de cette d\u00e9cennie, la modernisation de l\u2019administration publique. Il y a quelques mois d\u00e9j\u00e0, le processus eu un coup d\u2019acc\u00e9l\u00e9rateur, car le gouvernement est bien engag\u00e9 pour une meilleure relation avec les [&hellip;]<\/p>\n","protected":false},"author":2,"featured_media":15678,"comment_status":"open","ping_status":"open","sticky":false,"template":"","format":"standard","meta":{"footnotes":""},"categories":[20,15],"tags":[],"class_list":["post-15684","post","type-post","status-publish","format-standard","has-post-thumbnail","hentry","category-actualite","category-developpement"],"yoast_head":"<!-- This site is optimized with the Yoast SEO plugin v28.4 - https:\/\/yoast.com\/product\/yoast-seo-wordpress\/ -->\n<title>MODERNISATION DE L\u2019ADMINISTRATION PUBLIQUE\u00a0: Une enveloppe de 45 milliards de francs Cfa mobilis\u00e9e -<\/title>\n<meta name=\"robots\" content=\"index, follow, max-snippet:-1, max-image-preview:large, max-video-preview:-1\" \/>\n<link rel=\"canonical\" href=\"https:\/\/macite.tg\/?p=15684\" \/>\n<meta property=\"og:locale\" content=\"fr_FR\" \/>\n<meta property=\"og:type\" content=\"article\" \/>\n<meta property=\"og:title\" content=\"MODERNISATION DE L\u2019ADMINISTRATION PUBLIQUE\u00a0: Une enveloppe de 45 milliards de francs Cfa mobilis\u00e9e -\" \/>\n<meta property=\"og:description\" content=\"Dans l\u2019optique de mieux satisfaire les contribuables, l\u2019ex\u00e9cutif togolais a lanc\u00e9, au cours de cette d\u00e9cennie, la modernisation de l\u2019administration publique. Il y a quelques mois d\u00e9j\u00e0, le processus eu un coup d\u2019acc\u00e9l\u00e9rateur, car le gouvernement est bien engag\u00e9 pour une meilleure relation avec les [&hellip;]\" \/>\n<meta property=\"og:url\" content=\"https:\/\/macite.tg\/?p=15684\" \/>\n<meta property=\"article:published_time\" content=\"2024-07-26T13:05:00+00:00\" \/>\n<meta property=\"og:image\" content=\"https:\/\/macite.tg\/wp-content\/uploads\/2024\/07\/image-48.png\" \/>\n\t<meta property=\"og:image:width\" content=\"251\" \/>\n\t<meta property=\"og:image:height\" content=\"189\" \/>\n\t<meta property=\"og:image:type\" content=\"image\/png\" \/>\n<meta name=\"author\" content=\"Jean Pierre BAWELA\" \/>\n<meta name=\"twitter:card\" content=\"summary_large_image\" \/>\n<meta name=\"twitter:label1\" content=\"\u00c9crit par\" \/>\n\t<meta name=\"twitter:data1\" content=\"Jean Pierre BAWELA\" \/>\n\t<meta name=\"twitter:label2\" content=\"Dur\u00e9e de lecture estim\u00e9e\" \/>\n\t<meta name=\"twitter:data2\" content=\"2 minutes\" \/>\n<script type=\"application\/ld+json\" class=\"yoast-schema-graph\">{\"@context\":\"https:\\\/\\\/schema.org\",\"@graph\":[{\"@type\":\"Article\",\"@id\":\"https:\\\/\\\/macite.tg\\\/?p=15684#article\",\"isPartOf\":{\"@id\":\"https:\\\/\\\/macite.tg\\\/?p=15684\"},\"author\":{\"name\":\"Jean Pierre BAWELA\",\"@id\":\"https:\\\/\\\/macite.tg\\\/#\\\/schema\\\/person\\\/e9f2de7e5dbbe7770a9402c7ce82f5c2\"},\"headline\":\"MODERNISATION DE L\u2019ADMINISTRATION PUBLIQUE\u00a0: Une enveloppe de 45 milliards de francs Cfa mobilis\u00e9e\",\"datePublished\":\"2024-07-26T13:05:00+00:00\",\"mainEntityOfPage\":{\"@id\":\"https:\\\/\\\/macite.tg\\\/?p=15684\"},\"wordCount\":516,\"commentCount\":0,\"image\":{\"@id\":\"https:\\\/\\\/macite.tg\\\/?p=15684#primaryimage\"},\"thumbnailUrl\":\"https:\\\/\\\/macite.tg\\\/wp-content\\\/uploads\\\/2024\\\/07\\\/image-48.png\",\"articleSection\":[\"ACTUALITE\",\"DEVELOPPEMENT\"],\"inLanguage\":\"fr-FR\",\"potentialAction\":[{\"@type\":\"CommentAction\",\"name\":\"Comment\",\"target\":[\"https:\\\/\\\/macite.tg\\\/?p=15684#respond\"]}]},{\"@type\":\"WebPage\",\"@id\":\"https:\\\/\\\/macite.tg\\\/?p=15684\",\"url\":\"https:\\\/\\\/macite.tg\\\/?p=15684\",\"name\":\"MODERNISATION DE L\u2019ADMINISTRATION PUBLIQUE\u00a0: Une enveloppe de 45 milliards de francs Cfa mobilis\u00e9e -\",\"isPartOf\":{\"@id\":\"https:\\\/\\\/macite.tg\\\/#website\"},\"primaryImageOfPage\":{\"@id\":\"https:\\\/\\\/macite.tg\\\/?p=15684#primaryimage\"},\"image\":{\"@id\":\"https:\\\/\\\/macite.tg\\\/?p=15684#primaryimage\"},\"thumbnailUrl\":\"https:\\\/\\\/macite.tg\\\/wp-content\\\/uploads\\\/2024\\\/07\\\/image-48.png\",\"datePublished\":\"2024-07-26T13:05:00+00:00\",\"author\":{\"@id\":\"https:\\\/\\\/macite.tg\\\/#\\\/schema\\\/person\\\/e9f2de7e5dbbe7770a9402c7ce82f5c2\"},\"breadcrumb\":{\"@id\":\"https:\\\/\\\/macite.tg\\\/?p=15684#breadcrumb\"},\"inLanguage\":\"fr-FR\",\"potentialAction\":[{\"@type\":\"ReadAction\",\"target\":[\"https:\\\/\\\/macite.tg\\\/?p=15684\"]}]},{\"@type\":\"ImageObject\",\"inLanguage\":\"fr-FR\",\"@id\":\"https:\\\/\\\/macite.tg\\\/?p=15684#primaryimage\",\"url\":\"https:\\\/\\\/macite.tg\\\/wp-content\\\/uploads\\\/2024\\\/07\\\/image-48.png\",\"contentUrl\":\"https:\\\/\\\/macite.tg\\\/wp-content\\\/uploads\\\/2024\\\/07\\\/image-48.png\",\"width\":251,\"height\":189,\"caption\":\"Le Pr\u00e9sident Faure Gnassingb\u00e9, chef d'orchestre\"},{\"@type\":\"BreadcrumbList\",\"@id\":\"https:\\\/\\\/macite.tg\\\/?p=15684#breadcrumb\",\"itemListElement\":[{\"@type\":\"ListItem\",\"position\":1,\"name\":\"Accueil\",\"item\":\"https:\\\/\\\/macite.tg\\\/\"},{\"@type\":\"ListItem\",\"position\":2,\"name\":\"MODERNISATION DE L\u2019ADMINISTRATION PUBLIQUE\u00a0: Une enveloppe de 45 milliards de francs Cfa mobilis\u00e9e\"}]},{\"@type\":\"WebSite\",\"@id\":\"https:\\\/\\\/macite.tg\\\/#website\",\"url\":\"https:\\\/\\\/macite.tg\\\/\",\"name\":\"\",\"description\":\"L&#039;information, la bonne!!!\",\"potentialAction\":[{\"@type\":\"SearchAction\",\"target\":{\"@type\":\"EntryPoint\",\"urlTemplate\":\"https:\\\/\\\/macite.tg\\\/?s={search_term_string}\"},\"query-input\":{\"@type\":\"PropertyValueSpecification\",\"valueRequired\":true,\"valueName\":\"search_term_string\"}}],\"inLanguage\":\"fr-FR\"},{\"@type\":\"Person\",\"@id\":\"https:\\\/\\\/macite.tg\\\/#\\\/schema\\\/person\\\/e9f2de7e5dbbe7770a9402c7ce82f5c2\",\"name\":\"Jean Pierre BAWELA\",\"image\":{\"@type\":\"ImageObject\",\"inLanguage\":\"fr-FR\",\"@id\":\"https:\\\/\\\/macite.tg\\\/wp-content\\\/uploads\\\/2023\\\/09\\\/WhatsApp-Image-2023-09-19-at-14.44.41-122x122.jpeg\",\"url\":\"https:\\\/\\\/macite.tg\\\/wp-content\\\/uploads\\\/2023\\\/09\\\/WhatsApp-Image-2023-09-19-at-14.44.41-122x122.jpeg\",\"contentUrl\":\"https:\\\/\\\/macite.tg\\\/wp-content\\\/uploads\\\/2023\\\/09\\\/WhatsApp-Image-2023-09-19-at-14.44.41-122x122.jpeg\",\"caption\":\"Jean Pierre BAWELA\"},\"url\":\"https:\\\/\\\/macite.tg\\\/?author=2\"}]}<\/script>\n<!-- \/ Yoast SEO plugin. -->","yoast_head_json":{"title":"MODERNISATION DE L\u2019ADMINISTRATION PUBLIQUE\u00a0: Une enveloppe de 45 milliards de francs Cfa mobilis\u00e9e -","robots":{"index":"index","follow":"follow","max-snippet":"max-snippet:-1","max-image-preview":"max-image-preview:large","max-video-preview":"max-video-preview:-1"},"canonical":"https:\/\/macite.tg\/?p=15684","og_locale":"fr_FR","og_type":"article","og_title":"MODERNISATION DE L\u2019ADMINISTRATION PUBLIQUE\u00a0: Une enveloppe de 45 milliards de francs Cfa mobilis\u00e9e -","og_description":"Dans l\u2019optique de mieux satisfaire les contribuables, l\u2019ex\u00e9cutif togolais a lanc\u00e9, au cours de cette d\u00e9cennie, la modernisation de l\u2019administration publique. Il y a quelques mois d\u00e9j\u00e0, le processus eu un coup d\u2019acc\u00e9l\u00e9rateur, car le gouvernement est bien engag\u00e9 pour une meilleure relation avec les [&hellip;]","og_url":"https:\/\/macite.tg\/?p=15684","article_published_time":"2024-07-26T13:05:00+00:00","og_image":[{"width":251,"height":189,"url":"https:\/\/macite.tg\/wp-content\/uploads\/2024\/07\/image-48.png","type":"image\/png"}],"author":"Jean Pierre BAWELA","twitter_card":"summary_large_image","twitter_misc":{"\u00c9crit par":"Jean Pierre BAWELA","Dur\u00e9e de lecture estim\u00e9e":"2 minutes"},"schema":{"@context":"https:\/\/schema.org","@graph":[{"@type":"Article","@id":"https:\/\/macite.tg\/?p=15684#article","isPartOf":{"@id":"https:\/\/macite.tg\/?p=15684"},"author":{"name":"Jean Pierre BAWELA","@id":"https:\/\/macite.tg\/#\/schema\/person\/e9f2de7e5dbbe7770a9402c7ce82f5c2"},"headline":"MODERNISATION DE L\u2019ADMINISTRATION PUBLIQUE\u00a0: Une enveloppe de 45 milliards de francs Cfa mobilis\u00e9e","datePublished":"2024-07-26T13:05:00+00:00","mainEntityOfPage":{"@id":"https:\/\/macite.tg\/?p=15684"},"wordCount":516,"commentCount":0,"image":{"@id":"https:\/\/macite.tg\/?p=15684#primaryimage"},"thumbnailUrl":"https:\/\/macite.tg\/wp-content\/uploads\/2024\/07\/image-48.png","articleSection":["ACTUALITE","DEVELOPPEMENT"],"inLanguage":"fr-FR","potentialAction":[{"@type":"CommentAction","name":"Comment","target":["https:\/\/macite.tg\/?p=15684#respond"]}]},{"@type":"WebPage","@id":"https:\/\/macite.tg\/?p=15684","url":"https:\/\/macite.tg\/?p=15684","name":"MODERNISATION DE L\u2019ADMINISTRATION PUBLIQUE\u00a0: Une enveloppe de 45 milliards de francs Cfa mobilis\u00e9e -","isPartOf":{"@id":"https:\/\/macite.tg\/#website"},"primaryImageOfPage":{"@id":"https:\/\/macite.tg\/?p=15684#primaryimage"},"image":{"@id":"https:\/\/macite.tg\/?p=15684#primaryimage"},"thumbnailUrl":"https:\/\/macite.tg\/wp-content\/uploads\/2024\/07\/image-48.png","datePublished":"2024-07-26T13:05:00+00:00","author":{"@id":"https:\/\/macite.tg\/#\/schema\/person\/e9f2de7e5dbbe7770a9402c7ce82f5c2"},"breadcrumb":{"@id":"https:\/\/macite.tg\/?p=15684#breadcrumb"},"inLanguage":"fr-FR","potentialAction":[{"@type":"ReadAction","target":["https:\/\/macite.tg\/?p=15684"]}]},{"@type":"ImageObject","inLanguage":"fr-FR","@id":"https:\/\/macite.tg\/?p=15684#primaryimage","url":"https:\/\/macite.tg\/wp-content\/uploads\/2024\/07\/image-48.png","contentUrl":"https:\/\/macite.tg\/wp-content\/uploads\/2024\/07\/image-48.png","width":251,"height":189,"caption":"Le Pr\u00e9sident Faure Gnassingb\u00e9, chef d'orchestre"},{"@type":"BreadcrumbList","@id":"https:\/\/macite.tg\/?p=15684#breadcrumb","itemListElement":[{"@type":"ListItem","position":1,"name":"Accueil","item":"https:\/\/macite.tg\/"},{"@type":"ListItem","position":2,"name":"MODERNISATION DE L\u2019ADMINISTRATION PUBLIQUE\u00a0: Une enveloppe de 45 milliards de francs Cfa mobilis\u00e9e"}]},{"@type":"WebSite","@id":"https:\/\/macite.tg\/#website","url":"https:\/\/macite.tg\/","name":"","description":"L&#039;information, la bonne!!!","potentialAction":[{"@type":"SearchAction","target":{"@type":"EntryPoint","urlTemplate":"https:\/\/macite.tg\/?s={search_term_string}"},"query-input":{"@type":"PropertyValueSpecification","valueRequired":true,"valueName":"search_term_string"}}],"inLanguage":"fr-FR"},{"@type":"Person","@id":"https:\/\/macite.tg\/#\/schema\/person\/e9f2de7e5dbbe7770a9402c7ce82f5c2","name":"Jean Pierre BAWELA","image":{"@type":"ImageObject","inLanguage":"fr-FR","@id":"https:\/\/macite.tg\/wp-content\/uploads\/2023\/09\/WhatsApp-Image-2023-09-19-at-14.44.41-122x122.jpeg","url":"https:\/\/macite.tg\/wp-content\/uploads\/2023\/09\/WhatsApp-Image-2023-09-19-at-14.44.41-122x122.jpeg","contentUrl":"https:\/\/macite.tg\/wp-content\/uploads\/2023\/09\/WhatsApp-Image-2023-09-19-at-14.44.41-122x122.jpeg","caption":"Jean Pierre BAWELA"},"url":"https:\/\/macite.tg\/?author=2"}]}},"_links":{"self":[{"href":"https:\/\/macite.tg\/index.php?rest_route=\/wp\/v2\/posts\/15684","targetHints":{"allow":["GET"]}}],"collection":[{"href":"https:\/\/macite.tg\/index.php?rest_route=\/wp\/v2\/posts"}],"about":[{"href":"https:\/\/macite.tg\/index.php?rest_route=\/wp\/v2\/types\/post"}],"author":[{"embeddable":true,"href":"https:\/\/macite.tg\/index.php?rest_route=\/wp\/v2\/users\/2"}],"replies":[{"embeddable":true,"href":"https:\/\/macite.tg\/index.php?rest_route=%2Fwp%2Fv2%2Fcomments&post=15684"}],"version-history":[{"count":0,"href":"https:\/\/macite.tg\/index.php?rest_route=\/wp\/v2\/posts\/15684\/revisions"}],"wp:featuredmedia":[{"embeddable":true,"href":"https:\/\/macite.tg\/index.php?rest_route=\/wp\/v2\/media\/15678"}],"wp:attachment":[{"href":"https:\/\/macite.tg\/index.php?rest_route=%2Fwp%2Fv2%2Fmedia&parent=15684"}],"wp:term":[{"taxonomy":"category","embeddable":true,"href":"https:\/\/macite.tg\/index.php?rest_route=%2Fwp%2Fv2%2Fcategories&post=15684"},{"taxonomy":"post_tag","embeddable":true,"href":"https:\/\/macite.tg\/index.php?rest_route=%2Fwp%2Fv2%2Ftags&post=15684"}],"curies":[{"name":"wp","href":"https:\/\/api.w.org\/{rel}","templated":true}]}}