{"id":1561,"date":"2022-11-08T10:19:07","date_gmt":"2022-11-08T10:19:07","guid":{"rendered":"https:\/\/macite.info\/?p=1561"},"modified":"2022-11-08T12:00:08","modified_gmt":"2022-11-08T12:00:08","slug":"rgph-5-acteurs-et-partenaires-evaluent-loperation-a-mis-parcours","status":"publish","type":"post","link":"https:\/\/macite.tg\/?p=1561","title":{"rendered":"RGPH-5\u00a0: Acteurs et partenaires \u00e9valuent l\u2019op\u00e9ration \u00e0 mi-parcours"},"content":{"rendered":"\n<p class=\"wp-block-paragraph\"><strong><em>Quinze jours apr\u00e8s le d\u00e9marrage du cinqui\u00e8me recensement g\u00e9n\u00e9ral de la population et de l\u2019habitat (RGPH-5), une r\u00e9union d\u2019\u00e9valuation d\u2019\u00e9tape du processus s\u2019est tenue ce 07 novembre 2022 \u00e0 Lom\u00e9.<\/em><\/strong><\/p>\n\n\n\n<p class=\"wp-block-paragraph\">La rencontre a \u00e9t\u00e9 dirig\u00e9e par Madame Ablamba Sandra Johnson, ministre, Secr\u00e9taire g\u00e9n\u00e9ral de la Pr\u00e9sidence de la R\u00e9publique et pr\u00e9sidente du Comit\u00e9 national du recensement (CNR).<\/p>\n\n\n\n<p class=\"wp-block-paragraph\">Membres du gouvernement, partenaires techniques et financiers, pr\u00e9fets, maires, chefs traditionnels et leaders religieux ont activement particip\u00e9 \u00e0 cette r\u00e9union d\u2019\u00e9changes.<\/p>\n\n\n\n<figure class=\"wp-block-image size-full is-resized\"><img loading=\"lazy\" decoding=\"async\" src=\"https:\/\/macite.tg\/wp-content\/uploads\/2022\/11\/A1.jpg\" alt=\"\" class=\"wp-image-1564\" width=\"862\" height=\"201\" srcset=\"https:\/\/macite.tg\/wp-content\/uploads\/2022\/11\/A1.jpg 600w, https:\/\/macite.tg\/wp-content\/uploads\/2022\/11\/A1-300x70.jpg 300w\" sizes=\"auto, (max-width: 862px) 100vw, 862px\" \/><figcaption><strong><em>\u00c9changes entres les acteurs et les partenaires sur le point \u00e0 mis-parcours du RGPH-5.<\/em><\/strong><\/figcaption><\/figure>\n\n\n\n<p class=\"wp-block-paragraph\">Le recensement permettra au gouvernement de mieux orienter sa politique de d\u00e9veloppement socio\u00e9conomique, de faire un meilleur suivi-\u00e9valuation des programmes mis en \u0153uvre dans le cadre de la Feuille de route gouvernementale Togo 2025.<\/p>\n\n\n\n<p class=\"wp-block-paragraph\">Au nom du chef de l\u2019Etat, Madame Ablamba Sandra Johnson, ministre, Secr\u00e9taire g\u00e9n\u00e9ral de la Pr\u00e9sidence de la R\u00e9publique a f\u00e9licit\u00e9 tous les acteurs du processus pour leur dynamisme. Elle a rappel\u00e9 l\u2019importance que rev\u00eat ce processus dans sa globalit\u00e9 et l\u2019objectif vis\u00e9.<\/p>\n\n\n\n<p class=\"wp-block-paragraph\">\u00ab&nbsp;<em>Le recensement g\u00e9n\u00e9ral de la population et de l\u2019habitat, loin d\u2019\u00eatre un recensement fiscal ou \u00e9lectoral, est plut\u00f4t une op\u00e9ration qui permet de disposer des donn\u00e9es statistiques de qualit\u00e9, en vue d\u2019une planification objective et r\u00e9aliste des actions de d\u00e9veloppement dans tous les secteurs. Ceci en lien avec les ambitions de la Feuille de route gouvernementale Togo 2025 <\/em>\u00bb a-t-elle expliqu\u00e9.<\/p>\n\n\n\n<p class=\"wp-block-paragraph\">Madame le ministre, Secr\u00e9taire g\u00e9n\u00e9ral de la Pr\u00e9sidence de la R\u00e9publique a salu\u00e9 le leadership \u00e9clair\u00e9 du chef de l\u2019Etat, Faure Essozimna Gnassingb\u00e9, pour l\u2019int\u00e9r\u00eat particulier qu\u2019il porte au RGPH-5 et son implication personnelle pour l\u2019atteinte des r\u00e9sultats de ce processus.<\/p>\n\n\n\n<p class=\"wp-block-paragraph\">Elle s\u2019est r\u00e9jouie des r\u00e9sultats engrang\u00e9s jusqu\u2019ici et a exhort\u00e9 les m\u00e9nages \u00e0 r\u00e9server un bon accueil aux agents recenseurs.<\/p>\n\n\n\n<figure class=\"wp-block-image size-large\"><img loading=\"lazy\" decoding=\"async\" width=\"1024\" height=\"426\" src=\"https:\/\/macite.tg\/wp-content\/uploads\/2022\/10\/ANNONCES-1-2-1024x426.jpg\" alt=\"\" class=\"wp-image-1264\" srcset=\"https:\/\/macite.tg\/wp-content\/uploads\/2022\/10\/ANNONCES-1-2-1024x426.jpg 1024w, https:\/\/macite.tg\/wp-content\/uploads\/2022\/10\/ANNONCES-1-2-300x125.jpg 300w, https:\/\/macite.tg\/wp-content\/uploads\/2022\/10\/ANNONCES-1-2-768x319.jpg 768w, https:\/\/macite.tg\/wp-content\/uploads\/2022\/10\/ANNONCES-1-2.jpg 1080w\" sizes=\"auto, (max-width: 1024px) 100vw, 1024px\" \/><\/figure>\n\n\n\n<p class=\"wp-block-paragraph\">\u00ab&nbsp;<em>Apr\u00e8s deux semaines de l\u2019op\u00e9ration de d\u00e9nombrement, nous avons not\u00e9 des r\u00e9sultats significatifs sur le terrain en termes de population enregistr\u00e9e. Toutefois, il s\u2019av\u00e8re n\u00e9cessaire de redoubler d\u2019efforts \u00e0 tous les niveaux afin d\u2019enr\u00f4ler toute la population vivant sur notre territoire. A cet effet, j\u2019exhorte vivement ceux qui ne sont pas encore recens\u00e9s \u00e0 se rendre disponibles avant la cl\u00f4ture de l\u2019op\u00e9ration le 12 novembre prochain <\/em>\u00bb a-t-elle d\u00e9clar\u00e9.<\/p>\n\n\n\n<p class=\"wp-block-paragraph\">A l\u2019issue du recensement, le Togo va disposer d\u2019une base de donn\u00e9es d\u00e9mographiques, sociales et \u00e9conomiques actualis\u00e9es, fiables et d\u00e9sagr\u00e9g\u00e9es, pour r\u00e9pondre aux besoins de planification et de gestion des programmes de d\u00e9veloppement.<\/p>\n\n\n\n<p class=\"wp-block-paragraph\">Le ministre des Droits de l\u2019homme, Christian Trimua et son coll\u00e8gue en charge de la Communication, Akodah Ay\u00e9wouadan ainsi que le ministre-Conseiller du Pr\u00e9sident de la R\u00e9publique, Simf\u00e9itch\u00e9ou Pr\u00e9, ont tour \u00e0 tour propos\u00e9 des approches de solutions pour une meilleure r\u00e9ussite du processus.<\/p>\n\n\n\n<p class=\"wp-block-paragraph\">Les Repr\u00e9sentants- r\u00e9sidents du Fonds des Nations-Unies pour la population (UNFPA), Madame Josiane Yaguibou, et de la Banque mondiale, Monsieur Fily Sissoko, ont salu\u00e9 la d\u00e9termination du gouvernement pour l\u2019aboutissement de ce processus. Ils ont renouvel\u00e9 la disponibilit\u00e9 des partenaires impliqu\u00e9s \u00e0 travailler de concert avec le gouvernement togolais pour l\u2019atteinte des objectifs de cette op\u00e9ration.<\/p>\n\n\n\n<p class=\"wp-block-paragraph\">Les chefs traditionnels, les membres des Comit\u00e9s locaux de recensement et les leaders religieux ont r\u00e9affirm\u00e9 leur volont\u00e9 \u00e0 intensifier la sensibilisation dans leur localit\u00e9 respective.<\/p>\n\n\n\n<p class=\"wp-block-paragraph\">Cette rencontre d\u2019\u00e9valuation d\u2019\u00e9tape aura donc le m\u00e9rite de mobiliser davantage les leaders d\u2019opinions du pays pour la r\u00e9ussite de cette op\u00e9ration.<\/p>\n\n\n\n<p class=\"wp-block-paragraph\"><strong><u>Source<\/u>&nbsp;: @presidence.gouv<\/strong><\/p>\n\n\n\n<p class=\"wp-block-paragraph\"><strong><em>@macite.info<\/em><\/strong><\/p>\n\n\n\n<p class=\"wp-block-paragraph\"><strong><em>E-mail&nbsp;: <\/em><\/strong><a href=\"mailto:maciteinfo@gmail.com\"><strong><em>maciteinfo@gmail.com<\/em><\/strong><\/a><strong><em>; <\/em><\/strong><a href=\"mailto:bawela1@gmail.com\"><strong><em>bawela1@gmail.com<\/em><\/strong><\/a><strong><em><\/em><\/strong><\/p>\n\n\n\n<p class=\"wp-block-paragraph\"><strong><em>Pour vos annonces, (publi)reportages, etc., joignez nous au (00228) 91515309\/<strong>79872224<\/strong><\/em><\/strong><em><\/em><\/p>\n\n\n\n<p class=\"wp-block-paragraph\"><a href=\"http:\/\/www.macite.info\"><strong><em>www.macite.info<\/em><\/strong><\/a><strong><em>, L\u2019information, la bonne&nbsp;!<\/em><\/strong><\/p>\n","protected":false},"excerpt":{"rendered":"<p class=\"text-justify mb-2\" >Quinze jours apr\u00e8s le d\u00e9marrage du cinqui\u00e8me recensement g\u00e9n\u00e9ral de la population et de l\u2019habitat (RGPH-5), une r\u00e9union d\u2019\u00e9valuation d\u2019\u00e9tape du processus s\u2019est tenue ce 07 novembre 2022 \u00e0 Lom\u00e9. La rencontre a \u00e9t\u00e9 dirig\u00e9e par Madame Ablamba Sandra Johnson, ministre, Secr\u00e9taire g\u00e9n\u00e9ral de la [&hellip;]<\/p>\n","protected":false},"author":2,"featured_media":1563,"comment_status":"open","ping_status":"open","sticky":false,"template":"","format":"standard","meta":{"footnotes":""},"categories":[20,15],"tags":[],"class_list":["post-1561","post","type-post","status-publish","format-standard","has-post-thumbnail","hentry","category-actualite","category-developpement"],"yoast_head":"<!-- This site is optimized with the Yoast SEO plugin v28.4 - https:\/\/yoast.com\/product\/yoast-seo-wordpress\/ -->\n<title>RGPH-5\u00a0: Acteurs et partenaires \u00e9valuent l\u2019op\u00e9ration \u00e0 mi-parcours -<\/title>\n<meta name=\"robots\" content=\"index, follow, max-snippet:-1, max-image-preview:large, max-video-preview:-1\" \/>\n<link rel=\"canonical\" href=\"https:\/\/macite.tg\/?p=1561\" \/>\n<meta property=\"og:locale\" content=\"fr_FR\" \/>\n<meta property=\"og:type\" content=\"article\" \/>\n<meta property=\"og:title\" content=\"RGPH-5\u00a0: Acteurs et partenaires \u00e9valuent l\u2019op\u00e9ration \u00e0 mi-parcours -\" \/>\n<meta property=\"og:description\" content=\"Quinze jours apr\u00e8s le d\u00e9marrage du cinqui\u00e8me recensement g\u00e9n\u00e9ral de la population et de l\u2019habitat (RGPH-5), une r\u00e9union d\u2019\u00e9valuation d\u2019\u00e9tape du processus s\u2019est tenue ce 07 novembre 2022 \u00e0 Lom\u00e9. La rencontre a \u00e9t\u00e9 dirig\u00e9e par Madame Ablamba Sandra Johnson, ministre, Secr\u00e9taire g\u00e9n\u00e9ral de la [&hellip;]\" \/>\n<meta property=\"og:url\" content=\"https:\/\/macite.tg\/?p=1561\" \/>\n<meta property=\"article:published_time\" content=\"2022-11-08T10:19:07+00:00\" \/>\n<meta property=\"article:modified_time\" content=\"2022-11-08T12:00:08+00:00\" \/>\n<meta property=\"og:image\" content=\"https:\/\/macite.tg\/wp-content\/uploads\/2022\/11\/RGPH5.jpg\" \/>\n\t<meta property=\"og:image:width\" content=\"600\" \/>\n\t<meta property=\"og:image:height\" content=\"199\" \/>\n\t<meta property=\"og:image:type\" content=\"image\/jpeg\" \/>\n<meta name=\"author\" content=\"Jean Pierre BAWELA\" \/>\n<meta name=\"twitter:card\" content=\"summary_large_image\" \/>\n<meta name=\"twitter:label1\" content=\"\u00c9crit par\" \/>\n\t<meta name=\"twitter:data1\" content=\"Jean Pierre BAWELA\" \/>\n<script type=\"application\/ld+json\" class=\"yoast-schema-graph\">{\"@context\":\"https:\\\/\\\/schema.org\",\"@graph\":[{\"@type\":\"Article\",\"@id\":\"https:\\\/\\\/macite.tg\\\/?p=1561#article\",\"isPartOf\":{\"@id\":\"https:\\\/\\\/macite.tg\\\/?p=1561\"},\"author\":{\"name\":\"Jean Pierre BAWELA\",\"@id\":\"https:\\\/\\\/macite.tg\\\/#\\\/schema\\\/person\\\/e9f2de7e5dbbe7770a9402c7ce82f5c2\"},\"headline\":\"RGPH-5\u00a0: Acteurs et partenaires \u00e9valuent l\u2019op\u00e9ration \u00e0 mi-parcours\",\"datePublished\":\"2022-11-08T10:19:07+00:00\",\"dateModified\":\"2022-11-08T12:00:08+00:00\",\"mainEntityOfPage\":{\"@id\":\"https:\\\/\\\/macite.tg\\\/?p=1561\"},\"wordCount\":680,\"commentCount\":0,\"image\":{\"@id\":\"https:\\\/\\\/macite.tg\\\/?p=1561#primaryimage\"},\"thumbnailUrl\":\"https:\\\/\\\/macite.tg\\\/wp-content\\\/uploads\\\/2022\\\/11\\\/RGPH5.jpg\",\"articleSection\":[\"ACTUALITE\",\"DEVELOPPEMENT\"],\"inLanguage\":\"fr-FR\",\"potentialAction\":[{\"@type\":\"CommentAction\",\"name\":\"Comment\",\"target\":[\"https:\\\/\\\/macite.tg\\\/?p=1561#respond\"]}]},{\"@type\":\"WebPage\",\"@id\":\"https:\\\/\\\/macite.tg\\\/?p=1561\",\"url\":\"https:\\\/\\\/macite.tg\\\/?p=1561\",\"name\":\"RGPH-5\u00a0: Acteurs et partenaires \u00e9valuent l\u2019op\u00e9ration \u00e0 mi-parcours -\",\"isPartOf\":{\"@id\":\"https:\\\/\\\/macite.tg\\\/#website\"},\"primaryImageOfPage\":{\"@id\":\"https:\\\/\\\/macite.tg\\\/?p=1561#primaryimage\"},\"image\":{\"@id\":\"https:\\\/\\\/macite.tg\\\/?p=1561#primaryimage\"},\"thumbnailUrl\":\"https:\\\/\\\/macite.tg\\\/wp-content\\\/uploads\\\/2022\\\/11\\\/RGPH5.jpg\",\"datePublished\":\"2022-11-08T10:19:07+00:00\",\"dateModified\":\"2022-11-08T12:00:08+00:00\",\"author\":{\"@id\":\"https:\\\/\\\/macite.tg\\\/#\\\/schema\\\/person\\\/e9f2de7e5dbbe7770a9402c7ce82f5c2\"},\"breadcrumb\":{\"@id\":\"https:\\\/\\\/macite.tg\\\/?p=1561#breadcrumb\"},\"inLanguage\":\"fr-FR\",\"potentialAction\":[{\"@type\":\"ReadAction\",\"target\":[\"https:\\\/\\\/macite.tg\\\/?p=1561\"]}]},{\"@type\":\"ImageObject\",\"inLanguage\":\"fr-FR\",\"@id\":\"https:\\\/\\\/macite.tg\\\/?p=1561#primaryimage\",\"url\":\"https:\\\/\\\/macite.tg\\\/wp-content\\\/uploads\\\/2022\\\/11\\\/RGPH5.jpg\",\"contentUrl\":\"https:\\\/\\\/macite.tg\\\/wp-content\\\/uploads\\\/2022\\\/11\\\/RGPH5.jpg\",\"width\":600,\"height\":199},{\"@type\":\"BreadcrumbList\",\"@id\":\"https:\\\/\\\/macite.tg\\\/?p=1561#breadcrumb\",\"itemListElement\":[{\"@type\":\"ListItem\",\"position\":1,\"name\":\"Accueil\",\"item\":\"https:\\\/\\\/macite.tg\\\/\"},{\"@type\":\"ListItem\",\"position\":2,\"name\":\"RGPH-5\u00a0: Acteurs et partenaires \u00e9valuent l\u2019op\u00e9ration \u00e0 mi-parcours\"}]},{\"@type\":\"WebSite\",\"@id\":\"https:\\\/\\\/macite.tg\\\/#website\",\"url\":\"https:\\\/\\\/macite.tg\\\/\",\"name\":\"\",\"description\":\"L&#039;information, la bonne!!!\",\"potentialAction\":[{\"@type\":\"SearchAction\",\"target\":{\"@type\":\"EntryPoint\",\"urlTemplate\":\"https:\\\/\\\/macite.tg\\\/?s={search_term_string}\"},\"query-input\":{\"@type\":\"PropertyValueSpecification\",\"valueRequired\":true,\"valueName\":\"search_term_string\"}}],\"inLanguage\":\"fr-FR\"},{\"@type\":\"Person\",\"@id\":\"https:\\\/\\\/macite.tg\\\/#\\\/schema\\\/person\\\/e9f2de7e5dbbe7770a9402c7ce82f5c2\",\"name\":\"Jean Pierre BAWELA\",\"image\":{\"@type\":\"ImageObject\",\"inLanguage\":\"fr-FR\",\"@id\":\"https:\\\/\\\/macite.tg\\\/wp-content\\\/uploads\\\/2023\\\/09\\\/WhatsApp-Image-2023-09-19-at-14.44.41-122x122.jpeg\",\"url\":\"https:\\\/\\\/macite.tg\\\/wp-content\\\/uploads\\\/2023\\\/09\\\/WhatsApp-Image-2023-09-19-at-14.44.41-122x122.jpeg\",\"contentUrl\":\"https:\\\/\\\/macite.tg\\\/wp-content\\\/uploads\\\/2023\\\/09\\\/WhatsApp-Image-2023-09-19-at-14.44.41-122x122.jpeg\",\"caption\":\"Jean Pierre BAWELA\"},\"url\":\"https:\\\/\\\/macite.tg\\\/?author=2\"}]}<\/script>\n<!-- \/ Yoast SEO plugin. -->","yoast_head_json":{"title":"RGPH-5\u00a0: Acteurs et partenaires \u00e9valuent l\u2019op\u00e9ration \u00e0 mi-parcours -","robots":{"index":"index","follow":"follow","max-snippet":"max-snippet:-1","max-image-preview":"max-image-preview:large","max-video-preview":"max-video-preview:-1"},"canonical":"https:\/\/macite.tg\/?p=1561","og_locale":"fr_FR","og_type":"article","og_title":"RGPH-5\u00a0: Acteurs et partenaires \u00e9valuent l\u2019op\u00e9ration \u00e0 mi-parcours -","og_description":"Quinze jours apr\u00e8s le d\u00e9marrage du cinqui\u00e8me recensement g\u00e9n\u00e9ral de la population et de l\u2019habitat (RGPH-5), une r\u00e9union d\u2019\u00e9valuation d\u2019\u00e9tape du processus s\u2019est tenue ce 07 novembre 2022 \u00e0 Lom\u00e9. La rencontre a \u00e9t\u00e9 dirig\u00e9e par Madame Ablamba Sandra Johnson, ministre, Secr\u00e9taire g\u00e9n\u00e9ral de la [&hellip;]","og_url":"https:\/\/macite.tg\/?p=1561","article_published_time":"2022-11-08T10:19:07+00:00","article_modified_time":"2022-11-08T12:00:08+00:00","og_image":[{"width":600,"height":199,"url":"https:\/\/macite.tg\/wp-content\/uploads\/2022\/11\/RGPH5.jpg","type":"image\/jpeg"}],"author":"Jean Pierre BAWELA","twitter_card":"summary_large_image","twitter_misc":{"\u00c9crit par":"Jean Pierre BAWELA"},"schema":{"@context":"https:\/\/schema.org","@graph":[{"@type":"Article","@id":"https:\/\/macite.tg\/?p=1561#article","isPartOf":{"@id":"https:\/\/macite.tg\/?p=1561"},"author":{"name":"Jean Pierre BAWELA","@id":"https:\/\/macite.tg\/#\/schema\/person\/e9f2de7e5dbbe7770a9402c7ce82f5c2"},"headline":"RGPH-5\u00a0: Acteurs et partenaires \u00e9valuent l\u2019op\u00e9ration \u00e0 mi-parcours","datePublished":"2022-11-08T10:19:07+00:00","dateModified":"2022-11-08T12:00:08+00:00","mainEntityOfPage":{"@id":"https:\/\/macite.tg\/?p=1561"},"wordCount":680,"commentCount":0,"image":{"@id":"https:\/\/macite.tg\/?p=1561#primaryimage"},"thumbnailUrl":"https:\/\/macite.tg\/wp-content\/uploads\/2022\/11\/RGPH5.jpg","articleSection":["ACTUALITE","DEVELOPPEMENT"],"inLanguage":"fr-FR","potentialAction":[{"@type":"CommentAction","name":"Comment","target":["https:\/\/macite.tg\/?p=1561#respond"]}]},{"@type":"WebPage","@id":"https:\/\/macite.tg\/?p=1561","url":"https:\/\/macite.tg\/?p=1561","name":"RGPH-5\u00a0: Acteurs et partenaires \u00e9valuent l\u2019op\u00e9ration \u00e0 mi-parcours -","isPartOf":{"@id":"https:\/\/macite.tg\/#website"},"primaryImageOfPage":{"@id":"https:\/\/macite.tg\/?p=1561#primaryimage"},"image":{"@id":"https:\/\/macite.tg\/?p=1561#primaryimage"},"thumbnailUrl":"https:\/\/macite.tg\/wp-content\/uploads\/2022\/11\/RGPH5.jpg","datePublished":"2022-11-08T10:19:07+00:00","dateModified":"2022-11-08T12:00:08+00:00","author":{"@id":"https:\/\/macite.tg\/#\/schema\/person\/e9f2de7e5dbbe7770a9402c7ce82f5c2"},"breadcrumb":{"@id":"https:\/\/macite.tg\/?p=1561#breadcrumb"},"inLanguage":"fr-FR","potentialAction":[{"@type":"ReadAction","target":["https:\/\/macite.tg\/?p=1561"]}]},{"@type":"ImageObject","inLanguage":"fr-FR","@id":"https:\/\/macite.tg\/?p=1561#primaryimage","url":"https:\/\/macite.tg\/wp-content\/uploads\/2022\/11\/RGPH5.jpg","contentUrl":"https:\/\/macite.tg\/wp-content\/uploads\/2022\/11\/RGPH5.jpg","width":600,"height":199},{"@type":"BreadcrumbList","@id":"https:\/\/macite.tg\/?p=1561#breadcrumb","itemListElement":[{"@type":"ListItem","position":1,"name":"Accueil","item":"https:\/\/macite.tg\/"},{"@type":"ListItem","position":2,"name":"RGPH-5\u00a0: Acteurs et partenaires \u00e9valuent l\u2019op\u00e9ration \u00e0 mi-parcours"}]},{"@type":"WebSite","@id":"https:\/\/macite.tg\/#website","url":"https:\/\/macite.tg\/","name":"","description":"L&#039;information, la bonne!!!","potentialAction":[{"@type":"SearchAction","target":{"@type":"EntryPoint","urlTemplate":"https:\/\/macite.tg\/?s={search_term_string}"},"query-input":{"@type":"PropertyValueSpecification","valueRequired":true,"valueName":"search_term_string"}}],"inLanguage":"fr-FR"},{"@type":"Person","@id":"https:\/\/macite.tg\/#\/schema\/person\/e9f2de7e5dbbe7770a9402c7ce82f5c2","name":"Jean Pierre BAWELA","image":{"@type":"ImageObject","inLanguage":"fr-FR","@id":"https:\/\/macite.tg\/wp-content\/uploads\/2023\/09\/WhatsApp-Image-2023-09-19-at-14.44.41-122x122.jpeg","url":"https:\/\/macite.tg\/wp-content\/uploads\/2023\/09\/WhatsApp-Image-2023-09-19-at-14.44.41-122x122.jpeg","contentUrl":"https:\/\/macite.tg\/wp-content\/uploads\/2023\/09\/WhatsApp-Image-2023-09-19-at-14.44.41-122x122.jpeg","caption":"Jean Pierre BAWELA"},"url":"https:\/\/macite.tg\/?author=2"}]}},"_links":{"self":[{"href":"https:\/\/macite.tg\/index.php?rest_route=\/wp\/v2\/posts\/1561","targetHints":{"allow":["GET"]}}],"collection":[{"href":"https:\/\/macite.tg\/index.php?rest_route=\/wp\/v2\/posts"}],"about":[{"href":"https:\/\/macite.tg\/index.php?rest_route=\/wp\/v2\/types\/post"}],"author":[{"embeddable":true,"href":"https:\/\/macite.tg\/index.php?rest_route=\/wp\/v2\/users\/2"}],"replies":[{"embeddable":true,"href":"https:\/\/macite.tg\/index.php?rest_route=%2Fwp%2Fv2%2Fcomments&post=1561"}],"version-history":[{"count":0,"href":"https:\/\/macite.tg\/index.php?rest_route=\/wp\/v2\/posts\/1561\/revisions"}],"wp:featuredmedia":[{"embeddable":true,"href":"https:\/\/macite.tg\/index.php?rest_route=\/wp\/v2\/media\/1563"}],"wp:attachment":[{"href":"https:\/\/macite.tg\/index.php?rest_route=%2Fwp%2Fv2%2Fmedia&parent=1561"}],"wp:term":[{"taxonomy":"category","embeddable":true,"href":"https:\/\/macite.tg\/index.php?rest_route=%2Fwp%2Fv2%2Fcategories&post=1561"},{"taxonomy":"post_tag","embeddable":true,"href":"https:\/\/macite.tg\/index.php?rest_route=%2Fwp%2Fv2%2Ftags&post=1561"}],"curies":[{"name":"wp","href":"https:\/\/api.w.org\/{rel}","templated":true}]}}