{"id":156,"date":"2022-09-17T16:15:27","date_gmt":"2022-09-17T16:15:27","guid":{"rendered":"https:\/\/macite.info\/?p=156"},"modified":"2022-09-17T16:20:15","modified_gmt":"2022-09-17T16:20:15","slug":"formation-itinerante-politique-securite-paix-et-developpement-au-menu-des-echanges-entre-le-gal-yark-et-les-populations-de-mandouri-et-cinkasse","status":"publish","type":"post","link":"https:\/\/macite.tg\/?p=156","title":{"rendered":"FORMATION\u00a0ITIN\u00c9RANTE : Politique, s\u00e9curit\u00e9, paix et d\u00e9veloppement, au menu des \u00e9changes entre le Gal Yark et les populations de Mandouri et Cinkass\u00e9"},"content":{"rendered":"\n<p class=\"wp-block-paragraph\"><strong><em>C\u2019est dans les moments difficiles qu\u2019on reconnait ses meilleurs amis et alli\u00e9s. Les populations de la r\u00e9gion des Savanes sont, depuis quelques mois, \u00e9prouv\u00e9s par les attaques des groupes arm\u00e9s. C\u2019est le moment choisit parle militants Yark Damehame, pour \u00e9changer avec ces populations.<\/em><\/strong><\/p>\n\n\n<div class=\"wp-block-image\">\n<figure class=\"aligncenter size-full is-resized\"><img loading=\"lazy\" decoding=\"async\" src=\"https:\/\/macite.tg\/wp-content\/uploads\/2022\/09\/AaaUNIR.jpg\" alt=\"\" class=\"wp-image-159\" width=\"677\" height=\"205\" srcset=\"https:\/\/macite.tg\/wp-content\/uploads\/2022\/09\/AaaUNIR.jpg 429w, https:\/\/macite.tg\/wp-content\/uploads\/2022\/09\/AaaUNIR-300x91.jpg 300w\" sizes=\"auto, (max-width: 677px) 100vw, 677px\" \/><figcaption><em><strong>Une vue de l&rsquo;assistance \u00e9coutante religieusement le G\u00e9n\u00e9ral Yark Damehame&#8230;<\/strong><\/em><\/figcaption><\/figure>\n<\/div>\n\n\n<p class=\"wp-block-paragraph\">Vendredi 16 septembre dernier, le G\u00e9n\u00e9ral Yark Damehame, \u00e0 la t\u00eate d\u2019une \u00e9quipe des cadres et formateurs du parti Union pour la R\u00e9publique (UNIR), \u00e9tait cette fois-ci dans la r\u00e9gion des Savanes, o\u00f9 un \u00e9change a eu lieu avec les populations de Mandouri puis de Cinkass\u00e9.<\/p>\n\n\n\n<p class=\"wp-block-paragraph\">Au menu des \u00e9changes, deux th\u00e9matiques essentielles, \u00e0 savoir&nbsp;: <em>\u00ab&nbsp;Le parti politique et le Militant&nbsp;\u00bb,<\/em> et <em>\u00ab&nbsp;S\u00e9curit\u00e9 et paix, outils de d\u00e9veloppement d&rsquo;une Nation&nbsp;\u00bb.<\/em><\/p>\n\n\n<div class=\"wp-block-image\">\n<figure class=\"aligncenter size-full is-resized\"><img loading=\"lazy\" decoding=\"async\" src=\"https:\/\/macite.tg\/wp-content\/uploads\/2022\/09\/AbUNIR.jpg\" alt=\"\" class=\"wp-image-160\" width=\"763\" height=\"243\" srcset=\"https:\/\/macite.tg\/wp-content\/uploads\/2022\/09\/AbUNIR.jpg 380w, https:\/\/macite.tg\/wp-content\/uploads\/2022\/09\/AbUNIR-300x96.jpg 300w\" sizes=\"auto, (max-width: 763px) 100vw, 763px\" \/><figcaption>&#8230;<em><strong>L&rsquo;assistance lors de la rencontre.<\/strong><\/em><\/figcaption><\/figure>\n<\/div>\n\n\n<p class=\"wp-block-paragraph\">Des sujets d\u2019actualit\u00e9 qui ont \u00e9t\u00e9 favorablement accueillis par les populations de ces localit\u00e9s confront\u00e9es depuis quelque temps, \u00e0 la menace terroriste qui a d\u2019ailleurs fait des victimes.<\/p>\n\n\n\n<p class=\"wp-block-paragraph\"><strong><em>@macite.info<\/em><\/strong><\/p>\n\n\n\n<p class=\"wp-block-paragraph\"><strong><em>E-mail&nbsp;: <\/em><\/strong><a href=\"mailto:maciteinfo@gmail.com\"><strong><em>maciteinfo@gmail.com<\/em><\/strong><\/a><strong><em>; <\/em><\/strong><a href=\"mailto:bawela1@gmail.com\"><strong><em>bawela1@gmail.com<\/em><\/strong><\/a><strong><em><\/em><\/strong><\/p>\n\n\n\n<p class=\"wp-block-paragraph\"><strong><em>Pour vos annonces, (publi)reportages, etc., joignez nous au (00228) 91515309\/<strong>79872224<\/strong><\/em><\/strong><em><\/em><\/p>\n\n\n\n<p class=\"wp-block-paragraph\"><a href=\"http:\/\/www.macite.info\"><strong><em>www.macite.info<\/em><\/strong><\/a><strong><em>, L\u2019information, la bonne&nbsp;!<\/em><\/strong><\/p>\n","protected":false},"excerpt":{"rendered":"<p class=\"text-justify mb-2\" >C\u2019est dans les moments difficiles qu\u2019on reconnait ses meilleurs amis et alli\u00e9s. Les populations de la r\u00e9gion des Savanes sont, depuis quelques mois, \u00e9prouv\u00e9s par les attaques des groupes arm\u00e9s. C\u2019est le moment choisit parle militants Yark Damehame, pour \u00e9changer avec ces populations. Vendredi 16 [&hellip;]<\/p>\n","protected":false},"author":2,"featured_media":158,"comment_status":"open","ping_status":"open","sticky":false,"template":"","format":"standard","meta":{"footnotes":""},"categories":[1],"tags":[],"class_list":["post-156","post","type-post","status-publish","format-standard","has-post-thumbnail","hentry","category-politique"],"yoast_head":"<!-- This site is optimized with the Yoast SEO plugin v28.4 - https:\/\/yoast.com\/product\/yoast-seo-wordpress\/ -->\n<title>FORMATION\u00a0ITIN\u00c9RANTE : Politique, s\u00e9curit\u00e9, paix et d\u00e9veloppement, au menu des \u00e9changes entre le Gal Yark et les populations de Mandouri et Cinkass\u00e9 -<\/title>\n<meta name=\"robots\" content=\"index, follow, max-snippet:-1, max-image-preview:large, max-video-preview:-1\" \/>\n<link rel=\"canonical\" href=\"https:\/\/macite.tg\/?p=156\" \/>\n<meta property=\"og:locale\" content=\"fr_FR\" \/>\n<meta property=\"og:type\" content=\"article\" \/>\n<meta property=\"og:title\" content=\"FORMATION\u00a0ITIN\u00c9RANTE : Politique, s\u00e9curit\u00e9, paix et d\u00e9veloppement, au menu des \u00e9changes entre le Gal Yark et les populations de Mandouri et Cinkass\u00e9 -\" \/>\n<meta property=\"og:description\" content=\"C\u2019est dans les moments difficiles qu\u2019on reconnait ses meilleurs amis et alli\u00e9s. Les populations de la r\u00e9gion des Savanes sont, depuis quelques mois, \u00e9prouv\u00e9s par les attaques des groupes arm\u00e9s. C\u2019est le moment choisit parle militants Yark Damehame, pour \u00e9changer avec ces populations. Vendredi 16 [&hellip;]\" \/>\n<meta property=\"og:url\" content=\"https:\/\/macite.tg\/?p=156\" \/>\n<meta property=\"article:published_time\" content=\"2022-09-17T16:15:27+00:00\" \/>\n<meta property=\"article:modified_time\" content=\"2022-09-17T16:20:15+00:00\" \/>\n<meta property=\"og:image\" content=\"https:\/\/macite.tg\/wp-content\/uploads\/2022\/09\/IMG-20220917-WA0033-e1663430688977.jpg\" \/>\n\t<meta property=\"og:image:width\" content=\"900\" \/>\n\t<meta property=\"og:image:height\" content=\"600\" \/>\n\t<meta property=\"og:image:type\" content=\"image\/jpeg\" \/>\n<meta name=\"author\" content=\"Jean Pierre BAWELA\" \/>\n<meta name=\"twitter:card\" content=\"summary_large_image\" \/>\n<meta name=\"twitter:label1\" content=\"\u00c9crit par\" \/>\n\t<meta name=\"twitter:data1\" content=\"Jean Pierre BAWELA\" \/>\n\t<meta name=\"twitter:label2\" content=\"Dur\u00e9e de lecture estim\u00e9e\" \/>\n\t<meta name=\"twitter:data2\" content=\"2 minutes\" \/>\n<script type=\"application\/ld+json\" class=\"yoast-schema-graph\">{\"@context\":\"https:\\\/\\\/schema.org\",\"@graph\":[{\"@type\":\"Article\",\"@id\":\"https:\\\/\\\/macite.tg\\\/?p=156#article\",\"isPartOf\":{\"@id\":\"https:\\\/\\\/macite.tg\\\/?p=156\"},\"author\":{\"name\":\"Jean Pierre BAWELA\",\"@id\":\"https:\\\/\\\/macite.tg\\\/#\\\/schema\\\/person\\\/e9f2de7e5dbbe7770a9402c7ce82f5c2\"},\"headline\":\"FORMATION\u00a0ITIN\u00c9RANTE : Politique, s\u00e9curit\u00e9, paix et d\u00e9veloppement, au menu des \u00e9changes entre le Gal Yark et les populations de Mandouri et Cinkass\u00e9\",\"datePublished\":\"2022-09-17T16:15:27+00:00\",\"dateModified\":\"2022-09-17T16:20:15+00:00\",\"mainEntityOfPage\":{\"@id\":\"https:\\\/\\\/macite.tg\\\/?p=156\"},\"wordCount\":234,\"commentCount\":0,\"image\":{\"@id\":\"https:\\\/\\\/macite.tg\\\/?p=156#primaryimage\"},\"thumbnailUrl\":\"https:\\\/\\\/macite.tg\\\/wp-content\\\/uploads\\\/2022\\\/09\\\/IMG-20220917-WA0033-e1663430688977.jpg\",\"articleSection\":[\"POLITIQUE\"],\"inLanguage\":\"fr-FR\",\"potentialAction\":[{\"@type\":\"CommentAction\",\"name\":\"Comment\",\"target\":[\"https:\\\/\\\/macite.tg\\\/?p=156#respond\"]}]},{\"@type\":\"WebPage\",\"@id\":\"https:\\\/\\\/macite.tg\\\/?p=156\",\"url\":\"https:\\\/\\\/macite.tg\\\/?p=156\",\"name\":\"FORMATION\u00a0ITIN\u00c9RANTE : Politique, s\u00e9curit\u00e9, paix et d\u00e9veloppement, au menu des \u00e9changes entre le Gal Yark et les populations de Mandouri et Cinkass\u00e9 -\",\"isPartOf\":{\"@id\":\"https:\\\/\\\/macite.tg\\\/#website\"},\"primaryImageOfPage\":{\"@id\":\"https:\\\/\\\/macite.tg\\\/?p=156#primaryimage\"},\"image\":{\"@id\":\"https:\\\/\\\/macite.tg\\\/?p=156#primaryimage\"},\"thumbnailUrl\":\"https:\\\/\\\/macite.tg\\\/wp-content\\\/uploads\\\/2022\\\/09\\\/IMG-20220917-WA0033-e1663430688977.jpg\",\"datePublished\":\"2022-09-17T16:15:27+00:00\",\"dateModified\":\"2022-09-17T16:20:15+00:00\",\"author\":{\"@id\":\"https:\\\/\\\/macite.tg\\\/#\\\/schema\\\/person\\\/e9f2de7e5dbbe7770a9402c7ce82f5c2\"},\"breadcrumb\":{\"@id\":\"https:\\\/\\\/macite.tg\\\/?p=156#breadcrumb\"},\"inLanguage\":\"fr-FR\",\"potentialAction\":[{\"@type\":\"ReadAction\",\"target\":[\"https:\\\/\\\/macite.tg\\\/?p=156\"]}]},{\"@type\":\"ImageObject\",\"inLanguage\":\"fr-FR\",\"@id\":\"https:\\\/\\\/macite.tg\\\/?p=156#primaryimage\",\"url\":\"https:\\\/\\\/macite.tg\\\/wp-content\\\/uploads\\\/2022\\\/09\\\/IMG-20220917-WA0033-e1663430688977.jpg\",\"contentUrl\":\"https:\\\/\\\/macite.tg\\\/wp-content\\\/uploads\\\/2022\\\/09\\\/IMG-20220917-WA0033-e1663430688977.jpg\",\"width\":900,\"height\":600,\"caption\":\"Le Gal Yark Damehame (debout) \u00e9changeant avec l'assistance...\"},{\"@type\":\"BreadcrumbList\",\"@id\":\"https:\\\/\\\/macite.tg\\\/?p=156#breadcrumb\",\"itemListElement\":[{\"@type\":\"ListItem\",\"position\":1,\"name\":\"Accueil\",\"item\":\"https:\\\/\\\/macite.tg\\\/\"},{\"@type\":\"ListItem\",\"position\":2,\"name\":\"FORMATION\u00a0ITIN\u00c9RANTE : Politique, s\u00e9curit\u00e9, paix et d\u00e9veloppement, au menu des \u00e9changes entre le Gal Yark et les populations de Mandouri et Cinkass\u00e9\"}]},{\"@type\":\"WebSite\",\"@id\":\"https:\\\/\\\/macite.tg\\\/#website\",\"url\":\"https:\\\/\\\/macite.tg\\\/\",\"name\":\"\",\"description\":\"L&#039;information, la bonne!!!\",\"potentialAction\":[{\"@type\":\"SearchAction\",\"target\":{\"@type\":\"EntryPoint\",\"urlTemplate\":\"https:\\\/\\\/macite.tg\\\/?s={search_term_string}\"},\"query-input\":{\"@type\":\"PropertyValueSpecification\",\"valueRequired\":true,\"valueName\":\"search_term_string\"}}],\"inLanguage\":\"fr-FR\"},{\"@type\":\"Person\",\"@id\":\"https:\\\/\\\/macite.tg\\\/#\\\/schema\\\/person\\\/e9f2de7e5dbbe7770a9402c7ce82f5c2\",\"name\":\"Jean Pierre BAWELA\",\"image\":{\"@type\":\"ImageObject\",\"inLanguage\":\"fr-FR\",\"@id\":\"https:\\\/\\\/macite.tg\\\/wp-content\\\/uploads\\\/2023\\\/09\\\/WhatsApp-Image-2023-09-19-at-14.44.41-122x122.jpeg\",\"url\":\"https:\\\/\\\/macite.tg\\\/wp-content\\\/uploads\\\/2023\\\/09\\\/WhatsApp-Image-2023-09-19-at-14.44.41-122x122.jpeg\",\"contentUrl\":\"https:\\\/\\\/macite.tg\\\/wp-content\\\/uploads\\\/2023\\\/09\\\/WhatsApp-Image-2023-09-19-at-14.44.41-122x122.jpeg\",\"caption\":\"Jean Pierre BAWELA\"},\"url\":\"https:\\\/\\\/macite.tg\\\/?author=2\"}]}<\/script>\n<!-- \/ Yoast SEO plugin. -->","yoast_head_json":{"title":"FORMATION\u00a0ITIN\u00c9RANTE : Politique, s\u00e9curit\u00e9, paix et d\u00e9veloppement, au menu des \u00e9changes entre le Gal Yark et les populations de Mandouri et Cinkass\u00e9 -","robots":{"index":"index","follow":"follow","max-snippet":"max-snippet:-1","max-image-preview":"max-image-preview:large","max-video-preview":"max-video-preview:-1"},"canonical":"https:\/\/macite.tg\/?p=156","og_locale":"fr_FR","og_type":"article","og_title":"FORMATION\u00a0ITIN\u00c9RANTE : Politique, s\u00e9curit\u00e9, paix et d\u00e9veloppement, au menu des \u00e9changes entre le Gal Yark et les populations de Mandouri et Cinkass\u00e9 -","og_description":"C\u2019est dans les moments difficiles qu\u2019on reconnait ses meilleurs amis et alli\u00e9s. Les populations de la r\u00e9gion des Savanes sont, depuis quelques mois, \u00e9prouv\u00e9s par les attaques des groupes arm\u00e9s. C\u2019est le moment choisit parle militants Yark Damehame, pour \u00e9changer avec ces populations. Vendredi 16 [&hellip;]","og_url":"https:\/\/macite.tg\/?p=156","article_published_time":"2022-09-17T16:15:27+00:00","article_modified_time":"2022-09-17T16:20:15+00:00","og_image":[{"width":900,"height":600,"url":"https:\/\/macite.tg\/wp-content\/uploads\/2022\/09\/IMG-20220917-WA0033-e1663430688977.jpg","type":"image\/jpeg"}],"author":"Jean Pierre BAWELA","twitter_card":"summary_large_image","twitter_misc":{"\u00c9crit par":"Jean Pierre BAWELA","Dur\u00e9e de lecture estim\u00e9e":"2 minutes"},"schema":{"@context":"https:\/\/schema.org","@graph":[{"@type":"Article","@id":"https:\/\/macite.tg\/?p=156#article","isPartOf":{"@id":"https:\/\/macite.tg\/?p=156"},"author":{"name":"Jean Pierre BAWELA","@id":"https:\/\/macite.tg\/#\/schema\/person\/e9f2de7e5dbbe7770a9402c7ce82f5c2"},"headline":"FORMATION\u00a0ITIN\u00c9RANTE : Politique, s\u00e9curit\u00e9, paix et d\u00e9veloppement, au menu des \u00e9changes entre le Gal Yark et les populations de Mandouri et Cinkass\u00e9","datePublished":"2022-09-17T16:15:27+00:00","dateModified":"2022-09-17T16:20:15+00:00","mainEntityOfPage":{"@id":"https:\/\/macite.tg\/?p=156"},"wordCount":234,"commentCount":0,"image":{"@id":"https:\/\/macite.tg\/?p=156#primaryimage"},"thumbnailUrl":"https:\/\/macite.tg\/wp-content\/uploads\/2022\/09\/IMG-20220917-WA0033-e1663430688977.jpg","articleSection":["POLITIQUE"],"inLanguage":"fr-FR","potentialAction":[{"@type":"CommentAction","name":"Comment","target":["https:\/\/macite.tg\/?p=156#respond"]}]},{"@type":"WebPage","@id":"https:\/\/macite.tg\/?p=156","url":"https:\/\/macite.tg\/?p=156","name":"FORMATION\u00a0ITIN\u00c9RANTE : Politique, s\u00e9curit\u00e9, paix et d\u00e9veloppement, au menu des \u00e9changes entre le Gal Yark et les populations de Mandouri et Cinkass\u00e9 -","isPartOf":{"@id":"https:\/\/macite.tg\/#website"},"primaryImageOfPage":{"@id":"https:\/\/macite.tg\/?p=156#primaryimage"},"image":{"@id":"https:\/\/macite.tg\/?p=156#primaryimage"},"thumbnailUrl":"https:\/\/macite.tg\/wp-content\/uploads\/2022\/09\/IMG-20220917-WA0033-e1663430688977.jpg","datePublished":"2022-09-17T16:15:27+00:00","dateModified":"2022-09-17T16:20:15+00:00","author":{"@id":"https:\/\/macite.tg\/#\/schema\/person\/e9f2de7e5dbbe7770a9402c7ce82f5c2"},"breadcrumb":{"@id":"https:\/\/macite.tg\/?p=156#breadcrumb"},"inLanguage":"fr-FR","potentialAction":[{"@type":"ReadAction","target":["https:\/\/macite.tg\/?p=156"]}]},{"@type":"ImageObject","inLanguage":"fr-FR","@id":"https:\/\/macite.tg\/?p=156#primaryimage","url":"https:\/\/macite.tg\/wp-content\/uploads\/2022\/09\/IMG-20220917-WA0033-e1663430688977.jpg","contentUrl":"https:\/\/macite.tg\/wp-content\/uploads\/2022\/09\/IMG-20220917-WA0033-e1663430688977.jpg","width":900,"height":600,"caption":"Le Gal Yark Damehame (debout) \u00e9changeant avec l'assistance..."},{"@type":"BreadcrumbList","@id":"https:\/\/macite.tg\/?p=156#breadcrumb","itemListElement":[{"@type":"ListItem","position":1,"name":"Accueil","item":"https:\/\/macite.tg\/"},{"@type":"ListItem","position":2,"name":"FORMATION\u00a0ITIN\u00c9RANTE : Politique, s\u00e9curit\u00e9, paix et d\u00e9veloppement, au menu des \u00e9changes entre le Gal Yark et les populations de Mandouri et Cinkass\u00e9"}]},{"@type":"WebSite","@id":"https:\/\/macite.tg\/#website","url":"https:\/\/macite.tg\/","name":"","description":"L&#039;information, la bonne!!!","potentialAction":[{"@type":"SearchAction","target":{"@type":"EntryPoint","urlTemplate":"https:\/\/macite.tg\/?s={search_term_string}"},"query-input":{"@type":"PropertyValueSpecification","valueRequired":true,"valueName":"search_term_string"}}],"inLanguage":"fr-FR"},{"@type":"Person","@id":"https:\/\/macite.tg\/#\/schema\/person\/e9f2de7e5dbbe7770a9402c7ce82f5c2","name":"Jean Pierre BAWELA","image":{"@type":"ImageObject","inLanguage":"fr-FR","@id":"https:\/\/macite.tg\/wp-content\/uploads\/2023\/09\/WhatsApp-Image-2023-09-19-at-14.44.41-122x122.jpeg","url":"https:\/\/macite.tg\/wp-content\/uploads\/2023\/09\/WhatsApp-Image-2023-09-19-at-14.44.41-122x122.jpeg","contentUrl":"https:\/\/macite.tg\/wp-content\/uploads\/2023\/09\/WhatsApp-Image-2023-09-19-at-14.44.41-122x122.jpeg","caption":"Jean Pierre BAWELA"},"url":"https:\/\/macite.tg\/?author=2"}]}},"_links":{"self":[{"href":"https:\/\/macite.tg\/index.php?rest_route=\/wp\/v2\/posts\/156","targetHints":{"allow":["GET"]}}],"collection":[{"href":"https:\/\/macite.tg\/index.php?rest_route=\/wp\/v2\/posts"}],"about":[{"href":"https:\/\/macite.tg\/index.php?rest_route=\/wp\/v2\/types\/post"}],"author":[{"embeddable":true,"href":"https:\/\/macite.tg\/index.php?rest_route=\/wp\/v2\/users\/2"}],"replies":[{"embeddable":true,"href":"https:\/\/macite.tg\/index.php?rest_route=%2Fwp%2Fv2%2Fcomments&post=156"}],"version-history":[{"count":0,"href":"https:\/\/macite.tg\/index.php?rest_route=\/wp\/v2\/posts\/156\/revisions"}],"wp:featuredmedia":[{"embeddable":true,"href":"https:\/\/macite.tg\/index.php?rest_route=\/wp\/v2\/media\/158"}],"wp:attachment":[{"href":"https:\/\/macite.tg\/index.php?rest_route=%2Fwp%2Fv2%2Fmedia&parent=156"}],"wp:term":[{"taxonomy":"category","embeddable":true,"href":"https:\/\/macite.tg\/index.php?rest_route=%2Fwp%2Fv2%2Fcategories&post=156"},{"taxonomy":"post_tag","embeddable":true,"href":"https:\/\/macite.tg\/index.php?rest_route=%2Fwp%2Fv2%2Ftags&post=156"}],"curies":[{"name":"wp","href":"https:\/\/api.w.org\/{rel}","templated":true}]}}