{"id":15341,"date":"2024-07-01T12:07:05","date_gmt":"2024-07-01T12:07:05","guid":{"rendered":"https:\/\/macite.tg\/?p=15341"},"modified":"2024-07-01T12:08:17","modified_gmt":"2024-07-01T12:08:17","slug":"deces-des-pelerins-a-la-mecque-lexecutif-togolais-prend-des-mesures","status":"publish","type":"post","link":"https:\/\/macite.tg\/?p=15341","title":{"rendered":"DECES DES PELERINS A LA MECQUE\u00a0: L\u2019ex\u00e9cutif togolais prend des mesures\u2026"},"content":{"rendered":"\n<p class=\"wp-block-paragraph\"><strong><em>Le p\u00e8lerinage \u00e0 la Mecque (Hadj) cette ann\u00e9e a connu une page noire avec le d\u00e9c\u00e8s de plusieurs centaines de p\u00e8lerins. Selon les chiffres officiels, plus de 1.300 p\u00e8lerins ont trouv\u00e9 la mort lors de ce grand p\u00e8lerinage \u00e0 la Mecque, du fait de la d\u00e9shydratation et de maladies respiratoires dont le covid19.<\/em><\/strong><\/p>\n\n\n\n<p class=\"wp-block-paragraph\">Dans l\u2019optique de prot\u00e9ger les p\u00e8lerins togolais, l\u2019ex\u00e9cutif togolais a pris une batterie de mesures. Ainsi, les p\u00e8lerins feront l\u2019objet de contr\u00f4les sanitaires renforcer afin de garantir un retour s\u00e9curis\u00e9 au pays.<\/p>\n\n\n<div class=\"wp-block-image\">\n<figure class=\"aligncenter size-full is-resized\"><img loading=\"lazy\" decoding=\"async\" src=\"https:\/\/macite.tg\/wp-content\/uploads\/2024\/06\/IMG-20240313-WA0013-1.jpg\" alt=\"\" class=\"wp-image-15175\" width=\"845\" height=\"208\" srcset=\"https:\/\/macite.tg\/wp-content\/uploads\/2024\/06\/IMG-20240313-WA0013-1.jpg 690w, https:\/\/macite.tg\/wp-content\/uploads\/2024\/06\/IMG-20240313-WA0013-1-300x74.jpg 300w\" sizes=\"auto, (max-width: 845px) 100vw, 845px\" \/><\/figure>\n<\/div>\n\n\n<p class=\"wp-block-paragraph\">En plus de mettre \u00e0 leur disposition, au d\u00e9part de Jeddah, des masques et autres mat\u00e9riels sans oublier le rappel des mesures pr\u00e9ventives, un contr\u00f4le sanitaire sera effectu\u00e9 avec le d\u00e9pistage syst\u00e9matique du covid19, \u00e0 leur arriv\u00e9e \u00e0 Lom\u00e9.<\/p>\n\n\n\n<p class=\"wp-block-paragraph\">Ces mesures sanitaires seront renforc\u00e9es durant le s\u00e9jour des p\u00e8lerins \u00e0 la Maison du Hadj o\u00f9 il sera recommand\u00e9 l\u2019observation des mesures sp\u00e9cifiques, notamment la limitation des contacts, le port de masque, la limitation des rassemblements.<\/p>\n\n\n\n<p class=\"wp-block-paragraph\">Le gouvernement demande \u00e9galement aux familles des p\u00e8lerins d\u2019\u00e9viter de se rendre \u00e0 l\u2019a\u00e9roport Gnassingb\u00e9 Eyad\u00e9ma de Lom\u00e9 pour accueillir les parents mais \u00e9galement \u00e0 la Maison du Hadj. En cas de suspicion de maladie respiratoire, notamment en cas de toux, mal de gorge, difficult\u00e9 \u00e0 respirer, etc. il est conseill\u00e9 de se rendre dans une formation sanitaire pour la prise en charge.<\/p>\n\n\n<div class=\"wp-block-image\">\n<figure class=\"aligncenter size-full is-resized\"><img loading=\"lazy\" decoding=\"async\" src=\"https:\/\/macite.tg\/wp-content\/uploads\/2024\/06\/Centre-dappel.jpg\" alt=\"\" class=\"wp-image-15245\" width=\"557\" height=\"557\" srcset=\"https:\/\/macite.tg\/wp-content\/uploads\/2024\/06\/Centre-dappel.jpg 1024w, https:\/\/macite.tg\/wp-content\/uploads\/2024\/06\/Centre-dappel-300x300.jpg 300w, https:\/\/macite.tg\/wp-content\/uploads\/2024\/06\/Centre-dappel-150x150.jpg 150w, https:\/\/macite.tg\/wp-content\/uploads\/2024\/06\/Centre-dappel-768x768.jpg 768w, https:\/\/macite.tg\/wp-content\/uploads\/2024\/06\/Centre-dappel-122x122.jpg 122w\" sizes=\"auto, (max-width: 557px) 100vw, 557px\" \/><\/figure>\n<\/div>\n\n\n<p class=\"wp-block-paragraph\">Notons que pour cette ann\u00e9e 2024, ils sont plus de 2500 p\u00e8lerin togolais \u00e0 prendre part au Hadj \u00e0 la Mecque en Arabie Saoudite.<\/p>\n\n\n\n<p class=\"wp-block-paragraph\"><strong>JPB<\/strong><\/p>\n\n\n\n<p class=\"wp-block-paragraph\"><a><strong><em>@macite.tg&nbsp;&nbsp;&nbsp;&nbsp;&nbsp;&nbsp;&nbsp;&nbsp;<\/em><\/strong><\/a><\/p>\n\n\n\n<p class=\"wp-block-paragraph\"><strong><em>E-mail&nbsp;: <\/em><\/strong><a href=\"mailto:maciteinfo@gmail.com\"><em>maciteinfo@gmail.com<\/em><\/a><strong><em>; <\/em><\/strong><a href=\"mailto:bawela1@gmail.com\"><em>bawela1@gmail.com<\/em><\/a><em><\/em><\/p>\n\n\n\n<p class=\"wp-block-paragraph\"><strong><em>Pour vos annonces, (publi)reportages, etc., joignez-nous au (00228)91515309\/<strong>79872224 <\/strong>www.macite.tg, L\u2019information, la bonne&nbsp;!<\/em><\/strong><\/p>\n","protected":false},"excerpt":{"rendered":"<p class=\"text-justify mb-2\" >Le p\u00e8lerinage \u00e0 la Mecque (Hadj) cette ann\u00e9e a connu une page noire avec le d\u00e9c\u00e8s de plusieurs centaines de p\u00e8lerins. Selon les chiffres officiels, plus de 1.300 p\u00e8lerins ont trouv\u00e9 la mort lors de ce grand p\u00e8lerinage \u00e0 la Mecque, du fait de la [&hellip;]<\/p>\n","protected":false},"author":2,"featured_media":15345,"comment_status":"open","ping_status":"open","sticky":false,"template":"","format":"standard","meta":{"footnotes":""},"categories":[20,40],"tags":[],"class_list":["post-15341","post","type-post","status-publish","format-standard","has-post-thumbnail","hentry","category-actualite","category-religion"],"yoast_head":"<!-- This site is optimized with the Yoast SEO plugin v28.4 - https:\/\/yoast.com\/product\/yoast-seo-wordpress\/ -->\n<title>DECES DES PELERINS A LA MECQUE\u00a0: L\u2019ex\u00e9cutif togolais prend des mesures\u2026 -<\/title>\n<meta name=\"robots\" content=\"index, follow, max-snippet:-1, max-image-preview:large, max-video-preview:-1\" \/>\n<link rel=\"canonical\" href=\"https:\/\/macite.tg\/?p=15341\" \/>\n<meta property=\"og:locale\" content=\"fr_FR\" \/>\n<meta property=\"og:type\" content=\"article\" \/>\n<meta property=\"og:title\" content=\"DECES DES PELERINS A LA MECQUE\u00a0: L\u2019ex\u00e9cutif togolais prend des mesures\u2026 -\" \/>\n<meta property=\"og:description\" content=\"Le p\u00e8lerinage \u00e0 la Mecque (Hadj) cette ann\u00e9e a connu une page noire avec le d\u00e9c\u00e8s de plusieurs centaines de p\u00e8lerins. Selon les chiffres officiels, plus de 1.300 p\u00e8lerins ont trouv\u00e9 la mort lors de ce grand p\u00e8lerinage \u00e0 la Mecque, du fait de la [&hellip;]\" \/>\n<meta property=\"og:url\" content=\"https:\/\/macite.tg\/?p=15341\" \/>\n<meta property=\"article:published_time\" content=\"2024-07-01T12:07:05+00:00\" \/>\n<meta property=\"article:modified_time\" content=\"2024-07-01T12:08:17+00:00\" \/>\n<meta property=\"og:image\" content=\"https:\/\/macite.tg\/wp-content\/uploads\/2024\/07\/Hadj.jpg\" \/>\n\t<meta property=\"og:image:width\" content=\"500\" \/>\n\t<meta property=\"og:image:height\" content=\"313\" \/>\n\t<meta property=\"og:image:type\" content=\"image\/jpeg\" \/>\n<meta name=\"author\" content=\"Jean Pierre BAWELA\" \/>\n<meta name=\"twitter:card\" content=\"summary_large_image\" \/>\n<meta name=\"twitter:label1\" content=\"\u00c9crit par\" \/>\n\t<meta name=\"twitter:data1\" content=\"Jean Pierre BAWELA\" \/>\n\t<meta name=\"twitter:label2\" content=\"Dur\u00e9e de lecture estim\u00e9e\" \/>\n\t<meta name=\"twitter:data2\" content=\"2 minutes\" \/>\n<script type=\"application\/ld+json\" class=\"yoast-schema-graph\">{\"@context\":\"https:\\\/\\\/schema.org\",\"@graph\":[{\"@type\":\"Article\",\"@id\":\"https:\\\/\\\/macite.tg\\\/?p=15341#article\",\"isPartOf\":{\"@id\":\"https:\\\/\\\/macite.tg\\\/?p=15341\"},\"author\":{\"name\":\"Jean Pierre BAWELA\",\"@id\":\"https:\\\/\\\/macite.tg\\\/#\\\/schema\\\/person\\\/e9f2de7e5dbbe7770a9402c7ce82f5c2\"},\"headline\":\"DECES DES PELERINS A LA MECQUE\u00a0: L\u2019ex\u00e9cutif togolais prend des mesures\u2026\",\"datePublished\":\"2024-07-01T12:07:05+00:00\",\"dateModified\":\"2024-07-01T12:08:17+00:00\",\"mainEntityOfPage\":{\"@id\":\"https:\\\/\\\/macite.tg\\\/?p=15341\"},\"wordCount\":317,\"commentCount\":0,\"image\":{\"@id\":\"https:\\\/\\\/macite.tg\\\/?p=15341#primaryimage\"},\"thumbnailUrl\":\"https:\\\/\\\/macite.tg\\\/wp-content\\\/uploads\\\/2024\\\/07\\\/Hadj.jpg\",\"articleSection\":[\"ACTUALITE\",\"RELIGION\"],\"inLanguage\":\"fr-FR\",\"potentialAction\":[{\"@type\":\"CommentAction\",\"name\":\"Comment\",\"target\":[\"https:\\\/\\\/macite.tg\\\/?p=15341#respond\"]}]},{\"@type\":\"WebPage\",\"@id\":\"https:\\\/\\\/macite.tg\\\/?p=15341\",\"url\":\"https:\\\/\\\/macite.tg\\\/?p=15341\",\"name\":\"DECES DES PELERINS A LA MECQUE\u00a0: L\u2019ex\u00e9cutif togolais prend des mesures\u2026 -\",\"isPartOf\":{\"@id\":\"https:\\\/\\\/macite.tg\\\/#website\"},\"primaryImageOfPage\":{\"@id\":\"https:\\\/\\\/macite.tg\\\/?p=15341#primaryimage\"},\"image\":{\"@id\":\"https:\\\/\\\/macite.tg\\\/?p=15341#primaryimage\"},\"thumbnailUrl\":\"https:\\\/\\\/macite.tg\\\/wp-content\\\/uploads\\\/2024\\\/07\\\/Hadj.jpg\",\"datePublished\":\"2024-07-01T12:07:05+00:00\",\"dateModified\":\"2024-07-01T12:08:17+00:00\",\"author\":{\"@id\":\"https:\\\/\\\/macite.tg\\\/#\\\/schema\\\/person\\\/e9f2de7e5dbbe7770a9402c7ce82f5c2\"},\"breadcrumb\":{\"@id\":\"https:\\\/\\\/macite.tg\\\/?p=15341#breadcrumb\"},\"inLanguage\":\"fr-FR\",\"potentialAction\":[{\"@type\":\"ReadAction\",\"target\":[\"https:\\\/\\\/macite.tg\\\/?p=15341\"]}]},{\"@type\":\"ImageObject\",\"inLanguage\":\"fr-FR\",\"@id\":\"https:\\\/\\\/macite.tg\\\/?p=15341#primaryimage\",\"url\":\"https:\\\/\\\/macite.tg\\\/wp-content\\\/uploads\\\/2024\\\/07\\\/Hadj.jpg\",\"contentUrl\":\"https:\\\/\\\/macite.tg\\\/wp-content\\\/uploads\\\/2024\\\/07\\\/Hadj.jpg\",\"width\":500,\"height\":313,\"caption\":\"Des p\u00e8lerins \u00e0 la Mecque.\"},{\"@type\":\"BreadcrumbList\",\"@id\":\"https:\\\/\\\/macite.tg\\\/?p=15341#breadcrumb\",\"itemListElement\":[{\"@type\":\"ListItem\",\"position\":1,\"name\":\"Accueil\",\"item\":\"https:\\\/\\\/macite.tg\\\/\"},{\"@type\":\"ListItem\",\"position\":2,\"name\":\"DECES DES PELERINS A LA MECQUE\u00a0: L\u2019ex\u00e9cutif togolais prend des mesures\u2026\"}]},{\"@type\":\"WebSite\",\"@id\":\"https:\\\/\\\/macite.tg\\\/#website\",\"url\":\"https:\\\/\\\/macite.tg\\\/\",\"name\":\"\",\"description\":\"L&#039;information, la bonne!!!\",\"potentialAction\":[{\"@type\":\"SearchAction\",\"target\":{\"@type\":\"EntryPoint\",\"urlTemplate\":\"https:\\\/\\\/macite.tg\\\/?s={search_term_string}\"},\"query-input\":{\"@type\":\"PropertyValueSpecification\",\"valueRequired\":true,\"valueName\":\"search_term_string\"}}],\"inLanguage\":\"fr-FR\"},{\"@type\":\"Person\",\"@id\":\"https:\\\/\\\/macite.tg\\\/#\\\/schema\\\/person\\\/e9f2de7e5dbbe7770a9402c7ce82f5c2\",\"name\":\"Jean Pierre BAWELA\",\"image\":{\"@type\":\"ImageObject\",\"inLanguage\":\"fr-FR\",\"@id\":\"https:\\\/\\\/macite.tg\\\/wp-content\\\/uploads\\\/2023\\\/09\\\/WhatsApp-Image-2023-09-19-at-14.44.41-122x122.jpeg\",\"url\":\"https:\\\/\\\/macite.tg\\\/wp-content\\\/uploads\\\/2023\\\/09\\\/WhatsApp-Image-2023-09-19-at-14.44.41-122x122.jpeg\",\"contentUrl\":\"https:\\\/\\\/macite.tg\\\/wp-content\\\/uploads\\\/2023\\\/09\\\/WhatsApp-Image-2023-09-19-at-14.44.41-122x122.jpeg\",\"caption\":\"Jean Pierre BAWELA\"},\"url\":\"https:\\\/\\\/macite.tg\\\/?author=2\"}]}<\/script>\n<!-- \/ Yoast SEO plugin. -->","yoast_head_json":{"title":"DECES DES PELERINS A LA MECQUE\u00a0: L\u2019ex\u00e9cutif togolais prend des mesures\u2026 -","robots":{"index":"index","follow":"follow","max-snippet":"max-snippet:-1","max-image-preview":"max-image-preview:large","max-video-preview":"max-video-preview:-1"},"canonical":"https:\/\/macite.tg\/?p=15341","og_locale":"fr_FR","og_type":"article","og_title":"DECES DES PELERINS A LA MECQUE\u00a0: L\u2019ex\u00e9cutif togolais prend des mesures\u2026 -","og_description":"Le p\u00e8lerinage \u00e0 la Mecque (Hadj) cette ann\u00e9e a connu une page noire avec le d\u00e9c\u00e8s de plusieurs centaines de p\u00e8lerins. Selon les chiffres officiels, plus de 1.300 p\u00e8lerins ont trouv\u00e9 la mort lors de ce grand p\u00e8lerinage \u00e0 la Mecque, du fait de la [&hellip;]","og_url":"https:\/\/macite.tg\/?p=15341","article_published_time":"2024-07-01T12:07:05+00:00","article_modified_time":"2024-07-01T12:08:17+00:00","og_image":[{"width":500,"height":313,"url":"https:\/\/macite.tg\/wp-content\/uploads\/2024\/07\/Hadj.jpg","type":"image\/jpeg"}],"author":"Jean Pierre BAWELA","twitter_card":"summary_large_image","twitter_misc":{"\u00c9crit par":"Jean Pierre BAWELA","Dur\u00e9e de lecture estim\u00e9e":"2 minutes"},"schema":{"@context":"https:\/\/schema.org","@graph":[{"@type":"Article","@id":"https:\/\/macite.tg\/?p=15341#article","isPartOf":{"@id":"https:\/\/macite.tg\/?p=15341"},"author":{"name":"Jean Pierre BAWELA","@id":"https:\/\/macite.tg\/#\/schema\/person\/e9f2de7e5dbbe7770a9402c7ce82f5c2"},"headline":"DECES DES PELERINS A LA MECQUE\u00a0: L\u2019ex\u00e9cutif togolais prend des mesures\u2026","datePublished":"2024-07-01T12:07:05+00:00","dateModified":"2024-07-01T12:08:17+00:00","mainEntityOfPage":{"@id":"https:\/\/macite.tg\/?p=15341"},"wordCount":317,"commentCount":0,"image":{"@id":"https:\/\/macite.tg\/?p=15341#primaryimage"},"thumbnailUrl":"https:\/\/macite.tg\/wp-content\/uploads\/2024\/07\/Hadj.jpg","articleSection":["ACTUALITE","RELIGION"],"inLanguage":"fr-FR","potentialAction":[{"@type":"CommentAction","name":"Comment","target":["https:\/\/macite.tg\/?p=15341#respond"]}]},{"@type":"WebPage","@id":"https:\/\/macite.tg\/?p=15341","url":"https:\/\/macite.tg\/?p=15341","name":"DECES DES PELERINS A LA MECQUE\u00a0: L\u2019ex\u00e9cutif togolais prend des mesures\u2026 -","isPartOf":{"@id":"https:\/\/macite.tg\/#website"},"primaryImageOfPage":{"@id":"https:\/\/macite.tg\/?p=15341#primaryimage"},"image":{"@id":"https:\/\/macite.tg\/?p=15341#primaryimage"},"thumbnailUrl":"https:\/\/macite.tg\/wp-content\/uploads\/2024\/07\/Hadj.jpg","datePublished":"2024-07-01T12:07:05+00:00","dateModified":"2024-07-01T12:08:17+00:00","author":{"@id":"https:\/\/macite.tg\/#\/schema\/person\/e9f2de7e5dbbe7770a9402c7ce82f5c2"},"breadcrumb":{"@id":"https:\/\/macite.tg\/?p=15341#breadcrumb"},"inLanguage":"fr-FR","potentialAction":[{"@type":"ReadAction","target":["https:\/\/macite.tg\/?p=15341"]}]},{"@type":"ImageObject","inLanguage":"fr-FR","@id":"https:\/\/macite.tg\/?p=15341#primaryimage","url":"https:\/\/macite.tg\/wp-content\/uploads\/2024\/07\/Hadj.jpg","contentUrl":"https:\/\/macite.tg\/wp-content\/uploads\/2024\/07\/Hadj.jpg","width":500,"height":313,"caption":"Des p\u00e8lerins \u00e0 la Mecque."},{"@type":"BreadcrumbList","@id":"https:\/\/macite.tg\/?p=15341#breadcrumb","itemListElement":[{"@type":"ListItem","position":1,"name":"Accueil","item":"https:\/\/macite.tg\/"},{"@type":"ListItem","position":2,"name":"DECES DES PELERINS A LA MECQUE\u00a0: L\u2019ex\u00e9cutif togolais prend des mesures\u2026"}]},{"@type":"WebSite","@id":"https:\/\/macite.tg\/#website","url":"https:\/\/macite.tg\/","name":"","description":"L&#039;information, la bonne!!!","potentialAction":[{"@type":"SearchAction","target":{"@type":"EntryPoint","urlTemplate":"https:\/\/macite.tg\/?s={search_term_string}"},"query-input":{"@type":"PropertyValueSpecification","valueRequired":true,"valueName":"search_term_string"}}],"inLanguage":"fr-FR"},{"@type":"Person","@id":"https:\/\/macite.tg\/#\/schema\/person\/e9f2de7e5dbbe7770a9402c7ce82f5c2","name":"Jean Pierre BAWELA","image":{"@type":"ImageObject","inLanguage":"fr-FR","@id":"https:\/\/macite.tg\/wp-content\/uploads\/2023\/09\/WhatsApp-Image-2023-09-19-at-14.44.41-122x122.jpeg","url":"https:\/\/macite.tg\/wp-content\/uploads\/2023\/09\/WhatsApp-Image-2023-09-19-at-14.44.41-122x122.jpeg","contentUrl":"https:\/\/macite.tg\/wp-content\/uploads\/2023\/09\/WhatsApp-Image-2023-09-19-at-14.44.41-122x122.jpeg","caption":"Jean Pierre BAWELA"},"url":"https:\/\/macite.tg\/?author=2"}]}},"_links":{"self":[{"href":"https:\/\/macite.tg\/index.php?rest_route=\/wp\/v2\/posts\/15341","targetHints":{"allow":["GET"]}}],"collection":[{"href":"https:\/\/macite.tg\/index.php?rest_route=\/wp\/v2\/posts"}],"about":[{"href":"https:\/\/macite.tg\/index.php?rest_route=\/wp\/v2\/types\/post"}],"author":[{"embeddable":true,"href":"https:\/\/macite.tg\/index.php?rest_route=\/wp\/v2\/users\/2"}],"replies":[{"embeddable":true,"href":"https:\/\/macite.tg\/index.php?rest_route=%2Fwp%2Fv2%2Fcomments&post=15341"}],"version-history":[{"count":0,"href":"https:\/\/macite.tg\/index.php?rest_route=\/wp\/v2\/posts\/15341\/revisions"}],"wp:featuredmedia":[{"embeddable":true,"href":"https:\/\/macite.tg\/index.php?rest_route=\/wp\/v2\/media\/15345"}],"wp:attachment":[{"href":"https:\/\/macite.tg\/index.php?rest_route=%2Fwp%2Fv2%2Fmedia&parent=15341"}],"wp:term":[{"taxonomy":"category","embeddable":true,"href":"https:\/\/macite.tg\/index.php?rest_route=%2Fwp%2Fv2%2Fcategories&post=15341"},{"taxonomy":"post_tag","embeddable":true,"href":"https:\/\/macite.tg\/index.php?rest_route=%2Fwp%2Fv2%2Ftags&post=15341"}],"curies":[{"name":"wp","href":"https:\/\/api.w.org\/{rel}","templated":true}]}}