{"id":15338,"date":"2024-06-28T18:20:09","date_gmt":"2024-06-28T18:20:09","guid":{"rendered":"https:\/\/macite.tg\/?p=15338"},"modified":"2024-06-28T18:20:13","modified_gmt":"2024-06-28T18:20:13","slug":"clinique-des-entrepreneurs-africains-edition-2024-quatre-jours-de-formation-consacres-a-la-promotion-de-lentrepreneuriat-et-au-developpement-durable","status":"publish","type":"post","link":"https:\/\/macite.tg\/?p=15338","title":{"rendered":"CLINIQUE DES ENTREPRENEURS AFRICAINS, EDITION 2024\u00a0: Quatre jours de formation consacr\u00e9s \u00e0 la promotion de l\u2019entrepreneuriat et au d\u00e9veloppement durable"},"content":{"rendered":"\n<p class=\"wp-block-paragraph\"><strong><em>Le monde de jeunes entrepreneurs du Togo est en perp\u00e9tuelle qu\u00eate pour sa maturit\u00e9. Et quoi de mieux que les formations continues pour leur permettre de s\u2019aguerrir et faire cro\u00eetre leur entreprise. Cette ann\u00e9e encore, la Clinique des Entrepreneurs Africains est au rendez-vous, du 26 au 29 juin 2024, avec pour socle, \u00ab une qu\u00eate in\u00e9branlable de promotion de l&rsquo;entrepreneuriat et de d\u00e9veloppement durable\u00a0\u00bb.<\/em><\/strong> <\/p>\n\n\n\n<p class=\"wp-block-paragraph\">Initi\u00e9e par le Collectif des Formateurs et des \u00c9ducateurs d&rsquo;Afrique (Cofeda), l\u2019\u00e9v\u00e9nement qui se d\u00e9roule du 26 au 29 juin 2024, \u00e0 la grande salle de conf\u00e9rence du Stade de K\u00e9gu\u00e9, se veut de <em>\u00ab&nbsp;renforcer les capacit\u00e9s des entrepreneurs africains \u00e0 travers des ateliers interactifs, des conf\u00e9rences inspirantes et des sessions de mentorat \u00e9clair\u00e9es&nbsp;\u00bb.<\/em><\/p>\n\n\n<div class=\"wp-block-image\">\n<figure class=\"aligncenter size-full\"><img loading=\"lazy\" decoding=\"async\" width=\"526\" height=\"526\" src=\"https:\/\/macite.tg\/wp-content\/uploads\/2024\/06\/fisc-Quiz_Semaine-du-24-au-30-Juin-2024.jpg\" alt=\"\" class=\"wp-image-15252\" srcset=\"https:\/\/macite.tg\/wp-content\/uploads\/2024\/06\/fisc-Quiz_Semaine-du-24-au-30-Juin-2024.jpg 526w, https:\/\/macite.tg\/wp-content\/uploads\/2024\/06\/fisc-Quiz_Semaine-du-24-au-30-Juin-2024-300x300.jpg 300w, https:\/\/macite.tg\/wp-content\/uploads\/2024\/06\/fisc-Quiz_Semaine-du-24-au-30-Juin-2024-150x150.jpg 150w, https:\/\/macite.tg\/wp-content\/uploads\/2024\/06\/fisc-Quiz_Semaine-du-24-au-30-Juin-2024-122x122.jpg 122w\" sizes=\"auto, (max-width: 526px) 100vw, 526px\" \/><\/figure>\n<\/div>\n\n\n<p class=\"wp-block-paragraph\">Au menu des quatre jours de formation, des sessions de formations pratiques portant sur divers aspects de la gestion d\u2019entreprise, de la planification strat\u00e9gique \u00e0 la finance en passant par le marketing, mais aussi le mentorat personnalis\u00e9 (afin de b\u00e9n\u00e9ficier des conseils des plus exp\u00e9riment\u00e9s), du r\u00e9seautage opportun dans l\u2019optique d\u2019\u00e9tablir des partenariats strat\u00e9giques pour stimuler la croissance de votre entreprise, d\u00e9veloppement durable sur notre continent cher \u00e0 nos c\u0153urs.<\/p>\n\n\n\n<p class=\"wp-block-paragraph\">Il sera \u00e9galement question au cours de cette rencontre, de cas pratique \u00e0 travers d\u2019outils pratiques, des \u00e9tudes de cas inspirants et des guides de r\u00e9f\u00e9rence.<\/p>\n\n\n<div class=\"wp-block-image\">\n<figure class=\"aligncenter size-full is-resized\"><img loading=\"lazy\" decoding=\"async\" src=\"https:\/\/macite.tg\/wp-content\/uploads\/2024\/06\/Centre-dappel.jpg\" alt=\"\" class=\"wp-image-15245\" width=\"500\" height=\"500\" srcset=\"https:\/\/macite.tg\/wp-content\/uploads\/2024\/06\/Centre-dappel.jpg 1024w, https:\/\/macite.tg\/wp-content\/uploads\/2024\/06\/Centre-dappel-300x300.jpg 300w, https:\/\/macite.tg\/wp-content\/uploads\/2024\/06\/Centre-dappel-150x150.jpg 150w, https:\/\/macite.tg\/wp-content\/uploads\/2024\/06\/Centre-dappel-768x768.jpg 768w, https:\/\/macite.tg\/wp-content\/uploads\/2024\/06\/Centre-dappel-122x122.jpg 122w\" sizes=\"auto, (max-width: 500px) 100vw, 500px\" \/><\/figure>\n<\/div>\n\n\n<p class=\"wp-block-paragraph\">Notons qu\u2019\u00e0 l\u2019ouverture des travaux de cette rencontre qui a connu la pr\u00e9sence de la directrice du Faej, la pr\u00e9sidente de Cofeda, Emilie D\u00e9gb\u00e9, se dit convaincue qu\u2019en <em>\u00ab&nbsp;dotant les entrepreneurs des outils indispensables pour innover, g\u00e9rer avec efficience leurs entreprises et contribuer au d\u00e9veloppement durable, nous cr\u00e9ons un environnement propice \u00e0 la croissance et \u00e0 la prosp\u00e9rit\u00e9&nbsp;\u00bb.<\/em><\/p>\n\n\n\n<p class=\"wp-block-paragraph\"><strong>JPB<\/strong><\/p>\n\n\n\n<p class=\"wp-block-paragraph\"><a><strong><em>@macite.tg&nbsp;&nbsp;&nbsp;&nbsp;&nbsp;&nbsp;&nbsp;&nbsp;<\/em><\/strong><\/a><\/p>\n\n\n\n<p class=\"wp-block-paragraph\"><strong><em>E-mail&nbsp;: <\/em><\/strong><a href=\"mailto:maciteinfo@gmail.com\"><strong><em>maciteinfo@gmail.com<\/em><\/strong><\/a><strong><em>; <\/em><\/strong><a href=\"mailto:bawela1@gmail.com\"><strong><em>bawela1@gmail.com<\/em><\/strong><\/a><strong><em><\/em><\/strong><\/p>\n\n\n\n<p class=\"wp-block-paragraph\"><strong><em>Pour vos annonces, (publi)reportages, etc., joignez-nous au (00228)91515309\/<strong>79872224 <\/strong>www.macite.tg, L\u2019information, la bonne&nbsp;!<\/em><\/strong><\/p>\n","protected":false},"excerpt":{"rendered":"<p class=\"text-justify mb-2\" >Le monde de jeunes entrepreneurs du Togo est en perp\u00e9tuelle qu\u00eate pour sa maturit\u00e9. Et quoi de mieux que les formations continues pour leur permettre de s\u2019aguerrir et faire cro\u00eetre leur entreprise. Cette ann\u00e9e encore, la Clinique des Entrepreneurs Africains est au rendez-vous, du 26 [&hellip;]<\/p>\n","protected":false},"author":2,"featured_media":15339,"comment_status":"open","ping_status":"open","sticky":false,"template":"","format":"standard","meta":{"footnotes":""},"categories":[20,25],"tags":[],"class_list":["post-15338","post","type-post","status-publish","format-standard","has-post-thumbnail","hentry","category-actualite","category-entrepreneuriat"],"yoast_head":"<!-- This site is optimized with the Yoast SEO plugin v28.4 - https:\/\/yoast.com\/product\/yoast-seo-wordpress\/ -->\n<title>CLINIQUE DES ENTREPRENEURS AFRICAINS, EDITION 2024\u00a0: Quatre jours de formation consacr\u00e9s \u00e0 la promotion de l\u2019entrepreneuriat et au d\u00e9veloppement durable -<\/title>\n<meta name=\"robots\" content=\"index, follow, max-snippet:-1, max-image-preview:large, max-video-preview:-1\" \/>\n<link rel=\"canonical\" href=\"https:\/\/macite.tg\/?p=15338\" \/>\n<meta property=\"og:locale\" content=\"fr_FR\" \/>\n<meta property=\"og:type\" content=\"article\" \/>\n<meta property=\"og:title\" content=\"CLINIQUE DES ENTREPRENEURS AFRICAINS, EDITION 2024\u00a0: Quatre jours de formation consacr\u00e9s \u00e0 la promotion de l\u2019entrepreneuriat et au d\u00e9veloppement durable -\" \/>\n<meta property=\"og:description\" content=\"Le monde de jeunes entrepreneurs du Togo est en perp\u00e9tuelle qu\u00eate pour sa maturit\u00e9. Et quoi de mieux que les formations continues pour leur permettre de s\u2019aguerrir et faire cro\u00eetre leur entreprise. Cette ann\u00e9e encore, la Clinique des Entrepreneurs Africains est au rendez-vous, du 26 [&hellip;]\" \/>\n<meta property=\"og:url\" content=\"https:\/\/macite.tg\/?p=15338\" \/>\n<meta property=\"article:published_time\" content=\"2024-06-28T18:20:09+00:00\" \/>\n<meta property=\"article:modified_time\" content=\"2024-06-28T18:20:13+00:00\" \/>\n<meta property=\"og:image\" content=\"https:\/\/macite.tg\/wp-content\/uploads\/2024\/06\/ENtrepreuneur-formation.jpg\" \/>\n\t<meta property=\"og:image:width\" content=\"500\" \/>\n\t<meta property=\"og:image:height\" content=\"232\" \/>\n\t<meta property=\"og:image:type\" content=\"image\/jpeg\" \/>\n<meta name=\"author\" content=\"Jean Pierre BAWELA\" \/>\n<meta name=\"twitter:card\" content=\"summary_large_image\" \/>\n<meta name=\"twitter:label1\" content=\"\u00c9crit par\" \/>\n\t<meta name=\"twitter:data1\" content=\"Jean Pierre BAWELA\" \/>\n\t<meta name=\"twitter:label2\" content=\"Dur\u00e9e de lecture estim\u00e9e\" \/>\n\t<meta name=\"twitter:data2\" content=\"2 minutes\" \/>\n<script type=\"application\/ld+json\" class=\"yoast-schema-graph\">{\"@context\":\"https:\\\/\\\/schema.org\",\"@graph\":[{\"@type\":\"Article\",\"@id\":\"https:\\\/\\\/macite.tg\\\/?p=15338#article\",\"isPartOf\":{\"@id\":\"https:\\\/\\\/macite.tg\\\/?p=15338\"},\"author\":{\"name\":\"Jean Pierre BAWELA\",\"@id\":\"https:\\\/\\\/macite.tg\\\/#\\\/schema\\\/person\\\/e9f2de7e5dbbe7770a9402c7ce82f5c2\"},\"headline\":\"CLINIQUE DES ENTREPRENEURS AFRICAINS, EDITION 2024\u00a0: Quatre jours de formation consacr\u00e9s \u00e0 la promotion de l\u2019entrepreneuriat et au d\u00e9veloppement durable\",\"datePublished\":\"2024-06-28T18:20:09+00:00\",\"dateModified\":\"2024-06-28T18:20:13+00:00\",\"mainEntityOfPage\":{\"@id\":\"https:\\\/\\\/macite.tg\\\/?p=15338\"},\"wordCount\":361,\"commentCount\":0,\"image\":{\"@id\":\"https:\\\/\\\/macite.tg\\\/?p=15338#primaryimage\"},\"thumbnailUrl\":\"https:\\\/\\\/macite.tg\\\/wp-content\\\/uploads\\\/2024\\\/06\\\/ENtrepreuneur-formation.jpg\",\"articleSection\":[\"ACTUALITE\",\"ENTREPRENEURIAT\"],\"inLanguage\":\"fr-FR\",\"potentialAction\":[{\"@type\":\"CommentAction\",\"name\":\"Comment\",\"target\":[\"https:\\\/\\\/macite.tg\\\/?p=15338#respond\"]}]},{\"@type\":\"WebPage\",\"@id\":\"https:\\\/\\\/macite.tg\\\/?p=15338\",\"url\":\"https:\\\/\\\/macite.tg\\\/?p=15338\",\"name\":\"CLINIQUE DES ENTREPRENEURS AFRICAINS, EDITION 2024\u00a0: Quatre jours de formation consacr\u00e9s \u00e0 la promotion de l\u2019entrepreneuriat et au d\u00e9veloppement durable -\",\"isPartOf\":{\"@id\":\"https:\\\/\\\/macite.tg\\\/#website\"},\"primaryImageOfPage\":{\"@id\":\"https:\\\/\\\/macite.tg\\\/?p=15338#primaryimage\"},\"image\":{\"@id\":\"https:\\\/\\\/macite.tg\\\/?p=15338#primaryimage\"},\"thumbnailUrl\":\"https:\\\/\\\/macite.tg\\\/wp-content\\\/uploads\\\/2024\\\/06\\\/ENtrepreuneur-formation.jpg\",\"datePublished\":\"2024-06-28T18:20:09+00:00\",\"dateModified\":\"2024-06-28T18:20:13+00:00\",\"author\":{\"@id\":\"https:\\\/\\\/macite.tg\\\/#\\\/schema\\\/person\\\/e9f2de7e5dbbe7770a9402c7ce82f5c2\"},\"breadcrumb\":{\"@id\":\"https:\\\/\\\/macite.tg\\\/?p=15338#breadcrumb\"},\"inLanguage\":\"fr-FR\",\"potentialAction\":[{\"@type\":\"ReadAction\",\"target\":[\"https:\\\/\\\/macite.tg\\\/?p=15338\"]}]},{\"@type\":\"ImageObject\",\"inLanguage\":\"fr-FR\",\"@id\":\"https:\\\/\\\/macite.tg\\\/?p=15338#primaryimage\",\"url\":\"https:\\\/\\\/macite.tg\\\/wp-content\\\/uploads\\\/2024\\\/06\\\/ENtrepreuneur-formation.jpg\",\"contentUrl\":\"https:\\\/\\\/macite.tg\\\/wp-content\\\/uploads\\\/2024\\\/06\\\/ENtrepreuneur-formation.jpg\",\"width\":500,\"height\":232,\"caption\":\"Photo de famille des participnts \u00e0 l'ouverture des ravaux de l'atelier.\"},{\"@type\":\"BreadcrumbList\",\"@id\":\"https:\\\/\\\/macite.tg\\\/?p=15338#breadcrumb\",\"itemListElement\":[{\"@type\":\"ListItem\",\"position\":1,\"name\":\"Accueil\",\"item\":\"https:\\\/\\\/macite.tg\\\/\"},{\"@type\":\"ListItem\",\"position\":2,\"name\":\"CLINIQUE DES ENTREPRENEURS AFRICAINS, EDITION 2024\u00a0: Quatre jours de formation consacr\u00e9s \u00e0 la promotion de l\u2019entrepreneuriat et au d\u00e9veloppement durable\"}]},{\"@type\":\"WebSite\",\"@id\":\"https:\\\/\\\/macite.tg\\\/#website\",\"url\":\"https:\\\/\\\/macite.tg\\\/\",\"name\":\"\",\"description\":\"L&#039;information, la bonne!!!\",\"potentialAction\":[{\"@type\":\"SearchAction\",\"target\":{\"@type\":\"EntryPoint\",\"urlTemplate\":\"https:\\\/\\\/macite.tg\\\/?s={search_term_string}\"},\"query-input\":{\"@type\":\"PropertyValueSpecification\",\"valueRequired\":true,\"valueName\":\"search_term_string\"}}],\"inLanguage\":\"fr-FR\"},{\"@type\":\"Person\",\"@id\":\"https:\\\/\\\/macite.tg\\\/#\\\/schema\\\/person\\\/e9f2de7e5dbbe7770a9402c7ce82f5c2\",\"name\":\"Jean Pierre BAWELA\",\"image\":{\"@type\":\"ImageObject\",\"inLanguage\":\"fr-FR\",\"@id\":\"https:\\\/\\\/macite.tg\\\/wp-content\\\/uploads\\\/2023\\\/09\\\/WhatsApp-Image-2023-09-19-at-14.44.41-122x122.jpeg\",\"url\":\"https:\\\/\\\/macite.tg\\\/wp-content\\\/uploads\\\/2023\\\/09\\\/WhatsApp-Image-2023-09-19-at-14.44.41-122x122.jpeg\",\"contentUrl\":\"https:\\\/\\\/macite.tg\\\/wp-content\\\/uploads\\\/2023\\\/09\\\/WhatsApp-Image-2023-09-19-at-14.44.41-122x122.jpeg\",\"caption\":\"Jean Pierre BAWELA\"},\"url\":\"https:\\\/\\\/macite.tg\\\/?author=2\"}]}<\/script>\n<!-- \/ Yoast SEO plugin. -->","yoast_head_json":{"title":"CLINIQUE DES ENTREPRENEURS AFRICAINS, EDITION 2024\u00a0: Quatre jours de formation consacr\u00e9s \u00e0 la promotion de l\u2019entrepreneuriat et au d\u00e9veloppement durable -","robots":{"index":"index","follow":"follow","max-snippet":"max-snippet:-1","max-image-preview":"max-image-preview:large","max-video-preview":"max-video-preview:-1"},"canonical":"https:\/\/macite.tg\/?p=15338","og_locale":"fr_FR","og_type":"article","og_title":"CLINIQUE DES ENTREPRENEURS AFRICAINS, EDITION 2024\u00a0: Quatre jours de formation consacr\u00e9s \u00e0 la promotion de l\u2019entrepreneuriat et au d\u00e9veloppement durable -","og_description":"Le monde de jeunes entrepreneurs du Togo est en perp\u00e9tuelle qu\u00eate pour sa maturit\u00e9. Et quoi de mieux que les formations continues pour leur permettre de s\u2019aguerrir et faire cro\u00eetre leur entreprise. Cette ann\u00e9e encore, la Clinique des Entrepreneurs Africains est au rendez-vous, du 26 [&hellip;]","og_url":"https:\/\/macite.tg\/?p=15338","article_published_time":"2024-06-28T18:20:09+00:00","article_modified_time":"2024-06-28T18:20:13+00:00","og_image":[{"width":500,"height":232,"url":"https:\/\/macite.tg\/wp-content\/uploads\/2024\/06\/ENtrepreuneur-formation.jpg","type":"image\/jpeg"}],"author":"Jean Pierre BAWELA","twitter_card":"summary_large_image","twitter_misc":{"\u00c9crit par":"Jean Pierre BAWELA","Dur\u00e9e de lecture estim\u00e9e":"2 minutes"},"schema":{"@context":"https:\/\/schema.org","@graph":[{"@type":"Article","@id":"https:\/\/macite.tg\/?p=15338#article","isPartOf":{"@id":"https:\/\/macite.tg\/?p=15338"},"author":{"name":"Jean Pierre BAWELA","@id":"https:\/\/macite.tg\/#\/schema\/person\/e9f2de7e5dbbe7770a9402c7ce82f5c2"},"headline":"CLINIQUE DES ENTREPRENEURS AFRICAINS, EDITION 2024\u00a0: Quatre jours de formation consacr\u00e9s \u00e0 la promotion de l\u2019entrepreneuriat et au d\u00e9veloppement durable","datePublished":"2024-06-28T18:20:09+00:00","dateModified":"2024-06-28T18:20:13+00:00","mainEntityOfPage":{"@id":"https:\/\/macite.tg\/?p=15338"},"wordCount":361,"commentCount":0,"image":{"@id":"https:\/\/macite.tg\/?p=15338#primaryimage"},"thumbnailUrl":"https:\/\/macite.tg\/wp-content\/uploads\/2024\/06\/ENtrepreuneur-formation.jpg","articleSection":["ACTUALITE","ENTREPRENEURIAT"],"inLanguage":"fr-FR","potentialAction":[{"@type":"CommentAction","name":"Comment","target":["https:\/\/macite.tg\/?p=15338#respond"]}]},{"@type":"WebPage","@id":"https:\/\/macite.tg\/?p=15338","url":"https:\/\/macite.tg\/?p=15338","name":"CLINIQUE DES ENTREPRENEURS AFRICAINS, EDITION 2024\u00a0: Quatre jours de formation consacr\u00e9s \u00e0 la promotion de l\u2019entrepreneuriat et au d\u00e9veloppement durable -","isPartOf":{"@id":"https:\/\/macite.tg\/#website"},"primaryImageOfPage":{"@id":"https:\/\/macite.tg\/?p=15338#primaryimage"},"image":{"@id":"https:\/\/macite.tg\/?p=15338#primaryimage"},"thumbnailUrl":"https:\/\/macite.tg\/wp-content\/uploads\/2024\/06\/ENtrepreuneur-formation.jpg","datePublished":"2024-06-28T18:20:09+00:00","dateModified":"2024-06-28T18:20:13+00:00","author":{"@id":"https:\/\/macite.tg\/#\/schema\/person\/e9f2de7e5dbbe7770a9402c7ce82f5c2"},"breadcrumb":{"@id":"https:\/\/macite.tg\/?p=15338#breadcrumb"},"inLanguage":"fr-FR","potentialAction":[{"@type":"ReadAction","target":["https:\/\/macite.tg\/?p=15338"]}]},{"@type":"ImageObject","inLanguage":"fr-FR","@id":"https:\/\/macite.tg\/?p=15338#primaryimage","url":"https:\/\/macite.tg\/wp-content\/uploads\/2024\/06\/ENtrepreuneur-formation.jpg","contentUrl":"https:\/\/macite.tg\/wp-content\/uploads\/2024\/06\/ENtrepreuneur-formation.jpg","width":500,"height":232,"caption":"Photo de famille des participnts \u00e0 l'ouverture des ravaux de l'atelier."},{"@type":"BreadcrumbList","@id":"https:\/\/macite.tg\/?p=15338#breadcrumb","itemListElement":[{"@type":"ListItem","position":1,"name":"Accueil","item":"https:\/\/macite.tg\/"},{"@type":"ListItem","position":2,"name":"CLINIQUE DES ENTREPRENEURS AFRICAINS, EDITION 2024\u00a0: Quatre jours de formation consacr\u00e9s \u00e0 la promotion de l\u2019entrepreneuriat et au d\u00e9veloppement durable"}]},{"@type":"WebSite","@id":"https:\/\/macite.tg\/#website","url":"https:\/\/macite.tg\/","name":"","description":"L&#039;information, la bonne!!!","potentialAction":[{"@type":"SearchAction","target":{"@type":"EntryPoint","urlTemplate":"https:\/\/macite.tg\/?s={search_term_string}"},"query-input":{"@type":"PropertyValueSpecification","valueRequired":true,"valueName":"search_term_string"}}],"inLanguage":"fr-FR"},{"@type":"Person","@id":"https:\/\/macite.tg\/#\/schema\/person\/e9f2de7e5dbbe7770a9402c7ce82f5c2","name":"Jean Pierre BAWELA","image":{"@type":"ImageObject","inLanguage":"fr-FR","@id":"https:\/\/macite.tg\/wp-content\/uploads\/2023\/09\/WhatsApp-Image-2023-09-19-at-14.44.41-122x122.jpeg","url":"https:\/\/macite.tg\/wp-content\/uploads\/2023\/09\/WhatsApp-Image-2023-09-19-at-14.44.41-122x122.jpeg","contentUrl":"https:\/\/macite.tg\/wp-content\/uploads\/2023\/09\/WhatsApp-Image-2023-09-19-at-14.44.41-122x122.jpeg","caption":"Jean Pierre BAWELA"},"url":"https:\/\/macite.tg\/?author=2"}]}},"_links":{"self":[{"href":"https:\/\/macite.tg\/index.php?rest_route=\/wp\/v2\/posts\/15338","targetHints":{"allow":["GET"]}}],"collection":[{"href":"https:\/\/macite.tg\/index.php?rest_route=\/wp\/v2\/posts"}],"about":[{"href":"https:\/\/macite.tg\/index.php?rest_route=\/wp\/v2\/types\/post"}],"author":[{"embeddable":true,"href":"https:\/\/macite.tg\/index.php?rest_route=\/wp\/v2\/users\/2"}],"replies":[{"embeddable":true,"href":"https:\/\/macite.tg\/index.php?rest_route=%2Fwp%2Fv2%2Fcomments&post=15338"}],"version-history":[{"count":0,"href":"https:\/\/macite.tg\/index.php?rest_route=\/wp\/v2\/posts\/15338\/revisions"}],"wp:featuredmedia":[{"embeddable":true,"href":"https:\/\/macite.tg\/index.php?rest_route=\/wp\/v2\/media\/15339"}],"wp:attachment":[{"href":"https:\/\/macite.tg\/index.php?rest_route=%2Fwp%2Fv2%2Fmedia&parent=15338"}],"wp:term":[{"taxonomy":"category","embeddable":true,"href":"https:\/\/macite.tg\/index.php?rest_route=%2Fwp%2Fv2%2Fcategories&post=15338"},{"taxonomy":"post_tag","embeddable":true,"href":"https:\/\/macite.tg\/index.php?rest_route=%2Fwp%2Fv2%2Ftags&post=15338"}],"curies":[{"name":"wp","href":"https:\/\/api.w.org\/{rel}","templated":true}]}}