{"id":15331,"date":"2024-06-28T13:50:06","date_gmt":"2024-06-28T13:50:06","guid":{"rendered":"https:\/\/macite.tg\/?p=15331"},"modified":"2024-06-28T14:27:47","modified_gmt":"2024-06-28T14:27:47","slug":"bas-mono-la-famille-ayikoe-a-zoti-kpota-a-celebre-un-double-evenement","status":"publish","type":"post","link":"https:\/\/macite.tg\/?p=15331","title":{"rendered":"BAS-MONO\u00a0: La famille Ayiko\u00e9 (\u00e0 Zoti Kpota) a c\u00e9l\u00e9br\u00e9 un double \u00e9v\u00e8nement&#8230;"},"content":{"rendered":"\n<p class=\"wp-block-paragraph\"><strong><em>Pour remercier le Tout Puissant pour ses bienfaits dans leur famille, et surtout, dans la vie de leur adorable Maman, les enfants de Mme Ayiko\u00e9 Dekolenyahoun Julienne, ont c\u00e9l\u00e9br\u00e9 le samedi 22 Juin 2024 \u00e0 Zoti Kpota, dans la commune de Bas Mono 2, l&rsquo;anniversaire \u00e0 leur ch\u00e8re maman , qui souffle ses 110 bougies. Une journ\u00e9e qui a co\u00efncid\u00e9e avec les quarante-quatre ann\u00e9es de la naissance en J\u00e9sus-Christ de l&rsquo;ap\u00f4tre Ve\u00e9uny\u00e9 M\u00e8boutou Amouzou, Pasteur et Fondateur de l&rsquo;Eglise Baptiste Sh\u00e9kina House du Togo.<\/em><\/strong><\/p>\n\n\n\n<p class=\"wp-block-paragraph\">Selon l\u2019Ap\u00f4tre Venuny\u00e9 M\u00e8boutou, fils de Mme Ayoko\u00e9, cette journ\u00e9e est une belle occasion pour exprimer leur gratitude envers Dieu, pour sa gr\u00e2ce et ses bienfaits dans la vie de cette famille.<\/p>\n\n\n<div class=\"wp-block-image\">\n<figure class=\"aligncenter size-large is-resized\"><img loading=\"lazy\" decoding=\"async\" src=\"https:\/\/macite.tg\/wp-content\/uploads\/2024\/06\/774df98b-2bcb-409a-b406-aa97b6a6d997-1024x630.jpg\" alt=\"\" class=\"wp-image-15333\" width=\"604\" height=\"371\" srcset=\"https:\/\/macite.tg\/wp-content\/uploads\/2024\/06\/774df98b-2bcb-409a-b406-aa97b6a6d997-1024x630.jpg 1024w, https:\/\/macite.tg\/wp-content\/uploads\/2024\/06\/774df98b-2bcb-409a-b406-aa97b6a6d997-300x184.jpg 300w, https:\/\/macite.tg\/wp-content\/uploads\/2024\/06\/774df98b-2bcb-409a-b406-aa97b6a6d997-768x472.jpg 768w, https:\/\/macite.tg\/wp-content\/uploads\/2024\/06\/774df98b-2bcb-409a-b406-aa97b6a6d997.jpg 1080w\" sizes=\"auto, (max-width: 604px) 100vw, 604px\" \/><figcaption class=\"wp-element-caption\"><em><strong>Photo de famille&#8230;<\/strong><\/em><\/figcaption><\/figure>\n<\/div>\n\n\n<p class=\"wp-block-paragraph\"><em>\u00ab&nbsp;C&rsquo;est une journ\u00e9e d&rsquo;action de gr\u00e2ce que je rends au seigneur pour la vie de ma maman et en m\u00eame temps, de ma nouvelle naissance en J\u00e9sus-Christ, il y a de cela 44 ans avec la vocation qui l&rsquo;a suivi jusqu&rsquo;\u00e0 ce jour&nbsp;\u00bb,<\/em> a-t-il laiss\u00e9 entendre.<\/p>\n\n\n\n<p class=\"wp-block-paragraph\">Ce double \u00e9v\u00e8nement festif, marqu\u00e9 par des chants d\u2019adoration et de louange \u00e0 l\u2019endroit du Cr\u00e9ateur, pour sa bont\u00e9 inexprimable \u00e0 l&rsquo;\u00e9gard de leur famille, malgr\u00e9 les multiples p\u00e9rip\u00e9ties de la vie, a vu la pr\u00e9sence d\u2019imminentes personnalit\u00e9s. On pouvait noter dans la foule, des invit\u00e9s des autorit\u00e9s administratives, traditionnelles et religieuses, au rang lesquelles, le pr\u00e9sident de l\u2019Association des Pasteurs et Evang\u00e9listes de la G\u00e9n\u00e9ration de Feu (Apegef), Ap\u00f4tre Paul Koffi Kpodonou.<\/p>\n\n\n<div class=\"wp-block-image\">\n<figure class=\"aligncenter size-full\"><img loading=\"lazy\" decoding=\"async\" width=\"500\" height=\"349\" src=\"https:\/\/macite.tg\/wp-content\/uploads\/2024\/06\/Apotre-et-apegef.jpg\" alt=\"\" class=\"wp-image-15334\" srcset=\"https:\/\/macite.tg\/wp-content\/uploads\/2024\/06\/Apotre-et-apegef.jpg 500w, https:\/\/macite.tg\/wp-content\/uploads\/2024\/06\/Apotre-et-apegef-300x209.jpg 300w\" sizes=\"auto, (max-width: 500px) 100vw, 500px\" \/><figcaption class=\"wp-element-caption\"><strong><em>L&rsquo;Ap\u00f4tre Paul Koffi Kpodonou, pdt de l&rsquo;Apegef (g) et l&rsquo;Ap\u00f4tre Venuny\u00e9 M\u00e8boutou (dt).<\/em><\/strong><\/figcaption><\/figure>\n<\/div>\n\n\n<p class=\"wp-block-paragraph\">Le Pr\u00e9sident de ladite Association, l&rsquo;Ap\u00f4tre Kpodonou, a, dans son intervention, fait remarquer que cette c\u00e9r\u00e9monie \u00e9tait tr\u00e8s importante. Et il lui \u00e9tait impossible de refuser l&rsquo;invitation de l&rsquo;Ap\u00f4tre Venuny\u00e9 M\u00e8boutou, qui est non seulement membre de l\u2019Apegef, mais \u00e9galement l\u2019un des membres actifs dans la communaut\u00e9.<\/p>\n\n\n\n<p class=\"wp-block-paragraph\">Ce geste tr\u00e8s appr\u00e9ci\u00e9 des enfants de Mme Ayiko\u00e9, nous rappelle ce passage biblique dans Deut\u00e9ronome 5:16, qui d\u00e9clare : <em><strong>\u00ab<\/strong>Honore ton p\u00e8re et ta m\u00e8re, comme le Seigneur, ton Dieu, te l&rsquo;a ordonn\u00e9, afin que tes jours se prolongent et que tu sois heureux sur la terre que le Seigneur, ton Dieu, te donne<strong>\u00bb.<\/strong><\/em><\/p>\n\n\n<div class=\"wp-block-image\">\n<figure class=\"aligncenter size-full\"><img loading=\"lazy\" decoding=\"async\" width=\"526\" height=\"526\" src=\"https:\/\/macite.tg\/wp-content\/uploads\/2024\/06\/fisc-Quiz_Semaine-du-24-au-30-Juin-2024.jpg\" alt=\"\" class=\"wp-image-15252\" srcset=\"https:\/\/macite.tg\/wp-content\/uploads\/2024\/06\/fisc-Quiz_Semaine-du-24-au-30-Juin-2024.jpg 526w, https:\/\/macite.tg\/wp-content\/uploads\/2024\/06\/fisc-Quiz_Semaine-du-24-au-30-Juin-2024-300x300.jpg 300w, https:\/\/macite.tg\/wp-content\/uploads\/2024\/06\/fisc-Quiz_Semaine-du-24-au-30-Juin-2024-150x150.jpg 150w, https:\/\/macite.tg\/wp-content\/uploads\/2024\/06\/fisc-Quiz_Semaine-du-24-au-30-Juin-2024-122x122.jpg 122w\" sizes=\"auto, (max-width: 526px) 100vw, 526px\" \/><\/figure>\n<\/div>\n\n\n<p class=\"wp-block-paragraph\">Alors, prenez-en l&rsquo;exemple, pendant que vous avez encore vos parents avec vous.<\/p>\n\n\n\n<p class=\"wp-block-paragraph\">Rappelons qu\u2019Apegef-Togo est une association, qui rassemble le peuple de Dieu, dans le but d&rsquo;enseigner \u00e0 ses membres, comment mener un minist\u00e8re plus efficace. Elle a son si\u00e8ge \u00e0 Ts\u00e9vi\u00e9 dans la pr\u00e9fecture de Zio.<\/p>\n\n\n\n<p class=\"wp-block-paragraph\"><strong>Sylvie K.<\/strong><\/p>\n\n\n\n<p class=\"wp-block-paragraph\"><a><strong><em>@macite.tg&nbsp;&nbsp;&nbsp;&nbsp;&nbsp;&nbsp;&nbsp;&nbsp;<\/em><\/strong><\/a><\/p>\n\n\n\n<p class=\"wp-block-paragraph\"><strong><em>E-mail&nbsp;: <\/em><\/strong><a href=\"mailto:maciteinfo@gmail.com\"><strong><em>maciteinfo@gmail.com<\/em><\/strong><\/a><strong><em>; <\/em><\/strong><a href=\"mailto:bawela1@gmail.com\"><strong><em>bawela1@gmail.com<\/em><\/strong><\/a><strong><em><\/em><\/strong><\/p>\n\n\n\n<p class=\"wp-block-paragraph\"><strong><em>Pour vos annonces, (publi)reportages, etc., joignez-nous au (00228)91515309\/<strong>79872224 <\/strong>www.macite.tg, L\u2019information, la bonne&nbsp;!<\/em><\/strong><\/p>\n","protected":false},"excerpt":{"rendered":"<p class=\"text-justify mb-2\" >Pour remercier le Tout Puissant pour ses bienfaits dans leur famille, et surtout, dans la vie de leur adorable Maman, les enfants de Mme Ayiko\u00e9 Dekolenyahoun Julienne, ont c\u00e9l\u00e9br\u00e9 le samedi 22 Juin 2024 \u00e0 Zoti Kpota, dans la commune de Bas Mono 2, l&rsquo;anniversaire [&hellip;]<\/p>\n","protected":false},"author":2,"featured_media":15332,"comment_status":"open","ping_status":"open","sticky":false,"template":"","format":"standard","meta":{"footnotes":""},"categories":[20,6],"tags":[],"class_list":["post-15331","post","type-post","status-publish","format-standard","has-post-thumbnail","hentry","category-actualite","category-societe"],"yoast_head":"<!-- This site is optimized with the Yoast SEO plugin v28.4 - https:\/\/yoast.com\/product\/yoast-seo-wordpress\/ -->\n<title>BAS-MONO\u00a0: La famille Ayiko\u00e9 (\u00e0 Zoti Kpota) a c\u00e9l\u00e9br\u00e9 un double \u00e9v\u00e8nement... -<\/title>\n<meta name=\"robots\" content=\"index, follow, max-snippet:-1, max-image-preview:large, max-video-preview:-1\" \/>\n<link rel=\"canonical\" href=\"https:\/\/macite.tg\/?p=15331\" \/>\n<meta property=\"og:locale\" content=\"fr_FR\" \/>\n<meta property=\"og:type\" content=\"article\" \/>\n<meta property=\"og:title\" content=\"BAS-MONO\u00a0: La famille Ayiko\u00e9 (\u00e0 Zoti Kpota) a c\u00e9l\u00e9br\u00e9 un double \u00e9v\u00e8nement... -\" \/>\n<meta property=\"og:description\" content=\"Pour remercier le Tout Puissant pour ses bienfaits dans leur famille, et surtout, dans la vie de leur adorable Maman, les enfants de Mme Ayiko\u00e9 Dekolenyahoun Julienne, ont c\u00e9l\u00e9br\u00e9 le samedi 22 Juin 2024 \u00e0 Zoti Kpota, dans la commune de Bas Mono 2, l&rsquo;anniversaire [&hellip;]\" \/>\n<meta property=\"og:url\" content=\"https:\/\/macite.tg\/?p=15331\" \/>\n<meta property=\"article:published_time\" content=\"2024-06-28T13:50:06+00:00\" \/>\n<meta property=\"article:modified_time\" content=\"2024-06-28T14:27:47+00:00\" \/>\n<meta property=\"og:image\" content=\"https:\/\/macite.tg\/wp-content\/uploads\/2024\/06\/anniv.jpg\" \/>\n\t<meta property=\"og:image:width\" content=\"500\" \/>\n\t<meta property=\"og:image:height\" content=\"187\" \/>\n\t<meta property=\"og:image:type\" content=\"image\/jpeg\" \/>\n<meta name=\"author\" content=\"Jean Pierre BAWELA\" \/>\n<meta name=\"twitter:card\" content=\"summary_large_image\" \/>\n<meta name=\"twitter:label1\" content=\"\u00c9crit par\" \/>\n\t<meta name=\"twitter:data1\" content=\"Jean Pierre BAWELA\" \/>\n\t<meta name=\"twitter:label2\" content=\"Dur\u00e9e de lecture estim\u00e9e\" \/>\n\t<meta name=\"twitter:data2\" content=\"2 minutes\" \/>\n<script type=\"application\/ld+json\" class=\"yoast-schema-graph\">{\"@context\":\"https:\\\/\\\/schema.org\",\"@graph\":[{\"@type\":\"Article\",\"@id\":\"https:\\\/\\\/macite.tg\\\/?p=15331#article\",\"isPartOf\":{\"@id\":\"https:\\\/\\\/macite.tg\\\/?p=15331\"},\"author\":{\"name\":\"Jean Pierre BAWELA\",\"@id\":\"https:\\\/\\\/macite.tg\\\/#\\\/schema\\\/person\\\/e9f2de7e5dbbe7770a9402c7ce82f5c2\"},\"headline\":\"BAS-MONO\u00a0: La famille Ayiko\u00e9 (\u00e0 Zoti Kpota) a c\u00e9l\u00e9br\u00e9 un double \u00e9v\u00e8nement&#8230;\",\"datePublished\":\"2024-06-28T13:50:06+00:00\",\"dateModified\":\"2024-06-28T14:27:47+00:00\",\"mainEntityOfPage\":{\"@id\":\"https:\\\/\\\/macite.tg\\\/?p=15331\"},\"wordCount\":515,\"commentCount\":0,\"image\":{\"@id\":\"https:\\\/\\\/macite.tg\\\/?p=15331#primaryimage\"},\"thumbnailUrl\":\"https:\\\/\\\/macite.tg\\\/wp-content\\\/uploads\\\/2024\\\/06\\\/anniv.jpg\",\"articleSection\":[\"ACTUALITE\",\"SOCIETE\"],\"inLanguage\":\"fr-FR\",\"potentialAction\":[{\"@type\":\"CommentAction\",\"name\":\"Comment\",\"target\":[\"https:\\\/\\\/macite.tg\\\/?p=15331#respond\"]}]},{\"@type\":\"WebPage\",\"@id\":\"https:\\\/\\\/macite.tg\\\/?p=15331\",\"url\":\"https:\\\/\\\/macite.tg\\\/?p=15331\",\"name\":\"BAS-MONO\u00a0: La famille Ayiko\u00e9 (\u00e0 Zoti Kpota) a c\u00e9l\u00e9br\u00e9 un double \u00e9v\u00e8nement... -\",\"isPartOf\":{\"@id\":\"https:\\\/\\\/macite.tg\\\/#website\"},\"primaryImageOfPage\":{\"@id\":\"https:\\\/\\\/macite.tg\\\/?p=15331#primaryimage\"},\"image\":{\"@id\":\"https:\\\/\\\/macite.tg\\\/?p=15331#primaryimage\"},\"thumbnailUrl\":\"https:\\\/\\\/macite.tg\\\/wp-content\\\/uploads\\\/2024\\\/06\\\/anniv.jpg\",\"datePublished\":\"2024-06-28T13:50:06+00:00\",\"dateModified\":\"2024-06-28T14:27:47+00:00\",\"author\":{\"@id\":\"https:\\\/\\\/macite.tg\\\/#\\\/schema\\\/person\\\/e9f2de7e5dbbe7770a9402c7ce82f5c2\"},\"breadcrumb\":{\"@id\":\"https:\\\/\\\/macite.tg\\\/?p=15331#breadcrumb\"},\"inLanguage\":\"fr-FR\",\"potentialAction\":[{\"@type\":\"ReadAction\",\"target\":[\"https:\\\/\\\/macite.tg\\\/?p=15331\"]}]},{\"@type\":\"ImageObject\",\"inLanguage\":\"fr-FR\",\"@id\":\"https:\\\/\\\/macite.tg\\\/?p=15331#primaryimage\",\"url\":\"https:\\\/\\\/macite.tg\\\/wp-content\\\/uploads\\\/2024\\\/06\\\/anniv.jpg\",\"contentUrl\":\"https:\\\/\\\/macite.tg\\\/wp-content\\\/uploads\\\/2024\\\/06\\\/anniv.jpg\",\"width\":500,\"height\":187,\"caption\":\"M\u00e9m\u00e9 Ayiko\u00e9 et son fils, l\u2019Ap\u00f4tre Venuny\u00e9 M\u00e8boutou...\"},{\"@type\":\"BreadcrumbList\",\"@id\":\"https:\\\/\\\/macite.tg\\\/?p=15331#breadcrumb\",\"itemListElement\":[{\"@type\":\"ListItem\",\"position\":1,\"name\":\"Accueil\",\"item\":\"https:\\\/\\\/macite.tg\\\/\"},{\"@type\":\"ListItem\",\"position\":2,\"name\":\"BAS-MONO\u00a0: La famille Ayiko\u00e9 (\u00e0 Zoti Kpota) a c\u00e9l\u00e9br\u00e9 un double \u00e9v\u00e8nement&#8230;\"}]},{\"@type\":\"WebSite\",\"@id\":\"https:\\\/\\\/macite.tg\\\/#website\",\"url\":\"https:\\\/\\\/macite.tg\\\/\",\"name\":\"\",\"description\":\"L&#039;information, la bonne!!!\",\"potentialAction\":[{\"@type\":\"SearchAction\",\"target\":{\"@type\":\"EntryPoint\",\"urlTemplate\":\"https:\\\/\\\/macite.tg\\\/?s={search_term_string}\"},\"query-input\":{\"@type\":\"PropertyValueSpecification\",\"valueRequired\":true,\"valueName\":\"search_term_string\"}}],\"inLanguage\":\"fr-FR\"},{\"@type\":\"Person\",\"@id\":\"https:\\\/\\\/macite.tg\\\/#\\\/schema\\\/person\\\/e9f2de7e5dbbe7770a9402c7ce82f5c2\",\"name\":\"Jean Pierre BAWELA\",\"image\":{\"@type\":\"ImageObject\",\"inLanguage\":\"fr-FR\",\"@id\":\"https:\\\/\\\/macite.tg\\\/wp-content\\\/uploads\\\/2023\\\/09\\\/WhatsApp-Image-2023-09-19-at-14.44.41-122x122.jpeg\",\"url\":\"https:\\\/\\\/macite.tg\\\/wp-content\\\/uploads\\\/2023\\\/09\\\/WhatsApp-Image-2023-09-19-at-14.44.41-122x122.jpeg\",\"contentUrl\":\"https:\\\/\\\/macite.tg\\\/wp-content\\\/uploads\\\/2023\\\/09\\\/WhatsApp-Image-2023-09-19-at-14.44.41-122x122.jpeg\",\"caption\":\"Jean Pierre BAWELA\"},\"url\":\"https:\\\/\\\/macite.tg\\\/?author=2\"}]}<\/script>\n<!-- \/ Yoast SEO plugin. -->","yoast_head_json":{"title":"BAS-MONO\u00a0: La famille Ayiko\u00e9 (\u00e0 Zoti Kpota) a c\u00e9l\u00e9br\u00e9 un double \u00e9v\u00e8nement... -","robots":{"index":"index","follow":"follow","max-snippet":"max-snippet:-1","max-image-preview":"max-image-preview:large","max-video-preview":"max-video-preview:-1"},"canonical":"https:\/\/macite.tg\/?p=15331","og_locale":"fr_FR","og_type":"article","og_title":"BAS-MONO\u00a0: La famille Ayiko\u00e9 (\u00e0 Zoti Kpota) a c\u00e9l\u00e9br\u00e9 un double \u00e9v\u00e8nement... -","og_description":"Pour remercier le Tout Puissant pour ses bienfaits dans leur famille, et surtout, dans la vie de leur adorable Maman, les enfants de Mme Ayiko\u00e9 Dekolenyahoun Julienne, ont c\u00e9l\u00e9br\u00e9 le samedi 22 Juin 2024 \u00e0 Zoti Kpota, dans la commune de Bas Mono 2, l&rsquo;anniversaire [&hellip;]","og_url":"https:\/\/macite.tg\/?p=15331","article_published_time":"2024-06-28T13:50:06+00:00","article_modified_time":"2024-06-28T14:27:47+00:00","og_image":[{"width":500,"height":187,"url":"https:\/\/macite.tg\/wp-content\/uploads\/2024\/06\/anniv.jpg","type":"image\/jpeg"}],"author":"Jean Pierre BAWELA","twitter_card":"summary_large_image","twitter_misc":{"\u00c9crit par":"Jean Pierre BAWELA","Dur\u00e9e de lecture estim\u00e9e":"2 minutes"},"schema":{"@context":"https:\/\/schema.org","@graph":[{"@type":"Article","@id":"https:\/\/macite.tg\/?p=15331#article","isPartOf":{"@id":"https:\/\/macite.tg\/?p=15331"},"author":{"name":"Jean Pierre BAWELA","@id":"https:\/\/macite.tg\/#\/schema\/person\/e9f2de7e5dbbe7770a9402c7ce82f5c2"},"headline":"BAS-MONO\u00a0: La famille Ayiko\u00e9 (\u00e0 Zoti Kpota) a c\u00e9l\u00e9br\u00e9 un double \u00e9v\u00e8nement&#8230;","datePublished":"2024-06-28T13:50:06+00:00","dateModified":"2024-06-28T14:27:47+00:00","mainEntityOfPage":{"@id":"https:\/\/macite.tg\/?p=15331"},"wordCount":515,"commentCount":0,"image":{"@id":"https:\/\/macite.tg\/?p=15331#primaryimage"},"thumbnailUrl":"https:\/\/macite.tg\/wp-content\/uploads\/2024\/06\/anniv.jpg","articleSection":["ACTUALITE","SOCIETE"],"inLanguage":"fr-FR","potentialAction":[{"@type":"CommentAction","name":"Comment","target":["https:\/\/macite.tg\/?p=15331#respond"]}]},{"@type":"WebPage","@id":"https:\/\/macite.tg\/?p=15331","url":"https:\/\/macite.tg\/?p=15331","name":"BAS-MONO\u00a0: La famille Ayiko\u00e9 (\u00e0 Zoti Kpota) a c\u00e9l\u00e9br\u00e9 un double \u00e9v\u00e8nement... -","isPartOf":{"@id":"https:\/\/macite.tg\/#website"},"primaryImageOfPage":{"@id":"https:\/\/macite.tg\/?p=15331#primaryimage"},"image":{"@id":"https:\/\/macite.tg\/?p=15331#primaryimage"},"thumbnailUrl":"https:\/\/macite.tg\/wp-content\/uploads\/2024\/06\/anniv.jpg","datePublished":"2024-06-28T13:50:06+00:00","dateModified":"2024-06-28T14:27:47+00:00","author":{"@id":"https:\/\/macite.tg\/#\/schema\/person\/e9f2de7e5dbbe7770a9402c7ce82f5c2"},"breadcrumb":{"@id":"https:\/\/macite.tg\/?p=15331#breadcrumb"},"inLanguage":"fr-FR","potentialAction":[{"@type":"ReadAction","target":["https:\/\/macite.tg\/?p=15331"]}]},{"@type":"ImageObject","inLanguage":"fr-FR","@id":"https:\/\/macite.tg\/?p=15331#primaryimage","url":"https:\/\/macite.tg\/wp-content\/uploads\/2024\/06\/anniv.jpg","contentUrl":"https:\/\/macite.tg\/wp-content\/uploads\/2024\/06\/anniv.jpg","width":500,"height":187,"caption":"M\u00e9m\u00e9 Ayiko\u00e9 et son fils, l\u2019Ap\u00f4tre Venuny\u00e9 M\u00e8boutou..."},{"@type":"BreadcrumbList","@id":"https:\/\/macite.tg\/?p=15331#breadcrumb","itemListElement":[{"@type":"ListItem","position":1,"name":"Accueil","item":"https:\/\/macite.tg\/"},{"@type":"ListItem","position":2,"name":"BAS-MONO\u00a0: La famille Ayiko\u00e9 (\u00e0 Zoti Kpota) a c\u00e9l\u00e9br\u00e9 un double \u00e9v\u00e8nement&#8230;"}]},{"@type":"WebSite","@id":"https:\/\/macite.tg\/#website","url":"https:\/\/macite.tg\/","name":"","description":"L&#039;information, la bonne!!!","potentialAction":[{"@type":"SearchAction","target":{"@type":"EntryPoint","urlTemplate":"https:\/\/macite.tg\/?s={search_term_string}"},"query-input":{"@type":"PropertyValueSpecification","valueRequired":true,"valueName":"search_term_string"}}],"inLanguage":"fr-FR"},{"@type":"Person","@id":"https:\/\/macite.tg\/#\/schema\/person\/e9f2de7e5dbbe7770a9402c7ce82f5c2","name":"Jean Pierre BAWELA","image":{"@type":"ImageObject","inLanguage":"fr-FR","@id":"https:\/\/macite.tg\/wp-content\/uploads\/2023\/09\/WhatsApp-Image-2023-09-19-at-14.44.41-122x122.jpeg","url":"https:\/\/macite.tg\/wp-content\/uploads\/2023\/09\/WhatsApp-Image-2023-09-19-at-14.44.41-122x122.jpeg","contentUrl":"https:\/\/macite.tg\/wp-content\/uploads\/2023\/09\/WhatsApp-Image-2023-09-19-at-14.44.41-122x122.jpeg","caption":"Jean Pierre BAWELA"},"url":"https:\/\/macite.tg\/?author=2"}]}},"_links":{"self":[{"href":"https:\/\/macite.tg\/index.php?rest_route=\/wp\/v2\/posts\/15331","targetHints":{"allow":["GET"]}}],"collection":[{"href":"https:\/\/macite.tg\/index.php?rest_route=\/wp\/v2\/posts"}],"about":[{"href":"https:\/\/macite.tg\/index.php?rest_route=\/wp\/v2\/types\/post"}],"author":[{"embeddable":true,"href":"https:\/\/macite.tg\/index.php?rest_route=\/wp\/v2\/users\/2"}],"replies":[{"embeddable":true,"href":"https:\/\/macite.tg\/index.php?rest_route=%2Fwp%2Fv2%2Fcomments&post=15331"}],"version-history":[{"count":0,"href":"https:\/\/macite.tg\/index.php?rest_route=\/wp\/v2\/posts\/15331\/revisions"}],"wp:featuredmedia":[{"embeddable":true,"href":"https:\/\/macite.tg\/index.php?rest_route=\/wp\/v2\/media\/15332"}],"wp:attachment":[{"href":"https:\/\/macite.tg\/index.php?rest_route=%2Fwp%2Fv2%2Fmedia&parent=15331"}],"wp:term":[{"taxonomy":"category","embeddable":true,"href":"https:\/\/macite.tg\/index.php?rest_route=%2Fwp%2Fv2%2Fcategories&post=15331"},{"taxonomy":"post_tag","embeddable":true,"href":"https:\/\/macite.tg\/index.php?rest_route=%2Fwp%2Fv2%2Ftags&post=15331"}],"curies":[{"name":"wp","href":"https:\/\/api.w.org\/{rel}","templated":true}]}}