{"id":1530,"date":"2022-11-07T17:43:23","date_gmt":"2022-11-07T17:43:23","guid":{"rendered":"https:\/\/macite.info\/?p=1530"},"modified":"2022-11-07T17:43:24","modified_gmt":"2022-11-07T17:43:24","slug":"cetef-17e-fil-pour-booster-les-activites-economiques","status":"publish","type":"post","link":"https:\/\/macite.tg\/?p=1530","title":{"rendered":"CETEF\u00a0: 17e FIL\u00a0pour booster les activit\u00e9s \u00e9conomiques"},"content":{"rendered":"\n<p class=\"wp-block-paragraph\"><strong><em>\u00ab Comp\u00e9titivit\u00e9 des biens et services pour la relance \u00e9conomique post covid-19 \u00bb, tel est le th\u00e8me de la 17\u00e8 Foire internationale de Lom\u00e9 (FIL) qui se tiendra du 30 novembre au 18 d\u00e9cembre 2022 au Centre togolais des expositions et foires (CETEF) de Lom\u00e9. Un \u00e9v\u00e9nement grandeur nature qui reprend vie apr\u00e8s deux ann\u00e9es de suspension du fait de la pand\u00e9mie au coronavirus.<\/em><\/strong><\/p>\n\n\n\n<p class=\"wp-block-paragraph\">Deux anas pr\u00e8s sa suspension, la Foire internationale de Lom\u00e9 (FIL) fait son comeback. Initi\u00e9e de depuis les ann\u00e9es 1985, la FIL est une f\u00eate foraine qui s\u2019est impos\u00e9e au fil du temps comme l\u2019un des \u00e9v\u00e9nements incontournable de la sous-r\u00e9gion.<\/p>\n\n\n\n<p class=\"wp-block-paragraph\">Selon le ministre en charge du Commerce, Ad\u00e9dz\u00e9 Kodjo, <em>\u00ab la FIL a fait ses preuves pendant plus de 20 ans. Elle s&rsquo;impose comme une r\u00e9f\u00e9rence en Afrique, surtout avec l&rsquo;entr\u00e9e en vigueur de la Zone de Libre Echange Continentale (ZLECAF) depuis le 31 mai 2019, rendue op\u00e9rationnelle, le 1er janvier 2021. Dans ce contexte de crise \u00e9conomique, elle se positionne comme une vitrine pour les biens et services locaux et ceux de la sous-r\u00e9gion Ouest-africaine \u00bb.<\/em><\/p>\n\n\n\n<figure class=\"wp-block-image size-large\"><img loading=\"lazy\" decoding=\"async\" width=\"1024\" height=\"386\" src=\"https:\/\/macite.tg\/wp-content\/uploads\/2022\/11\/Capture1-1-1024x386.jpg\" alt=\"\" class=\"wp-image-1532\" srcset=\"https:\/\/macite.tg\/wp-content\/uploads\/2022\/11\/Capture1-1-1024x386.jpg 1024w, https:\/\/macite.tg\/wp-content\/uploads\/2022\/11\/Capture1-1-300x113.jpg 300w, https:\/\/macite.tg\/wp-content\/uploads\/2022\/11\/Capture1-1-768x290.jpg 768w, https:\/\/macite.tg\/wp-content\/uploads\/2022\/11\/Capture1-1.jpg 1522w\" sizes=\"auto, (max-width: 1024px) 100vw, 1024px\" \/><\/figure>\n\n\n\n<p class=\"wp-block-paragraph\">Ce rendez-vous \u00e9conomique de Lom\u00e9, est une v\u00e9ritable opportunit\u00e9 d\u2019affaires qui offrent aux participants la promotion des \u00e9changes de produits et services d&rsquo;activit\u00e9s \u00e9conomique des pays aussi bien de la sous-r\u00e9gion que du reste du monde ; l&rsquo;accroissement du niveau de l&rsquo;activit\u00e9 commerciale entre les pays de la sous-r\u00e9gion ; les possibilit\u00e9s de rencontre entre professionnels et sp\u00e9cialistes pour un d\u00e9veloppement de l&rsquo;activit\u00e9 commerciale de la sous-r\u00e9gion et du reste du monde, entre autres.<\/p>\n\n\n\n<p class=\"wp-block-paragraph\">Pour l&rsquo;\u00e9dition cette 17<sup>e<\/sup> \u00e9dition, c\u2019est plus de 90.000 m2 qui ont \u00e9t\u00e9 mobilis\u00e9s par le CETEF et conc\u00e9d\u00e9s \u00e0 quelques 1.000 exposants, contre 17.815 m2 pour 995 exposants pour la pr\u00e9c\u00e9dente \u00e9dition. Environ 310.000 visiteurs sont attendus \u00e0 l\u2019\u00e9dition 2022 du FIL.<\/p>\n\n\n\n<p class=\"wp-block-paragraph\">Plusieurs activit\u00e9s sont inscrites au programme de cette f\u00eate foraine qui s\u2019articule autour de la digitalisation de l\u2019ensemble du processus \u00e0 savoir l\u2019achat en ligne des stands mais aussi des tickets d\u2019entr\u00e9e.&nbsp; Il s\u2019agit des visites guid\u00e9es de stands, des expositions, des rencontres B2B, des soir\u00e9es culturelles (prestation des artistes de la chanson, des journ\u00e9es nationales des pays et des journ\u00e9es portes ouvertes sur les entreprises exposantes&#8230;).<\/p>\n\n\n\n<p class=\"wp-block-paragraph\"><strong>JPB<\/strong><\/p>\n\n\n\n<p class=\"wp-block-paragraph\"><strong><em>@macite.info<\/em><\/strong><\/p>\n\n\n\n<p class=\"wp-block-paragraph\"><strong><em>E-mail&nbsp;: <\/em><\/strong><a href=\"mailto:maciteinfo@gmail.com\"><strong><em>maciteinfo@gmail.com<\/em><\/strong><\/a><strong><em>; <\/em><\/strong><a href=\"mailto:bawela1@gmail.com\"><strong><em>bawela1@gmail.com<\/em><\/strong><\/a><strong><em><\/em><\/strong><\/p>\n\n\n\n<p class=\"wp-block-paragraph\"><strong><em>Pour vos annonces, (publi)reportages, etc., joignez nous au (00228) 91515309\/<strong>79872224<\/strong><\/em><\/strong><em><\/em><\/p>\n\n\n\n<p class=\"wp-block-paragraph\"><a href=\"http:\/\/www.macite.info\"><strong><em>www.macite.info<\/em><\/strong><\/a><strong><em>, L\u2019information, la bonne&nbsp;!<\/em><\/strong><\/p>\n","protected":false},"excerpt":{"rendered":"<p class=\"text-justify mb-2\" >\u00ab Comp\u00e9titivit\u00e9 des biens et services pour la relance \u00e9conomique post covid-19 \u00bb, tel est le th\u00e8me de la 17\u00e8 Foire internationale de Lom\u00e9 (FIL) qui se tiendra du 30 novembre au 18 d\u00e9cembre 2022 au Centre togolais des expositions et foires (CETEF) de Lom\u00e9. [&hellip;]<\/p>\n","protected":false},"author":2,"featured_media":1531,"comment_status":"open","ping_status":"open","sticky":false,"template":"","format":"standard","meta":{"footnotes":""},"categories":[3],"tags":[],"class_list":["post-1530","post","type-post","status-publish","format-standard","has-post-thumbnail","hentry","category-economie"],"yoast_head":"<!-- This site is optimized with the Yoast SEO plugin v28.4 - https:\/\/yoast.com\/product\/yoast-seo-wordpress\/ -->\n<title>CETEF\u00a0: 17e FIL\u00a0pour booster les activit\u00e9s \u00e9conomiques -<\/title>\n<meta name=\"robots\" content=\"index, follow, max-snippet:-1, max-image-preview:large, max-video-preview:-1\" \/>\n<link rel=\"canonical\" href=\"https:\/\/macite.tg\/?p=1530\" \/>\n<meta property=\"og:locale\" content=\"fr_FR\" \/>\n<meta property=\"og:type\" content=\"article\" \/>\n<meta property=\"og:title\" content=\"CETEF\u00a0: 17e FIL\u00a0pour booster les activit\u00e9s \u00e9conomiques -\" \/>\n<meta property=\"og:description\" content=\"\u00ab Comp\u00e9titivit\u00e9 des biens et services pour la relance \u00e9conomique post covid-19 \u00bb, tel est le th\u00e8me de la 17\u00e8 Foire internationale de Lom\u00e9 (FIL) qui se tiendra du 30 novembre au 18 d\u00e9cembre 2022 au Centre togolais des expositions et foires (CETEF) de Lom\u00e9. [&hellip;]\" \/>\n<meta property=\"og:url\" content=\"https:\/\/macite.tg\/?p=1530\" \/>\n<meta property=\"article:published_time\" content=\"2022-11-07T17:43:23+00:00\" \/>\n<meta property=\"article:modified_time\" content=\"2022-11-07T17:43:24+00:00\" \/>\n<meta property=\"og:image\" content=\"https:\/\/macite.tg\/wp-content\/uploads\/2022\/11\/Foireee.jpg\" \/>\n\t<meta property=\"og:image:width\" content=\"225\" \/>\n\t<meta property=\"og:image:height\" content=\"225\" \/>\n\t<meta property=\"og:image:type\" content=\"image\/jpeg\" \/>\n<meta name=\"author\" content=\"Jean Pierre BAWELA\" \/>\n<meta name=\"twitter:card\" content=\"summary_large_image\" \/>\n<meta name=\"twitter:label1\" content=\"\u00c9crit par\" \/>\n\t<meta name=\"twitter:data1\" content=\"Jean Pierre BAWELA\" \/>\n\t<meta name=\"twitter:label2\" content=\"Dur\u00e9e de lecture estim\u00e9e\" \/>\n\t<meta name=\"twitter:data2\" content=\"3 minutes\" \/>\n<script type=\"application\/ld+json\" class=\"yoast-schema-graph\">{\"@context\":\"https:\\\/\\\/schema.org\",\"@graph\":[{\"@type\":\"Article\",\"@id\":\"https:\\\/\\\/macite.tg\\\/?p=1530#article\",\"isPartOf\":{\"@id\":\"https:\\\/\\\/macite.tg\\\/?p=1530\"},\"author\":{\"name\":\"Jean Pierre BAWELA\",\"@id\":\"https:\\\/\\\/macite.tg\\\/#\\\/schema\\\/person\\\/e9f2de7e5dbbe7770a9402c7ce82f5c2\"},\"headline\":\"CETEF\u00a0: 17e FIL\u00a0pour booster les activit\u00e9s \u00e9conomiques\",\"datePublished\":\"2022-11-07T17:43:23+00:00\",\"dateModified\":\"2022-11-07T17:43:24+00:00\",\"mainEntityOfPage\":{\"@id\":\"https:\\\/\\\/macite.tg\\\/?p=1530\"},\"wordCount\":438,\"commentCount\":0,\"image\":{\"@id\":\"https:\\\/\\\/macite.tg\\\/?p=1530#primaryimage\"},\"thumbnailUrl\":\"https:\\\/\\\/macite.tg\\\/wp-content\\\/uploads\\\/2022\\\/11\\\/Foireee.jpg\",\"articleSection\":[\"ECONOMIE\"],\"inLanguage\":\"fr-FR\",\"potentialAction\":[{\"@type\":\"CommentAction\",\"name\":\"Comment\",\"target\":[\"https:\\\/\\\/macite.tg\\\/?p=1530#respond\"]}]},{\"@type\":\"WebPage\",\"@id\":\"https:\\\/\\\/macite.tg\\\/?p=1530\",\"url\":\"https:\\\/\\\/macite.tg\\\/?p=1530\",\"name\":\"CETEF\u00a0: 17e FIL\u00a0pour booster les activit\u00e9s \u00e9conomiques -\",\"isPartOf\":{\"@id\":\"https:\\\/\\\/macite.tg\\\/#website\"},\"primaryImageOfPage\":{\"@id\":\"https:\\\/\\\/macite.tg\\\/?p=1530#primaryimage\"},\"image\":{\"@id\":\"https:\\\/\\\/macite.tg\\\/?p=1530#primaryimage\"},\"thumbnailUrl\":\"https:\\\/\\\/macite.tg\\\/wp-content\\\/uploads\\\/2022\\\/11\\\/Foireee.jpg\",\"datePublished\":\"2022-11-07T17:43:23+00:00\",\"dateModified\":\"2022-11-07T17:43:24+00:00\",\"author\":{\"@id\":\"https:\\\/\\\/macite.tg\\\/#\\\/schema\\\/person\\\/e9f2de7e5dbbe7770a9402c7ce82f5c2\"},\"breadcrumb\":{\"@id\":\"https:\\\/\\\/macite.tg\\\/?p=1530#breadcrumb\"},\"inLanguage\":\"fr-FR\",\"potentialAction\":[{\"@type\":\"ReadAction\",\"target\":[\"https:\\\/\\\/macite.tg\\\/?p=1530\"]}]},{\"@type\":\"ImageObject\",\"inLanguage\":\"fr-FR\",\"@id\":\"https:\\\/\\\/macite.tg\\\/?p=1530#primaryimage\",\"url\":\"https:\\\/\\\/macite.tg\\\/wp-content\\\/uploads\\\/2022\\\/11\\\/Foireee.jpg\",\"contentUrl\":\"https:\\\/\\\/macite.tg\\\/wp-content\\\/uploads\\\/2022\\\/11\\\/Foireee.jpg\",\"width\":225,\"height\":225},{\"@type\":\"BreadcrumbList\",\"@id\":\"https:\\\/\\\/macite.tg\\\/?p=1530#breadcrumb\",\"itemListElement\":[{\"@type\":\"ListItem\",\"position\":1,\"name\":\"Accueil\",\"item\":\"https:\\\/\\\/macite.tg\\\/\"},{\"@type\":\"ListItem\",\"position\":2,\"name\":\"CETEF\u00a0: 17e FIL\u00a0pour booster les activit\u00e9s \u00e9conomiques\"}]},{\"@type\":\"WebSite\",\"@id\":\"https:\\\/\\\/macite.tg\\\/#website\",\"url\":\"https:\\\/\\\/macite.tg\\\/\",\"name\":\"\",\"description\":\"L&#039;information, la bonne!!!\",\"potentialAction\":[{\"@type\":\"SearchAction\",\"target\":{\"@type\":\"EntryPoint\",\"urlTemplate\":\"https:\\\/\\\/macite.tg\\\/?s={search_term_string}\"},\"query-input\":{\"@type\":\"PropertyValueSpecification\",\"valueRequired\":true,\"valueName\":\"search_term_string\"}}],\"inLanguage\":\"fr-FR\"},{\"@type\":\"Person\",\"@id\":\"https:\\\/\\\/macite.tg\\\/#\\\/schema\\\/person\\\/e9f2de7e5dbbe7770a9402c7ce82f5c2\",\"name\":\"Jean Pierre BAWELA\",\"image\":{\"@type\":\"ImageObject\",\"inLanguage\":\"fr-FR\",\"@id\":\"https:\\\/\\\/macite.tg\\\/wp-content\\\/uploads\\\/2023\\\/09\\\/WhatsApp-Image-2023-09-19-at-14.44.41-122x122.jpeg\",\"url\":\"https:\\\/\\\/macite.tg\\\/wp-content\\\/uploads\\\/2023\\\/09\\\/WhatsApp-Image-2023-09-19-at-14.44.41-122x122.jpeg\",\"contentUrl\":\"https:\\\/\\\/macite.tg\\\/wp-content\\\/uploads\\\/2023\\\/09\\\/WhatsApp-Image-2023-09-19-at-14.44.41-122x122.jpeg\",\"caption\":\"Jean Pierre BAWELA\"},\"url\":\"https:\\\/\\\/macite.tg\\\/?author=2\"}]}<\/script>\n<!-- \/ Yoast SEO plugin. -->","yoast_head_json":{"title":"CETEF\u00a0: 17e FIL\u00a0pour booster les activit\u00e9s \u00e9conomiques -","robots":{"index":"index","follow":"follow","max-snippet":"max-snippet:-1","max-image-preview":"max-image-preview:large","max-video-preview":"max-video-preview:-1"},"canonical":"https:\/\/macite.tg\/?p=1530","og_locale":"fr_FR","og_type":"article","og_title":"CETEF\u00a0: 17e FIL\u00a0pour booster les activit\u00e9s \u00e9conomiques -","og_description":"\u00ab Comp\u00e9titivit\u00e9 des biens et services pour la relance \u00e9conomique post covid-19 \u00bb, tel est le th\u00e8me de la 17\u00e8 Foire internationale de Lom\u00e9 (FIL) qui se tiendra du 30 novembre au 18 d\u00e9cembre 2022 au Centre togolais des expositions et foires (CETEF) de Lom\u00e9. [&hellip;]","og_url":"https:\/\/macite.tg\/?p=1530","article_published_time":"2022-11-07T17:43:23+00:00","article_modified_time":"2022-11-07T17:43:24+00:00","og_image":[{"width":225,"height":225,"url":"https:\/\/macite.tg\/wp-content\/uploads\/2022\/11\/Foireee.jpg","type":"image\/jpeg"}],"author":"Jean Pierre BAWELA","twitter_card":"summary_large_image","twitter_misc":{"\u00c9crit par":"Jean Pierre BAWELA","Dur\u00e9e de lecture estim\u00e9e":"3 minutes"},"schema":{"@context":"https:\/\/schema.org","@graph":[{"@type":"Article","@id":"https:\/\/macite.tg\/?p=1530#article","isPartOf":{"@id":"https:\/\/macite.tg\/?p=1530"},"author":{"name":"Jean Pierre BAWELA","@id":"https:\/\/macite.tg\/#\/schema\/person\/e9f2de7e5dbbe7770a9402c7ce82f5c2"},"headline":"CETEF\u00a0: 17e FIL\u00a0pour booster les activit\u00e9s \u00e9conomiques","datePublished":"2022-11-07T17:43:23+00:00","dateModified":"2022-11-07T17:43:24+00:00","mainEntityOfPage":{"@id":"https:\/\/macite.tg\/?p=1530"},"wordCount":438,"commentCount":0,"image":{"@id":"https:\/\/macite.tg\/?p=1530#primaryimage"},"thumbnailUrl":"https:\/\/macite.tg\/wp-content\/uploads\/2022\/11\/Foireee.jpg","articleSection":["ECONOMIE"],"inLanguage":"fr-FR","potentialAction":[{"@type":"CommentAction","name":"Comment","target":["https:\/\/macite.tg\/?p=1530#respond"]}]},{"@type":"WebPage","@id":"https:\/\/macite.tg\/?p=1530","url":"https:\/\/macite.tg\/?p=1530","name":"CETEF\u00a0: 17e FIL\u00a0pour booster les activit\u00e9s \u00e9conomiques -","isPartOf":{"@id":"https:\/\/macite.tg\/#website"},"primaryImageOfPage":{"@id":"https:\/\/macite.tg\/?p=1530#primaryimage"},"image":{"@id":"https:\/\/macite.tg\/?p=1530#primaryimage"},"thumbnailUrl":"https:\/\/macite.tg\/wp-content\/uploads\/2022\/11\/Foireee.jpg","datePublished":"2022-11-07T17:43:23+00:00","dateModified":"2022-11-07T17:43:24+00:00","author":{"@id":"https:\/\/macite.tg\/#\/schema\/person\/e9f2de7e5dbbe7770a9402c7ce82f5c2"},"breadcrumb":{"@id":"https:\/\/macite.tg\/?p=1530#breadcrumb"},"inLanguage":"fr-FR","potentialAction":[{"@type":"ReadAction","target":["https:\/\/macite.tg\/?p=1530"]}]},{"@type":"ImageObject","inLanguage":"fr-FR","@id":"https:\/\/macite.tg\/?p=1530#primaryimage","url":"https:\/\/macite.tg\/wp-content\/uploads\/2022\/11\/Foireee.jpg","contentUrl":"https:\/\/macite.tg\/wp-content\/uploads\/2022\/11\/Foireee.jpg","width":225,"height":225},{"@type":"BreadcrumbList","@id":"https:\/\/macite.tg\/?p=1530#breadcrumb","itemListElement":[{"@type":"ListItem","position":1,"name":"Accueil","item":"https:\/\/macite.tg\/"},{"@type":"ListItem","position":2,"name":"CETEF\u00a0: 17e FIL\u00a0pour booster les activit\u00e9s \u00e9conomiques"}]},{"@type":"WebSite","@id":"https:\/\/macite.tg\/#website","url":"https:\/\/macite.tg\/","name":"","description":"L&#039;information, la bonne!!!","potentialAction":[{"@type":"SearchAction","target":{"@type":"EntryPoint","urlTemplate":"https:\/\/macite.tg\/?s={search_term_string}"},"query-input":{"@type":"PropertyValueSpecification","valueRequired":true,"valueName":"search_term_string"}}],"inLanguage":"fr-FR"},{"@type":"Person","@id":"https:\/\/macite.tg\/#\/schema\/person\/e9f2de7e5dbbe7770a9402c7ce82f5c2","name":"Jean Pierre BAWELA","image":{"@type":"ImageObject","inLanguage":"fr-FR","@id":"https:\/\/macite.tg\/wp-content\/uploads\/2023\/09\/WhatsApp-Image-2023-09-19-at-14.44.41-122x122.jpeg","url":"https:\/\/macite.tg\/wp-content\/uploads\/2023\/09\/WhatsApp-Image-2023-09-19-at-14.44.41-122x122.jpeg","contentUrl":"https:\/\/macite.tg\/wp-content\/uploads\/2023\/09\/WhatsApp-Image-2023-09-19-at-14.44.41-122x122.jpeg","caption":"Jean Pierre BAWELA"},"url":"https:\/\/macite.tg\/?author=2"}]}},"_links":{"self":[{"href":"https:\/\/macite.tg\/index.php?rest_route=\/wp\/v2\/posts\/1530","targetHints":{"allow":["GET"]}}],"collection":[{"href":"https:\/\/macite.tg\/index.php?rest_route=\/wp\/v2\/posts"}],"about":[{"href":"https:\/\/macite.tg\/index.php?rest_route=\/wp\/v2\/types\/post"}],"author":[{"embeddable":true,"href":"https:\/\/macite.tg\/index.php?rest_route=\/wp\/v2\/users\/2"}],"replies":[{"embeddable":true,"href":"https:\/\/macite.tg\/index.php?rest_route=%2Fwp%2Fv2%2Fcomments&post=1530"}],"version-history":[{"count":0,"href":"https:\/\/macite.tg\/index.php?rest_route=\/wp\/v2\/posts\/1530\/revisions"}],"wp:featuredmedia":[{"embeddable":true,"href":"https:\/\/macite.tg\/index.php?rest_route=\/wp\/v2\/media\/1531"}],"wp:attachment":[{"href":"https:\/\/macite.tg\/index.php?rest_route=%2Fwp%2Fv2%2Fmedia&parent=1530"}],"wp:term":[{"taxonomy":"category","embeddable":true,"href":"https:\/\/macite.tg\/index.php?rest_route=%2Fwp%2Fv2%2Fcategories&post=1530"},{"taxonomy":"post_tag","embeddable":true,"href":"https:\/\/macite.tg\/index.php?rest_route=%2Fwp%2Fv2%2Ftags&post=1530"}],"curies":[{"name":"wp","href":"https:\/\/api.w.org\/{rel}","templated":true}]}}