{"id":15293,"date":"2024-06-27T12:39:21","date_gmt":"2024-06-27T12:39:21","guid":{"rendered":"https:\/\/macite.tg\/?p=15293"},"modified":"2024-06-27T12:39:24","modified_gmt":"2024-06-27T12:39:24","slug":"cooperation-securitaire-rabat-et-berlin-renforcent-leur-partenariat-strategique","status":"publish","type":"post","link":"https:\/\/macite.tg\/?p=15293","title":{"rendered":"COOPERATION SECURITAIRE\u00a0: Rabat et Berlin renforcent leur partenariat strat\u00e9gique"},"content":{"rendered":"\n<p class=\"wp-block-paragraph\"><strong><em>Le Royaume du Maroc et la R\u00e9publique F\u00e9d\u00e9rale d\u2019Allemagne veulent renforcer davantage leur coop\u00e9ration bilat\u00e9rale, notamment en mati\u00e8re de s\u00e9curit\u00e9. C\u2019est ce qui ressort des s\u00e9ances de travail entre le Directeur G\u00e9n\u00e9ral de la S\u00fbret\u00e9 Nationale (Dgsn) et de la Surveillance du Territoire (Ddst), Abdellatif Hammouchi, et des responsables de la Police f\u00e9d\u00e9rale allemande (Bundespolizei) et de l\u2019Office f\u00e9d\u00e9ral de la police criminelle (Bka), lors de la visite de travail de l\u2019officiel marocain \u00e0 Berlin, en Allemagne, du 24 au 26 juin 2024.<\/em><\/strong><\/p>\n\n\n\n<p class=\"wp-block-paragraph\">A l\u2019invitation de Berlin, le Directeur G\u00e9n\u00e9ral de la S\u00fbret\u00e9 Nationale (Dgsn) et de la Surveillance du Territoire (Dgst), Abdellatif Hammouchi, a effectu\u00e9, du 24 au 26 juin 2024, une visite de travail dans la capitale allemande, note un communiqu\u00e9 du p\u00f4le de la Dgsn-Dgst.<\/p>\n\n\n\n<figure class=\"wp-block-image size-full is-resized\"><img loading=\"lazy\" decoding=\"async\" src=\"https:\/\/macite.tg\/wp-content\/uploads\/2024\/06\/IMG-20240313-WA0013-1.jpg\" alt=\"\" class=\"wp-image-15175\" width=\"837\" height=\"206\" srcset=\"https:\/\/macite.tg\/wp-content\/uploads\/2024\/06\/IMG-20240313-WA0013-1.jpg 690w, https:\/\/macite.tg\/wp-content\/uploads\/2024\/06\/IMG-20240313-WA0013-1-300x74.jpg 300w\" sizes=\"auto, (max-width: 837px) 100vw, 837px\" \/><\/figure>\n\n\n\n<p class=\"wp-block-paragraph\">Cette visite, en effet, s\u2019inscrit dans le cadre de la <em>\u00ab&nbsp;pr\u00e9paration avanc\u00e9s men\u00e9s par les services de s\u00e9curit\u00e9 marocains en pr\u00e9vision de l&rsquo;accueil par le Royaume du Maroc de manifestations sportives et s\u00e9curitaires mondiales et continentales&nbsp;\u00bb. <\/em>Il faut le souligner, le Royaume du Maroc va abriter de grands \u00e9v\u00e9nements, notamment la 93<sup>\u00e8me<\/sup> session de l&rsquo;Assembl\u00e9e g\u00e9n\u00e9rale d&rsquo;Interpol, pr\u00e9vue l&rsquo;an prochain \u00e0 Marrakech, sans oublier l\u2019organisation de la Coupe d&rsquo;Afrique des Nations (Can) 2025 et la Coupe du monde 2030 (conjointement avec l&rsquo;Espagne et le Portugal).<\/p>\n\n\n\n<p class=\"wp-block-paragraph\">Ainsi, au cours de cette visite, le pr\u00e9sident de Bundespolizei, Dieter Romann, le pr\u00e9sident de l\u2019Office f\u00e9d\u00e9ral de la police criminelle (Bka), Holger M\u00fcnch et d\u2019autres haut responsables s\u00e9curitaires allemands sp\u00e9cialis\u00e9s dans la lutte contre le terrorisme et la s\u00e9curit\u00e9 sportive, ont longuement \u00e9chang\u00e9 avec M. Abdellatif Hammouchi. Au menu des \u00e9changes, le renforcement de la coop\u00e9ration bilat\u00e9rale entre les deux pays, mais aussi la lutte contre le terrorisme et la criminalit\u00e9 transfrontali\u00e8re organis\u00e9e, et la s\u00e9curit\u00e9 des grands \u00e9v\u00e8nements sportifs. Le Directeur g\u00e9n\u00e9ral de la Dgsn-Dgst et les hauts responsables s\u00e9curitaires allemands ont profit\u00e9 de l\u2019occasion pour faire un tour d\u2019horizon de la coop\u00e9ration entre Berlin et Rabat dans le domaine policier, sans oublier l\u2019ensemble des <em>\u00ab&nbsp;d\u00e9fis s\u00e9curitaires qui se posent sur les plans r\u00e9gional et international&nbsp;\u00bb.<\/em><\/p>\n\n\n\n<p class=\"wp-block-paragraph\">Outre ces \u00e9changes, l\u2019officiel marocain a eu droit \u00e0 une visite de terrain qui l\u2019a conduit au Centre conjoint allemand de lutte antiterroriste \u00e0 Berlin. Ainsi, au cours de la visite de terrain, la d\u00e9l\u00e9gation a \u00e9t\u00e9 infirm\u00e9e <em>\u00ab&nbsp;des m\u00e9canismes de travail de cette structure en mati\u00e8re de coordination entre les diff\u00e9rents appareils de s\u00e9curit\u00e9 allemands, et des perspectives de coop\u00e9ration avec les services de s\u00e9curit\u00e9 marocains dans la lutte contre les risques de la menace terroriste dans sa dimension transfrontali\u00e8re&nbsp;\u00bb.<\/em><\/p>\n\n\n<div class=\"wp-block-image\">\n<figure class=\"aligncenter size-full\"><img loading=\"lazy\" decoding=\"async\" width=\"526\" height=\"526\" src=\"https:\/\/macite.tg\/wp-content\/uploads\/2024\/06\/fisc-Quiz_Semaine-du-24-au-30-Juin-2024.jpg\" alt=\"\" class=\"wp-image-15252\" srcset=\"https:\/\/macite.tg\/wp-content\/uploads\/2024\/06\/fisc-Quiz_Semaine-du-24-au-30-Juin-2024.jpg 526w, https:\/\/macite.tg\/wp-content\/uploads\/2024\/06\/fisc-Quiz_Semaine-du-24-au-30-Juin-2024-300x300.jpg 300w, https:\/\/macite.tg\/wp-content\/uploads\/2024\/06\/fisc-Quiz_Semaine-du-24-au-30-Juin-2024-150x150.jpg 150w, https:\/\/macite.tg\/wp-content\/uploads\/2024\/06\/fisc-Quiz_Semaine-du-24-au-30-Juin-2024-122x122.jpg 122w\" sizes=\"auto, (max-width: 526px) 100vw, 526px\" \/><\/figure>\n<\/div>\n\n\n<p class=\"wp-block-paragraph\">Sur un tout autre plan, souligne le communiqu\u00e9, les deux d\u00e9l\u00e9gations ont parcouru les opportunit\u00e9s de coop\u00e9ration entre Rabat et berlin, notamment dans le domaine de <em>\u00ab&nbsp;la s\u00e9curit\u00e9 sportive et des m\u00e9canismes d&rsquo;\u00e9change d&rsquo;expertise et d&rsquo;assistance technique entre les deux parties pour la s\u00e9curisation des grandes manifestations&nbsp;\u00bb.<\/em><\/p>\n\n\n\n<p class=\"wp-block-paragraph\">Une occasion saisie par M. Hammouchi pour s\u2019en apercevoir des dispositifs de s\u00e9curit\u00e9 et des normes de s\u00e9curit\u00e9 et de protection adopt\u00e9s par la police allemande dans le cadre de la s\u00e9curisation de la Coupe de l&rsquo;Uefa, que la R\u00e9publique f\u00e9d\u00e9rale d&rsquo;Allemagne accueille en ce moment.<\/p>\n\n\n\n<p class=\"wp-block-paragraph\">Pour s\u2019impr\u00e9gner davantage de ces dispositifs s\u00e9curitaires, M. Hammouchi, \u00e0 la t\u00eate d\u2019une d\u00e9l\u00e9gation s\u00e9curitaire marocaine de haut niveau, accompagn\u00e9 du pr\u00e9sident du Bka, a visit\u00e9 les installations et \u00e9quipements du Stade olympique de Berlin, qui accueille d\u2019ailleurs des matchs de l&rsquo;Euro 2024. Cette visite s\u2019est poursuivie au Centre de gestion des op\u00e9rations de police, qui supervise les protocoles de s\u00e9curit\u00e9 et de s\u00fbret\u00e9 lors de cet \u00e9v\u00e9nement footballistique d\u2019envergure.<\/p>\n\n\n<div class=\"wp-block-image\">\n<figure class=\"aligncenter size-full is-resized\"><img loading=\"lazy\" decoding=\"async\" src=\"https:\/\/macite.tg\/wp-content\/uploads\/2024\/06\/Centre-dappel.jpg\" alt=\"\" class=\"wp-image-15245\" width=\"561\" height=\"561\" srcset=\"https:\/\/macite.tg\/wp-content\/uploads\/2024\/06\/Centre-dappel.jpg 1024w, https:\/\/macite.tg\/wp-content\/uploads\/2024\/06\/Centre-dappel-300x300.jpg 300w, https:\/\/macite.tg\/wp-content\/uploads\/2024\/06\/Centre-dappel-150x150.jpg 150w, https:\/\/macite.tg\/wp-content\/uploads\/2024\/06\/Centre-dappel-768x768.jpg 768w, https:\/\/macite.tg\/wp-content\/uploads\/2024\/06\/Centre-dappel-122x122.jpg 122w\" sizes=\"auto, (max-width: 561px) 100vw, 561px\" \/><\/figure>\n<\/div>\n\n\n<p class=\"wp-block-paragraph\">Notons que cette visite, conclut le communiqu\u00e9, fruit de la coop\u00e9ration s\u00e9curitaire bilat\u00e9rale active entre Rabat et Berlin, ceci dans de nombreux des domaines d\u2019int\u00e9r\u00eat commun, est \u00e9galement le signe de l\u2019engagement r\u00e9solu des autorit\u00e9s en charge de la s\u00e9curit\u00e9 du Royaume dans leurs <em>\u00ab&nbsp;efforts internationaux visant \u00e0 neutraliser les risques et les menaces qui p\u00e8sent sur la s\u00e9curit\u00e9 r\u00e9gionale et internationale des deux pays&nbsp;\u00bb.<\/em><\/p>\n\n\n\n<p class=\"wp-block-paragraph\"><strong>MC<\/strong><\/p>\n\n\n\n<p class=\"wp-block-paragraph\"><a><strong><em>@macite.tg&nbsp;&nbsp;&nbsp;&nbsp;&nbsp;&nbsp;&nbsp;&nbsp;<\/em><\/strong><\/a><\/p>\n\n\n\n<p class=\"wp-block-paragraph\"><strong><em>E-mail&nbsp;: <\/em><\/strong><a href=\"mailto:maciteinfo@gmail.com\"><strong><em>maciteinfo@gmail.com<\/em><\/strong><\/a><strong><em>; <\/em><\/strong><a href=\"mailto:bawela1@gmail.com\"><strong><em>bawela1@gmail.com<\/em><\/strong><\/a><strong><em><\/em><\/strong><\/p>\n\n\n\n<p class=\"wp-block-paragraph\"><strong><em>Pour vos annonces, (publi)reportages, etc., joignez-nous au (00228)91515309\/<strong>79872224 <\/strong>www.macite.tg, L\u2019information, la bonne&nbsp;!<\/em><\/strong><\/p>\n","protected":false},"excerpt":{"rendered":"<p class=\"text-justify mb-2\" >Le Royaume du Maroc et la R\u00e9publique F\u00e9d\u00e9rale d\u2019Allemagne veulent renforcer davantage leur coop\u00e9ration bilat\u00e9rale, notamment en mati\u00e8re de s\u00e9curit\u00e9. C\u2019est ce qui ressort des s\u00e9ances de travail entre le Directeur G\u00e9n\u00e9ral de la S\u00fbret\u00e9 Nationale (Dgsn) et de la Surveillance du Territoire (Ddst), Abdellatif [&hellip;]<\/p>\n","protected":false},"author":2,"featured_media":15295,"comment_status":"open","ping_status":"open","sticky":false,"template":"","format":"standard","meta":{"footnotes":""},"categories":[20,16],"tags":[],"class_list":["post-15293","post","type-post","status-publish","format-standard","has-post-thumbnail","hentry","category-actualite","category-cooperation"],"yoast_head":"<!-- This site is optimized with the Yoast SEO plugin v28.4 - https:\/\/yoast.com\/product\/yoast-seo-wordpress\/ -->\n<title>COOPERATION SECURITAIRE\u00a0: Rabat et Berlin renforcent leur partenariat strat\u00e9gique -<\/title>\n<meta name=\"robots\" content=\"index, follow, max-snippet:-1, max-image-preview:large, max-video-preview:-1\" \/>\n<link rel=\"canonical\" href=\"https:\/\/macite.tg\/?p=15293\" \/>\n<meta property=\"og:locale\" content=\"fr_FR\" \/>\n<meta property=\"og:type\" content=\"article\" \/>\n<meta property=\"og:title\" content=\"COOPERATION SECURITAIRE\u00a0: Rabat et Berlin renforcent leur partenariat strat\u00e9gique -\" \/>\n<meta property=\"og:description\" content=\"Le Royaume du Maroc et la R\u00e9publique F\u00e9d\u00e9rale d\u2019Allemagne veulent renforcer davantage leur coop\u00e9ration bilat\u00e9rale, notamment en mati\u00e8re de s\u00e9curit\u00e9. C\u2019est ce qui ressort des s\u00e9ances de travail entre le Directeur G\u00e9n\u00e9ral de la S\u00fbret\u00e9 Nationale (Dgsn) et de la Surveillance du Territoire (Ddst), Abdellatif [&hellip;]\" \/>\n<meta property=\"og:url\" content=\"https:\/\/macite.tg\/?p=15293\" \/>\n<meta property=\"article:published_time\" content=\"2024-06-27T12:39:21+00:00\" \/>\n<meta property=\"article:modified_time\" content=\"2024-06-27T12:39:24+00:00\" \/>\n<meta property=\"og:image\" content=\"https:\/\/macite.tg\/wp-content\/uploads\/2024\/06\/Visite-en-Allemagne_securite.jpg\" \/>\n\t<meta property=\"og:image:width\" content=\"500\" \/>\n\t<meta property=\"og:image:height\" content=\"335\" \/>\n\t<meta property=\"og:image:type\" content=\"image\/jpeg\" \/>\n<meta name=\"author\" content=\"Jean Pierre BAWELA\" \/>\n<meta name=\"twitter:card\" content=\"summary_large_image\" \/>\n<meta name=\"twitter:label1\" content=\"\u00c9crit par\" \/>\n\t<meta name=\"twitter:data1\" content=\"Jean Pierre BAWELA\" \/>\n\t<meta name=\"twitter:label2\" content=\"Dur\u00e9e de lecture estim\u00e9e\" \/>\n\t<meta name=\"twitter:data2\" content=\"4 minutes\" \/>\n<script type=\"application\/ld+json\" class=\"yoast-schema-graph\">{\"@context\":\"https:\\\/\\\/schema.org\",\"@graph\":[{\"@type\":\"Article\",\"@id\":\"https:\\\/\\\/macite.tg\\\/?p=15293#article\",\"isPartOf\":{\"@id\":\"https:\\\/\\\/macite.tg\\\/?p=15293\"},\"author\":{\"name\":\"Jean Pierre BAWELA\",\"@id\":\"https:\\\/\\\/macite.tg\\\/#\\\/schema\\\/person\\\/e9f2de7e5dbbe7770a9402c7ce82f5c2\"},\"headline\":\"COOPERATION SECURITAIRE\u00a0: Rabat et Berlin renforcent leur partenariat strat\u00e9gique\",\"datePublished\":\"2024-06-27T12:39:21+00:00\",\"dateModified\":\"2024-06-27T12:39:24+00:00\",\"mainEntityOfPage\":{\"@id\":\"https:\\\/\\\/macite.tg\\\/?p=15293\"},\"wordCount\":822,\"commentCount\":0,\"image\":{\"@id\":\"https:\\\/\\\/macite.tg\\\/?p=15293#primaryimage\"},\"thumbnailUrl\":\"https:\\\/\\\/macite.tg\\\/wp-content\\\/uploads\\\/2024\\\/06\\\/Visite-en-Allemagne_securite.jpg\",\"articleSection\":[\"ACTUALITE\",\"COOPERATION\"],\"inLanguage\":\"fr-FR\",\"potentialAction\":[{\"@type\":\"CommentAction\",\"name\":\"Comment\",\"target\":[\"https:\\\/\\\/macite.tg\\\/?p=15293#respond\"]}]},{\"@type\":\"WebPage\",\"@id\":\"https:\\\/\\\/macite.tg\\\/?p=15293\",\"url\":\"https:\\\/\\\/macite.tg\\\/?p=15293\",\"name\":\"COOPERATION SECURITAIRE\u00a0: Rabat et Berlin renforcent leur partenariat strat\u00e9gique -\",\"isPartOf\":{\"@id\":\"https:\\\/\\\/macite.tg\\\/#website\"},\"primaryImageOfPage\":{\"@id\":\"https:\\\/\\\/macite.tg\\\/?p=15293#primaryimage\"},\"image\":{\"@id\":\"https:\\\/\\\/macite.tg\\\/?p=15293#primaryimage\"},\"thumbnailUrl\":\"https:\\\/\\\/macite.tg\\\/wp-content\\\/uploads\\\/2024\\\/06\\\/Visite-en-Allemagne_securite.jpg\",\"datePublished\":\"2024-06-27T12:39:21+00:00\",\"dateModified\":\"2024-06-27T12:39:24+00:00\",\"author\":{\"@id\":\"https:\\\/\\\/macite.tg\\\/#\\\/schema\\\/person\\\/e9f2de7e5dbbe7770a9402c7ce82f5c2\"},\"breadcrumb\":{\"@id\":\"https:\\\/\\\/macite.tg\\\/?p=15293#breadcrumb\"},\"inLanguage\":\"fr-FR\",\"potentialAction\":[{\"@type\":\"ReadAction\",\"target\":[\"https:\\\/\\\/macite.tg\\\/?p=15293\"]}]},{\"@type\":\"ImageObject\",\"inLanguage\":\"fr-FR\",\"@id\":\"https:\\\/\\\/macite.tg\\\/?p=15293#primaryimage\",\"url\":\"https:\\\/\\\/macite.tg\\\/wp-content\\\/uploads\\\/2024\\\/06\\\/Visite-en-Allemagne_securite.jpg\",\"contentUrl\":\"https:\\\/\\\/macite.tg\\\/wp-content\\\/uploads\\\/2024\\\/06\\\/Visite-en-Allemagne_securite.jpg\",\"width\":500,\"height\":335,\"caption\":\"Le patron d ela s\u00e9curit\u00e9 marocaine en visite \u00e0 Berlin, en Allemagne.\"},{\"@type\":\"BreadcrumbList\",\"@id\":\"https:\\\/\\\/macite.tg\\\/?p=15293#breadcrumb\",\"itemListElement\":[{\"@type\":\"ListItem\",\"position\":1,\"name\":\"Accueil\",\"item\":\"https:\\\/\\\/macite.tg\\\/\"},{\"@type\":\"ListItem\",\"position\":2,\"name\":\"COOPERATION SECURITAIRE\u00a0: Rabat et Berlin renforcent leur partenariat strat\u00e9gique\"}]},{\"@type\":\"WebSite\",\"@id\":\"https:\\\/\\\/macite.tg\\\/#website\",\"url\":\"https:\\\/\\\/macite.tg\\\/\",\"name\":\"\",\"description\":\"L&#039;information, la bonne!!!\",\"potentialAction\":[{\"@type\":\"SearchAction\",\"target\":{\"@type\":\"EntryPoint\",\"urlTemplate\":\"https:\\\/\\\/macite.tg\\\/?s={search_term_string}\"},\"query-input\":{\"@type\":\"PropertyValueSpecification\",\"valueRequired\":true,\"valueName\":\"search_term_string\"}}],\"inLanguage\":\"fr-FR\"},{\"@type\":\"Person\",\"@id\":\"https:\\\/\\\/macite.tg\\\/#\\\/schema\\\/person\\\/e9f2de7e5dbbe7770a9402c7ce82f5c2\",\"name\":\"Jean Pierre BAWELA\",\"image\":{\"@type\":\"ImageObject\",\"inLanguage\":\"fr-FR\",\"@id\":\"https:\\\/\\\/macite.tg\\\/wp-content\\\/uploads\\\/2023\\\/09\\\/WhatsApp-Image-2023-09-19-at-14.44.41-122x122.jpeg\",\"url\":\"https:\\\/\\\/macite.tg\\\/wp-content\\\/uploads\\\/2023\\\/09\\\/WhatsApp-Image-2023-09-19-at-14.44.41-122x122.jpeg\",\"contentUrl\":\"https:\\\/\\\/macite.tg\\\/wp-content\\\/uploads\\\/2023\\\/09\\\/WhatsApp-Image-2023-09-19-at-14.44.41-122x122.jpeg\",\"caption\":\"Jean Pierre BAWELA\"},\"url\":\"https:\\\/\\\/macite.tg\\\/?author=2\"}]}<\/script>\n<!-- \/ Yoast SEO plugin. -->","yoast_head_json":{"title":"COOPERATION SECURITAIRE\u00a0: Rabat et Berlin renforcent leur partenariat strat\u00e9gique -","robots":{"index":"index","follow":"follow","max-snippet":"max-snippet:-1","max-image-preview":"max-image-preview:large","max-video-preview":"max-video-preview:-1"},"canonical":"https:\/\/macite.tg\/?p=15293","og_locale":"fr_FR","og_type":"article","og_title":"COOPERATION SECURITAIRE\u00a0: Rabat et Berlin renforcent leur partenariat strat\u00e9gique -","og_description":"Le Royaume du Maroc et la R\u00e9publique F\u00e9d\u00e9rale d\u2019Allemagne veulent renforcer davantage leur coop\u00e9ration bilat\u00e9rale, notamment en mati\u00e8re de s\u00e9curit\u00e9. C\u2019est ce qui ressort des s\u00e9ances de travail entre le Directeur G\u00e9n\u00e9ral de la S\u00fbret\u00e9 Nationale (Dgsn) et de la Surveillance du Territoire (Ddst), Abdellatif [&hellip;]","og_url":"https:\/\/macite.tg\/?p=15293","article_published_time":"2024-06-27T12:39:21+00:00","article_modified_time":"2024-06-27T12:39:24+00:00","og_image":[{"width":500,"height":335,"url":"https:\/\/macite.tg\/wp-content\/uploads\/2024\/06\/Visite-en-Allemagne_securite.jpg","type":"image\/jpeg"}],"author":"Jean Pierre BAWELA","twitter_card":"summary_large_image","twitter_misc":{"\u00c9crit par":"Jean Pierre BAWELA","Dur\u00e9e de lecture estim\u00e9e":"4 minutes"},"schema":{"@context":"https:\/\/schema.org","@graph":[{"@type":"Article","@id":"https:\/\/macite.tg\/?p=15293#article","isPartOf":{"@id":"https:\/\/macite.tg\/?p=15293"},"author":{"name":"Jean Pierre BAWELA","@id":"https:\/\/macite.tg\/#\/schema\/person\/e9f2de7e5dbbe7770a9402c7ce82f5c2"},"headline":"COOPERATION SECURITAIRE\u00a0: Rabat et Berlin renforcent leur partenariat strat\u00e9gique","datePublished":"2024-06-27T12:39:21+00:00","dateModified":"2024-06-27T12:39:24+00:00","mainEntityOfPage":{"@id":"https:\/\/macite.tg\/?p=15293"},"wordCount":822,"commentCount":0,"image":{"@id":"https:\/\/macite.tg\/?p=15293#primaryimage"},"thumbnailUrl":"https:\/\/macite.tg\/wp-content\/uploads\/2024\/06\/Visite-en-Allemagne_securite.jpg","articleSection":["ACTUALITE","COOPERATION"],"inLanguage":"fr-FR","potentialAction":[{"@type":"CommentAction","name":"Comment","target":["https:\/\/macite.tg\/?p=15293#respond"]}]},{"@type":"WebPage","@id":"https:\/\/macite.tg\/?p=15293","url":"https:\/\/macite.tg\/?p=15293","name":"COOPERATION SECURITAIRE\u00a0: Rabat et Berlin renforcent leur partenariat strat\u00e9gique -","isPartOf":{"@id":"https:\/\/macite.tg\/#website"},"primaryImageOfPage":{"@id":"https:\/\/macite.tg\/?p=15293#primaryimage"},"image":{"@id":"https:\/\/macite.tg\/?p=15293#primaryimage"},"thumbnailUrl":"https:\/\/macite.tg\/wp-content\/uploads\/2024\/06\/Visite-en-Allemagne_securite.jpg","datePublished":"2024-06-27T12:39:21+00:00","dateModified":"2024-06-27T12:39:24+00:00","author":{"@id":"https:\/\/macite.tg\/#\/schema\/person\/e9f2de7e5dbbe7770a9402c7ce82f5c2"},"breadcrumb":{"@id":"https:\/\/macite.tg\/?p=15293#breadcrumb"},"inLanguage":"fr-FR","potentialAction":[{"@type":"ReadAction","target":["https:\/\/macite.tg\/?p=15293"]}]},{"@type":"ImageObject","inLanguage":"fr-FR","@id":"https:\/\/macite.tg\/?p=15293#primaryimage","url":"https:\/\/macite.tg\/wp-content\/uploads\/2024\/06\/Visite-en-Allemagne_securite.jpg","contentUrl":"https:\/\/macite.tg\/wp-content\/uploads\/2024\/06\/Visite-en-Allemagne_securite.jpg","width":500,"height":335,"caption":"Le patron d ela s\u00e9curit\u00e9 marocaine en visite \u00e0 Berlin, en Allemagne."},{"@type":"BreadcrumbList","@id":"https:\/\/macite.tg\/?p=15293#breadcrumb","itemListElement":[{"@type":"ListItem","position":1,"name":"Accueil","item":"https:\/\/macite.tg\/"},{"@type":"ListItem","position":2,"name":"COOPERATION SECURITAIRE\u00a0: Rabat et Berlin renforcent leur partenariat strat\u00e9gique"}]},{"@type":"WebSite","@id":"https:\/\/macite.tg\/#website","url":"https:\/\/macite.tg\/","name":"","description":"L&#039;information, la bonne!!!","potentialAction":[{"@type":"SearchAction","target":{"@type":"EntryPoint","urlTemplate":"https:\/\/macite.tg\/?s={search_term_string}"},"query-input":{"@type":"PropertyValueSpecification","valueRequired":true,"valueName":"search_term_string"}}],"inLanguage":"fr-FR"},{"@type":"Person","@id":"https:\/\/macite.tg\/#\/schema\/person\/e9f2de7e5dbbe7770a9402c7ce82f5c2","name":"Jean Pierre BAWELA","image":{"@type":"ImageObject","inLanguage":"fr-FR","@id":"https:\/\/macite.tg\/wp-content\/uploads\/2023\/09\/WhatsApp-Image-2023-09-19-at-14.44.41-122x122.jpeg","url":"https:\/\/macite.tg\/wp-content\/uploads\/2023\/09\/WhatsApp-Image-2023-09-19-at-14.44.41-122x122.jpeg","contentUrl":"https:\/\/macite.tg\/wp-content\/uploads\/2023\/09\/WhatsApp-Image-2023-09-19-at-14.44.41-122x122.jpeg","caption":"Jean Pierre BAWELA"},"url":"https:\/\/macite.tg\/?author=2"}]}},"_links":{"self":[{"href":"https:\/\/macite.tg\/index.php?rest_route=\/wp\/v2\/posts\/15293","targetHints":{"allow":["GET"]}}],"collection":[{"href":"https:\/\/macite.tg\/index.php?rest_route=\/wp\/v2\/posts"}],"about":[{"href":"https:\/\/macite.tg\/index.php?rest_route=\/wp\/v2\/types\/post"}],"author":[{"embeddable":true,"href":"https:\/\/macite.tg\/index.php?rest_route=\/wp\/v2\/users\/2"}],"replies":[{"embeddable":true,"href":"https:\/\/macite.tg\/index.php?rest_route=%2Fwp%2Fv2%2Fcomments&post=15293"}],"version-history":[{"count":0,"href":"https:\/\/macite.tg\/index.php?rest_route=\/wp\/v2\/posts\/15293\/revisions"}],"wp:featuredmedia":[{"embeddable":true,"href":"https:\/\/macite.tg\/index.php?rest_route=\/wp\/v2\/media\/15295"}],"wp:attachment":[{"href":"https:\/\/macite.tg\/index.php?rest_route=%2Fwp%2Fv2%2Fmedia&parent=15293"}],"wp:term":[{"taxonomy":"category","embeddable":true,"href":"https:\/\/macite.tg\/index.php?rest_route=%2Fwp%2Fv2%2Fcategories&post=15293"},{"taxonomy":"post_tag","embeddable":true,"href":"https:\/\/macite.tg\/index.php?rest_route=%2Fwp%2Fv2%2Ftags&post=15293"}],"curies":[{"name":"wp","href":"https:\/\/api.w.org\/{rel}","templated":true}]}}