{"id":151,"date":"2022-09-17T14:34:39","date_gmt":"2022-09-17T14:34:39","guid":{"rendered":"https:\/\/macite.info\/?p=151"},"modified":"2022-09-17T14:34:48","modified_gmt":"2022-09-17T14:34:48","slug":"incroyable-55-magistrats-en-prison-pour-experimenter-la-vie-de-detenus","status":"publish","type":"post","link":"https:\/\/macite.tg\/?p=151","title":{"rendered":"INCROYABLE\u00a0: 55 magistrats en prison pour exp\u00e9rimenter la vie de d\u00e9tenus"},"content":{"rendered":"\n<p class=\"wp-block-paragraph\"><strong><em>Une formidable exp\u00e9rience, \u00e0 \u00e9largir aux ministres et autres hauts fonctionnaires, dirait-on.<\/em><\/strong><em> <strong>Ces juges et procureurs \u00abdevront suivre les ordres et les instructions du personnel p\u00e9nitentiaire\u00bb. L\u2019objectif est pour eux \u00abd\u2019exp\u00e9rimenter ce que signifie la privation de libert\u00e9\u00bb.<\/strong><\/em><\/p>\n\n\n\n<p class=\"wp-block-paragraph\">Cinquante-cinq magistrats volontaires ont \u00e9t\u00e9 enferm\u00e9s samedi dans une prison de la r\u00e9gion de Bruxelles pour exp\u00e9rimenter la vie des d\u00e9tenus jusqu\u2019\u00e0 dimanche, a annonc\u00e9 le ministre belge de la Justice, Vincent Van Quickenborne, dans un communiqu\u00e9.<\/p>\n\n\n\n<p class=\"wp-block-paragraph\">Les magistrats sont arriv\u00e9s \u00e0 9 heures (7 heures GMT) dans la nouvelle prison de Haren, un \u00e9tablissement neuf d\u2019une capacit\u00e9 de 1190 d\u00e9tenus qui doit ouvrir ses portes le 30 septembre, a expliqu\u00e9 \u00e0 l\u2019AFP une porte-parole de l\u2019administration p\u00e9nitentiaire.<\/p>\n\n\n\n<p class=\"wp-block-paragraph\">Ils seront trait\u00e9s comme de vrais d\u00e9tenus jusqu\u2019\u00e0 la fin de l\u2019op\u00e9ration pr\u00e9vue dimanche \u00e0 16 heures (14 heures GMT), a-t-elle pr\u00e9cis\u00e9.<\/p>\n\n\n\n<p class=\"wp-block-paragraph\"><em>\u00abLes magistrats savent \u00e9videmment comment se passent les choses dans une prison, mais en faire l\u2019exp\u00e9rience par eux-m\u00eames leur donne une occasion unique qui pourra les aider \u00e0 prononcer des peines en toute connaissance de cause\u00bb,<\/em> a d\u00e9clar\u00e9 le ministre f\u00e9d\u00e9ral Vincent Van Quickenborne, cit\u00e9 dans le communiqu\u00e9.<\/p>\n\n\n<div class=\"wp-block-image\">\n<figure class=\"aligncenter size-full is-resized\"><img loading=\"lazy\" decoding=\"async\" src=\"https:\/\/macite.tg\/wp-content\/uploads\/2022\/09\/Otr30b.jpeg\" alt=\"\" class=\"wp-image-80\" width=\"416\" height=\"416\" srcset=\"https:\/\/macite.tg\/wp-content\/uploads\/2022\/09\/Otr30b.jpeg 720w, https:\/\/macite.tg\/wp-content\/uploads\/2022\/09\/Otr30b-300x300.jpeg 300w, https:\/\/macite.tg\/wp-content\/uploads\/2022\/09\/Otr30b-150x150.jpeg 150w\" sizes=\"auto, (max-width: 416px) 100vw, 416px\" \/><\/figure>\n<\/div>\n\n\n<p class=\"wp-block-paragraph\"><strong>Rendre l\u2019incarc\u00e9ration le plus r\u00e9aliste possible<\/strong><\/p>\n\n\n\n<p class=\"wp-block-paragraph\">L\u2019op\u00e9ration permettra \u00e9galement aux membres du personnel p\u00e9nitentiaire de se pr\u00e9parer \u00e0 l\u2019ouverture prochaine de cet \u00e9tablissement d\u2019un nouveau type <em>\u00abdot\u00e9 de petites unit\u00e9s de vie et d\u00e9veloppant une approche moderne\u00bb,<\/em> a ajout\u00e9 le responsable flamand, membre du parti lib\u00e9ral Open Vld.<\/p>\n\n\n\n<p class=\"wp-block-paragraph\"><em>\u00abLes magistrats participants \u2013 juges p\u00e9naux, juges d\u2019instruction, procureurs (\u2026) \u2013 se sont port\u00e9s volontaires. Ils (\u2026) devront suivre les ordres et les instructions du personnel p\u00e9nitentiaire. L\u2019objectif est de rendre l\u2019incarc\u00e9ration le plus r\u00e9aliste possible\u00bb,<\/em> est-il pr\u00e9cis\u00e9 dans le communiqu\u00e9.<\/p>\n\n\n\n<p class=\"wp-block-paragraph\"><em>\u00abIls ne pourront pas utiliser leur t\u00e9l\u00e9phone portable\u00bb,<\/em> mais auront la possibilit\u00e9 de recevoir des visites familiales, tout comme les vrais d\u00e9tenus. Les magistrats suivent l\u2019horaire quotidien normal des d\u00e9tenus, prennent les m\u00eames repas et ont les m\u00eames activit\u00e9s obligatoires. Ils seront, entre autres, employ\u00e9s \u00e0 la cuisine et \u00e0 la blanchisserie.<\/p>\n\n\n\n<p class=\"wp-block-paragraph\">\u00c0 22H00 <em>\u00ables lumi\u00e8res s\u2019\u00e9teignent\u00bb,<\/em> a soulign\u00e9 le minist\u00e8re. S\u2019ils ont <em>\u00abdu mal \u00e0 supporter ce s\u00e9jour en prison\u00bb<\/em>, ou pour tout autre motif, les magistrats ont la possibilit\u00e9 d\u2019interrompre l\u2019exp\u00e9rience \u00e0 tout moment.<\/p>\n\n\n\n<p class=\"wp-block-paragraph\"><em>\u00abCette immersion offre aux magistrats qui condamnent des personnes \u00e0 la prison l\u2019opportunit\u00e9 d\u2019exp\u00e9rimenter ce que signifie la privation de libert\u00e9\u00bb,<\/em> a expliqu\u00e9 Rudy Van de Voorde, directeur g\u00e9n\u00e9ral des \u00c9tablissements p\u00e9nitentiaires, \u00e9galement cit\u00e9 dans le communiqu\u00e9.<\/p>\n\n\n\n<p class=\"wp-block-paragraph\"><strong><u>Source<\/u><\/strong><strong>&nbsp;:@Onvoitout<\/strong><\/p>\n\n\n\n<p class=\"wp-block-paragraph\"><strong><em>@macite.info<\/em><\/strong><\/p>\n\n\n\n<p class=\"wp-block-paragraph\"><strong><em>E-mail&nbsp;: <\/em><\/strong><a href=\"mailto:maciteinfo@gmail.com\"><strong><em>maciteinfo@gmail.com<\/em><\/strong><\/a><strong><em>; <\/em><\/strong><a href=\"mailto:bawela1@gmail.com\"><strong><em>bawela1@gmail.com<\/em><\/strong><\/a><\/p>\n\n\n\n<p class=\"wp-block-paragraph\"><strong><em>Pour vos annonces, (publi)reportages, etc., joignez nous au (00228) 91515309\/<strong>79872224<\/strong><\/em><\/strong><em><\/em><\/p>\n\n\n\n<p class=\"wp-block-paragraph\"><a href=\"http:\/\/www.macite.info\"><strong><em>www.macite.info<\/em><\/strong><\/a><strong><em>, L\u2019information, la bonne&nbsp;!<\/em><\/strong><\/p>\n\n\n","protected":false},"excerpt":{"rendered":"<p class=\"text-justify mb-2\" >Une formidable exp\u00e9rience, \u00e0 \u00e9largir aux ministres et autres hauts fonctionnaires, dirait-on. Ces juges et procureurs \u00abdevront suivre les ordres et les instructions du personnel p\u00e9nitentiaire\u00bb. L\u2019objectif est pour eux \u00abd\u2019exp\u00e9rimenter ce que signifie la privation de libert\u00e9\u00bb. Cinquante-cinq magistrats volontaires ont \u00e9t\u00e9 enferm\u00e9s samedi [&hellip;]<\/p>\n","protected":false},"author":2,"featured_media":153,"comment_status":"open","ping_status":"open","sticky":false,"template":"","format":"standard","meta":{"footnotes":""},"categories":[11],"tags":[],"class_list":["post-151","post","type-post","status-publish","format-standard","has-post-thumbnail","hentry","category-fait-divers"],"yoast_head":"<!-- This site is optimized with the Yoast SEO plugin v28.4 - https:\/\/yoast.com\/product\/yoast-seo-wordpress\/ -->\n<title>INCROYABLE\u00a0: 55 magistrats en prison pour exp\u00e9rimenter la vie de d\u00e9tenus -<\/title>\n<meta name=\"robots\" content=\"index, follow, max-snippet:-1, max-image-preview:large, max-video-preview:-1\" \/>\n<link rel=\"canonical\" href=\"https:\/\/macite.tg\/?p=151\" \/>\n<meta property=\"og:locale\" content=\"fr_FR\" \/>\n<meta property=\"og:type\" content=\"article\" \/>\n<meta property=\"og:title\" content=\"INCROYABLE\u00a0: 55 magistrats en prison pour exp\u00e9rimenter la vie de d\u00e9tenus -\" \/>\n<meta property=\"og:description\" content=\"Une formidable exp\u00e9rience, \u00e0 \u00e9largir aux ministres et autres hauts fonctionnaires, dirait-on. Ces juges et procureurs \u00abdevront suivre les ordres et les instructions du personnel p\u00e9nitentiaire\u00bb. L\u2019objectif est pour eux \u00abd\u2019exp\u00e9rimenter ce que signifie la privation de libert\u00e9\u00bb. Cinquante-cinq magistrats volontaires ont \u00e9t\u00e9 enferm\u00e9s samedi [&hellip;]\" \/>\n<meta property=\"og:url\" content=\"https:\/\/macite.tg\/?p=151\" \/>\n<meta property=\"article:published_time\" content=\"2022-09-17T14:34:39+00:00\" \/>\n<meta property=\"article:modified_time\" content=\"2022-09-17T14:34:48+00:00\" \/>\n<meta property=\"og:image\" content=\"https:\/\/macite.tg\/wp-content\/uploads\/2022\/09\/index.jpg\" \/>\n\t<meta property=\"og:image:width\" content=\"300\" \/>\n\t<meta property=\"og:image:height\" content=\"168\" \/>\n\t<meta property=\"og:image:type\" content=\"image\/jpeg\" \/>\n<meta name=\"author\" content=\"Jean Pierre BAWELA\" \/>\n<meta name=\"twitter:card\" content=\"summary_large_image\" \/>\n<meta name=\"twitter:label1\" content=\"\u00c9crit par\" \/>\n\t<meta name=\"twitter:data1\" content=\"Jean Pierre BAWELA\" \/>\n\t<meta name=\"twitter:label2\" content=\"Dur\u00e9e de lecture estim\u00e9e\" \/>\n\t<meta name=\"twitter:data2\" content=\"3 minutes\" \/>\n<script type=\"application\/ld+json\" class=\"yoast-schema-graph\">{\"@context\":\"https:\\\/\\\/schema.org\",\"@graph\":[{\"@type\":\"Article\",\"@id\":\"https:\\\/\\\/macite.tg\\\/?p=151#article\",\"isPartOf\":{\"@id\":\"https:\\\/\\\/macite.tg\\\/?p=151\"},\"author\":{\"name\":\"Jean Pierre BAWELA\",\"@id\":\"https:\\\/\\\/macite.tg\\\/#\\\/schema\\\/person\\\/e9f2de7e5dbbe7770a9402c7ce82f5c2\"},\"headline\":\"INCROYABLE\u00a0: 55 magistrats en prison pour exp\u00e9rimenter la vie de d\u00e9tenus\",\"datePublished\":\"2022-09-17T14:34:39+00:00\",\"dateModified\":\"2022-09-17T14:34:48+00:00\",\"mainEntityOfPage\":{\"@id\":\"https:\\\/\\\/macite.tg\\\/?p=151\"},\"wordCount\":489,\"commentCount\":0,\"image\":{\"@id\":\"https:\\\/\\\/macite.tg\\\/?p=151#primaryimage\"},\"thumbnailUrl\":\"https:\\\/\\\/macite.tg\\\/wp-content\\\/uploads\\\/2022\\\/09\\\/index.jpg\",\"articleSection\":[\"FAIT DIVERS\"],\"inLanguage\":\"fr-FR\",\"potentialAction\":[{\"@type\":\"CommentAction\",\"name\":\"Comment\",\"target\":[\"https:\\\/\\\/macite.tg\\\/?p=151#respond\"]}]},{\"@type\":\"WebPage\",\"@id\":\"https:\\\/\\\/macite.tg\\\/?p=151\",\"url\":\"https:\\\/\\\/macite.tg\\\/?p=151\",\"name\":\"INCROYABLE\u00a0: 55 magistrats en prison pour exp\u00e9rimenter la vie de d\u00e9tenus -\",\"isPartOf\":{\"@id\":\"https:\\\/\\\/macite.tg\\\/#website\"},\"primaryImageOfPage\":{\"@id\":\"https:\\\/\\\/macite.tg\\\/?p=151#primaryimage\"},\"image\":{\"@id\":\"https:\\\/\\\/macite.tg\\\/?p=151#primaryimage\"},\"thumbnailUrl\":\"https:\\\/\\\/macite.tg\\\/wp-content\\\/uploads\\\/2022\\\/09\\\/index.jpg\",\"datePublished\":\"2022-09-17T14:34:39+00:00\",\"dateModified\":\"2022-09-17T14:34:48+00:00\",\"author\":{\"@id\":\"https:\\\/\\\/macite.tg\\\/#\\\/schema\\\/person\\\/e9f2de7e5dbbe7770a9402c7ce82f5c2\"},\"breadcrumb\":{\"@id\":\"https:\\\/\\\/macite.tg\\\/?p=151#breadcrumb\"},\"inLanguage\":\"fr-FR\",\"potentialAction\":[{\"@type\":\"ReadAction\",\"target\":[\"https:\\\/\\\/macite.tg\\\/?p=151\"]}]},{\"@type\":\"ImageObject\",\"inLanguage\":\"fr-FR\",\"@id\":\"https:\\\/\\\/macite.tg\\\/?p=151#primaryimage\",\"url\":\"https:\\\/\\\/macite.tg\\\/wp-content\\\/uploads\\\/2022\\\/09\\\/index.jpg\",\"contentUrl\":\"https:\\\/\\\/macite.tg\\\/wp-content\\\/uploads\\\/2022\\\/09\\\/index.jpg\",\"width\":300,\"height\":168,\"caption\":\"Une prison...\"},{\"@type\":\"BreadcrumbList\",\"@id\":\"https:\\\/\\\/macite.tg\\\/?p=151#breadcrumb\",\"itemListElement\":[{\"@type\":\"ListItem\",\"position\":1,\"name\":\"Accueil\",\"item\":\"https:\\\/\\\/macite.tg\\\/\"},{\"@type\":\"ListItem\",\"position\":2,\"name\":\"INCROYABLE\u00a0: 55 magistrats en prison pour exp\u00e9rimenter la vie de d\u00e9tenus\"}]},{\"@type\":\"WebSite\",\"@id\":\"https:\\\/\\\/macite.tg\\\/#website\",\"url\":\"https:\\\/\\\/macite.tg\\\/\",\"name\":\"\",\"description\":\"L&#039;information, la bonne!!!\",\"potentialAction\":[{\"@type\":\"SearchAction\",\"target\":{\"@type\":\"EntryPoint\",\"urlTemplate\":\"https:\\\/\\\/macite.tg\\\/?s={search_term_string}\"},\"query-input\":{\"@type\":\"PropertyValueSpecification\",\"valueRequired\":true,\"valueName\":\"search_term_string\"}}],\"inLanguage\":\"fr-FR\"},{\"@type\":\"Person\",\"@id\":\"https:\\\/\\\/macite.tg\\\/#\\\/schema\\\/person\\\/e9f2de7e5dbbe7770a9402c7ce82f5c2\",\"name\":\"Jean Pierre BAWELA\",\"image\":{\"@type\":\"ImageObject\",\"inLanguage\":\"fr-FR\",\"@id\":\"https:\\\/\\\/macite.tg\\\/wp-content\\\/uploads\\\/2023\\\/09\\\/WhatsApp-Image-2023-09-19-at-14.44.41-122x122.jpeg\",\"url\":\"https:\\\/\\\/macite.tg\\\/wp-content\\\/uploads\\\/2023\\\/09\\\/WhatsApp-Image-2023-09-19-at-14.44.41-122x122.jpeg\",\"contentUrl\":\"https:\\\/\\\/macite.tg\\\/wp-content\\\/uploads\\\/2023\\\/09\\\/WhatsApp-Image-2023-09-19-at-14.44.41-122x122.jpeg\",\"caption\":\"Jean Pierre BAWELA\"},\"url\":\"https:\\\/\\\/macite.tg\\\/?author=2\"}]}<\/script>\n<!-- \/ Yoast SEO plugin. -->","yoast_head_json":{"title":"INCROYABLE\u00a0: 55 magistrats en prison pour exp\u00e9rimenter la vie de d\u00e9tenus -","robots":{"index":"index","follow":"follow","max-snippet":"max-snippet:-1","max-image-preview":"max-image-preview:large","max-video-preview":"max-video-preview:-1"},"canonical":"https:\/\/macite.tg\/?p=151","og_locale":"fr_FR","og_type":"article","og_title":"INCROYABLE\u00a0: 55 magistrats en prison pour exp\u00e9rimenter la vie de d\u00e9tenus -","og_description":"Une formidable exp\u00e9rience, \u00e0 \u00e9largir aux ministres et autres hauts fonctionnaires, dirait-on. Ces juges et procureurs \u00abdevront suivre les ordres et les instructions du personnel p\u00e9nitentiaire\u00bb. L\u2019objectif est pour eux \u00abd\u2019exp\u00e9rimenter ce que signifie la privation de libert\u00e9\u00bb. Cinquante-cinq magistrats volontaires ont \u00e9t\u00e9 enferm\u00e9s samedi [&hellip;]","og_url":"https:\/\/macite.tg\/?p=151","article_published_time":"2022-09-17T14:34:39+00:00","article_modified_time":"2022-09-17T14:34:48+00:00","og_image":[{"width":300,"height":168,"url":"https:\/\/macite.tg\/wp-content\/uploads\/2022\/09\/index.jpg","type":"image\/jpeg"}],"author":"Jean Pierre BAWELA","twitter_card":"summary_large_image","twitter_misc":{"\u00c9crit par":"Jean Pierre BAWELA","Dur\u00e9e de lecture estim\u00e9e":"3 minutes"},"schema":{"@context":"https:\/\/schema.org","@graph":[{"@type":"Article","@id":"https:\/\/macite.tg\/?p=151#article","isPartOf":{"@id":"https:\/\/macite.tg\/?p=151"},"author":{"name":"Jean Pierre BAWELA","@id":"https:\/\/macite.tg\/#\/schema\/person\/e9f2de7e5dbbe7770a9402c7ce82f5c2"},"headline":"INCROYABLE\u00a0: 55 magistrats en prison pour exp\u00e9rimenter la vie de d\u00e9tenus","datePublished":"2022-09-17T14:34:39+00:00","dateModified":"2022-09-17T14:34:48+00:00","mainEntityOfPage":{"@id":"https:\/\/macite.tg\/?p=151"},"wordCount":489,"commentCount":0,"image":{"@id":"https:\/\/macite.tg\/?p=151#primaryimage"},"thumbnailUrl":"https:\/\/macite.tg\/wp-content\/uploads\/2022\/09\/index.jpg","articleSection":["FAIT DIVERS"],"inLanguage":"fr-FR","potentialAction":[{"@type":"CommentAction","name":"Comment","target":["https:\/\/macite.tg\/?p=151#respond"]}]},{"@type":"WebPage","@id":"https:\/\/macite.tg\/?p=151","url":"https:\/\/macite.tg\/?p=151","name":"INCROYABLE\u00a0: 55 magistrats en prison pour exp\u00e9rimenter la vie de d\u00e9tenus -","isPartOf":{"@id":"https:\/\/macite.tg\/#website"},"primaryImageOfPage":{"@id":"https:\/\/macite.tg\/?p=151#primaryimage"},"image":{"@id":"https:\/\/macite.tg\/?p=151#primaryimage"},"thumbnailUrl":"https:\/\/macite.tg\/wp-content\/uploads\/2022\/09\/index.jpg","datePublished":"2022-09-17T14:34:39+00:00","dateModified":"2022-09-17T14:34:48+00:00","author":{"@id":"https:\/\/macite.tg\/#\/schema\/person\/e9f2de7e5dbbe7770a9402c7ce82f5c2"},"breadcrumb":{"@id":"https:\/\/macite.tg\/?p=151#breadcrumb"},"inLanguage":"fr-FR","potentialAction":[{"@type":"ReadAction","target":["https:\/\/macite.tg\/?p=151"]}]},{"@type":"ImageObject","inLanguage":"fr-FR","@id":"https:\/\/macite.tg\/?p=151#primaryimage","url":"https:\/\/macite.tg\/wp-content\/uploads\/2022\/09\/index.jpg","contentUrl":"https:\/\/macite.tg\/wp-content\/uploads\/2022\/09\/index.jpg","width":300,"height":168,"caption":"Une prison..."},{"@type":"BreadcrumbList","@id":"https:\/\/macite.tg\/?p=151#breadcrumb","itemListElement":[{"@type":"ListItem","position":1,"name":"Accueil","item":"https:\/\/macite.tg\/"},{"@type":"ListItem","position":2,"name":"INCROYABLE\u00a0: 55 magistrats en prison pour exp\u00e9rimenter la vie de d\u00e9tenus"}]},{"@type":"WebSite","@id":"https:\/\/macite.tg\/#website","url":"https:\/\/macite.tg\/","name":"","description":"L&#039;information, la bonne!!!","potentialAction":[{"@type":"SearchAction","target":{"@type":"EntryPoint","urlTemplate":"https:\/\/macite.tg\/?s={search_term_string}"},"query-input":{"@type":"PropertyValueSpecification","valueRequired":true,"valueName":"search_term_string"}}],"inLanguage":"fr-FR"},{"@type":"Person","@id":"https:\/\/macite.tg\/#\/schema\/person\/e9f2de7e5dbbe7770a9402c7ce82f5c2","name":"Jean Pierre BAWELA","image":{"@type":"ImageObject","inLanguage":"fr-FR","@id":"https:\/\/macite.tg\/wp-content\/uploads\/2023\/09\/WhatsApp-Image-2023-09-19-at-14.44.41-122x122.jpeg","url":"https:\/\/macite.tg\/wp-content\/uploads\/2023\/09\/WhatsApp-Image-2023-09-19-at-14.44.41-122x122.jpeg","contentUrl":"https:\/\/macite.tg\/wp-content\/uploads\/2023\/09\/WhatsApp-Image-2023-09-19-at-14.44.41-122x122.jpeg","caption":"Jean Pierre BAWELA"},"url":"https:\/\/macite.tg\/?author=2"}]}},"_links":{"self":[{"href":"https:\/\/macite.tg\/index.php?rest_route=\/wp\/v2\/posts\/151","targetHints":{"allow":["GET"]}}],"collection":[{"href":"https:\/\/macite.tg\/index.php?rest_route=\/wp\/v2\/posts"}],"about":[{"href":"https:\/\/macite.tg\/index.php?rest_route=\/wp\/v2\/types\/post"}],"author":[{"embeddable":true,"href":"https:\/\/macite.tg\/index.php?rest_route=\/wp\/v2\/users\/2"}],"replies":[{"embeddable":true,"href":"https:\/\/macite.tg\/index.php?rest_route=%2Fwp%2Fv2%2Fcomments&post=151"}],"version-history":[{"count":0,"href":"https:\/\/macite.tg\/index.php?rest_route=\/wp\/v2\/posts\/151\/revisions"}],"wp:featuredmedia":[{"embeddable":true,"href":"https:\/\/macite.tg\/index.php?rest_route=\/wp\/v2\/media\/153"}],"wp:attachment":[{"href":"https:\/\/macite.tg\/index.php?rest_route=%2Fwp%2Fv2%2Fmedia&parent=151"}],"wp:term":[{"taxonomy":"category","embeddable":true,"href":"https:\/\/macite.tg\/index.php?rest_route=%2Fwp%2Fv2%2Fcategories&post=151"},{"taxonomy":"post_tag","embeddable":true,"href":"https:\/\/macite.tg\/index.php?rest_route=%2Fwp%2Fv2%2Ftags&post=151"}],"curies":[{"name":"wp","href":"https:\/\/api.w.org\/{rel}","templated":true}]}}