{"id":15081,"date":"2024-06-14T15:56:52","date_gmt":"2024-06-14T15:56:52","guid":{"rendered":"https:\/\/macite.tg\/?p=15081"},"modified":"2024-06-14T15:57:00","modified_gmt":"2024-06-14T15:57:00","slug":"pam-moise-ballo-le-nouveau-representant-au-togo","status":"publish","type":"post","link":"https:\/\/macite.tg\/?p=15081","title":{"rendered":"PAM : Mo\u00efse Ballo, le nouveau repr\u00e9sentant au Togo"},"content":{"rendered":"\n<p class=\"wp-block-paragraph\"><strong><em>Le rempla\u00e7ant de Aboubacar Koisha, \u00e0 la t\u00eate du Programme alimentaire mondial (Pam) au togo, est connu. Il s\u2019agit de Mo\u00efse Ballo, qui a d\u2019ailleurs \u00e9t\u00e9 re\u00e7u, hier jeudi 13 juin, par la Cheffe de l\u2019ex\u00e9cutif, Mme Victoire Tom\u00e9gah-Dogb\u00e9.<\/em><\/strong><\/p>\n\n\n\n<figure class=\"wp-block-image size-full is-resized\"><img loading=\"lazy\" decoding=\"async\" src=\"https:\/\/macite.tg\/wp-content\/uploads\/2024\/06\/IMG-20240313-WA0013.jpg\" alt=\"\" class=\"wp-image-14906\" width=\"838\" height=\"206\" srcset=\"https:\/\/macite.tg\/wp-content\/uploads\/2024\/06\/IMG-20240313-WA0013.jpg 690w, https:\/\/macite.tg\/wp-content\/uploads\/2024\/06\/IMG-20240313-WA0013-300x74.jpg 300w\" sizes=\"auto, (max-width: 838px) 100vw, 838px\" \/><\/figure>\n\n\n\n<p class=\"wp-block-paragraph\">En poste depuis 2021, Aboubacar Koisha est arriv\u00e9 en fin de mission \u00e0 la t\u00eate du Pam au Togo. C\u2019est d\u00e9sormais Mo\u00efse Ballo, le nouveau repr\u00e9sentant-r\u00e9sident de l\u2019organisme onusien au Togo.<\/p>\n\n\n\n<p class=\"wp-block-paragraph\">Le successeur d\u2019Aboubacar Koisha a \u00e9t\u00e9 re\u00e7u par Madame le Premier ministre, hier jeudi 13 juin. Les discussions ont port\u00e9 sur le renforcement du partenariat entre le Pam et le gouvernement togolais.<\/p>\n\n\n\n<p class=\"wp-block-paragraph\">Au sortir de son entrevue avec la Cheffe de l\u2019ex\u00e9cutif togolais, l nouveau repr\u00e9senta-r\u00e9sident du Pam a indiqu\u00e9 qu\u2019\u00abe<em>n tant que nouveau repr\u00e9sentant, mon devoir est de renforcer les acquis et d\u2019aller au-del\u00e0 de l\u2019appui que nous apportons au gouvernement<\/em>&nbsp;\u00bb.<\/p>\n\n\n<div class=\"wp-block-image\">\n<figure class=\"aligncenter size-full is-resized\"><img loading=\"lazy\" decoding=\"async\" src=\"https:\/\/macite.tg\/wp-content\/uploads\/2024\/06\/Capmagne-de-recensement-fonciere_Golfe-2-et-4.jpg\" alt=\"\" class=\"wp-image-15050\" width=\"434\" height=\"434\" srcset=\"https:\/\/macite.tg\/wp-content\/uploads\/2024\/06\/Capmagne-de-recensement-fonciere_Golfe-2-et-4.jpg 526w, https:\/\/macite.tg\/wp-content\/uploads\/2024\/06\/Capmagne-de-recensement-fonciere_Golfe-2-et-4-300x300.jpg 300w, https:\/\/macite.tg\/wp-content\/uploads\/2024\/06\/Capmagne-de-recensement-fonciere_Golfe-2-et-4-150x150.jpg 150w, https:\/\/macite.tg\/wp-content\/uploads\/2024\/06\/Capmagne-de-recensement-fonciere_Golfe-2-et-4-122x122.jpg 122w\" sizes=\"auto, (max-width: 434px) 100vw, 434px\" \/><\/figure>\n<\/div>\n\n\n<p class=\"wp-block-paragraph\">Notons que dans le cadre du financement de son Plan strat\u00e9gique 2022-2026 pour la r\u00e9silience alimentaire, l\u2019organisme onusien devra mobiliser quelque 17,6 millions de dollars, environ 10 milliards de Francs Cfa. A ce jour, environ 90% de ce budget sont disponibles depuis janvier dernier.<\/p>\n\n\n\n<p class=\"wp-block-paragraph\"><strong>Samir<\/strong><strong><\/strong><\/p>\n\n\n\n<p class=\"wp-block-paragraph\"><a><strong><em>@macite.tg&nbsp;&nbsp;&nbsp;&nbsp;&nbsp;&nbsp;&nbsp;&nbsp;<\/em><\/strong><\/a><\/p>\n\n\n\n<p class=\"wp-block-paragraph\"><strong><em>E-mail&nbsp;: <\/em><\/strong><a href=\"mailto:maciteinfo@gmail.com\"><em>maciteinfo@gmail.com<\/em><\/a><strong><em>; <\/em><\/strong><a href=\"mailto:bawela1@gmail.com\"><em>bawela1@gmail.com<\/em><\/a><em><\/em><\/p>\n\n\n\n<p class=\"wp-block-paragraph\"><strong><em>Pour vos annonces, (publi)reportages, etc., joignez-nous au (00228)91515309\/<strong>79872224 <\/strong>www.macite.tg, L\u2019information, la bonne&nbsp;!<\/em><\/strong><\/p>\n","protected":false},"excerpt":{"rendered":"<p class=\"text-justify mb-2\" >Le rempla\u00e7ant de Aboubacar Koisha, \u00e0 la t\u00eate du Programme alimentaire mondial (Pam) au togo, est connu. Il s\u2019agit de Mo\u00efse Ballo, qui a d\u2019ailleurs \u00e9t\u00e9 re\u00e7u, hier jeudi 13 juin, par la Cheffe de l\u2019ex\u00e9cutif, Mme Victoire Tom\u00e9gah-Dogb\u00e9. En poste depuis 2021, Aboubacar Koisha [&hellip;]<\/p>\n","protected":false},"author":2,"featured_media":15083,"comment_status":"open","ping_status":"open","sticky":false,"template":"","format":"standard","meta":{"footnotes":""},"categories":[20,22],"tags":[],"class_list":["post-15081","post","type-post","status-publish","format-standard","has-post-thumbnail","hentry","category-actualite","category-agriculture"],"yoast_head":"<!-- This site is optimized with the Yoast SEO plugin v28.4 - https:\/\/yoast.com\/product\/yoast-seo-wordpress\/ -->\n<title>PAM : Mo\u00efse Ballo, le nouveau repr\u00e9sentant au Togo -<\/title>\n<meta name=\"robots\" content=\"index, follow, max-snippet:-1, max-image-preview:large, max-video-preview:-1\" \/>\n<link rel=\"canonical\" href=\"https:\/\/macite.tg\/?p=15081\" \/>\n<meta property=\"og:locale\" content=\"fr_FR\" \/>\n<meta property=\"og:type\" content=\"article\" \/>\n<meta property=\"og:title\" content=\"PAM : Mo\u00efse Ballo, le nouveau repr\u00e9sentant au Togo -\" \/>\n<meta property=\"og:description\" content=\"Le rempla\u00e7ant de Aboubacar Koisha, \u00e0 la t\u00eate du Programme alimentaire mondial (Pam) au togo, est connu. Il s\u2019agit de Mo\u00efse Ballo, qui a d\u2019ailleurs \u00e9t\u00e9 re\u00e7u, hier jeudi 13 juin, par la Cheffe de l\u2019ex\u00e9cutif, Mme Victoire Tom\u00e9gah-Dogb\u00e9. En poste depuis 2021, Aboubacar Koisha [&hellip;]\" \/>\n<meta property=\"og:url\" content=\"https:\/\/macite.tg\/?p=15081\" \/>\n<meta property=\"article:published_time\" content=\"2024-06-14T15:56:52+00:00\" \/>\n<meta property=\"article:modified_time\" content=\"2024-06-14T15:57:00+00:00\" \/>\n<meta property=\"og:image\" content=\"https:\/\/macite.tg\/wp-content\/uploads\/2024\/06\/image-15.png\" \/>\n\t<meta property=\"og:image:width\" content=\"500\" \/>\n\t<meta property=\"og:image:height\" content=\"344\" \/>\n\t<meta property=\"og:image:type\" content=\"image\/png\" \/>\n<meta name=\"author\" content=\"Jean Pierre BAWELA\" \/>\n<meta name=\"twitter:card\" content=\"summary_large_image\" \/>\n<meta name=\"twitter:label1\" content=\"\u00c9crit par\" \/>\n\t<meta name=\"twitter:data1\" content=\"Jean Pierre BAWELA\" \/>\n\t<meta name=\"twitter:label2\" content=\"Dur\u00e9e de lecture estim\u00e9e\" \/>\n\t<meta name=\"twitter:data2\" content=\"1 minute\" \/>\n<script type=\"application\/ld+json\" class=\"yoast-schema-graph\">{\"@context\":\"https:\\\/\\\/schema.org\",\"@graph\":[{\"@type\":\"Article\",\"@id\":\"https:\\\/\\\/macite.tg\\\/?p=15081#article\",\"isPartOf\":{\"@id\":\"https:\\\/\\\/macite.tg\\\/?p=15081\"},\"author\":{\"name\":\"Jean Pierre BAWELA\",\"@id\":\"https:\\\/\\\/macite.tg\\\/#\\\/schema\\\/person\\\/e9f2de7e5dbbe7770a9402c7ce82f5c2\"},\"headline\":\"PAM : Mo\u00efse Ballo, le nouveau repr\u00e9sentant au Togo\",\"datePublished\":\"2024-06-14T15:56:52+00:00\",\"dateModified\":\"2024-06-14T15:57:00+00:00\",\"mainEntityOfPage\":{\"@id\":\"https:\\\/\\\/macite.tg\\\/?p=15081\"},\"wordCount\":253,\"commentCount\":0,\"image\":{\"@id\":\"https:\\\/\\\/macite.tg\\\/?p=15081#primaryimage\"},\"thumbnailUrl\":\"https:\\\/\\\/macite.tg\\\/wp-content\\\/uploads\\\/2024\\\/06\\\/image-15.png\",\"articleSection\":[\"ACTUALITE\",\"AGRICULTURE\"],\"inLanguage\":\"fr-FR\",\"potentialAction\":[{\"@type\":\"CommentAction\",\"name\":\"Comment\",\"target\":[\"https:\\\/\\\/macite.tg\\\/?p=15081#respond\"]}]},{\"@type\":\"WebPage\",\"@id\":\"https:\\\/\\\/macite.tg\\\/?p=15081\",\"url\":\"https:\\\/\\\/macite.tg\\\/?p=15081\",\"name\":\"PAM : Mo\u00efse Ballo, le nouveau repr\u00e9sentant au Togo -\",\"isPartOf\":{\"@id\":\"https:\\\/\\\/macite.tg\\\/#website\"},\"primaryImageOfPage\":{\"@id\":\"https:\\\/\\\/macite.tg\\\/?p=15081#primaryimage\"},\"image\":{\"@id\":\"https:\\\/\\\/macite.tg\\\/?p=15081#primaryimage\"},\"thumbnailUrl\":\"https:\\\/\\\/macite.tg\\\/wp-content\\\/uploads\\\/2024\\\/06\\\/image-15.png\",\"datePublished\":\"2024-06-14T15:56:52+00:00\",\"dateModified\":\"2024-06-14T15:57:00+00:00\",\"author\":{\"@id\":\"https:\\\/\\\/macite.tg\\\/#\\\/schema\\\/person\\\/e9f2de7e5dbbe7770a9402c7ce82f5c2\"},\"breadcrumb\":{\"@id\":\"https:\\\/\\\/macite.tg\\\/?p=15081#breadcrumb\"},\"inLanguage\":\"fr-FR\",\"potentialAction\":[{\"@type\":\"ReadAction\",\"target\":[\"https:\\\/\\\/macite.tg\\\/?p=15081\"]}]},{\"@type\":\"ImageObject\",\"inLanguage\":\"fr-FR\",\"@id\":\"https:\\\/\\\/macite.tg\\\/?p=15081#primaryimage\",\"url\":\"https:\\\/\\\/macite.tg\\\/wp-content\\\/uploads\\\/2024\\\/06\\\/image-15.png\",\"contentUrl\":\"https:\\\/\\\/macite.tg\\\/wp-content\\\/uploads\\\/2024\\\/06\\\/image-15.png\",\"width\":500,\"height\":344},{\"@type\":\"BreadcrumbList\",\"@id\":\"https:\\\/\\\/macite.tg\\\/?p=15081#breadcrumb\",\"itemListElement\":[{\"@type\":\"ListItem\",\"position\":1,\"name\":\"Accueil\",\"item\":\"https:\\\/\\\/macite.tg\\\/\"},{\"@type\":\"ListItem\",\"position\":2,\"name\":\"PAM : Mo\u00efse Ballo, le nouveau repr\u00e9sentant au Togo\"}]},{\"@type\":\"WebSite\",\"@id\":\"https:\\\/\\\/macite.tg\\\/#website\",\"url\":\"https:\\\/\\\/macite.tg\\\/\",\"name\":\"\",\"description\":\"L&#039;information, la bonne!!!\",\"potentialAction\":[{\"@type\":\"SearchAction\",\"target\":{\"@type\":\"EntryPoint\",\"urlTemplate\":\"https:\\\/\\\/macite.tg\\\/?s={search_term_string}\"},\"query-input\":{\"@type\":\"PropertyValueSpecification\",\"valueRequired\":true,\"valueName\":\"search_term_string\"}}],\"inLanguage\":\"fr-FR\"},{\"@type\":\"Person\",\"@id\":\"https:\\\/\\\/macite.tg\\\/#\\\/schema\\\/person\\\/e9f2de7e5dbbe7770a9402c7ce82f5c2\",\"name\":\"Jean Pierre BAWELA\",\"image\":{\"@type\":\"ImageObject\",\"inLanguage\":\"fr-FR\",\"@id\":\"https:\\\/\\\/macite.tg\\\/wp-content\\\/uploads\\\/2023\\\/09\\\/WhatsApp-Image-2023-09-19-at-14.44.41-122x122.jpeg\",\"url\":\"https:\\\/\\\/macite.tg\\\/wp-content\\\/uploads\\\/2023\\\/09\\\/WhatsApp-Image-2023-09-19-at-14.44.41-122x122.jpeg\",\"contentUrl\":\"https:\\\/\\\/macite.tg\\\/wp-content\\\/uploads\\\/2023\\\/09\\\/WhatsApp-Image-2023-09-19-at-14.44.41-122x122.jpeg\",\"caption\":\"Jean Pierre BAWELA\"},\"url\":\"https:\\\/\\\/macite.tg\\\/?author=2\"}]}<\/script>\n<!-- \/ Yoast SEO plugin. -->","yoast_head_json":{"title":"PAM : Mo\u00efse Ballo, le nouveau repr\u00e9sentant au Togo -","robots":{"index":"index","follow":"follow","max-snippet":"max-snippet:-1","max-image-preview":"max-image-preview:large","max-video-preview":"max-video-preview:-1"},"canonical":"https:\/\/macite.tg\/?p=15081","og_locale":"fr_FR","og_type":"article","og_title":"PAM : Mo\u00efse Ballo, le nouveau repr\u00e9sentant au Togo -","og_description":"Le rempla\u00e7ant de Aboubacar Koisha, \u00e0 la t\u00eate du Programme alimentaire mondial (Pam) au togo, est connu. Il s\u2019agit de Mo\u00efse Ballo, qui a d\u2019ailleurs \u00e9t\u00e9 re\u00e7u, hier jeudi 13 juin, par la Cheffe de l\u2019ex\u00e9cutif, Mme Victoire Tom\u00e9gah-Dogb\u00e9. En poste depuis 2021, Aboubacar Koisha [&hellip;]","og_url":"https:\/\/macite.tg\/?p=15081","article_published_time":"2024-06-14T15:56:52+00:00","article_modified_time":"2024-06-14T15:57:00+00:00","og_image":[{"width":500,"height":344,"url":"https:\/\/macite.tg\/wp-content\/uploads\/2024\/06\/image-15.png","type":"image\/png"}],"author":"Jean Pierre BAWELA","twitter_card":"summary_large_image","twitter_misc":{"\u00c9crit par":"Jean Pierre BAWELA","Dur\u00e9e de lecture estim\u00e9e":"1 minute"},"schema":{"@context":"https:\/\/schema.org","@graph":[{"@type":"Article","@id":"https:\/\/macite.tg\/?p=15081#article","isPartOf":{"@id":"https:\/\/macite.tg\/?p=15081"},"author":{"name":"Jean Pierre BAWELA","@id":"https:\/\/macite.tg\/#\/schema\/person\/e9f2de7e5dbbe7770a9402c7ce82f5c2"},"headline":"PAM : Mo\u00efse Ballo, le nouveau repr\u00e9sentant au Togo","datePublished":"2024-06-14T15:56:52+00:00","dateModified":"2024-06-14T15:57:00+00:00","mainEntityOfPage":{"@id":"https:\/\/macite.tg\/?p=15081"},"wordCount":253,"commentCount":0,"image":{"@id":"https:\/\/macite.tg\/?p=15081#primaryimage"},"thumbnailUrl":"https:\/\/macite.tg\/wp-content\/uploads\/2024\/06\/image-15.png","articleSection":["ACTUALITE","AGRICULTURE"],"inLanguage":"fr-FR","potentialAction":[{"@type":"CommentAction","name":"Comment","target":["https:\/\/macite.tg\/?p=15081#respond"]}]},{"@type":"WebPage","@id":"https:\/\/macite.tg\/?p=15081","url":"https:\/\/macite.tg\/?p=15081","name":"PAM : Mo\u00efse Ballo, le nouveau repr\u00e9sentant au Togo -","isPartOf":{"@id":"https:\/\/macite.tg\/#website"},"primaryImageOfPage":{"@id":"https:\/\/macite.tg\/?p=15081#primaryimage"},"image":{"@id":"https:\/\/macite.tg\/?p=15081#primaryimage"},"thumbnailUrl":"https:\/\/macite.tg\/wp-content\/uploads\/2024\/06\/image-15.png","datePublished":"2024-06-14T15:56:52+00:00","dateModified":"2024-06-14T15:57:00+00:00","author":{"@id":"https:\/\/macite.tg\/#\/schema\/person\/e9f2de7e5dbbe7770a9402c7ce82f5c2"},"breadcrumb":{"@id":"https:\/\/macite.tg\/?p=15081#breadcrumb"},"inLanguage":"fr-FR","potentialAction":[{"@type":"ReadAction","target":["https:\/\/macite.tg\/?p=15081"]}]},{"@type":"ImageObject","inLanguage":"fr-FR","@id":"https:\/\/macite.tg\/?p=15081#primaryimage","url":"https:\/\/macite.tg\/wp-content\/uploads\/2024\/06\/image-15.png","contentUrl":"https:\/\/macite.tg\/wp-content\/uploads\/2024\/06\/image-15.png","width":500,"height":344},{"@type":"BreadcrumbList","@id":"https:\/\/macite.tg\/?p=15081#breadcrumb","itemListElement":[{"@type":"ListItem","position":1,"name":"Accueil","item":"https:\/\/macite.tg\/"},{"@type":"ListItem","position":2,"name":"PAM : Mo\u00efse Ballo, le nouveau repr\u00e9sentant au Togo"}]},{"@type":"WebSite","@id":"https:\/\/macite.tg\/#website","url":"https:\/\/macite.tg\/","name":"","description":"L&#039;information, la bonne!!!","potentialAction":[{"@type":"SearchAction","target":{"@type":"EntryPoint","urlTemplate":"https:\/\/macite.tg\/?s={search_term_string}"},"query-input":{"@type":"PropertyValueSpecification","valueRequired":true,"valueName":"search_term_string"}}],"inLanguage":"fr-FR"},{"@type":"Person","@id":"https:\/\/macite.tg\/#\/schema\/person\/e9f2de7e5dbbe7770a9402c7ce82f5c2","name":"Jean Pierre BAWELA","image":{"@type":"ImageObject","inLanguage":"fr-FR","@id":"https:\/\/macite.tg\/wp-content\/uploads\/2023\/09\/WhatsApp-Image-2023-09-19-at-14.44.41-122x122.jpeg","url":"https:\/\/macite.tg\/wp-content\/uploads\/2023\/09\/WhatsApp-Image-2023-09-19-at-14.44.41-122x122.jpeg","contentUrl":"https:\/\/macite.tg\/wp-content\/uploads\/2023\/09\/WhatsApp-Image-2023-09-19-at-14.44.41-122x122.jpeg","caption":"Jean Pierre BAWELA"},"url":"https:\/\/macite.tg\/?author=2"}]}},"_links":{"self":[{"href":"https:\/\/macite.tg\/index.php?rest_route=\/wp\/v2\/posts\/15081","targetHints":{"allow":["GET"]}}],"collection":[{"href":"https:\/\/macite.tg\/index.php?rest_route=\/wp\/v2\/posts"}],"about":[{"href":"https:\/\/macite.tg\/index.php?rest_route=\/wp\/v2\/types\/post"}],"author":[{"embeddable":true,"href":"https:\/\/macite.tg\/index.php?rest_route=\/wp\/v2\/users\/2"}],"replies":[{"embeddable":true,"href":"https:\/\/macite.tg\/index.php?rest_route=%2Fwp%2Fv2%2Fcomments&post=15081"}],"version-history":[{"count":0,"href":"https:\/\/macite.tg\/index.php?rest_route=\/wp\/v2\/posts\/15081\/revisions"}],"wp:featuredmedia":[{"embeddable":true,"href":"https:\/\/macite.tg\/index.php?rest_route=\/wp\/v2\/media\/15083"}],"wp:attachment":[{"href":"https:\/\/macite.tg\/index.php?rest_route=%2Fwp%2Fv2%2Fmedia&parent=15081"}],"wp:term":[{"taxonomy":"category","embeddable":true,"href":"https:\/\/macite.tg\/index.php?rest_route=%2Fwp%2Fv2%2Fcategories&post=15081"},{"taxonomy":"post_tag","embeddable":true,"href":"https:\/\/macite.tg\/index.php?rest_route=%2Fwp%2Fv2%2Ftags&post=15081"}],"curies":[{"name":"wp","href":"https:\/\/api.w.org\/{rel}","templated":true}]}}