{"id":15076,"date":"2024-06-14T14:17:29","date_gmt":"2024-06-14T14:17:29","guid":{"rendered":"https:\/\/macite.tg\/?p=15076"},"modified":"2024-06-17T15:14:51","modified_gmt":"2024-06-17T15:14:51","slug":"journee-mondiale-de-lenfant-africain-lunicef-appelle-les-gouvernants-a-investir-davantage-dans-leducation","status":"publish","type":"post","link":"https:\/\/macite.tg\/?p=15076","title":{"rendered":"JOURNEE MONDIALE DE L\u2019ENFANT AFRICAIN : L\u2019Unicef invite les gouvernants \u00e0 investir davantage dans l\u2019\u00e9ducation&#8230;"},"content":{"rendered":"\n<p class=\"wp-block-paragraph\"><strong><em>Ce dimanche 16 juin sera c\u00e9l\u00e9br\u00e9e l\u2019\u00e9dition 2024 de la Journ\u00e9e internationale de l\u2019enfant africain, autour du th\u00e8me \u00ab L&rsquo;\u00e9ducation pour tous les enfants en Afrique : l\u2019heure est venue \u00bb. En pr\u00e9lude \u00e0 cette c\u00e9l\u00e9bration, l\u2019Unicef a, dans un communiqu\u00e9 rendu public hier jeudi 13 juin,&nbsp;encourag\u00e9 les gouvernements \u00e0 investir davantage pour assurer une \u00e9ducation de qualit\u00e9.<\/em><\/strong><\/p>\n\n\n<div class=\"wp-block-image\">\n<figure class=\"aligncenter size-full is-resized\"><img loading=\"lazy\" decoding=\"async\" src=\"https:\/\/macite.tg\/wp-content\/uploads\/2024\/05\/3bd2fcdc-30bc-493a-bd3f-0a3a1b711e46.jpg\" alt=\"\" class=\"wp-image-14862\" width=\"595\" height=\"845\" srcset=\"https:\/\/macite.tg\/wp-content\/uploads\/2024\/05\/3bd2fcdc-30bc-493a-bd3f-0a3a1b711e46.jpg 720w, https:\/\/macite.tg\/wp-content\/uploads\/2024\/05\/3bd2fcdc-30bc-493a-bd3f-0a3a1b711e46-211x300.jpg 211w\" sizes=\"auto, (max-width: 595px) 100vw, 595px\" \/><\/figure>\n<\/div>\n\n\n<p class=\"wp-block-paragraph\">Dimanche 16 juin prochain, le monde va c\u00e9l\u00e9brer l\u2019\u00e9dition 2024 de la Journ\u00e9e internationale de l\u2019enfant africain. En pr\u00e9lude \u00e0 cette c\u00e9l\u00e9bration, l\u2019Unicef a publi\u00e9 de nouvelles analyses sur le financement de l&rsquo;\u00e9ducation qui pointent du doigt une insuffisance des financements en faveur de l\u2019\u00e9ducation, ceci malgr\u00e9 les efforts.<\/p>\n\n\n\n<p class=\"wp-block-paragraph\">Selon l\u2019Unicef, <em>\u00ab&nbsp;en d\u00e9pit des am\u00e9liorations not\u00e9es, la plupart des pays africains doivent acc\u00e9l\u00e9rer les efforts pour atteindre leur engagement d&rsquo;allouer au moins 15 \u00e0 20 % de leurs d\u00e9penses publiques \u00e0 l&rsquo;\u00e9ducation, comme le recommande le cadre d&rsquo;action pour les Objectifs de d\u00e9veloppement durable pour l&rsquo;\u00e9ducation&nbsp;(&#8230;)\u00bb.<\/em><\/p>\n\n\n\n<p class=\"wp-block-paragraph\">Tout en soulignant que <em>\u00ab&nbsp;l\u2019\u00e9ducation<\/em><em> est essentielle pour d\u00e9velopper le capital humain n\u00e9cessaire \u00e0 la prosp\u00e9rit\u00e9 du continent&nbsp;\u00bb,<\/em> l\u2019agence onusienne rel\u00e8ve que son financement reste un <em>\u00ab&nbsp;probl\u00e8me majeur&nbsp;\u00bb <\/em>en Afrique, ce qui prive des millions d&rsquo;enfants de l\u2019acquisition des <em>\u00ab&nbsp;comp\u00e9tences fondamentales n\u00e9cessaires \u00e0 leur prosp\u00e9rit\u00e9 future et \u00e0 celle de leur pays&nbsp;\u00bb.<\/em><\/p>\n\n\n<div class=\"wp-block-image\">\n<figure class=\"aligncenter size-full is-resized\"><img loading=\"lazy\" decoding=\"async\" src=\"https:\/\/macite.tg\/wp-content\/uploads\/2024\/06\/IMG-20240313-WA0013.jpg\" alt=\"\" class=\"wp-image-14906\" width=\"844\" height=\"208\" srcset=\"https:\/\/macite.tg\/wp-content\/uploads\/2024\/06\/IMG-20240313-WA0013.jpg 690w, https:\/\/macite.tg\/wp-content\/uploads\/2024\/06\/IMG-20240313-WA0013-300x74.jpg 300w\" sizes=\"auto, (max-width: 844px) 100vw, 844px\" \/><\/figure>\n<\/div>\n\n\n<p class=\"wp-block-paragraph\">&nbsp;<em>\u00ab&nbsp;Malgr\u00e9 les progr\u00e8s consid\u00e9rables r\u00e9alis\u00e9s par les gouvernements africains pour augmenter le taux de scolarisation dans le primaire et le premier cycle du secondaire au cours de la derni\u00e8re d\u00e9cennie, les \u00e9coles sont sous-financ\u00e9es, les classes sont surcharg\u00e9es et les enseignants sont en nombre insuffisant \u2013 beaucoup d&rsquo;entre eux n&rsquo;ayant pas la formation et les comp\u00e9tences ad\u00e9quates&nbsp;\u00bb, <\/em>note l\u2019Unicef.<\/p>\n\n\n\n<p class=\"wp-block-paragraph\">Pour ce qui est de l\u2019apprentissage, les r\u00e9sultats sont en de\u00e7\u00e0 des attentes \u00e9galement. En effet, <em>\u00ab&nbsp;en Afrique, <\/em><em>quatre enfants sur cinq \u00e2g\u00e9s de 10 ans sont incapables de lire et de comprendre une histoire simple&nbsp;\u00bb,<\/em> ceci alors que l\u2019Union africaine (Ua) a d\u00e9cr\u00e9t\u00e9 l\u2019ann\u00e9e 2024 comme \u00ab Ann\u00e9e de l\u2019\u00e9ducation&nbsp;\u00bb.<\/p>\n\n\n\n<p class=\"wp-block-paragraph\">Alors que le besoin d&rsquo;investissement ne fera ne cesse d\u2019augmenter dans l\u2019optique de r\u00e9pondre aux exigences d&rsquo;une population en \u00e2ge d&rsquo;\u00eatre scolaris\u00e9e qui cro\u00eet rapidement, l\u2019\u00e9norme manque de financement est point\u00e9 du doigt comme une <em>\u00ab&nbsp;catastrophique pour une g\u00e9n\u00e9ration d&rsquo;\u00e9tudiants et pour la croissance \u00e9conomique et la stabilit\u00e9 futures de la r\u00e9gion&nbsp;\u00bb.<\/em><\/p>\n\n\n<div class=\"wp-block-image\">\n<figure class=\"aligncenter size-full is-resized\"><img loading=\"lazy\" decoding=\"async\" src=\"https:\/\/macite.tg\/wp-content\/uploads\/2024\/06\/Capmagne-de-recensement-fonciere_Golfe-2-et-4.jpg\" alt=\"\" class=\"wp-image-15050\" width=\"442\" height=\"442\" srcset=\"https:\/\/macite.tg\/wp-content\/uploads\/2024\/06\/Capmagne-de-recensement-fonciere_Golfe-2-et-4.jpg 526w, https:\/\/macite.tg\/wp-content\/uploads\/2024\/06\/Capmagne-de-recensement-fonciere_Golfe-2-et-4-300x300.jpg 300w, https:\/\/macite.tg\/wp-content\/uploads\/2024\/06\/Capmagne-de-recensement-fonciere_Golfe-2-et-4-150x150.jpg 150w, https:\/\/macite.tg\/wp-content\/uploads\/2024\/06\/Capmagne-de-recensement-fonciere_Golfe-2-et-4-122x122.jpg 122w\" sizes=\"auto, (max-width: 442px) 100vw, 442px\" \/><\/figure>\n<\/div>\n\n\n<p class=\"wp-block-paragraph\">Notons qu\u2019au Togo, le taux net de scolarisation dans l\u2019enseignement primaire a atteint les 93.17%, avec une quasi-parit\u00e9 gar\u00e7on-fille. Ainsi, entre 2020 et 2024, l\u2019ex\u00e9cutif a augment\u00e9 de 52% le montant allou\u00e9 \u00e0 l\u2019\u00e9ducation primaire et secondaire. Une progression qui, sans nul doute, traduit l\u2019engagement continu du Gouvernement \u00e0 atteindre les Objectifs de D\u00e9veloppement Durable (Odd) d\u2019ici \u00e0 2030 dans le domaine de l\u2019\u00e9ducation.<\/p>\n\n\n\n<p class=\"wp-block-paragraph\"><strong>JPB<\/strong><\/p>\n\n\n\n<p class=\"wp-block-paragraph\"><a><strong><em>@macite.tg&nbsp;&nbsp;&nbsp;&nbsp;&nbsp;&nbsp;&nbsp;&nbsp;<\/em><\/strong><\/a><\/p>\n\n\n\n<p class=\"wp-block-paragraph\"><strong><em>E-mail&nbsp;: <\/em><\/strong><a href=\"mailto:maciteinfo@gmail.com\"><strong><em>maciteinfo@gmail.com<\/em><\/strong><\/a><strong><em>; <\/em><\/strong><a href=\"mailto:bawela1@gmail.com\"><strong><em>bawela1@gmail.com<\/em><\/strong><\/a><strong><em><\/em><\/strong><\/p>\n\n\n\n<p class=\"wp-block-paragraph\"><strong><em>Pour vos annonces, (publi)reportages, etc., joignez-nous au (00228)91515309\/<strong>79872224 <\/strong>www.macite.tg, L\u2019information, la bonne&nbsp;!<\/em><\/strong><\/p>\n\n\n\n<p class=\"wp-block-paragraph\"><\/p>\n","protected":false},"excerpt":{"rendered":"<p class=\"text-justify mb-2\" >Ce dimanche 16 juin sera c\u00e9l\u00e9br\u00e9e l\u2019\u00e9dition 2024 de la Journ\u00e9e internationale de l\u2019enfant africain, autour du th\u00e8me \u00ab L&rsquo;\u00e9ducation pour tous les enfants en Afrique : l\u2019heure est venue \u00bb. En pr\u00e9lude \u00e0 cette c\u00e9l\u00e9bration, l\u2019Unicef a, dans un communiqu\u00e9 rendu public hier jeudi [&hellip;]<\/p>\n","protected":false},"author":2,"featured_media":15079,"comment_status":"open","ping_status":"open","sticky":false,"template":"","format":"standard","meta":{"footnotes":""},"categories":[20,4],"tags":[],"class_list":["post-15076","post","type-post","status-publish","format-standard","has-post-thumbnail","hentry","category-actualite","category-education"],"yoast_head":"<!-- This site is optimized with the Yoast SEO plugin v28.4 - https:\/\/yoast.com\/product\/yoast-seo-wordpress\/ -->\n<title>JOURNEE MONDIALE DE L\u2019ENFANT AFRICAIN : L\u2019Unicef invite les gouvernants \u00e0 investir davantage dans l\u2019\u00e9ducation... -<\/title>\n<meta name=\"robots\" content=\"index, follow, max-snippet:-1, max-image-preview:large, max-video-preview:-1\" \/>\n<link rel=\"canonical\" href=\"https:\/\/macite.tg\/?p=15076\" \/>\n<meta property=\"og:locale\" content=\"fr_FR\" \/>\n<meta property=\"og:type\" content=\"article\" \/>\n<meta property=\"og:title\" content=\"JOURNEE MONDIALE DE L\u2019ENFANT AFRICAIN : L\u2019Unicef invite les gouvernants \u00e0 investir davantage dans l\u2019\u00e9ducation... -\" \/>\n<meta property=\"og:description\" content=\"Ce dimanche 16 juin sera c\u00e9l\u00e9br\u00e9e l\u2019\u00e9dition 2024 de la Journ\u00e9e internationale de l\u2019enfant africain, autour du th\u00e8me \u00ab L&rsquo;\u00e9ducation pour tous les enfants en Afrique : l\u2019heure est venue \u00bb. En pr\u00e9lude \u00e0 cette c\u00e9l\u00e9bration, l\u2019Unicef a, dans un communiqu\u00e9 rendu public hier jeudi [&hellip;]\" \/>\n<meta property=\"og:url\" content=\"https:\/\/macite.tg\/?p=15076\" \/>\n<meta property=\"article:published_time\" content=\"2024-06-14T14:17:29+00:00\" \/>\n<meta property=\"article:modified_time\" content=\"2024-06-17T15:14:51+00:00\" \/>\n<meta property=\"og:image\" content=\"https:\/\/macite.tg\/wp-content\/uploads\/2024\/06\/Education-1.jpg\" \/>\n\t<meta property=\"og:image:width\" content=\"500\" \/>\n\t<meta property=\"og:image:height\" content=\"333\" \/>\n\t<meta property=\"og:image:type\" content=\"image\/jpeg\" \/>\n<meta name=\"author\" content=\"Jean Pierre BAWELA\" \/>\n<meta name=\"twitter:card\" content=\"summary_large_image\" \/>\n<meta name=\"twitter:label1\" content=\"\u00c9crit par\" \/>\n\t<meta name=\"twitter:data1\" content=\"Jean Pierre BAWELA\" \/>\n\t<meta name=\"twitter:label2\" content=\"Dur\u00e9e de lecture estim\u00e9e\" \/>\n\t<meta name=\"twitter:data2\" content=\"3 minutes\" \/>\n<script type=\"application\/ld+json\" class=\"yoast-schema-graph\">{\"@context\":\"https:\\\/\\\/schema.org\",\"@graph\":[{\"@type\":\"Article\",\"@id\":\"https:\\\/\\\/macite.tg\\\/?p=15076#article\",\"isPartOf\":{\"@id\":\"https:\\\/\\\/macite.tg\\\/?p=15076\"},\"author\":{\"name\":\"Jean Pierre BAWELA\",\"@id\":\"https:\\\/\\\/macite.tg\\\/#\\\/schema\\\/person\\\/e9f2de7e5dbbe7770a9402c7ce82f5c2\"},\"headline\":\"JOURNEE MONDIALE DE L\u2019ENFANT AFRICAIN : L\u2019Unicef invite les gouvernants \u00e0 investir davantage dans l\u2019\u00e9ducation&#8230;\",\"datePublished\":\"2024-06-14T14:17:29+00:00\",\"dateModified\":\"2024-06-17T15:14:51+00:00\",\"mainEntityOfPage\":{\"@id\":\"https:\\\/\\\/macite.tg\\\/?p=15076\"},\"wordCount\":564,\"commentCount\":0,\"image\":{\"@id\":\"https:\\\/\\\/macite.tg\\\/?p=15076#primaryimage\"},\"thumbnailUrl\":\"https:\\\/\\\/macite.tg\\\/wp-content\\\/uploads\\\/2024\\\/06\\\/Education-1.jpg\",\"articleSection\":[\"ACTUALITE\",\"EDUCATION\"],\"inLanguage\":\"fr-FR\",\"potentialAction\":[{\"@type\":\"CommentAction\",\"name\":\"Comment\",\"target\":[\"https:\\\/\\\/macite.tg\\\/?p=15076#respond\"]}]},{\"@type\":\"WebPage\",\"@id\":\"https:\\\/\\\/macite.tg\\\/?p=15076\",\"url\":\"https:\\\/\\\/macite.tg\\\/?p=15076\",\"name\":\"JOURNEE MONDIALE DE L\u2019ENFANT AFRICAIN : L\u2019Unicef invite les gouvernants \u00e0 investir davantage dans l\u2019\u00e9ducation... -\",\"isPartOf\":{\"@id\":\"https:\\\/\\\/macite.tg\\\/#website\"},\"primaryImageOfPage\":{\"@id\":\"https:\\\/\\\/macite.tg\\\/?p=15076#primaryimage\"},\"image\":{\"@id\":\"https:\\\/\\\/macite.tg\\\/?p=15076#primaryimage\"},\"thumbnailUrl\":\"https:\\\/\\\/macite.tg\\\/wp-content\\\/uploads\\\/2024\\\/06\\\/Education-1.jpg\",\"datePublished\":\"2024-06-14T14:17:29+00:00\",\"dateModified\":\"2024-06-17T15:14:51+00:00\",\"author\":{\"@id\":\"https:\\\/\\\/macite.tg\\\/#\\\/schema\\\/person\\\/e9f2de7e5dbbe7770a9402c7ce82f5c2\"},\"breadcrumb\":{\"@id\":\"https:\\\/\\\/macite.tg\\\/?p=15076#breadcrumb\"},\"inLanguage\":\"fr-FR\",\"potentialAction\":[{\"@type\":\"ReadAction\",\"target\":[\"https:\\\/\\\/macite.tg\\\/?p=15076\"]}]},{\"@type\":\"ImageObject\",\"inLanguage\":\"fr-FR\",\"@id\":\"https:\\\/\\\/macite.tg\\\/?p=15076#primaryimage\",\"url\":\"https:\\\/\\\/macite.tg\\\/wp-content\\\/uploads\\\/2024\\\/06\\\/Education-1.jpg\",\"contentUrl\":\"https:\\\/\\\/macite.tg\\\/wp-content\\\/uploads\\\/2024\\\/06\\\/Education-1.jpg\",\"width\":500,\"height\":333,\"caption\":\"Des \u00e9coliers en classe.\"},{\"@type\":\"BreadcrumbList\",\"@id\":\"https:\\\/\\\/macite.tg\\\/?p=15076#breadcrumb\",\"itemListElement\":[{\"@type\":\"ListItem\",\"position\":1,\"name\":\"Accueil\",\"item\":\"https:\\\/\\\/macite.tg\\\/\"},{\"@type\":\"ListItem\",\"position\":2,\"name\":\"JOURNEE MONDIALE DE L\u2019ENFANT AFRICAIN : L\u2019Unicef invite les gouvernants \u00e0 investir davantage dans l\u2019\u00e9ducation&#8230;\"}]},{\"@type\":\"WebSite\",\"@id\":\"https:\\\/\\\/macite.tg\\\/#website\",\"url\":\"https:\\\/\\\/macite.tg\\\/\",\"name\":\"\",\"description\":\"L&#039;information, la bonne!!!\",\"potentialAction\":[{\"@type\":\"SearchAction\",\"target\":{\"@type\":\"EntryPoint\",\"urlTemplate\":\"https:\\\/\\\/macite.tg\\\/?s={search_term_string}\"},\"query-input\":{\"@type\":\"PropertyValueSpecification\",\"valueRequired\":true,\"valueName\":\"search_term_string\"}}],\"inLanguage\":\"fr-FR\"},{\"@type\":\"Person\",\"@id\":\"https:\\\/\\\/macite.tg\\\/#\\\/schema\\\/person\\\/e9f2de7e5dbbe7770a9402c7ce82f5c2\",\"name\":\"Jean Pierre BAWELA\",\"image\":{\"@type\":\"ImageObject\",\"inLanguage\":\"fr-FR\",\"@id\":\"https:\\\/\\\/macite.tg\\\/wp-content\\\/uploads\\\/2023\\\/09\\\/WhatsApp-Image-2023-09-19-at-14.44.41-122x122.jpeg\",\"url\":\"https:\\\/\\\/macite.tg\\\/wp-content\\\/uploads\\\/2023\\\/09\\\/WhatsApp-Image-2023-09-19-at-14.44.41-122x122.jpeg\",\"contentUrl\":\"https:\\\/\\\/macite.tg\\\/wp-content\\\/uploads\\\/2023\\\/09\\\/WhatsApp-Image-2023-09-19-at-14.44.41-122x122.jpeg\",\"caption\":\"Jean Pierre BAWELA\"},\"url\":\"https:\\\/\\\/macite.tg\\\/?author=2\"}]}<\/script>\n<!-- \/ Yoast SEO plugin. -->","yoast_head_json":{"title":"JOURNEE MONDIALE DE L\u2019ENFANT AFRICAIN : L\u2019Unicef invite les gouvernants \u00e0 investir davantage dans l\u2019\u00e9ducation... -","robots":{"index":"index","follow":"follow","max-snippet":"max-snippet:-1","max-image-preview":"max-image-preview:large","max-video-preview":"max-video-preview:-1"},"canonical":"https:\/\/macite.tg\/?p=15076","og_locale":"fr_FR","og_type":"article","og_title":"JOURNEE MONDIALE DE L\u2019ENFANT AFRICAIN : L\u2019Unicef invite les gouvernants \u00e0 investir davantage dans l\u2019\u00e9ducation... -","og_description":"Ce dimanche 16 juin sera c\u00e9l\u00e9br\u00e9e l\u2019\u00e9dition 2024 de la Journ\u00e9e internationale de l\u2019enfant africain, autour du th\u00e8me \u00ab L&rsquo;\u00e9ducation pour tous les enfants en Afrique : l\u2019heure est venue \u00bb. En pr\u00e9lude \u00e0 cette c\u00e9l\u00e9bration, l\u2019Unicef a, dans un communiqu\u00e9 rendu public hier jeudi [&hellip;]","og_url":"https:\/\/macite.tg\/?p=15076","article_published_time":"2024-06-14T14:17:29+00:00","article_modified_time":"2024-06-17T15:14:51+00:00","og_image":[{"width":500,"height":333,"url":"https:\/\/macite.tg\/wp-content\/uploads\/2024\/06\/Education-1.jpg","type":"image\/jpeg"}],"author":"Jean Pierre BAWELA","twitter_card":"summary_large_image","twitter_misc":{"\u00c9crit par":"Jean Pierre BAWELA","Dur\u00e9e de lecture estim\u00e9e":"3 minutes"},"schema":{"@context":"https:\/\/schema.org","@graph":[{"@type":"Article","@id":"https:\/\/macite.tg\/?p=15076#article","isPartOf":{"@id":"https:\/\/macite.tg\/?p=15076"},"author":{"name":"Jean Pierre BAWELA","@id":"https:\/\/macite.tg\/#\/schema\/person\/e9f2de7e5dbbe7770a9402c7ce82f5c2"},"headline":"JOURNEE MONDIALE DE L\u2019ENFANT AFRICAIN : L\u2019Unicef invite les gouvernants \u00e0 investir davantage dans l\u2019\u00e9ducation&#8230;","datePublished":"2024-06-14T14:17:29+00:00","dateModified":"2024-06-17T15:14:51+00:00","mainEntityOfPage":{"@id":"https:\/\/macite.tg\/?p=15076"},"wordCount":564,"commentCount":0,"image":{"@id":"https:\/\/macite.tg\/?p=15076#primaryimage"},"thumbnailUrl":"https:\/\/macite.tg\/wp-content\/uploads\/2024\/06\/Education-1.jpg","articleSection":["ACTUALITE","EDUCATION"],"inLanguage":"fr-FR","potentialAction":[{"@type":"CommentAction","name":"Comment","target":["https:\/\/macite.tg\/?p=15076#respond"]}]},{"@type":"WebPage","@id":"https:\/\/macite.tg\/?p=15076","url":"https:\/\/macite.tg\/?p=15076","name":"JOURNEE MONDIALE DE L\u2019ENFANT AFRICAIN : L\u2019Unicef invite les gouvernants \u00e0 investir davantage dans l\u2019\u00e9ducation... -","isPartOf":{"@id":"https:\/\/macite.tg\/#website"},"primaryImageOfPage":{"@id":"https:\/\/macite.tg\/?p=15076#primaryimage"},"image":{"@id":"https:\/\/macite.tg\/?p=15076#primaryimage"},"thumbnailUrl":"https:\/\/macite.tg\/wp-content\/uploads\/2024\/06\/Education-1.jpg","datePublished":"2024-06-14T14:17:29+00:00","dateModified":"2024-06-17T15:14:51+00:00","author":{"@id":"https:\/\/macite.tg\/#\/schema\/person\/e9f2de7e5dbbe7770a9402c7ce82f5c2"},"breadcrumb":{"@id":"https:\/\/macite.tg\/?p=15076#breadcrumb"},"inLanguage":"fr-FR","potentialAction":[{"@type":"ReadAction","target":["https:\/\/macite.tg\/?p=15076"]}]},{"@type":"ImageObject","inLanguage":"fr-FR","@id":"https:\/\/macite.tg\/?p=15076#primaryimage","url":"https:\/\/macite.tg\/wp-content\/uploads\/2024\/06\/Education-1.jpg","contentUrl":"https:\/\/macite.tg\/wp-content\/uploads\/2024\/06\/Education-1.jpg","width":500,"height":333,"caption":"Des \u00e9coliers en classe."},{"@type":"BreadcrumbList","@id":"https:\/\/macite.tg\/?p=15076#breadcrumb","itemListElement":[{"@type":"ListItem","position":1,"name":"Accueil","item":"https:\/\/macite.tg\/"},{"@type":"ListItem","position":2,"name":"JOURNEE MONDIALE DE L\u2019ENFANT AFRICAIN : L\u2019Unicef invite les gouvernants \u00e0 investir davantage dans l\u2019\u00e9ducation&#8230;"}]},{"@type":"WebSite","@id":"https:\/\/macite.tg\/#website","url":"https:\/\/macite.tg\/","name":"","description":"L&#039;information, la bonne!!!","potentialAction":[{"@type":"SearchAction","target":{"@type":"EntryPoint","urlTemplate":"https:\/\/macite.tg\/?s={search_term_string}"},"query-input":{"@type":"PropertyValueSpecification","valueRequired":true,"valueName":"search_term_string"}}],"inLanguage":"fr-FR"},{"@type":"Person","@id":"https:\/\/macite.tg\/#\/schema\/person\/e9f2de7e5dbbe7770a9402c7ce82f5c2","name":"Jean Pierre BAWELA","image":{"@type":"ImageObject","inLanguage":"fr-FR","@id":"https:\/\/macite.tg\/wp-content\/uploads\/2023\/09\/WhatsApp-Image-2023-09-19-at-14.44.41-122x122.jpeg","url":"https:\/\/macite.tg\/wp-content\/uploads\/2023\/09\/WhatsApp-Image-2023-09-19-at-14.44.41-122x122.jpeg","contentUrl":"https:\/\/macite.tg\/wp-content\/uploads\/2023\/09\/WhatsApp-Image-2023-09-19-at-14.44.41-122x122.jpeg","caption":"Jean Pierre BAWELA"},"url":"https:\/\/macite.tg\/?author=2"}]}},"_links":{"self":[{"href":"https:\/\/macite.tg\/index.php?rest_route=\/wp\/v2\/posts\/15076","targetHints":{"allow":["GET"]}}],"collection":[{"href":"https:\/\/macite.tg\/index.php?rest_route=\/wp\/v2\/posts"}],"about":[{"href":"https:\/\/macite.tg\/index.php?rest_route=\/wp\/v2\/types\/post"}],"author":[{"embeddable":true,"href":"https:\/\/macite.tg\/index.php?rest_route=\/wp\/v2\/users\/2"}],"replies":[{"embeddable":true,"href":"https:\/\/macite.tg\/index.php?rest_route=%2Fwp%2Fv2%2Fcomments&post=15076"}],"version-history":[{"count":0,"href":"https:\/\/macite.tg\/index.php?rest_route=\/wp\/v2\/posts\/15076\/revisions"}],"wp:featuredmedia":[{"embeddable":true,"href":"https:\/\/macite.tg\/index.php?rest_route=\/wp\/v2\/media\/15079"}],"wp:attachment":[{"href":"https:\/\/macite.tg\/index.php?rest_route=%2Fwp%2Fv2%2Fmedia&parent=15076"}],"wp:term":[{"taxonomy":"category","embeddable":true,"href":"https:\/\/macite.tg\/index.php?rest_route=%2Fwp%2Fv2%2Fcategories&post=15076"},{"taxonomy":"post_tag","embeddable":true,"href":"https:\/\/macite.tg\/index.php?rest_route=%2Fwp%2Fv2%2Ftags&post=15076"}],"curies":[{"name":"wp","href":"https:\/\/api.w.org\/{rel}","templated":true}]}}