{"id":15057,"date":"2024-06-14T10:16:34","date_gmt":"2024-06-14T10:16:34","guid":{"rendered":"https:\/\/macite.tg\/?p=15057"},"modified":"2024-06-14T10:16:37","modified_gmt":"2024-06-14T10:16:37","slug":"ifap-les-debouches-de-la-filiere-tlt-expliques-aux-etudiants","status":"publish","type":"post","link":"https:\/\/macite.tg\/?p=15057","title":{"rendered":"IFAP\u00a0: Les d\u00e9bouch\u00e9s de la fili\u00e8re Tlt expliqu\u00e9s aux \u00e9tudiants"},"content":{"rendered":"\n<p class=\"wp-block-paragraph\"><strong><em>L\u2019atelier de renforcement de capacit\u00e9, initi\u00e9 par l\u2019administration de l\u2019Institut de formation et d\u2019appui professionnel (Ifap), dans le but de permettre aux \u00e9tudiants de faire au mieux les r\u00e9visions de fin d\u2019ann\u00e9e, se poursuit. Mercredi, c\u2019est le tour des apprenants de la fili\u00e8re Transport logistique et transit (Tlt), qui se sont familiaris\u00e9s avec les d\u00e9bouch\u00e9s du domaine.<\/em><\/strong><\/p>\n\n\n<div class=\"wp-block-image\">\n<figure class=\"aligncenter size-full is-resized\"><img loading=\"lazy\" decoding=\"async\" src=\"https:\/\/macite.tg\/wp-content\/uploads\/2024\/06\/Capmagne-de-recensement-fonciere_Golfe-2-et-4.jpg\" alt=\"\" class=\"wp-image-15050\" width=\"434\" height=\"434\" srcset=\"https:\/\/macite.tg\/wp-content\/uploads\/2024\/06\/Capmagne-de-recensement-fonciere_Golfe-2-et-4.jpg 526w, https:\/\/macite.tg\/wp-content\/uploads\/2024\/06\/Capmagne-de-recensement-fonciere_Golfe-2-et-4-300x300.jpg 300w, https:\/\/macite.tg\/wp-content\/uploads\/2024\/06\/Capmagne-de-recensement-fonciere_Golfe-2-et-4-150x150.jpg 150w, https:\/\/macite.tg\/wp-content\/uploads\/2024\/06\/Capmagne-de-recensement-fonciere_Golfe-2-et-4-122x122.jpg 122w\" sizes=\"auto, (max-width: 434px) 100vw, 434px\" \/><\/figure>\n<\/div>\n\n\n<p class=\"wp-block-paragraph\">Des explications du formateur en transport logistique, Mathias Komlanvi Ezunkpe, il ressort clairement que la fili\u00e8re Transport logistique et transits (Tlt) offre plusieurs m\u00e9tiers. <em>\u00ab&nbsp;Les d\u00e9bouch\u00e9s de la fili\u00e8re Transport logistique et transit sont \u00e0 plusieurs niveaux. On parle de logistique, on parle de transport, et on parle de transit. Il y a des m\u00e9tiers c\u00f4t\u00e9 logistique, il a des m\u00e9tiers c\u00f4t\u00e9 transport et il y a des m\u00e9tiers c\u00f4t\u00e9 transit<\/em>&nbsp;\u00bb, a-t-il soulign\u00e9.<\/p>\n\n\n\n<p class=\"wp-block-paragraph\">C\u2019est ainsi qu\u2019on peut retrouver des m\u00e9tiers c\u00f4t\u00e9 transit tels, que les d\u00e9clarants en douane (transitaires), des chefs transit, des agents Sidoniens, des responsables exploitation. La logistique donne droit \u00e0 des m\u00e9tiers comme gestionnaire de stock, approvisionneur, commercial, chefs Parks, \u2026 Les responsables de transport, les courtiers en assurance transport, les commerciaux dans les compagnies d\u2019assurance transport sont les m\u00e9tiers qu\u2019offre le Transport.<\/p>\n\n\n<div class=\"wp-block-image\">\n<figure class=\"aligncenter size-full is-resized\"><img loading=\"lazy\" decoding=\"async\" src=\"https:\/\/macite.tg\/wp-content\/uploads\/2024\/06\/IMG-20240313-WA0013.jpg\" alt=\"\" class=\"wp-image-14906\" width=\"837\" height=\"206\" srcset=\"https:\/\/macite.tg\/wp-content\/uploads\/2024\/06\/IMG-20240313-WA0013.jpg 690w, https:\/\/macite.tg\/wp-content\/uploads\/2024\/06\/IMG-20240313-WA0013-300x74.jpg 300w\" sizes=\"auto, (max-width: 837px) 100vw, 837px\" \/><\/figure>\n<\/div>\n\n\n<p class=\"wp-block-paragraph\">Pour pr\u00e9tendre \u00e0 un de ses m\u00e9tiers, deux qualit\u00e9s principales s\u2019av\u00e8rent indispensable pour les apprenants. <em>\u00ab&nbsp;Comme qualit\u00e9s, nous allons parler premi\u00e8rement du dynamisme ou de l\u2019agilit\u00e9. Deuxi\u00e8me qualit\u00e9, la coh\u00e9sion sociale parce que nous sommes appel\u00e9s \u00e0 travailler en \u00e9quipe&nbsp;\u00bb,<\/em> a indiqu\u00e9 Mathias Ezunkpe,<\/p>\n\n\n\n<p class=\"wp-block-paragraph\">Les apprenants \u00e0 l\u2019issue de l\u2019atelier ont d\u00e9sormais une id\u00e9e claire sur le choix \u00e0 faire une fois la formation termin\u00e9e. <em>\u00ab&nbsp;Apr\u00e8s les explications, j\u2019ai compris que la logistique offre beaucoup d\u2019opportunit\u00e9s. Je peux gagner ma vie l\u00e0-bas&nbsp;\u00bb, <\/em>a laiss\u00e9 entendre l\u2019\u00e9tudiant Nicolas Kossi Mawougbe. <em>\u00ab&nbsp;Apr\u00e8s le cours de ce soir, j\u2019ai vu que je peux devenir d\u00e9clarant en douane&nbsp;\u00bb,<\/em> a fait savoir, pour sa part, Michel Ablam Vodou.<\/p>\n\n\n<div class=\"wp-block-image\">\n<figure class=\"aligncenter size-full is-resized\"><img loading=\"lazy\" decoding=\"async\" src=\"https:\/\/macite.tg\/wp-content\/uploads\/2024\/05\/3bd2fcdc-30bc-493a-bd3f-0a3a1b711e46.jpg\" alt=\"\" class=\"wp-image-14862\" width=\"538\" height=\"764\" srcset=\"https:\/\/macite.tg\/wp-content\/uploads\/2024\/05\/3bd2fcdc-30bc-493a-bd3f-0a3a1b711e46.jpg 720w, https:\/\/macite.tg\/wp-content\/uploads\/2024\/05\/3bd2fcdc-30bc-493a-bd3f-0a3a1b711e46-211x300.jpg 211w\" sizes=\"auto, (max-width: 538px) 100vw, 538px\" \/><\/figure>\n<\/div>\n\n\n<p class=\"wp-block-paragraph\">Toutes ces innovations visent un objectif pr\u00e9cis. <em>\u00ab&nbsp;Toutes ces s\u00e9ances d\u2019ateliers de renforcement de capacit\u00e9s visent \u00e0 permettre aux \u00e9tudiants de chaque fili\u00e8re \u00e0 ma\u00eetriser au mieux son domaine&nbsp;\u00bb,<\/em> a indiqu\u00e9 Ernest Egbenou, directeur g\u00e9n\u00e9ral de l\u2019Ifap. Pour ce dernier, il s\u2019agit aussi de faire la diff\u00e9rence sur le terrain en mati\u00e8re de la qualit\u00e9 de la formation.<\/p>\n\n\n\n<p class=\"wp-block-paragraph\"><strong><em>Michel AKOETE<\/em><\/strong><\/p>\n\n\n\n<p class=\"wp-block-paragraph\"><a><strong><em>@macite.tg&nbsp;&nbsp;&nbsp;&nbsp;&nbsp;&nbsp;&nbsp;&nbsp;<\/em><\/strong><\/a><\/p>\n\n\n\n<p class=\"wp-block-paragraph\"><strong><em>E-mail&nbsp;: <\/em><\/strong><a href=\"mailto:maciteinfo@gmail.com\"><strong><em>maciteinfo@gmail.com<\/em><\/strong><\/a><strong><em>; <\/em><\/strong><a href=\"mailto:bawela1@gmail.com\"><strong><em>bawela1@gmail.com<\/em><\/strong><\/a><strong><em><\/em><\/strong><\/p>\n\n\n\n<p class=\"wp-block-paragraph\"><strong><em>Pour vos annonces, (publi)reportages, etc., joignez-nous au (00228)91515309\/<\/em><\/strong><strong><em>79872224 <\/em><\/strong><strong><em>www.macite.tg, L\u2019information, la bonne&nbsp;!<\/em><\/strong><\/p>\n","protected":false},"excerpt":{"rendered":"<p class=\"text-justify mb-2\" >L\u2019atelier de renforcement de capacit\u00e9, initi\u00e9 par l\u2019administration de l\u2019Institut de formation et d\u2019appui professionnel (Ifap), dans le but de permettre aux \u00e9tudiants de faire au mieux les r\u00e9visions de fin d\u2019ann\u00e9e, se poursuit. Mercredi, c\u2019est le tour des apprenants de la fili\u00e8re Transport logistique [&hellip;]<\/p>\n","protected":false},"author":2,"featured_media":15062,"comment_status":"open","ping_status":"open","sticky":false,"template":"","format":"standard","meta":{"footnotes":""},"categories":[20,48],"tags":[],"class_list":["post-15057","post","type-post","status-publish","format-standard","has-post-thumbnail","hentry","category-actualite","category-formation"],"yoast_head":"<!-- This site is optimized with the Yoast SEO plugin v28.4 - https:\/\/yoast.com\/product\/yoast-seo-wordpress\/ -->\n<title>IFAP\u00a0: Les d\u00e9bouch\u00e9s de la fili\u00e8re Tlt expliqu\u00e9s aux \u00e9tudiants -<\/title>\n<meta name=\"robots\" content=\"index, follow, max-snippet:-1, max-image-preview:large, max-video-preview:-1\" \/>\n<link rel=\"canonical\" href=\"https:\/\/macite.tg\/?p=15057\" \/>\n<meta property=\"og:locale\" content=\"fr_FR\" \/>\n<meta property=\"og:type\" content=\"article\" \/>\n<meta property=\"og:title\" content=\"IFAP\u00a0: Les d\u00e9bouch\u00e9s de la fili\u00e8re Tlt expliqu\u00e9s aux \u00e9tudiants -\" \/>\n<meta property=\"og:description\" content=\"L\u2019atelier de renforcement de capacit\u00e9, initi\u00e9 par l\u2019administration de l\u2019Institut de formation et d\u2019appui professionnel (Ifap), dans le but de permettre aux \u00e9tudiants de faire au mieux les r\u00e9visions de fin d\u2019ann\u00e9e, se poursuit. Mercredi, c\u2019est le tour des apprenants de la fili\u00e8re Transport logistique [&hellip;]\" \/>\n<meta property=\"og:url\" content=\"https:\/\/macite.tg\/?p=15057\" \/>\n<meta property=\"article:published_time\" content=\"2024-06-14T10:16:34+00:00\" \/>\n<meta property=\"article:modified_time\" content=\"2024-06-14T10:16:37+00:00\" \/>\n<meta property=\"og:image\" content=\"https:\/\/macite.tg\/wp-content\/uploads\/2024\/06\/IfapeTlt.jpg\" \/>\n\t<meta property=\"og:image:width\" content=\"500\" \/>\n\t<meta property=\"og:image:height\" content=\"149\" \/>\n\t<meta property=\"og:image:type\" content=\"image\/jpeg\" \/>\n<meta name=\"author\" content=\"Jean Pierre BAWELA\" \/>\n<meta name=\"twitter:card\" content=\"summary_large_image\" \/>\n<meta name=\"twitter:label1\" content=\"\u00c9crit par\" \/>\n\t<meta name=\"twitter:data1\" content=\"Jean Pierre BAWELA\" \/>\n\t<meta name=\"twitter:label2\" content=\"Dur\u00e9e de lecture estim\u00e9e\" \/>\n\t<meta name=\"twitter:data2\" content=\"2 minutes\" \/>\n<script type=\"application\/ld+json\" class=\"yoast-schema-graph\">{\"@context\":\"https:\\\/\\\/schema.org\",\"@graph\":[{\"@type\":\"Article\",\"@id\":\"https:\\\/\\\/macite.tg\\\/?p=15057#article\",\"isPartOf\":{\"@id\":\"https:\\\/\\\/macite.tg\\\/?p=15057\"},\"author\":{\"name\":\"Jean Pierre BAWELA\",\"@id\":\"https:\\\/\\\/macite.tg\\\/#\\\/schema\\\/person\\\/e9f2de7e5dbbe7770a9402c7ce82f5c2\"},\"headline\":\"IFAP\u00a0: Les d\u00e9bouch\u00e9s de la fili\u00e8re Tlt expliqu\u00e9s aux \u00e9tudiants\",\"datePublished\":\"2024-06-14T10:16:34+00:00\",\"dateModified\":\"2024-06-14T10:16:37+00:00\",\"mainEntityOfPage\":{\"@id\":\"https:\\\/\\\/macite.tg\\\/?p=15057\"},\"wordCount\":484,\"commentCount\":0,\"image\":{\"@id\":\"https:\\\/\\\/macite.tg\\\/?p=15057#primaryimage\"},\"thumbnailUrl\":\"https:\\\/\\\/macite.tg\\\/wp-content\\\/uploads\\\/2024\\\/06\\\/IfapeTlt.jpg\",\"articleSection\":[\"ACTUALITE\",\"FORMATION\"],\"inLanguage\":\"fr-FR\",\"potentialAction\":[{\"@type\":\"CommentAction\",\"name\":\"Comment\",\"target\":[\"https:\\\/\\\/macite.tg\\\/?p=15057#respond\"]}]},{\"@type\":\"WebPage\",\"@id\":\"https:\\\/\\\/macite.tg\\\/?p=15057\",\"url\":\"https:\\\/\\\/macite.tg\\\/?p=15057\",\"name\":\"IFAP\u00a0: Les d\u00e9bouch\u00e9s de la fili\u00e8re Tlt expliqu\u00e9s aux \u00e9tudiants -\",\"isPartOf\":{\"@id\":\"https:\\\/\\\/macite.tg\\\/#website\"},\"primaryImageOfPage\":{\"@id\":\"https:\\\/\\\/macite.tg\\\/?p=15057#primaryimage\"},\"image\":{\"@id\":\"https:\\\/\\\/macite.tg\\\/?p=15057#primaryimage\"},\"thumbnailUrl\":\"https:\\\/\\\/macite.tg\\\/wp-content\\\/uploads\\\/2024\\\/06\\\/IfapeTlt.jpg\",\"datePublished\":\"2024-06-14T10:16:34+00:00\",\"dateModified\":\"2024-06-14T10:16:37+00:00\",\"author\":{\"@id\":\"https:\\\/\\\/macite.tg\\\/#\\\/schema\\\/person\\\/e9f2de7e5dbbe7770a9402c7ce82f5c2\"},\"breadcrumb\":{\"@id\":\"https:\\\/\\\/macite.tg\\\/?p=15057#breadcrumb\"},\"inLanguage\":\"fr-FR\",\"potentialAction\":[{\"@type\":\"ReadAction\",\"target\":[\"https:\\\/\\\/macite.tg\\\/?p=15057\"]}]},{\"@type\":\"ImageObject\",\"inLanguage\":\"fr-FR\",\"@id\":\"https:\\\/\\\/macite.tg\\\/?p=15057#primaryimage\",\"url\":\"https:\\\/\\\/macite.tg\\\/wp-content\\\/uploads\\\/2024\\\/06\\\/IfapeTlt.jpg\",\"contentUrl\":\"https:\\\/\\\/macite.tg\\\/wp-content\\\/uploads\\\/2024\\\/06\\\/IfapeTlt.jpg\",\"width\":500,\"height\":149,\"caption\":\"La direction de l'Ifap face aux \u00e9tudiants de la fili\u00e8re Tlt.\"},{\"@type\":\"BreadcrumbList\",\"@id\":\"https:\\\/\\\/macite.tg\\\/?p=15057#breadcrumb\",\"itemListElement\":[{\"@type\":\"ListItem\",\"position\":1,\"name\":\"Accueil\",\"item\":\"https:\\\/\\\/macite.tg\\\/\"},{\"@type\":\"ListItem\",\"position\":2,\"name\":\"IFAP\u00a0: Les d\u00e9bouch\u00e9s de la fili\u00e8re Tlt expliqu\u00e9s aux \u00e9tudiants\"}]},{\"@type\":\"WebSite\",\"@id\":\"https:\\\/\\\/macite.tg\\\/#website\",\"url\":\"https:\\\/\\\/macite.tg\\\/\",\"name\":\"\",\"description\":\"L&#039;information, la bonne!!!\",\"potentialAction\":[{\"@type\":\"SearchAction\",\"target\":{\"@type\":\"EntryPoint\",\"urlTemplate\":\"https:\\\/\\\/macite.tg\\\/?s={search_term_string}\"},\"query-input\":{\"@type\":\"PropertyValueSpecification\",\"valueRequired\":true,\"valueName\":\"search_term_string\"}}],\"inLanguage\":\"fr-FR\"},{\"@type\":\"Person\",\"@id\":\"https:\\\/\\\/macite.tg\\\/#\\\/schema\\\/person\\\/e9f2de7e5dbbe7770a9402c7ce82f5c2\",\"name\":\"Jean Pierre BAWELA\",\"image\":{\"@type\":\"ImageObject\",\"inLanguage\":\"fr-FR\",\"@id\":\"https:\\\/\\\/macite.tg\\\/wp-content\\\/uploads\\\/2023\\\/09\\\/WhatsApp-Image-2023-09-19-at-14.44.41-122x122.jpeg\",\"url\":\"https:\\\/\\\/macite.tg\\\/wp-content\\\/uploads\\\/2023\\\/09\\\/WhatsApp-Image-2023-09-19-at-14.44.41-122x122.jpeg\",\"contentUrl\":\"https:\\\/\\\/macite.tg\\\/wp-content\\\/uploads\\\/2023\\\/09\\\/WhatsApp-Image-2023-09-19-at-14.44.41-122x122.jpeg\",\"caption\":\"Jean Pierre BAWELA\"},\"url\":\"https:\\\/\\\/macite.tg\\\/?author=2\"}]}<\/script>\n<!-- \/ Yoast SEO plugin. -->","yoast_head_json":{"title":"IFAP\u00a0: Les d\u00e9bouch\u00e9s de la fili\u00e8re Tlt expliqu\u00e9s aux \u00e9tudiants -","robots":{"index":"index","follow":"follow","max-snippet":"max-snippet:-1","max-image-preview":"max-image-preview:large","max-video-preview":"max-video-preview:-1"},"canonical":"https:\/\/macite.tg\/?p=15057","og_locale":"fr_FR","og_type":"article","og_title":"IFAP\u00a0: Les d\u00e9bouch\u00e9s de la fili\u00e8re Tlt expliqu\u00e9s aux \u00e9tudiants -","og_description":"L\u2019atelier de renforcement de capacit\u00e9, initi\u00e9 par l\u2019administration de l\u2019Institut de formation et d\u2019appui professionnel (Ifap), dans le but de permettre aux \u00e9tudiants de faire au mieux les r\u00e9visions de fin d\u2019ann\u00e9e, se poursuit. Mercredi, c\u2019est le tour des apprenants de la fili\u00e8re Transport logistique [&hellip;]","og_url":"https:\/\/macite.tg\/?p=15057","article_published_time":"2024-06-14T10:16:34+00:00","article_modified_time":"2024-06-14T10:16:37+00:00","og_image":[{"width":500,"height":149,"url":"https:\/\/macite.tg\/wp-content\/uploads\/2024\/06\/IfapeTlt.jpg","type":"image\/jpeg"}],"author":"Jean Pierre BAWELA","twitter_card":"summary_large_image","twitter_misc":{"\u00c9crit par":"Jean Pierre BAWELA","Dur\u00e9e de lecture estim\u00e9e":"2 minutes"},"schema":{"@context":"https:\/\/schema.org","@graph":[{"@type":"Article","@id":"https:\/\/macite.tg\/?p=15057#article","isPartOf":{"@id":"https:\/\/macite.tg\/?p=15057"},"author":{"name":"Jean Pierre BAWELA","@id":"https:\/\/macite.tg\/#\/schema\/person\/e9f2de7e5dbbe7770a9402c7ce82f5c2"},"headline":"IFAP\u00a0: Les d\u00e9bouch\u00e9s de la fili\u00e8re Tlt expliqu\u00e9s aux \u00e9tudiants","datePublished":"2024-06-14T10:16:34+00:00","dateModified":"2024-06-14T10:16:37+00:00","mainEntityOfPage":{"@id":"https:\/\/macite.tg\/?p=15057"},"wordCount":484,"commentCount":0,"image":{"@id":"https:\/\/macite.tg\/?p=15057#primaryimage"},"thumbnailUrl":"https:\/\/macite.tg\/wp-content\/uploads\/2024\/06\/IfapeTlt.jpg","articleSection":["ACTUALITE","FORMATION"],"inLanguage":"fr-FR","potentialAction":[{"@type":"CommentAction","name":"Comment","target":["https:\/\/macite.tg\/?p=15057#respond"]}]},{"@type":"WebPage","@id":"https:\/\/macite.tg\/?p=15057","url":"https:\/\/macite.tg\/?p=15057","name":"IFAP\u00a0: Les d\u00e9bouch\u00e9s de la fili\u00e8re Tlt expliqu\u00e9s aux \u00e9tudiants -","isPartOf":{"@id":"https:\/\/macite.tg\/#website"},"primaryImageOfPage":{"@id":"https:\/\/macite.tg\/?p=15057#primaryimage"},"image":{"@id":"https:\/\/macite.tg\/?p=15057#primaryimage"},"thumbnailUrl":"https:\/\/macite.tg\/wp-content\/uploads\/2024\/06\/IfapeTlt.jpg","datePublished":"2024-06-14T10:16:34+00:00","dateModified":"2024-06-14T10:16:37+00:00","author":{"@id":"https:\/\/macite.tg\/#\/schema\/person\/e9f2de7e5dbbe7770a9402c7ce82f5c2"},"breadcrumb":{"@id":"https:\/\/macite.tg\/?p=15057#breadcrumb"},"inLanguage":"fr-FR","potentialAction":[{"@type":"ReadAction","target":["https:\/\/macite.tg\/?p=15057"]}]},{"@type":"ImageObject","inLanguage":"fr-FR","@id":"https:\/\/macite.tg\/?p=15057#primaryimage","url":"https:\/\/macite.tg\/wp-content\/uploads\/2024\/06\/IfapeTlt.jpg","contentUrl":"https:\/\/macite.tg\/wp-content\/uploads\/2024\/06\/IfapeTlt.jpg","width":500,"height":149,"caption":"La direction de l'Ifap face aux \u00e9tudiants de la fili\u00e8re Tlt."},{"@type":"BreadcrumbList","@id":"https:\/\/macite.tg\/?p=15057#breadcrumb","itemListElement":[{"@type":"ListItem","position":1,"name":"Accueil","item":"https:\/\/macite.tg\/"},{"@type":"ListItem","position":2,"name":"IFAP\u00a0: Les d\u00e9bouch\u00e9s de la fili\u00e8re Tlt expliqu\u00e9s aux \u00e9tudiants"}]},{"@type":"WebSite","@id":"https:\/\/macite.tg\/#website","url":"https:\/\/macite.tg\/","name":"","description":"L&#039;information, la bonne!!!","potentialAction":[{"@type":"SearchAction","target":{"@type":"EntryPoint","urlTemplate":"https:\/\/macite.tg\/?s={search_term_string}"},"query-input":{"@type":"PropertyValueSpecification","valueRequired":true,"valueName":"search_term_string"}}],"inLanguage":"fr-FR"},{"@type":"Person","@id":"https:\/\/macite.tg\/#\/schema\/person\/e9f2de7e5dbbe7770a9402c7ce82f5c2","name":"Jean Pierre BAWELA","image":{"@type":"ImageObject","inLanguage":"fr-FR","@id":"https:\/\/macite.tg\/wp-content\/uploads\/2023\/09\/WhatsApp-Image-2023-09-19-at-14.44.41-122x122.jpeg","url":"https:\/\/macite.tg\/wp-content\/uploads\/2023\/09\/WhatsApp-Image-2023-09-19-at-14.44.41-122x122.jpeg","contentUrl":"https:\/\/macite.tg\/wp-content\/uploads\/2023\/09\/WhatsApp-Image-2023-09-19-at-14.44.41-122x122.jpeg","caption":"Jean Pierre BAWELA"},"url":"https:\/\/macite.tg\/?author=2"}]}},"_links":{"self":[{"href":"https:\/\/macite.tg\/index.php?rest_route=\/wp\/v2\/posts\/15057","targetHints":{"allow":["GET"]}}],"collection":[{"href":"https:\/\/macite.tg\/index.php?rest_route=\/wp\/v2\/posts"}],"about":[{"href":"https:\/\/macite.tg\/index.php?rest_route=\/wp\/v2\/types\/post"}],"author":[{"embeddable":true,"href":"https:\/\/macite.tg\/index.php?rest_route=\/wp\/v2\/users\/2"}],"replies":[{"embeddable":true,"href":"https:\/\/macite.tg\/index.php?rest_route=%2Fwp%2Fv2%2Fcomments&post=15057"}],"version-history":[{"count":0,"href":"https:\/\/macite.tg\/index.php?rest_route=\/wp\/v2\/posts\/15057\/revisions"}],"wp:featuredmedia":[{"embeddable":true,"href":"https:\/\/macite.tg\/index.php?rest_route=\/wp\/v2\/media\/15062"}],"wp:attachment":[{"href":"https:\/\/macite.tg\/index.php?rest_route=%2Fwp%2Fv2%2Fmedia&parent=15057"}],"wp:term":[{"taxonomy":"category","embeddable":true,"href":"https:\/\/macite.tg\/index.php?rest_route=%2Fwp%2Fv2%2Fcategories&post=15057"},{"taxonomy":"post_tag","embeddable":true,"href":"https:\/\/macite.tg\/index.php?rest_route=%2Fwp%2Fv2%2Ftags&post=15057"}],"curies":[{"name":"wp","href":"https:\/\/api.w.org\/{rel}","templated":true}]}}