{"id":15053,"date":"2024-06-12T18:15:07","date_gmt":"2024-06-12T18:15:07","guid":{"rendered":"https:\/\/macite.tg\/?p=15053"},"modified":"2024-06-12T18:15:11","modified_gmt":"2024-06-12T18:15:11","slug":"tabaski-grosse-polemique-autour-de-la-celebration-a-lunisson-lavis-des-religieux","status":"publish","type":"post","link":"https:\/\/macite.tg\/?p=15053","title":{"rendered":"TABASKI\u00a0: Grosse pol\u00e9mique autour de la c\u00e9l\u00e9bration \u00e0 l\u2019unisson\u2026 l\u2019avis des religieux\u00a0!"},"content":{"rendered":"\n<p class=\"wp-block-paragraph\"><strong><em>Tr\u00e8s connu de par le monde musulman par la c\u00e9l\u00e9bration en rang dispers\u00e9 des f\u00eates musulmanes, le S\u00e9n\u00e9gal pourrait remettre cela, \u00e0 l\u2019occasion de la Tabaski 2024. Cette dissociation est due aux probl\u00e8mes li\u00e9s \u00e0 la compr\u00e9hension et l\u2019interpr\u00e9tation des textes.<\/em><\/strong><\/p>\n\n\n\n<p class=\"wp-block-paragraph\">Pourtant, la Commission d\u2019observation du croissant lunaire (Conacoc) a fix\u00e9 la date du lundi 17 juin, mais certains pourraient c\u00e9l\u00e9brer la f\u00eate le dimanche 16, au lendemain de Arafat (fix\u00e9 le 15 juin en Arabie Saoudite). Or, avec l\u2019argument d\u2019Imam Makhtar Kant\u00e9, qui \u00e9tait l\u2019invit\u00e9 de \u00ab\u00a0Rfm Matin\u00a0\u00bb les choses risquent d\u2019\u00eatre diff\u00e9rentes pour la Tabaski qui se profile.<\/p>\n\n\n<div class=\"wp-block-image\">\n<figure class=\"aligncenter size-full is-resized\"><img loading=\"lazy\" decoding=\"async\" src=\"https:\/\/macite.tg\/wp-content\/uploads\/2024\/06\/Capmagne-de-recensement-fonciere_Golfe-2-et-4.jpg\" alt=\"\" class=\"wp-image-15050\" width=\"442\" height=\"442\" srcset=\"https:\/\/macite.tg\/wp-content\/uploads\/2024\/06\/Capmagne-de-recensement-fonciere_Golfe-2-et-4.jpg 526w, https:\/\/macite.tg\/wp-content\/uploads\/2024\/06\/Capmagne-de-recensement-fonciere_Golfe-2-et-4-300x300.jpg 300w, https:\/\/macite.tg\/wp-content\/uploads\/2024\/06\/Capmagne-de-recensement-fonciere_Golfe-2-et-4-150x150.jpg 150w, https:\/\/macite.tg\/wp-content\/uploads\/2024\/06\/Capmagne-de-recensement-fonciere_Golfe-2-et-4-122x122.jpg 122w\" sizes=\"auto, (max-width: 442px) 100vw, 442px\" \/><\/figure>\n<\/div>\n\n\n<p class=\"wp-block-paragraph\">En r\u00e9alit\u00e9 selon le pr\u00eacheur, fixer la date de la Tabaski en se basant sur Arafat est \u00ab&nbsp;<em>une grosse erreur<\/em>&nbsp;\u00bb. Pire encore, ajoute Imam Kant\u00e9, \u00ab&nbsp;<em>dire qu\u2019il faut c\u00e9l\u00e9brer la Tabaski au lendemain de Arafat est une erreur. C\u2019est vrai que c\u2019est logique, mais c\u2019est une erreur. \u00c7a ne concerne que les p\u00e8lerins. Ce n\u2019est pas un rep\u00e8re. \u00c7a l\u2019est uniquement pour les Saoudiens qui, apr\u00e8s avoir fix\u00e9 la date de la&nbsp;<\/em><em><a href=\"https:\/\/www.senenews.com\/senenews-people\/video-senenews-people\/le-waxale-du-president-bassirou-diomaye-pour-ses-moutons-de-tabaski-video_496493.html\">Tabaski<\/a><\/em><em>&nbsp;conform\u00e9ment \u00e0 l\u2019observation du croissant lunaire (10e jour), fixe Arafat au 9e jour<\/em>&nbsp;\u00bb.<\/p>\n\n\n\n<p class=\"wp-block-paragraph\">Pour le religieux, les dates religieuses doivent \u00eatre fix\u00e9es selon l\u2019observation du croissant lunaire de chaque pays et pas se baser sur les autres. \u00ab&nbsp;<em>Je dis aux jeunes que les oul\u00e9mas les plus importants ont conseill\u00e9 \u00e0 chaque pays de fixer les dates religieuses sans prendre en compte les dates fix\u00e9es par les autres pays.<\/em><\/p>\n\n\n<div class=\"wp-block-image\">\n<figure class=\"aligncenter size-full\"><img loading=\"lazy\" decoding=\"async\" width=\"500\" height=\"500\" src=\"https:\/\/macite.tg\/wp-content\/uploads\/2024\/05\/FORMATION-A-LA-CARTE.jpg\" alt=\"\" class=\"wp-image-14866\" srcset=\"https:\/\/macite.tg\/wp-content\/uploads\/2024\/05\/FORMATION-A-LA-CARTE.jpg 500w, https:\/\/macite.tg\/wp-content\/uploads\/2024\/05\/FORMATION-A-LA-CARTE-300x300.jpg 300w, https:\/\/macite.tg\/wp-content\/uploads\/2024\/05\/FORMATION-A-LA-CARTE-150x150.jpg 150w, https:\/\/macite.tg\/wp-content\/uploads\/2024\/05\/FORMATION-A-LA-CARTE-122x122.jpg 122w\" sizes=\"auto, (max-width: 500px) 100vw, 500px\" \/><\/figure>\n<\/div>\n\n\n<p class=\"wp-block-paragraph\"><em>La preuve, chaque pays musulman fait cela. Donc, ce qui me rend malheureux, c\u2019est de voir le S\u00e9n\u00e9gal suivre les dates fix\u00e9es par l\u2019Australie, l\u2019Arabie Saoudite ou encore le Burkina.<\/em><\/p>\n\n\n\n<p class=\"wp-block-paragraph\"><em>Tous les pays musulmans, que ce soit l\u2019Egypte, l\u2019Arabie Saoudite ou encore la Mauritanie, sont d\u2019accord sur ce point. La Mauritanie n\u2019attend jamais l\u2019Arabie Saoudite pour fixer ses dates, vice-versa<\/em>&nbsp;\u00bb, pr\u00e9cise l\u2019imam Kant\u00e9.<\/p>\n\n\n\n<p class=\"wp-block-paragraph\">Selon l\u2019imam de la mosqu\u00e9e du Point E, tout d\u00e9pend de l\u2019observation du croissant lunaire. Et un pays peut voir la lune tandis que l\u2019autre ne la verra que le lendemain. Ce qui provoque la diff\u00e9rence entre les dates fix\u00e9es un peu partout dans le monde.<\/p>\n\n\n<div class=\"wp-block-image\">\n<figure class=\"aligncenter size-full is-resized\"><img loading=\"lazy\" decoding=\"async\" src=\"https:\/\/macite.tg\/wp-content\/uploads\/2024\/05\/3bd2fcdc-30bc-493a-bd3f-0a3a1b711e46.jpg\" alt=\"\" class=\"wp-image-14862\" width=\"418\" height=\"593\" srcset=\"https:\/\/macite.tg\/wp-content\/uploads\/2024\/05\/3bd2fcdc-30bc-493a-bd3f-0a3a1b711e46.jpg 720w, https:\/\/macite.tg\/wp-content\/uploads\/2024\/05\/3bd2fcdc-30bc-493a-bd3f-0a3a1b711e46-211x300.jpg 211w\" sizes=\"auto, (max-width: 418px) 100vw, 418px\" \/><\/figure>\n<\/div>\n\n\n<p class=\"wp-block-paragraph\">\u00ab&nbsp;<em>Plus on va vers l\u2019est, plus on a de chances de voir le croissant lunaire&nbsp;\u00bb<\/em>, ajoute l\u2019imam, qui souhaite que le nouveau gouvernement mette en place un dispositif pour r\u00e9gler d\u00e9finitivement le probl\u00e8me des dates religieuses au S\u00e9n\u00e9gal mais aussi dans la sous-r\u00e9gion.<\/p>\n\n\n\n<p class=\"wp-block-paragraph\"><strong>SeneNews<\/strong><\/p>\n\n\n\n<p class=\"wp-block-paragraph\"><a><strong><em>@macite.tg&nbsp;&nbsp;&nbsp;&nbsp;&nbsp;&nbsp;&nbsp;&nbsp;<\/em><\/strong><\/a><\/p>\n\n\n\n<p class=\"wp-block-paragraph\"><strong><em>E-mail&nbsp;: <\/em><\/strong><a href=\"mailto:maciteinfo@gmail.com\"><strong><em>maciteinfo@gmail.com<\/em><\/strong><\/a><strong><em>; <\/em><\/strong><a href=\"mailto:bawela1@gmail.com\"><strong><em>bawela1@gmail.com<\/em><\/strong><\/a><strong><em><\/em><\/strong><\/p>\n\n\n\n<p class=\"wp-block-paragraph\"><strong><em>Pour vos annonces, (publi)reportages, etc., joignez-nous au (00228)91515309\/<strong>79872224 <\/strong>www.macite.tg, L\u2019information, la bonne&nbsp;!<\/em><\/strong><\/p>\n","protected":false},"excerpt":{"rendered":"<p class=\"text-justify mb-2\" >Tr\u00e8s connu de par le monde musulman par la c\u00e9l\u00e9bration en rang dispers\u00e9 des f\u00eates musulmanes, le S\u00e9n\u00e9gal pourrait remettre cela, \u00e0 l\u2019occasion de la Tabaski 2024. Cette dissociation est due aux probl\u00e8mes li\u00e9s \u00e0 la compr\u00e9hension et l\u2019interpr\u00e9tation des textes. Pourtant, la Commission d\u2019observation [&hellip;]<\/p>\n","protected":false},"author":2,"featured_media":15054,"comment_status":"open","ping_status":"open","sticky":false,"template":"","format":"standard","meta":{"footnotes":""},"categories":[20,40],"tags":[],"class_list":["post-15053","post","type-post","status-publish","format-standard","has-post-thumbnail","hentry","category-actualite","category-religion"],"yoast_head":"<!-- This site is optimized with the Yoast SEO plugin v28.4 - https:\/\/yoast.com\/product\/yoast-seo-wordpress\/ -->\n<title>TABASKI\u00a0: Grosse pol\u00e9mique autour de la c\u00e9l\u00e9bration \u00e0 l\u2019unisson\u2026 l\u2019avis des religieux\u00a0! -<\/title>\n<meta name=\"robots\" content=\"index, follow, max-snippet:-1, max-image-preview:large, max-video-preview:-1\" \/>\n<link rel=\"canonical\" href=\"https:\/\/macite.tg\/?p=15053\" \/>\n<meta property=\"og:locale\" content=\"fr_FR\" \/>\n<meta property=\"og:type\" content=\"article\" \/>\n<meta property=\"og:title\" content=\"TABASKI\u00a0: Grosse pol\u00e9mique autour de la c\u00e9l\u00e9bration \u00e0 l\u2019unisson\u2026 l\u2019avis des religieux\u00a0! -\" \/>\n<meta property=\"og:description\" content=\"Tr\u00e8s connu de par le monde musulman par la c\u00e9l\u00e9bration en rang dispers\u00e9 des f\u00eates musulmanes, le S\u00e9n\u00e9gal pourrait remettre cela, \u00e0 l\u2019occasion de la Tabaski 2024. Cette dissociation est due aux probl\u00e8mes li\u00e9s \u00e0 la compr\u00e9hension et l\u2019interpr\u00e9tation des textes. Pourtant, la Commission d\u2019observation [&hellip;]\" \/>\n<meta property=\"og:url\" content=\"https:\/\/macite.tg\/?p=15053\" \/>\n<meta property=\"article:published_time\" content=\"2024-06-12T18:15:07+00:00\" \/>\n<meta property=\"article:modified_time\" content=\"2024-06-12T18:15:11+00:00\" \/>\n<meta property=\"og:image\" content=\"https:\/\/macite.tg\/wp-content\/uploads\/2024\/06\/image-12.png\" \/>\n\t<meta property=\"og:image:width\" content=\"285\" \/>\n\t<meta property=\"og:image:height\" content=\"270\" \/>\n\t<meta property=\"og:image:type\" content=\"image\/png\" \/>\n<meta name=\"author\" content=\"Jean Pierre BAWELA\" \/>\n<meta name=\"twitter:card\" content=\"summary_large_image\" \/>\n<meta name=\"twitter:label1\" content=\"\u00c9crit par\" \/>\n\t<meta name=\"twitter:data1\" content=\"Jean Pierre BAWELA\" \/>\n\t<meta name=\"twitter:label2\" content=\"Dur\u00e9e de lecture estim\u00e9e\" \/>\n\t<meta name=\"twitter:data2\" content=\"2 minutes\" \/>\n<script type=\"application\/ld+json\" class=\"yoast-schema-graph\">{\"@context\":\"https:\\\/\\\/schema.org\",\"@graph\":[{\"@type\":\"Article\",\"@id\":\"https:\\\/\\\/macite.tg\\\/?p=15053#article\",\"isPartOf\":{\"@id\":\"https:\\\/\\\/macite.tg\\\/?p=15053\"},\"author\":{\"name\":\"Jean Pierre BAWELA\",\"@id\":\"https:\\\/\\\/macite.tg\\\/#\\\/schema\\\/person\\\/e9f2de7e5dbbe7770a9402c7ce82f5c2\"},\"headline\":\"TABASKI\u00a0: Grosse pol\u00e9mique autour de la c\u00e9l\u00e9bration \u00e0 l\u2019unisson\u2026 l\u2019avis des religieux\u00a0!\",\"datePublished\":\"2024-06-12T18:15:07+00:00\",\"dateModified\":\"2024-06-12T18:15:11+00:00\",\"mainEntityOfPage\":{\"@id\":\"https:\\\/\\\/macite.tg\\\/?p=15053\"},\"wordCount\":514,\"commentCount\":0,\"image\":{\"@id\":\"https:\\\/\\\/macite.tg\\\/?p=15053#primaryimage\"},\"thumbnailUrl\":\"https:\\\/\\\/macite.tg\\\/wp-content\\\/uploads\\\/2024\\\/06\\\/image-12.png\",\"articleSection\":[\"ACTUALITE\",\"RELIGION\"],\"inLanguage\":\"fr-FR\",\"potentialAction\":[{\"@type\":\"CommentAction\",\"name\":\"Comment\",\"target\":[\"https:\\\/\\\/macite.tg\\\/?p=15053#respond\"]}]},{\"@type\":\"WebPage\",\"@id\":\"https:\\\/\\\/macite.tg\\\/?p=15053\",\"url\":\"https:\\\/\\\/macite.tg\\\/?p=15053\",\"name\":\"TABASKI\u00a0: Grosse pol\u00e9mique autour de la c\u00e9l\u00e9bration \u00e0 l\u2019unisson\u2026 l\u2019avis des religieux\u00a0! -\",\"isPartOf\":{\"@id\":\"https:\\\/\\\/macite.tg\\\/#website\"},\"primaryImageOfPage\":{\"@id\":\"https:\\\/\\\/macite.tg\\\/?p=15053#primaryimage\"},\"image\":{\"@id\":\"https:\\\/\\\/macite.tg\\\/?p=15053#primaryimage\"},\"thumbnailUrl\":\"https:\\\/\\\/macite.tg\\\/wp-content\\\/uploads\\\/2024\\\/06\\\/image-12.png\",\"datePublished\":\"2024-06-12T18:15:07+00:00\",\"dateModified\":\"2024-06-12T18:15:11+00:00\",\"author\":{\"@id\":\"https:\\\/\\\/macite.tg\\\/#\\\/schema\\\/person\\\/e9f2de7e5dbbe7770a9402c7ce82f5c2\"},\"breadcrumb\":{\"@id\":\"https:\\\/\\\/macite.tg\\\/?p=15053#breadcrumb\"},\"inLanguage\":\"fr-FR\",\"potentialAction\":[{\"@type\":\"ReadAction\",\"target\":[\"https:\\\/\\\/macite.tg\\\/?p=15053\"]}]},{\"@type\":\"ImageObject\",\"inLanguage\":\"fr-FR\",\"@id\":\"https:\\\/\\\/macite.tg\\\/?p=15053#primaryimage\",\"url\":\"https:\\\/\\\/macite.tg\\\/wp-content\\\/uploads\\\/2024\\\/06\\\/image-12.png\",\"contentUrl\":\"https:\\\/\\\/macite.tg\\\/wp-content\\\/uploads\\\/2024\\\/06\\\/image-12.png\",\"width\":285,\"height\":270},{\"@type\":\"BreadcrumbList\",\"@id\":\"https:\\\/\\\/macite.tg\\\/?p=15053#breadcrumb\",\"itemListElement\":[{\"@type\":\"ListItem\",\"position\":1,\"name\":\"Accueil\",\"item\":\"https:\\\/\\\/macite.tg\\\/\"},{\"@type\":\"ListItem\",\"position\":2,\"name\":\"TABASKI\u00a0: Grosse pol\u00e9mique autour de la c\u00e9l\u00e9bration \u00e0 l\u2019unisson\u2026 l\u2019avis des religieux\u00a0!\"}]},{\"@type\":\"WebSite\",\"@id\":\"https:\\\/\\\/macite.tg\\\/#website\",\"url\":\"https:\\\/\\\/macite.tg\\\/\",\"name\":\"\",\"description\":\"L&#039;information, la bonne!!!\",\"potentialAction\":[{\"@type\":\"SearchAction\",\"target\":{\"@type\":\"EntryPoint\",\"urlTemplate\":\"https:\\\/\\\/macite.tg\\\/?s={search_term_string}\"},\"query-input\":{\"@type\":\"PropertyValueSpecification\",\"valueRequired\":true,\"valueName\":\"search_term_string\"}}],\"inLanguage\":\"fr-FR\"},{\"@type\":\"Person\",\"@id\":\"https:\\\/\\\/macite.tg\\\/#\\\/schema\\\/person\\\/e9f2de7e5dbbe7770a9402c7ce82f5c2\",\"name\":\"Jean Pierre BAWELA\",\"image\":{\"@type\":\"ImageObject\",\"inLanguage\":\"fr-FR\",\"@id\":\"https:\\\/\\\/macite.tg\\\/wp-content\\\/uploads\\\/2023\\\/09\\\/WhatsApp-Image-2023-09-19-at-14.44.41-122x122.jpeg\",\"url\":\"https:\\\/\\\/macite.tg\\\/wp-content\\\/uploads\\\/2023\\\/09\\\/WhatsApp-Image-2023-09-19-at-14.44.41-122x122.jpeg\",\"contentUrl\":\"https:\\\/\\\/macite.tg\\\/wp-content\\\/uploads\\\/2023\\\/09\\\/WhatsApp-Image-2023-09-19-at-14.44.41-122x122.jpeg\",\"caption\":\"Jean Pierre BAWELA\"},\"url\":\"https:\\\/\\\/macite.tg\\\/?author=2\"}]}<\/script>\n<!-- \/ Yoast SEO plugin. -->","yoast_head_json":{"title":"TABASKI\u00a0: Grosse pol\u00e9mique autour de la c\u00e9l\u00e9bration \u00e0 l\u2019unisson\u2026 l\u2019avis des religieux\u00a0! -","robots":{"index":"index","follow":"follow","max-snippet":"max-snippet:-1","max-image-preview":"max-image-preview:large","max-video-preview":"max-video-preview:-1"},"canonical":"https:\/\/macite.tg\/?p=15053","og_locale":"fr_FR","og_type":"article","og_title":"TABASKI\u00a0: Grosse pol\u00e9mique autour de la c\u00e9l\u00e9bration \u00e0 l\u2019unisson\u2026 l\u2019avis des religieux\u00a0! -","og_description":"Tr\u00e8s connu de par le monde musulman par la c\u00e9l\u00e9bration en rang dispers\u00e9 des f\u00eates musulmanes, le S\u00e9n\u00e9gal pourrait remettre cela, \u00e0 l\u2019occasion de la Tabaski 2024. Cette dissociation est due aux probl\u00e8mes li\u00e9s \u00e0 la compr\u00e9hension et l\u2019interpr\u00e9tation des textes. Pourtant, la Commission d\u2019observation [&hellip;]","og_url":"https:\/\/macite.tg\/?p=15053","article_published_time":"2024-06-12T18:15:07+00:00","article_modified_time":"2024-06-12T18:15:11+00:00","og_image":[{"width":285,"height":270,"url":"https:\/\/macite.tg\/wp-content\/uploads\/2024\/06\/image-12.png","type":"image\/png"}],"author":"Jean Pierre BAWELA","twitter_card":"summary_large_image","twitter_misc":{"\u00c9crit par":"Jean Pierre BAWELA","Dur\u00e9e de lecture estim\u00e9e":"2 minutes"},"schema":{"@context":"https:\/\/schema.org","@graph":[{"@type":"Article","@id":"https:\/\/macite.tg\/?p=15053#article","isPartOf":{"@id":"https:\/\/macite.tg\/?p=15053"},"author":{"name":"Jean Pierre BAWELA","@id":"https:\/\/macite.tg\/#\/schema\/person\/e9f2de7e5dbbe7770a9402c7ce82f5c2"},"headline":"TABASKI\u00a0: Grosse pol\u00e9mique autour de la c\u00e9l\u00e9bration \u00e0 l\u2019unisson\u2026 l\u2019avis des religieux\u00a0!","datePublished":"2024-06-12T18:15:07+00:00","dateModified":"2024-06-12T18:15:11+00:00","mainEntityOfPage":{"@id":"https:\/\/macite.tg\/?p=15053"},"wordCount":514,"commentCount":0,"image":{"@id":"https:\/\/macite.tg\/?p=15053#primaryimage"},"thumbnailUrl":"https:\/\/macite.tg\/wp-content\/uploads\/2024\/06\/image-12.png","articleSection":["ACTUALITE","RELIGION"],"inLanguage":"fr-FR","potentialAction":[{"@type":"CommentAction","name":"Comment","target":["https:\/\/macite.tg\/?p=15053#respond"]}]},{"@type":"WebPage","@id":"https:\/\/macite.tg\/?p=15053","url":"https:\/\/macite.tg\/?p=15053","name":"TABASKI\u00a0: Grosse pol\u00e9mique autour de la c\u00e9l\u00e9bration \u00e0 l\u2019unisson\u2026 l\u2019avis des religieux\u00a0! -","isPartOf":{"@id":"https:\/\/macite.tg\/#website"},"primaryImageOfPage":{"@id":"https:\/\/macite.tg\/?p=15053#primaryimage"},"image":{"@id":"https:\/\/macite.tg\/?p=15053#primaryimage"},"thumbnailUrl":"https:\/\/macite.tg\/wp-content\/uploads\/2024\/06\/image-12.png","datePublished":"2024-06-12T18:15:07+00:00","dateModified":"2024-06-12T18:15:11+00:00","author":{"@id":"https:\/\/macite.tg\/#\/schema\/person\/e9f2de7e5dbbe7770a9402c7ce82f5c2"},"breadcrumb":{"@id":"https:\/\/macite.tg\/?p=15053#breadcrumb"},"inLanguage":"fr-FR","potentialAction":[{"@type":"ReadAction","target":["https:\/\/macite.tg\/?p=15053"]}]},{"@type":"ImageObject","inLanguage":"fr-FR","@id":"https:\/\/macite.tg\/?p=15053#primaryimage","url":"https:\/\/macite.tg\/wp-content\/uploads\/2024\/06\/image-12.png","contentUrl":"https:\/\/macite.tg\/wp-content\/uploads\/2024\/06\/image-12.png","width":285,"height":270},{"@type":"BreadcrumbList","@id":"https:\/\/macite.tg\/?p=15053#breadcrumb","itemListElement":[{"@type":"ListItem","position":1,"name":"Accueil","item":"https:\/\/macite.tg\/"},{"@type":"ListItem","position":2,"name":"TABASKI\u00a0: Grosse pol\u00e9mique autour de la c\u00e9l\u00e9bration \u00e0 l\u2019unisson\u2026 l\u2019avis des religieux\u00a0!"}]},{"@type":"WebSite","@id":"https:\/\/macite.tg\/#website","url":"https:\/\/macite.tg\/","name":"","description":"L&#039;information, la bonne!!!","potentialAction":[{"@type":"SearchAction","target":{"@type":"EntryPoint","urlTemplate":"https:\/\/macite.tg\/?s={search_term_string}"},"query-input":{"@type":"PropertyValueSpecification","valueRequired":true,"valueName":"search_term_string"}}],"inLanguage":"fr-FR"},{"@type":"Person","@id":"https:\/\/macite.tg\/#\/schema\/person\/e9f2de7e5dbbe7770a9402c7ce82f5c2","name":"Jean Pierre BAWELA","image":{"@type":"ImageObject","inLanguage":"fr-FR","@id":"https:\/\/macite.tg\/wp-content\/uploads\/2023\/09\/WhatsApp-Image-2023-09-19-at-14.44.41-122x122.jpeg","url":"https:\/\/macite.tg\/wp-content\/uploads\/2023\/09\/WhatsApp-Image-2023-09-19-at-14.44.41-122x122.jpeg","contentUrl":"https:\/\/macite.tg\/wp-content\/uploads\/2023\/09\/WhatsApp-Image-2023-09-19-at-14.44.41-122x122.jpeg","caption":"Jean Pierre BAWELA"},"url":"https:\/\/macite.tg\/?author=2"}]}},"_links":{"self":[{"href":"https:\/\/macite.tg\/index.php?rest_route=\/wp\/v2\/posts\/15053","targetHints":{"allow":["GET"]}}],"collection":[{"href":"https:\/\/macite.tg\/index.php?rest_route=\/wp\/v2\/posts"}],"about":[{"href":"https:\/\/macite.tg\/index.php?rest_route=\/wp\/v2\/types\/post"}],"author":[{"embeddable":true,"href":"https:\/\/macite.tg\/index.php?rest_route=\/wp\/v2\/users\/2"}],"replies":[{"embeddable":true,"href":"https:\/\/macite.tg\/index.php?rest_route=%2Fwp%2Fv2%2Fcomments&post=15053"}],"version-history":[{"count":0,"href":"https:\/\/macite.tg\/index.php?rest_route=\/wp\/v2\/posts\/15053\/revisions"}],"wp:featuredmedia":[{"embeddable":true,"href":"https:\/\/macite.tg\/index.php?rest_route=\/wp\/v2\/media\/15054"}],"wp:attachment":[{"href":"https:\/\/macite.tg\/index.php?rest_route=%2Fwp%2Fv2%2Fmedia&parent=15053"}],"wp:term":[{"taxonomy":"category","embeddable":true,"href":"https:\/\/macite.tg\/index.php?rest_route=%2Fwp%2Fv2%2Fcategories&post=15053"},{"taxonomy":"post_tag","embeddable":true,"href":"https:\/\/macite.tg\/index.php?rest_route=%2Fwp%2Fv2%2Ftags&post=15053"}],"curies":[{"name":"wp","href":"https:\/\/api.w.org\/{rel}","templated":true}]}}