{"id":1505,"date":"2022-11-06T19:54:51","date_gmt":"2022-11-06T19:54:51","guid":{"rendered":"https:\/\/macite.info\/?p=1505"},"modified":"2022-11-06T22:28:25","modified_gmt":"2022-11-06T22:28:25","slug":"coupe-du-monde-2022-je-ne-vais-pas-au-qatar-la-grande-annonce-de-karime-benzema","status":"publish","type":"post","link":"https:\/\/macite.tg\/?p=1505","title":{"rendered":"COUPE DU MONDE 2022\u00a0: \u00ab\u00a0Je ne vais pas au Qatar\u2026\u00bb, la grande annonce de Karime Benzema"},"content":{"rendered":"\n<p class=\"wp-block-paragraph\"><\/p>\n\n\n\n<p class=\"wp-block-paragraph\"><strong>A deux semaines de la Coupe du monde 2022, qu\u2019il va disputer avec l\u2019\u00e9quipe de France, Karim Benzema a tenu \u00e0 adresser un message aux supporters et aux observateurs.<\/strong><\/p>\n\n\n\n<p class=\"wp-block-paragraph\">J-15 avant la Coupe du monde 2022. Et \u00e0 deux semaines de l\u2019\u00e9v\u00e8nement, Karim Benzema a d\u00e9j\u00e0 des fourmis dans les jambes. L\u2019attaquant du Real Madrid, qui sauf \u00e9norme surprise participera \u00e0 cette comp\u00e9tition pour la deuxi\u00e8me fois de sa carri\u00e8re apr\u00e8s 2014, sait qu\u2019il sera attendu au tournant, du fait de son statut de nouveau Ballon d\u2019Or. Mais le buteur vedette de l\u2019\u00e9quipe de France refuse de se mettre une pression suppl\u00e9mentaire sur les \u00e9paules.<\/p>\n\n\n\n<p class=\"wp-block-paragraph\">Ce vendredi, lors d\u2019un entretien avec le Youtubeur Zack, l\u2019attaquant du Real Madrid a soulign\u00e9 \u00e0 quel point cette \u00e9preuve est importante \u00e0 ses yeux.<em> \u00abJouer un Mondial c\u2019est exceptionnel. Tout le monde r\u00eave de le faire. Mais je ne joue pas tout seul. Il ne faut pas dire est ce qu\u2019il va la gagner ? Je ne vais pas au Qatar tout seul\u00bb.<\/em><\/p>\n\n\n\n<figure class=\"wp-block-image size-large\"><img loading=\"lazy\" decoding=\"async\" width=\"1024\" height=\"426\" src=\"https:\/\/macite.tg\/wp-content\/uploads\/2022\/10\/ANNONCES-1-2-1024x426.jpg\" alt=\"\" class=\"wp-image-1264\" srcset=\"https:\/\/macite.tg\/wp-content\/uploads\/2022\/10\/ANNONCES-1-2-1024x426.jpg 1024w, https:\/\/macite.tg\/wp-content\/uploads\/2022\/10\/ANNONCES-1-2-300x125.jpg 300w, https:\/\/macite.tg\/wp-content\/uploads\/2022\/10\/ANNONCES-1-2-768x319.jpg 768w, https:\/\/macite.tg\/wp-content\/uploads\/2022\/10\/ANNONCES-1-2.jpg 1080w\" sizes=\"auto, (max-width: 1024px) 100vw, 1024px\" \/><\/figure>\n\n\n\n<p class=\"wp-block-paragraph\">Le tournoi d\u00e9marre dans un peu plus de deux semaines et KB9 a avou\u00e9 qu\u2019il avait d\u00e9j\u00e0 des fourmis dans les jambes : <em>\u00abJ\u2019ai envie de briller, et faire de choses exceptionnelles. J\u2019ai envie de commencer \u00e0 jouer\u00bb.<\/em><\/p>\n\n\n\n<p class=\"wp-block-paragraph\">Questionn\u00e9 sur la pression qu\u2019il peut ressentir sachant qu\u2019il s\u2019agit du seul troph\u00e9e qui manque \u00e0 son palmar\u00e8s, l\u2019ancien Lyonnais a d\u00e9clar\u00e9 : <em>\u00abJe l\u2019aborde tranquillement. Avec de l\u2019ambition, toujours, mais pas de pr\u00e9cipitation. Je ne me dis pas dans ma t\u00eate qu\u2019il faut que je la gagne. Je vais essayer de faire ce que je peux, marquer, faire des passes et emmener la s\u00e9lection le plus loin possible. C\u2019est un collectif\u00bb.<\/em><\/p>\n\n\n\n<p class=\"wp-block-paragraph\">Tout en faisant part de son impatience, Benzema a reconnu que ce Mondial n\u2019arrive pas \u00e0 un tr\u00e8s bon moment pour les Bleus. \u00ab<em>C\u2019est compliqu\u00e9, car il y a beaucoup de bless\u00e9s\u00bb,<\/em> a-t-il reconnu.<\/p>\n\n\n\n<p class=\"wp-block-paragraph\"><strong><u>Source<\/u><\/strong><strong>&nbsp;: @Onvoitout<\/strong><\/p>\n\n\n\n<p class=\"wp-block-paragraph\"><strong><em>@macite.info<\/em><\/strong><\/p>\n\n\n\n<p class=\"wp-block-paragraph\"><strong><em>E-mail&nbsp;: <\/em><\/strong><a href=\"mailto:maciteinfo@gmail.com\"><strong><em>maciteinfo@gmail.com<\/em><\/strong><\/a><strong><em>; <\/em><\/strong><a href=\"mailto:bawela1@gmail.com\"><strong><em>bawela1@gmail.com<\/em><\/strong><\/a><\/p>\n\n\n\n<p class=\"wp-block-paragraph\"><strong><em>Pour vos annonces, (publi)reportages, etc., joignez nous au (00228) 91515309\/<strong>79872224<\/strong><\/em><\/strong><em><\/em><\/p>\n\n\n\n<p class=\"wp-block-paragraph\"><a href=\"http:\/\/www.macite.info\"><strong><em>www.macite.info<\/em><\/strong><\/a><strong><em>, L\u2019information, la bonne&nbsp;!<\/em><\/strong><\/p>\n","protected":false},"excerpt":{"rendered":"<p class=\"text-justify mb-2\" >A deux semaines de la Coupe du monde 2022, qu\u2019il va disputer avec l\u2019\u00e9quipe de France, Karim Benzema a tenu \u00e0 adresser un message aux supporters et aux observateurs. J-15 avant la Coupe du monde 2022. Et \u00e0 deux semaines de l\u2019\u00e9v\u00e8nement, Karim Benzema a [&hellip;]<\/p>\n","protected":false},"author":2,"featured_media":1508,"comment_status":"open","ping_status":"open","sticky":false,"template":"","format":"standard","meta":{"footnotes":""},"categories":[7],"tags":[],"class_list":["post-1505","post","type-post","status-publish","format-standard","has-post-thumbnail","hentry","category-sports"],"yoast_head":"<!-- This site is optimized with the Yoast SEO plugin v28.4 - https:\/\/yoast.com\/product\/yoast-seo-wordpress\/ -->\n<title>COUPE DU MONDE 2022\u00a0: \u00ab\u00a0Je ne vais pas au Qatar\u2026\u00bb, la grande annonce de Karime Benzema -<\/title>\n<meta name=\"robots\" content=\"index, follow, max-snippet:-1, max-image-preview:large, max-video-preview:-1\" \/>\n<link rel=\"canonical\" href=\"https:\/\/macite.tg\/?p=1505\" \/>\n<meta property=\"og:locale\" content=\"fr_FR\" \/>\n<meta property=\"og:type\" content=\"article\" \/>\n<meta property=\"og:title\" content=\"COUPE DU MONDE 2022\u00a0: \u00ab\u00a0Je ne vais pas au Qatar\u2026\u00bb, la grande annonce de Karime Benzema -\" \/>\n<meta property=\"og:description\" content=\"A deux semaines de la Coupe du monde 2022, qu\u2019il va disputer avec l\u2019\u00e9quipe de France, Karim Benzema a tenu \u00e0 adresser un message aux supporters et aux observateurs. J-15 avant la Coupe du monde 2022. Et \u00e0 deux semaines de l\u2019\u00e9v\u00e8nement, Karim Benzema a [&hellip;]\" \/>\n<meta property=\"og:url\" content=\"https:\/\/macite.tg\/?p=1505\" \/>\n<meta property=\"article:published_time\" content=\"2022-11-06T19:54:51+00:00\" \/>\n<meta property=\"article:modified_time\" content=\"2022-11-06T22:28:25+00:00\" \/>\n<meta property=\"og:image\" content=\"https:\/\/macite.tg\/wp-content\/uploads\/2022\/11\/image-1.png\" \/>\n\t<meta property=\"og:image:width\" content=\"302\" \/>\n\t<meta property=\"og:image:height\" content=\"167\" \/>\n\t<meta property=\"og:image:type\" content=\"image\/png\" \/>\n<meta name=\"author\" content=\"Jean Pierre BAWELA\" \/>\n<meta name=\"twitter:card\" content=\"summary_large_image\" \/>\n<meta name=\"twitter:label1\" content=\"\u00c9crit par\" \/>\n\t<meta name=\"twitter:data1\" content=\"Jean Pierre BAWELA\" \/>\n\t<meta name=\"twitter:label2\" content=\"Dur\u00e9e de lecture estim\u00e9e\" \/>\n\t<meta name=\"twitter:data2\" content=\"2 minutes\" \/>\n<script type=\"application\/ld+json\" class=\"yoast-schema-graph\">{\"@context\":\"https:\\\/\\\/schema.org\",\"@graph\":[{\"@type\":\"Article\",\"@id\":\"https:\\\/\\\/macite.tg\\\/?p=1505#article\",\"isPartOf\":{\"@id\":\"https:\\\/\\\/macite.tg\\\/?p=1505\"},\"author\":{\"name\":\"Jean Pierre BAWELA\",\"@id\":\"https:\\\/\\\/macite.tg\\\/#\\\/schema\\\/person\\\/e9f2de7e5dbbe7770a9402c7ce82f5c2\"},\"headline\":\"COUPE DU MONDE 2022\u00a0: \u00ab\u00a0Je ne vais pas au Qatar\u2026\u00bb, la grande annonce de Karime Benzema\",\"datePublished\":\"2022-11-06T19:54:51+00:00\",\"dateModified\":\"2022-11-06T22:28:25+00:00\",\"mainEntityOfPage\":{\"@id\":\"https:\\\/\\\/macite.tg\\\/?p=1505\"},\"wordCount\":386,\"commentCount\":0,\"image\":{\"@id\":\"https:\\\/\\\/macite.tg\\\/?p=1505#primaryimage\"},\"thumbnailUrl\":\"https:\\\/\\\/macite.tg\\\/wp-content\\\/uploads\\\/2022\\\/11\\\/image-1.png\",\"articleSection\":[\"SPORTS\"],\"inLanguage\":\"fr-FR\",\"potentialAction\":[{\"@type\":\"CommentAction\",\"name\":\"Comment\",\"target\":[\"https:\\\/\\\/macite.tg\\\/?p=1505#respond\"]}]},{\"@type\":\"WebPage\",\"@id\":\"https:\\\/\\\/macite.tg\\\/?p=1505\",\"url\":\"https:\\\/\\\/macite.tg\\\/?p=1505\",\"name\":\"COUPE DU MONDE 2022\u00a0: \u00ab\u00a0Je ne vais pas au Qatar\u2026\u00bb, la grande annonce de Karime Benzema -\",\"isPartOf\":{\"@id\":\"https:\\\/\\\/macite.tg\\\/#website\"},\"primaryImageOfPage\":{\"@id\":\"https:\\\/\\\/macite.tg\\\/?p=1505#primaryimage\"},\"image\":{\"@id\":\"https:\\\/\\\/macite.tg\\\/?p=1505#primaryimage\"},\"thumbnailUrl\":\"https:\\\/\\\/macite.tg\\\/wp-content\\\/uploads\\\/2022\\\/11\\\/image-1.png\",\"datePublished\":\"2022-11-06T19:54:51+00:00\",\"dateModified\":\"2022-11-06T22:28:25+00:00\",\"author\":{\"@id\":\"https:\\\/\\\/macite.tg\\\/#\\\/schema\\\/person\\\/e9f2de7e5dbbe7770a9402c7ce82f5c2\"},\"breadcrumb\":{\"@id\":\"https:\\\/\\\/macite.tg\\\/?p=1505#breadcrumb\"},\"inLanguage\":\"fr-FR\",\"potentialAction\":[{\"@type\":\"ReadAction\",\"target\":[\"https:\\\/\\\/macite.tg\\\/?p=1505\"]}]},{\"@type\":\"ImageObject\",\"inLanguage\":\"fr-FR\",\"@id\":\"https:\\\/\\\/macite.tg\\\/?p=1505#primaryimage\",\"url\":\"https:\\\/\\\/macite.tg\\\/wp-content\\\/uploads\\\/2022\\\/11\\\/image-1.png\",\"contentUrl\":\"https:\\\/\\\/macite.tg\\\/wp-content\\\/uploads\\\/2022\\\/11\\\/image-1.png\",\"width\":302,\"height\":167},{\"@type\":\"BreadcrumbList\",\"@id\":\"https:\\\/\\\/macite.tg\\\/?p=1505#breadcrumb\",\"itemListElement\":[{\"@type\":\"ListItem\",\"position\":1,\"name\":\"Accueil\",\"item\":\"https:\\\/\\\/macite.tg\\\/\"},{\"@type\":\"ListItem\",\"position\":2,\"name\":\"COUPE DU MONDE 2022\u00a0: \u00ab\u00a0Je ne vais pas au Qatar\u2026\u00bb, la grande annonce de Karime Benzema\"}]},{\"@type\":\"WebSite\",\"@id\":\"https:\\\/\\\/macite.tg\\\/#website\",\"url\":\"https:\\\/\\\/macite.tg\\\/\",\"name\":\"\",\"description\":\"L&#039;information, la bonne!!!\",\"potentialAction\":[{\"@type\":\"SearchAction\",\"target\":{\"@type\":\"EntryPoint\",\"urlTemplate\":\"https:\\\/\\\/macite.tg\\\/?s={search_term_string}\"},\"query-input\":{\"@type\":\"PropertyValueSpecification\",\"valueRequired\":true,\"valueName\":\"search_term_string\"}}],\"inLanguage\":\"fr-FR\"},{\"@type\":\"Person\",\"@id\":\"https:\\\/\\\/macite.tg\\\/#\\\/schema\\\/person\\\/e9f2de7e5dbbe7770a9402c7ce82f5c2\",\"name\":\"Jean Pierre BAWELA\",\"image\":{\"@type\":\"ImageObject\",\"inLanguage\":\"fr-FR\",\"@id\":\"https:\\\/\\\/macite.tg\\\/wp-content\\\/uploads\\\/2023\\\/09\\\/WhatsApp-Image-2023-09-19-at-14.44.41-122x122.jpeg\",\"url\":\"https:\\\/\\\/macite.tg\\\/wp-content\\\/uploads\\\/2023\\\/09\\\/WhatsApp-Image-2023-09-19-at-14.44.41-122x122.jpeg\",\"contentUrl\":\"https:\\\/\\\/macite.tg\\\/wp-content\\\/uploads\\\/2023\\\/09\\\/WhatsApp-Image-2023-09-19-at-14.44.41-122x122.jpeg\",\"caption\":\"Jean Pierre BAWELA\"},\"url\":\"https:\\\/\\\/macite.tg\\\/?author=2\"}]}<\/script>\n<!-- \/ Yoast SEO plugin. -->","yoast_head_json":{"title":"COUPE DU MONDE 2022\u00a0: \u00ab\u00a0Je ne vais pas au Qatar\u2026\u00bb, la grande annonce de Karime Benzema -","robots":{"index":"index","follow":"follow","max-snippet":"max-snippet:-1","max-image-preview":"max-image-preview:large","max-video-preview":"max-video-preview:-1"},"canonical":"https:\/\/macite.tg\/?p=1505","og_locale":"fr_FR","og_type":"article","og_title":"COUPE DU MONDE 2022\u00a0: \u00ab\u00a0Je ne vais pas au Qatar\u2026\u00bb, la grande annonce de Karime Benzema -","og_description":"A deux semaines de la Coupe du monde 2022, qu\u2019il va disputer avec l\u2019\u00e9quipe de France, Karim Benzema a tenu \u00e0 adresser un message aux supporters et aux observateurs. J-15 avant la Coupe du monde 2022. Et \u00e0 deux semaines de l\u2019\u00e9v\u00e8nement, Karim Benzema a [&hellip;]","og_url":"https:\/\/macite.tg\/?p=1505","article_published_time":"2022-11-06T19:54:51+00:00","article_modified_time":"2022-11-06T22:28:25+00:00","og_image":[{"width":302,"height":167,"url":"https:\/\/macite.tg\/wp-content\/uploads\/2022\/11\/image-1.png","type":"image\/png"}],"author":"Jean Pierre BAWELA","twitter_card":"summary_large_image","twitter_misc":{"\u00c9crit par":"Jean Pierre BAWELA","Dur\u00e9e de lecture estim\u00e9e":"2 minutes"},"schema":{"@context":"https:\/\/schema.org","@graph":[{"@type":"Article","@id":"https:\/\/macite.tg\/?p=1505#article","isPartOf":{"@id":"https:\/\/macite.tg\/?p=1505"},"author":{"name":"Jean Pierre BAWELA","@id":"https:\/\/macite.tg\/#\/schema\/person\/e9f2de7e5dbbe7770a9402c7ce82f5c2"},"headline":"COUPE DU MONDE 2022\u00a0: \u00ab\u00a0Je ne vais pas au Qatar\u2026\u00bb, la grande annonce de Karime Benzema","datePublished":"2022-11-06T19:54:51+00:00","dateModified":"2022-11-06T22:28:25+00:00","mainEntityOfPage":{"@id":"https:\/\/macite.tg\/?p=1505"},"wordCount":386,"commentCount":0,"image":{"@id":"https:\/\/macite.tg\/?p=1505#primaryimage"},"thumbnailUrl":"https:\/\/macite.tg\/wp-content\/uploads\/2022\/11\/image-1.png","articleSection":["SPORTS"],"inLanguage":"fr-FR","potentialAction":[{"@type":"CommentAction","name":"Comment","target":["https:\/\/macite.tg\/?p=1505#respond"]}]},{"@type":"WebPage","@id":"https:\/\/macite.tg\/?p=1505","url":"https:\/\/macite.tg\/?p=1505","name":"COUPE DU MONDE 2022\u00a0: \u00ab\u00a0Je ne vais pas au Qatar\u2026\u00bb, la grande annonce de Karime Benzema -","isPartOf":{"@id":"https:\/\/macite.tg\/#website"},"primaryImageOfPage":{"@id":"https:\/\/macite.tg\/?p=1505#primaryimage"},"image":{"@id":"https:\/\/macite.tg\/?p=1505#primaryimage"},"thumbnailUrl":"https:\/\/macite.tg\/wp-content\/uploads\/2022\/11\/image-1.png","datePublished":"2022-11-06T19:54:51+00:00","dateModified":"2022-11-06T22:28:25+00:00","author":{"@id":"https:\/\/macite.tg\/#\/schema\/person\/e9f2de7e5dbbe7770a9402c7ce82f5c2"},"breadcrumb":{"@id":"https:\/\/macite.tg\/?p=1505#breadcrumb"},"inLanguage":"fr-FR","potentialAction":[{"@type":"ReadAction","target":["https:\/\/macite.tg\/?p=1505"]}]},{"@type":"ImageObject","inLanguage":"fr-FR","@id":"https:\/\/macite.tg\/?p=1505#primaryimage","url":"https:\/\/macite.tg\/wp-content\/uploads\/2022\/11\/image-1.png","contentUrl":"https:\/\/macite.tg\/wp-content\/uploads\/2022\/11\/image-1.png","width":302,"height":167},{"@type":"BreadcrumbList","@id":"https:\/\/macite.tg\/?p=1505#breadcrumb","itemListElement":[{"@type":"ListItem","position":1,"name":"Accueil","item":"https:\/\/macite.tg\/"},{"@type":"ListItem","position":2,"name":"COUPE DU MONDE 2022\u00a0: \u00ab\u00a0Je ne vais pas au Qatar\u2026\u00bb, la grande annonce de Karime Benzema"}]},{"@type":"WebSite","@id":"https:\/\/macite.tg\/#website","url":"https:\/\/macite.tg\/","name":"","description":"L&#039;information, la bonne!!!","potentialAction":[{"@type":"SearchAction","target":{"@type":"EntryPoint","urlTemplate":"https:\/\/macite.tg\/?s={search_term_string}"},"query-input":{"@type":"PropertyValueSpecification","valueRequired":true,"valueName":"search_term_string"}}],"inLanguage":"fr-FR"},{"@type":"Person","@id":"https:\/\/macite.tg\/#\/schema\/person\/e9f2de7e5dbbe7770a9402c7ce82f5c2","name":"Jean Pierre BAWELA","image":{"@type":"ImageObject","inLanguage":"fr-FR","@id":"https:\/\/macite.tg\/wp-content\/uploads\/2023\/09\/WhatsApp-Image-2023-09-19-at-14.44.41-122x122.jpeg","url":"https:\/\/macite.tg\/wp-content\/uploads\/2023\/09\/WhatsApp-Image-2023-09-19-at-14.44.41-122x122.jpeg","contentUrl":"https:\/\/macite.tg\/wp-content\/uploads\/2023\/09\/WhatsApp-Image-2023-09-19-at-14.44.41-122x122.jpeg","caption":"Jean Pierre BAWELA"},"url":"https:\/\/macite.tg\/?author=2"}]}},"_links":{"self":[{"href":"https:\/\/macite.tg\/index.php?rest_route=\/wp\/v2\/posts\/1505","targetHints":{"allow":["GET"]}}],"collection":[{"href":"https:\/\/macite.tg\/index.php?rest_route=\/wp\/v2\/posts"}],"about":[{"href":"https:\/\/macite.tg\/index.php?rest_route=\/wp\/v2\/types\/post"}],"author":[{"embeddable":true,"href":"https:\/\/macite.tg\/index.php?rest_route=\/wp\/v2\/users\/2"}],"replies":[{"embeddable":true,"href":"https:\/\/macite.tg\/index.php?rest_route=%2Fwp%2Fv2%2Fcomments&post=1505"}],"version-history":[{"count":0,"href":"https:\/\/macite.tg\/index.php?rest_route=\/wp\/v2\/posts\/1505\/revisions"}],"wp:featuredmedia":[{"embeddable":true,"href":"https:\/\/macite.tg\/index.php?rest_route=\/wp\/v2\/media\/1508"}],"wp:attachment":[{"href":"https:\/\/macite.tg\/index.php?rest_route=%2Fwp%2Fv2%2Fmedia&parent=1505"}],"wp:term":[{"taxonomy":"category","embeddable":true,"href":"https:\/\/macite.tg\/index.php?rest_route=%2Fwp%2Fv2%2Fcategories&post=1505"},{"taxonomy":"post_tag","embeddable":true,"href":"https:\/\/macite.tg\/index.php?rest_route=%2Fwp%2Fv2%2Ftags&post=1505"}],"curies":[{"name":"wp","href":"https:\/\/api.w.org\/{rel}","templated":true}]}}