{"id":14869,"date":"2024-05-31T19:46:38","date_gmt":"2024-05-31T19:46:38","guid":{"rendered":"https:\/\/macite.tg\/?p=14869"},"modified":"2024-05-31T19:46:40","modified_gmt":"2024-05-31T19:46:40","slug":"transfert-inedit-sadio-mane-de-retour-en-europe-des-lete-2024","status":"publish","type":"post","link":"https:\/\/macite.tg\/?p=14869","title":{"rendered":"TRANSFERT : In\u00e9dit, Sadio Man\u00e9 de retour en Europe d\u00e8s l\u2019\u00e9t\u00e9 2024\u2026"},"content":{"rendered":"\n<p class=\"wp-block-paragraph\"><strong><em>L\u2019attaquant international s\u00e9n\u00e9galais, Sadio Man\u00e9, pourrait quitter son club actuel, Al-Nassr, dans la ligue Saoudi-Pro, \u00e0 l\u2019issue de la saison actuelle. En d\u00e9pit de ses belles performances, le natif de Bambaly ne serait pas contre un retour en Europe.<\/em><\/strong><\/p>\n\n\n\n<p class=\"wp-block-paragraph\">L\u2019ancienne star de Liverpool devrait avoir un bon de sortie pour quitter Al-Nassr lors du prochain mercato estival surtout que les convoitises ne manquent pas en Arabie-Saoudite et en Europe.<\/p>\n\n\n<div class=\"wp-block-image\">\n<figure class=\"aligncenter size-full\"><img loading=\"lazy\" decoding=\"async\" width=\"526\" height=\"526\" src=\"https:\/\/macite.tg\/wp-content\/uploads\/2024\/05\/444226499_122148587582176702_937254752976944278_n.jpg\" alt=\"\" class=\"wp-image-14821\" srcset=\"https:\/\/macite.tg\/wp-content\/uploads\/2024\/05\/444226499_122148587582176702_937254752976944278_n.jpg 526w, https:\/\/macite.tg\/wp-content\/uploads\/2024\/05\/444226499_122148587582176702_937254752976944278_n-300x300.jpg 300w, https:\/\/macite.tg\/wp-content\/uploads\/2024\/05\/444226499_122148587582176702_937254752976944278_n-150x150.jpg 150w, https:\/\/macite.tg\/wp-content\/uploads\/2024\/05\/444226499_122148587582176702_937254752976944278_n-122x122.jpg 122w\" sizes=\"auto, (max-width: 526px) 100vw, 526px\" \/><\/figure>\n<\/div>\n\n\n<p class=\"wp-block-paragraph\">Selon le site <em>\u00abtransfermarket \u00bb, Sadio Man\u00e9<\/em>\u00a0est tr\u00e8s appr\u00e9ci\u00e9 du c\u00f4t\u00e9 de Girona, qui a \u00e9t\u00e9 l\u2019une des grandes attractions de la derni\u00e8re \u00e9dition de la Liga.<\/p>\n\n\n\n<p class=\"wp-block-paragraph\">Auteur d\u2019une saison pleine, le club catalan s\u2019est class\u00e9 3e dans la comp\u00e9tition-phare en Espagne derri\u00e8re le Real Madrid et le FC Barcelone.<\/p>\n\n\n\n<p class=\"wp-block-paragraph\">Qualifi\u00e9 pour la Ligue des champions 2024-2025, Girona compte se renforcer lors de la prochaine fen\u00eatre de transfert.<\/p>\n\n\n\n<p class=\"wp-block-paragraph\">Jusque-l\u00e0, l\u2019international s\u00e9n\u00e9galais ne s\u2019est pas prononc\u00e9 quant \u00e0 sa prochaine destination. Ceci dit, certaines sources \u00e9voquent sa volont\u00e9 de retrouver le <em>\u00ab vieux continent \u00bb<\/em> \u00e0 partir de la prochaine saison.<\/p>\n\n\n<div class=\"wp-block-image\">\n<figure class=\"aligncenter size-full is-resized\"><img loading=\"lazy\" decoding=\"async\" src=\"https:\/\/macite.tg\/wp-content\/uploads\/2024\/05\/3bd2fcdc-30bc-493a-bd3f-0a3a1b711e46.jpg\" alt=\"\" class=\"wp-image-14862\" width=\"598\" height=\"849\" srcset=\"https:\/\/macite.tg\/wp-content\/uploads\/2024\/05\/3bd2fcdc-30bc-493a-bd3f-0a3a1b711e46.jpg 720w, https:\/\/macite.tg\/wp-content\/uploads\/2024\/05\/3bd2fcdc-30bc-493a-bd3f-0a3a1b711e46-211x300.jpg 211w\" sizes=\"auto, (max-width: 598px) 100vw, 598px\" \/><\/figure>\n<\/div>\n\n\n<p class=\"wp-block-paragraph\">Lors de la saison actuelle, Sadio Man\u00e9 a marqu\u00e9 19 buts tout en d\u00e9livrant 11 passes d\u00e9cisives en 45 matchs disput\u00e9s.<\/p>\n\n\n\n<p class=\"wp-block-paragraph\"><strong>SeneNews<\/strong><\/p>\n\n\n\n<p class=\"wp-block-paragraph\"><a><strong><em>@macite.tg&nbsp;&nbsp;&nbsp;&nbsp;&nbsp;&nbsp;&nbsp;&nbsp;<\/em><\/strong><\/a><\/p>\n\n\n\n<p class=\"wp-block-paragraph\"><strong><em>E-mail&nbsp;: <\/em><\/strong><a href=\"mailto:maciteinfo@gmail.com\"><strong><em>maciteinfo@gmail.com<\/em><\/strong><\/a><strong><em>; <\/em><\/strong><a href=\"mailto:bawela1@gmail.com\"><strong><em>bawela1@gmail.com<\/em><\/strong><\/a><strong><em><\/em><\/strong><\/p>\n\n\n\n<p class=\"wp-block-paragraph\"><strong><em>Pour vos annonces, (publi)reportages, etc., joignez-nous au (00228)91515309\/<strong>79872224 <\/strong>www.macite.tg, L\u2019information, la bonne&nbsp;!<\/em><\/strong><\/p>\n","protected":false},"excerpt":{"rendered":"<p class=\"text-justify mb-2\" >L\u2019attaquant international s\u00e9n\u00e9galais, Sadio Man\u00e9, pourrait quitter son club actuel, Al-Nassr, dans la ligue Saoudi-Pro, \u00e0 l\u2019issue de la saison actuelle. En d\u00e9pit de ses belles performances, le natif de Bambaly ne serait pas contre un retour en Europe. L\u2019ancienne star de Liverpool devrait avoir [&hellip;]<\/p>\n","protected":false},"author":2,"featured_media":14870,"comment_status":"open","ping_status":"open","sticky":false,"template":"","format":"standard","meta":{"footnotes":""},"categories":[20,7],"tags":[],"class_list":["post-14869","post","type-post","status-publish","format-standard","has-post-thumbnail","hentry","category-actualite","category-sports"],"yoast_head":"<!-- This site is optimized with the Yoast SEO plugin v28.4 - https:\/\/yoast.com\/product\/yoast-seo-wordpress\/ -->\n<title>TRANSFERT : In\u00e9dit, Sadio Man\u00e9 de retour en Europe d\u00e8s l\u2019\u00e9t\u00e9 2024\u2026 -<\/title>\n<meta name=\"robots\" content=\"index, follow, max-snippet:-1, max-image-preview:large, max-video-preview:-1\" \/>\n<link rel=\"canonical\" href=\"https:\/\/macite.tg\/?p=14869\" \/>\n<meta property=\"og:locale\" content=\"fr_FR\" \/>\n<meta property=\"og:type\" content=\"article\" \/>\n<meta property=\"og:title\" content=\"TRANSFERT : In\u00e9dit, Sadio Man\u00e9 de retour en Europe d\u00e8s l\u2019\u00e9t\u00e9 2024\u2026 -\" \/>\n<meta property=\"og:description\" content=\"L\u2019attaquant international s\u00e9n\u00e9galais, Sadio Man\u00e9, pourrait quitter son club actuel, Al-Nassr, dans la ligue Saoudi-Pro, \u00e0 l\u2019issue de la saison actuelle. En d\u00e9pit de ses belles performances, le natif de Bambaly ne serait pas contre un retour en Europe. L\u2019ancienne star de Liverpool devrait avoir [&hellip;]\" \/>\n<meta property=\"og:url\" content=\"https:\/\/macite.tg\/?p=14869\" \/>\n<meta property=\"article:published_time\" content=\"2024-05-31T19:46:38+00:00\" \/>\n<meta property=\"article:modified_time\" content=\"2024-05-31T19:46:40+00:00\" \/>\n<meta property=\"og:image\" content=\"https:\/\/macite.tg\/wp-content\/uploads\/2024\/05\/Mane.jpg\" \/>\n\t<meta property=\"og:image:width\" content=\"500\" \/>\n\t<meta property=\"og:image:height\" content=\"229\" \/>\n\t<meta property=\"og:image:type\" content=\"image\/jpeg\" \/>\n<meta name=\"author\" content=\"Jean Pierre BAWELA\" \/>\n<meta name=\"twitter:card\" content=\"summary_large_image\" \/>\n<meta name=\"twitter:label1\" content=\"\u00c9crit par\" \/>\n\t<meta name=\"twitter:data1\" content=\"Jean Pierre BAWELA\" \/>\n\t<meta name=\"twitter:label2\" content=\"Dur\u00e9e de lecture estim\u00e9e\" \/>\n\t<meta name=\"twitter:data2\" content=\"1 minute\" \/>\n<script type=\"application\/ld+json\" class=\"yoast-schema-graph\">{\"@context\":\"https:\\\/\\\/schema.org\",\"@graph\":[{\"@type\":\"Article\",\"@id\":\"https:\\\/\\\/macite.tg\\\/?p=14869#article\",\"isPartOf\":{\"@id\":\"https:\\\/\\\/macite.tg\\\/?p=14869\"},\"author\":{\"name\":\"Jean Pierre BAWELA\",\"@id\":\"https:\\\/\\\/macite.tg\\\/#\\\/schema\\\/person\\\/e9f2de7e5dbbe7770a9402c7ce82f5c2\"},\"headline\":\"TRANSFERT : In\u00e9dit, Sadio Man\u00e9 de retour en Europe d\u00e8s l\u2019\u00e9t\u00e9 2024\u2026\",\"datePublished\":\"2024-05-31T19:46:38+00:00\",\"dateModified\":\"2024-05-31T19:46:40+00:00\",\"mainEntityOfPage\":{\"@id\":\"https:\\\/\\\/macite.tg\\\/?p=14869\"},\"wordCount\":253,\"commentCount\":0,\"image\":{\"@id\":\"https:\\\/\\\/macite.tg\\\/?p=14869#primaryimage\"},\"thumbnailUrl\":\"https:\\\/\\\/macite.tg\\\/wp-content\\\/uploads\\\/2024\\\/05\\\/Mane.jpg\",\"articleSection\":[\"ACTUALITE\",\"SPORTS\"],\"inLanguage\":\"fr-FR\",\"potentialAction\":[{\"@type\":\"CommentAction\",\"name\":\"Comment\",\"target\":[\"https:\\\/\\\/macite.tg\\\/?p=14869#respond\"]}]},{\"@type\":\"WebPage\",\"@id\":\"https:\\\/\\\/macite.tg\\\/?p=14869\",\"url\":\"https:\\\/\\\/macite.tg\\\/?p=14869\",\"name\":\"TRANSFERT : In\u00e9dit, Sadio Man\u00e9 de retour en Europe d\u00e8s l\u2019\u00e9t\u00e9 2024\u2026 -\",\"isPartOf\":{\"@id\":\"https:\\\/\\\/macite.tg\\\/#website\"},\"primaryImageOfPage\":{\"@id\":\"https:\\\/\\\/macite.tg\\\/?p=14869#primaryimage\"},\"image\":{\"@id\":\"https:\\\/\\\/macite.tg\\\/?p=14869#primaryimage\"},\"thumbnailUrl\":\"https:\\\/\\\/macite.tg\\\/wp-content\\\/uploads\\\/2024\\\/05\\\/Mane.jpg\",\"datePublished\":\"2024-05-31T19:46:38+00:00\",\"dateModified\":\"2024-05-31T19:46:40+00:00\",\"author\":{\"@id\":\"https:\\\/\\\/macite.tg\\\/#\\\/schema\\\/person\\\/e9f2de7e5dbbe7770a9402c7ce82f5c2\"},\"breadcrumb\":{\"@id\":\"https:\\\/\\\/macite.tg\\\/?p=14869#breadcrumb\"},\"inLanguage\":\"fr-FR\",\"potentialAction\":[{\"@type\":\"ReadAction\",\"target\":[\"https:\\\/\\\/macite.tg\\\/?p=14869\"]}]},{\"@type\":\"ImageObject\",\"inLanguage\":\"fr-FR\",\"@id\":\"https:\\\/\\\/macite.tg\\\/?p=14869#primaryimage\",\"url\":\"https:\\\/\\\/macite.tg\\\/wp-content\\\/uploads\\\/2024\\\/05\\\/Mane.jpg\",\"contentUrl\":\"https:\\\/\\\/macite.tg\\\/wp-content\\\/uploads\\\/2024\\\/05\\\/Mane.jpg\",\"width\":500,\"height\":229,\"caption\":\"Sadio Man\u00e9 \u00e0 l'a\u00e9roport...\"},{\"@type\":\"BreadcrumbList\",\"@id\":\"https:\\\/\\\/macite.tg\\\/?p=14869#breadcrumb\",\"itemListElement\":[{\"@type\":\"ListItem\",\"position\":1,\"name\":\"Accueil\",\"item\":\"https:\\\/\\\/macite.tg\\\/\"},{\"@type\":\"ListItem\",\"position\":2,\"name\":\"TRANSFERT : In\u00e9dit, Sadio Man\u00e9 de retour en Europe d\u00e8s l\u2019\u00e9t\u00e9 2024\u2026\"}]},{\"@type\":\"WebSite\",\"@id\":\"https:\\\/\\\/macite.tg\\\/#website\",\"url\":\"https:\\\/\\\/macite.tg\\\/\",\"name\":\"\",\"description\":\"L&#039;information, la bonne!!!\",\"potentialAction\":[{\"@type\":\"SearchAction\",\"target\":{\"@type\":\"EntryPoint\",\"urlTemplate\":\"https:\\\/\\\/macite.tg\\\/?s={search_term_string}\"},\"query-input\":{\"@type\":\"PropertyValueSpecification\",\"valueRequired\":true,\"valueName\":\"search_term_string\"}}],\"inLanguage\":\"fr-FR\"},{\"@type\":\"Person\",\"@id\":\"https:\\\/\\\/macite.tg\\\/#\\\/schema\\\/person\\\/e9f2de7e5dbbe7770a9402c7ce82f5c2\",\"name\":\"Jean Pierre BAWELA\",\"image\":{\"@type\":\"ImageObject\",\"inLanguage\":\"fr-FR\",\"@id\":\"https:\\\/\\\/macite.tg\\\/wp-content\\\/uploads\\\/2023\\\/09\\\/WhatsApp-Image-2023-09-19-at-14.44.41-122x122.jpeg\",\"url\":\"https:\\\/\\\/macite.tg\\\/wp-content\\\/uploads\\\/2023\\\/09\\\/WhatsApp-Image-2023-09-19-at-14.44.41-122x122.jpeg\",\"contentUrl\":\"https:\\\/\\\/macite.tg\\\/wp-content\\\/uploads\\\/2023\\\/09\\\/WhatsApp-Image-2023-09-19-at-14.44.41-122x122.jpeg\",\"caption\":\"Jean Pierre BAWELA\"},\"url\":\"https:\\\/\\\/macite.tg\\\/?author=2\"}]}<\/script>\n<!-- \/ Yoast SEO plugin. -->","yoast_head_json":{"title":"TRANSFERT : In\u00e9dit, Sadio Man\u00e9 de retour en Europe d\u00e8s l\u2019\u00e9t\u00e9 2024\u2026 -","robots":{"index":"index","follow":"follow","max-snippet":"max-snippet:-1","max-image-preview":"max-image-preview:large","max-video-preview":"max-video-preview:-1"},"canonical":"https:\/\/macite.tg\/?p=14869","og_locale":"fr_FR","og_type":"article","og_title":"TRANSFERT : In\u00e9dit, Sadio Man\u00e9 de retour en Europe d\u00e8s l\u2019\u00e9t\u00e9 2024\u2026 -","og_description":"L\u2019attaquant international s\u00e9n\u00e9galais, Sadio Man\u00e9, pourrait quitter son club actuel, Al-Nassr, dans la ligue Saoudi-Pro, \u00e0 l\u2019issue de la saison actuelle. En d\u00e9pit de ses belles performances, le natif de Bambaly ne serait pas contre un retour en Europe. L\u2019ancienne star de Liverpool devrait avoir [&hellip;]","og_url":"https:\/\/macite.tg\/?p=14869","article_published_time":"2024-05-31T19:46:38+00:00","article_modified_time":"2024-05-31T19:46:40+00:00","og_image":[{"width":500,"height":229,"url":"https:\/\/macite.tg\/wp-content\/uploads\/2024\/05\/Mane.jpg","type":"image\/jpeg"}],"author":"Jean Pierre BAWELA","twitter_card":"summary_large_image","twitter_misc":{"\u00c9crit par":"Jean Pierre BAWELA","Dur\u00e9e de lecture estim\u00e9e":"1 minute"},"schema":{"@context":"https:\/\/schema.org","@graph":[{"@type":"Article","@id":"https:\/\/macite.tg\/?p=14869#article","isPartOf":{"@id":"https:\/\/macite.tg\/?p=14869"},"author":{"name":"Jean Pierre BAWELA","@id":"https:\/\/macite.tg\/#\/schema\/person\/e9f2de7e5dbbe7770a9402c7ce82f5c2"},"headline":"TRANSFERT : In\u00e9dit, Sadio Man\u00e9 de retour en Europe d\u00e8s l\u2019\u00e9t\u00e9 2024\u2026","datePublished":"2024-05-31T19:46:38+00:00","dateModified":"2024-05-31T19:46:40+00:00","mainEntityOfPage":{"@id":"https:\/\/macite.tg\/?p=14869"},"wordCount":253,"commentCount":0,"image":{"@id":"https:\/\/macite.tg\/?p=14869#primaryimage"},"thumbnailUrl":"https:\/\/macite.tg\/wp-content\/uploads\/2024\/05\/Mane.jpg","articleSection":["ACTUALITE","SPORTS"],"inLanguage":"fr-FR","potentialAction":[{"@type":"CommentAction","name":"Comment","target":["https:\/\/macite.tg\/?p=14869#respond"]}]},{"@type":"WebPage","@id":"https:\/\/macite.tg\/?p=14869","url":"https:\/\/macite.tg\/?p=14869","name":"TRANSFERT : In\u00e9dit, Sadio Man\u00e9 de retour en Europe d\u00e8s l\u2019\u00e9t\u00e9 2024\u2026 -","isPartOf":{"@id":"https:\/\/macite.tg\/#website"},"primaryImageOfPage":{"@id":"https:\/\/macite.tg\/?p=14869#primaryimage"},"image":{"@id":"https:\/\/macite.tg\/?p=14869#primaryimage"},"thumbnailUrl":"https:\/\/macite.tg\/wp-content\/uploads\/2024\/05\/Mane.jpg","datePublished":"2024-05-31T19:46:38+00:00","dateModified":"2024-05-31T19:46:40+00:00","author":{"@id":"https:\/\/macite.tg\/#\/schema\/person\/e9f2de7e5dbbe7770a9402c7ce82f5c2"},"breadcrumb":{"@id":"https:\/\/macite.tg\/?p=14869#breadcrumb"},"inLanguage":"fr-FR","potentialAction":[{"@type":"ReadAction","target":["https:\/\/macite.tg\/?p=14869"]}]},{"@type":"ImageObject","inLanguage":"fr-FR","@id":"https:\/\/macite.tg\/?p=14869#primaryimage","url":"https:\/\/macite.tg\/wp-content\/uploads\/2024\/05\/Mane.jpg","contentUrl":"https:\/\/macite.tg\/wp-content\/uploads\/2024\/05\/Mane.jpg","width":500,"height":229,"caption":"Sadio Man\u00e9 \u00e0 l'a\u00e9roport..."},{"@type":"BreadcrumbList","@id":"https:\/\/macite.tg\/?p=14869#breadcrumb","itemListElement":[{"@type":"ListItem","position":1,"name":"Accueil","item":"https:\/\/macite.tg\/"},{"@type":"ListItem","position":2,"name":"TRANSFERT : In\u00e9dit, Sadio Man\u00e9 de retour en Europe d\u00e8s l\u2019\u00e9t\u00e9 2024\u2026"}]},{"@type":"WebSite","@id":"https:\/\/macite.tg\/#website","url":"https:\/\/macite.tg\/","name":"","description":"L&#039;information, la bonne!!!","potentialAction":[{"@type":"SearchAction","target":{"@type":"EntryPoint","urlTemplate":"https:\/\/macite.tg\/?s={search_term_string}"},"query-input":{"@type":"PropertyValueSpecification","valueRequired":true,"valueName":"search_term_string"}}],"inLanguage":"fr-FR"},{"@type":"Person","@id":"https:\/\/macite.tg\/#\/schema\/person\/e9f2de7e5dbbe7770a9402c7ce82f5c2","name":"Jean Pierre BAWELA","image":{"@type":"ImageObject","inLanguage":"fr-FR","@id":"https:\/\/macite.tg\/wp-content\/uploads\/2023\/09\/WhatsApp-Image-2023-09-19-at-14.44.41-122x122.jpeg","url":"https:\/\/macite.tg\/wp-content\/uploads\/2023\/09\/WhatsApp-Image-2023-09-19-at-14.44.41-122x122.jpeg","contentUrl":"https:\/\/macite.tg\/wp-content\/uploads\/2023\/09\/WhatsApp-Image-2023-09-19-at-14.44.41-122x122.jpeg","caption":"Jean Pierre BAWELA"},"url":"https:\/\/macite.tg\/?author=2"}]}},"_links":{"self":[{"href":"https:\/\/macite.tg\/index.php?rest_route=\/wp\/v2\/posts\/14869","targetHints":{"allow":["GET"]}}],"collection":[{"href":"https:\/\/macite.tg\/index.php?rest_route=\/wp\/v2\/posts"}],"about":[{"href":"https:\/\/macite.tg\/index.php?rest_route=\/wp\/v2\/types\/post"}],"author":[{"embeddable":true,"href":"https:\/\/macite.tg\/index.php?rest_route=\/wp\/v2\/users\/2"}],"replies":[{"embeddable":true,"href":"https:\/\/macite.tg\/index.php?rest_route=%2Fwp%2Fv2%2Fcomments&post=14869"}],"version-history":[{"count":0,"href":"https:\/\/macite.tg\/index.php?rest_route=\/wp\/v2\/posts\/14869\/revisions"}],"wp:featuredmedia":[{"embeddable":true,"href":"https:\/\/macite.tg\/index.php?rest_route=\/wp\/v2\/media\/14870"}],"wp:attachment":[{"href":"https:\/\/macite.tg\/index.php?rest_route=%2Fwp%2Fv2%2Fmedia&parent=14869"}],"wp:term":[{"taxonomy":"category","embeddable":true,"href":"https:\/\/macite.tg\/index.php?rest_route=%2Fwp%2Fv2%2Fcategories&post=14869"},{"taxonomy":"post_tag","embeddable":true,"href":"https:\/\/macite.tg\/index.php?rest_route=%2Fwp%2Fv2%2Ftags&post=14869"}],"curies":[{"name":"wp","href":"https:\/\/api.w.org\/{rel}","templated":true}]}}