{"id":14856,"date":"2024-05-31T17:13:30","date_gmt":"2024-05-31T17:13:30","guid":{"rendered":"https:\/\/macite.tg\/?p=14856"},"modified":"2024-05-31T17:13:32","modified_gmt":"2024-05-31T17:13:32","slug":"paludisme-saisonnier-le-togo-lance-une-campagne-nationale-de-traitement-preventif","status":"publish","type":"post","link":"https:\/\/macite.tg\/?p=14856","title":{"rendered":"PALUDISME SAISONNIER\u00a0: Le Togo lance une campagne nationale de traitement pr\u00e9ventif"},"content":{"rendered":"\n<p class=\"wp-block-paragraph\"><strong><em>\u00ab\u00a0Faire avancer l&rsquo;\u00e9galit\u00e9 de la sant\u00e9, l&rsquo;\u00e9galit\u00e9 des genres et les droits de l&rsquo;homme dans le contr\u00f4le et l&rsquo;\u00e9limination du paludisme\u00a0\u00bb, tel est le th\u00e8me de la 16<sup>\u00e8me<\/sup> \u00e9dition de la Journ\u00e9e mondiale de lutte contre le paludisme, c\u00e9l\u00e9br\u00e9e le jeudi 30 mai dernier. L\u2019\u00e9v\u00e9nement a \u00e9t\u00e9 coupl\u00e9 avec le lancement de la campagne nationale de la chimio-pr\u00e9vention du paludisme saisonnier (Cps) \u00e0 Amou Oblo, dans la r\u00e9gion des Plateaux. <\/em><\/strong><\/p>\n\n\n\n<p class=\"wp-block-paragraph\">Le jeudi 30 mai dernier, le Togo a lanc\u00e9 la campagne nationale de chimio-pr\u00e9vention du paludisme, coupl\u00e9e avec la c\u00e9l\u00e9bration de la 16<sup>\u00e8me<\/sup> \u00e9dition de la Journ\u00e9e mondiale de lutte contre le paludisme.<\/p>\n\n\n<div class=\"wp-block-image\">\n<figure class=\"aligncenter size-full\"><img loading=\"lazy\" decoding=\"async\" width=\"526\" height=\"526\" src=\"https:\/\/macite.tg\/wp-content\/uploads\/2024\/05\/Capmagne-de-recensement-fonciere_Golfe-2-et-4.jpg\" alt=\"\" class=\"wp-image-14789\" srcset=\"https:\/\/macite.tg\/wp-content\/uploads\/2024\/05\/Capmagne-de-recensement-fonciere_Golfe-2-et-4.jpg 526w, https:\/\/macite.tg\/wp-content\/uploads\/2024\/05\/Capmagne-de-recensement-fonciere_Golfe-2-et-4-300x300.jpg 300w, https:\/\/macite.tg\/wp-content\/uploads\/2024\/05\/Capmagne-de-recensement-fonciere_Golfe-2-et-4-150x150.jpg 150w, https:\/\/macite.tg\/wp-content\/uploads\/2024\/05\/Capmagne-de-recensement-fonciere_Golfe-2-et-4-122x122.jpg 122w\" sizes=\"auto, (max-width: 526px) 100vw, 526px\" \/><\/figure>\n<\/div>\n\n\n<p class=\"wp-block-paragraph\">Organis\u00e9e par le minist\u00e8re de la Sant\u00e9, cette campagne vise \u00e0 mettre \u00e0 l\u2019abri les enfants de 03 \u00e0 59 mois des formes graves du paludisme, et r\u00e9duire ainsi le taux de mortalit\u00e9 infantile en ces p\u00e9riodes de fortes pluies, favorable \u00e0 la propagation des moustiques. <\/p>\n\n\n\n<p class=\"wp-block-paragraph\">Dans les faits, il sera proc\u00e9d\u00e9 \u00e0 la distribution des comprim\u00e9s sur une p\u00e9riode de trois jours, et ce, durant quatre mois, notamment dans les r\u00e9gions des Savanes, de la Kara, la Centrale et des Plateaux. Il est pr\u00e9vue une strat\u00e9gie de porte-\u00e0-porte dans les m\u00e9nages et poste fixe dans les formations sanitaires au cours de la p\u00e9riode.<\/p>\n\n\n<div class=\"wp-block-image\">\n<figure class=\"aligncenter size-full\"><img loading=\"lazy\" decoding=\"async\" width=\"526\" height=\"526\" src=\"https:\/\/macite.tg\/wp-content\/uploads\/2024\/05\/444226499_122148587582176702_937254752976944278_n.jpg\" alt=\"\" class=\"wp-image-14821\" srcset=\"https:\/\/macite.tg\/wp-content\/uploads\/2024\/05\/444226499_122148587582176702_937254752976944278_n.jpg 526w, https:\/\/macite.tg\/wp-content\/uploads\/2024\/05\/444226499_122148587582176702_937254752976944278_n-300x300.jpg 300w, https:\/\/macite.tg\/wp-content\/uploads\/2024\/05\/444226499_122148587582176702_937254752976944278_n-150x150.jpg 150w, https:\/\/macite.tg\/wp-content\/uploads\/2024\/05\/444226499_122148587582176702_937254752976944278_n-122x122.jpg 122w\" sizes=\"auto, (max-width: 526px) 100vw, 526px\" \/><\/figure>\n<\/div>\n\n\n<p class=\"wp-block-paragraph\">Notons que depuis quelques temps d\u00e9j\u00e0, comme mesure pour venir \u00e0 bout du paludisme, l\u2019ex\u00e9cutif a d\u00e9cr\u00e9t\u00e9 la gratuit\u00e9 du test rapide et des m\u00e9dicaments dans les centres de sant\u00e9<\/p>\n\n\n\n<p class=\"wp-block-paragraph\"><strong>JPB<\/strong><strong><\/strong><\/p>\n\n\n\n<p class=\"wp-block-paragraph\"><a><strong><em>@macite.tg&nbsp;&nbsp;&nbsp;&nbsp;&nbsp;&nbsp;&nbsp;&nbsp;<\/em><\/strong><\/a><\/p>\n\n\n\n<p class=\"wp-block-paragraph\"><strong><em>E-mail&nbsp;: <\/em><\/strong><a href=\"mailto:maciteinfo@gmail.com\"><em>maciteinfo@gmail.com<\/em><\/a><strong><em>; <\/em><\/strong><a href=\"mailto:bawela1@gmail.com\"><em>bawela1@gmail.com<\/em><\/a><em> <strong><\/strong><\/em><\/p>\n\n\n\n<p class=\"wp-block-paragraph\"><strong><em>Pour vos annonces, (publi)reportages, etc., joignez-nous au (00228)91515309\/<strong>79872224 <\/strong>www.macite.tg, L\u2019information, la bonne&nbsp;!<\/em><\/strong><\/p>\n","protected":false},"excerpt":{"rendered":"<p class=\"text-justify mb-2\" >\u00ab\u00a0Faire avancer l&rsquo;\u00e9galit\u00e9 de la sant\u00e9, l&rsquo;\u00e9galit\u00e9 des genres et les droits de l&rsquo;homme dans le contr\u00f4le et l&rsquo;\u00e9limination du paludisme\u00a0\u00bb, tel est le th\u00e8me de la 16\u00e8me \u00e9dition de la Journ\u00e9e mondiale de lutte contre le paludisme, c\u00e9l\u00e9br\u00e9e le jeudi 30 mai dernier. L\u2019\u00e9v\u00e9nement [&hellip;]<\/p>\n","protected":false},"author":2,"featured_media":14857,"comment_status":"open","ping_status":"open","sticky":false,"template":"","format":"standard","meta":{"footnotes":""},"categories":[20,5],"tags":[],"class_list":["post-14856","post","type-post","status-publish","format-standard","has-post-thumbnail","hentry","category-actualite","category-sante"],"yoast_head":"<!-- This site is optimized with the Yoast SEO plugin v28.4 - https:\/\/yoast.com\/product\/yoast-seo-wordpress\/ -->\n<title>PALUDISME SAISONNIER\u00a0: Le Togo lance une campagne nationale de traitement pr\u00e9ventif -<\/title>\n<meta name=\"robots\" content=\"index, follow, max-snippet:-1, max-image-preview:large, max-video-preview:-1\" \/>\n<link rel=\"canonical\" href=\"https:\/\/macite.tg\/?p=14856\" \/>\n<meta property=\"og:locale\" content=\"fr_FR\" \/>\n<meta property=\"og:type\" content=\"article\" \/>\n<meta property=\"og:title\" content=\"PALUDISME SAISONNIER\u00a0: Le Togo lance une campagne nationale de traitement pr\u00e9ventif -\" \/>\n<meta property=\"og:description\" content=\"\u00ab\u00a0Faire avancer l&rsquo;\u00e9galit\u00e9 de la sant\u00e9, l&rsquo;\u00e9galit\u00e9 des genres et les droits de l&rsquo;homme dans le contr\u00f4le et l&rsquo;\u00e9limination du paludisme\u00a0\u00bb, tel est le th\u00e8me de la 16\u00e8me \u00e9dition de la Journ\u00e9e mondiale de lutte contre le paludisme, c\u00e9l\u00e9br\u00e9e le jeudi 30 mai dernier. L\u2019\u00e9v\u00e9nement [&hellip;]\" \/>\n<meta property=\"og:url\" content=\"https:\/\/macite.tg\/?p=14856\" \/>\n<meta property=\"article:published_time\" content=\"2024-05-31T17:13:30+00:00\" \/>\n<meta property=\"article:modified_time\" content=\"2024-05-31T17:13:32+00:00\" \/>\n<meta property=\"og:image\" content=\"https:\/\/macite.tg\/wp-content\/uploads\/2024\/05\/image-50.png\" \/>\n\t<meta property=\"og:image:width\" content=\"427\" \/>\n\t<meta property=\"og:image:height\" content=\"266\" \/>\n\t<meta property=\"og:image:type\" content=\"image\/png\" \/>\n<meta name=\"author\" content=\"Jean Pierre BAWELA\" \/>\n<meta name=\"twitter:card\" content=\"summary_large_image\" \/>\n<meta name=\"twitter:label1\" content=\"\u00c9crit par\" \/>\n\t<meta name=\"twitter:data1\" content=\"Jean Pierre BAWELA\" \/>\n\t<meta name=\"twitter:label2\" content=\"Dur\u00e9e de lecture estim\u00e9e\" \/>\n\t<meta name=\"twitter:data2\" content=\"1 minute\" \/>\n<script type=\"application\/ld+json\" class=\"yoast-schema-graph\">{\"@context\":\"https:\\\/\\\/schema.org\",\"@graph\":[{\"@type\":\"Article\",\"@id\":\"https:\\\/\\\/macite.tg\\\/?p=14856#article\",\"isPartOf\":{\"@id\":\"https:\\\/\\\/macite.tg\\\/?p=14856\"},\"author\":{\"name\":\"Jean Pierre BAWELA\",\"@id\":\"https:\\\/\\\/macite.tg\\\/#\\\/schema\\\/person\\\/e9f2de7e5dbbe7770a9402c7ce82f5c2\"},\"headline\":\"PALUDISME SAISONNIER\u00a0: Le Togo lance une campagne nationale de traitement pr\u00e9ventif\",\"datePublished\":\"2024-05-31T17:13:30+00:00\",\"dateModified\":\"2024-05-31T17:13:32+00:00\",\"mainEntityOfPage\":{\"@id\":\"https:\\\/\\\/macite.tg\\\/?p=14856\"},\"wordCount\":312,\"commentCount\":0,\"image\":{\"@id\":\"https:\\\/\\\/macite.tg\\\/?p=14856#primaryimage\"},\"thumbnailUrl\":\"https:\\\/\\\/macite.tg\\\/wp-content\\\/uploads\\\/2024\\\/05\\\/image-50.png\",\"articleSection\":[\"ACTUALITE\",\"SANTE\"],\"inLanguage\":\"fr-FR\",\"potentialAction\":[{\"@type\":\"CommentAction\",\"name\":\"Comment\",\"target\":[\"https:\\\/\\\/macite.tg\\\/?p=14856#respond\"]}]},{\"@type\":\"WebPage\",\"@id\":\"https:\\\/\\\/macite.tg\\\/?p=14856\",\"url\":\"https:\\\/\\\/macite.tg\\\/?p=14856\",\"name\":\"PALUDISME SAISONNIER\u00a0: Le Togo lance une campagne nationale de traitement pr\u00e9ventif -\",\"isPartOf\":{\"@id\":\"https:\\\/\\\/macite.tg\\\/#website\"},\"primaryImageOfPage\":{\"@id\":\"https:\\\/\\\/macite.tg\\\/?p=14856#primaryimage\"},\"image\":{\"@id\":\"https:\\\/\\\/macite.tg\\\/?p=14856#primaryimage\"},\"thumbnailUrl\":\"https:\\\/\\\/macite.tg\\\/wp-content\\\/uploads\\\/2024\\\/05\\\/image-50.png\",\"datePublished\":\"2024-05-31T17:13:30+00:00\",\"dateModified\":\"2024-05-31T17:13:32+00:00\",\"author\":{\"@id\":\"https:\\\/\\\/macite.tg\\\/#\\\/schema\\\/person\\\/e9f2de7e5dbbe7770a9402c7ce82f5c2\"},\"breadcrumb\":{\"@id\":\"https:\\\/\\\/macite.tg\\\/?p=14856#breadcrumb\"},\"inLanguage\":\"fr-FR\",\"potentialAction\":[{\"@type\":\"ReadAction\",\"target\":[\"https:\\\/\\\/macite.tg\\\/?p=14856\"]}]},{\"@type\":\"ImageObject\",\"inLanguage\":\"fr-FR\",\"@id\":\"https:\\\/\\\/macite.tg\\\/?p=14856#primaryimage\",\"url\":\"https:\\\/\\\/macite.tg\\\/wp-content\\\/uploads\\\/2024\\\/05\\\/image-50.png\",\"contentUrl\":\"https:\\\/\\\/macite.tg\\\/wp-content\\\/uploads\\\/2024\\\/05\\\/image-50.png\",\"width\":427,\"height\":266,\"caption\":\"Un enfant recevant un comprim\u00e9 pour le traitement anti palud\u00e9en\"},{\"@type\":\"BreadcrumbList\",\"@id\":\"https:\\\/\\\/macite.tg\\\/?p=14856#breadcrumb\",\"itemListElement\":[{\"@type\":\"ListItem\",\"position\":1,\"name\":\"Accueil\",\"item\":\"https:\\\/\\\/macite.tg\\\/\"},{\"@type\":\"ListItem\",\"position\":2,\"name\":\"PALUDISME SAISONNIER\u00a0: Le Togo lance une campagne nationale de traitement pr\u00e9ventif\"}]},{\"@type\":\"WebSite\",\"@id\":\"https:\\\/\\\/macite.tg\\\/#website\",\"url\":\"https:\\\/\\\/macite.tg\\\/\",\"name\":\"\",\"description\":\"L&#039;information, la bonne!!!\",\"potentialAction\":[{\"@type\":\"SearchAction\",\"target\":{\"@type\":\"EntryPoint\",\"urlTemplate\":\"https:\\\/\\\/macite.tg\\\/?s={search_term_string}\"},\"query-input\":{\"@type\":\"PropertyValueSpecification\",\"valueRequired\":true,\"valueName\":\"search_term_string\"}}],\"inLanguage\":\"fr-FR\"},{\"@type\":\"Person\",\"@id\":\"https:\\\/\\\/macite.tg\\\/#\\\/schema\\\/person\\\/e9f2de7e5dbbe7770a9402c7ce82f5c2\",\"name\":\"Jean Pierre BAWELA\",\"image\":{\"@type\":\"ImageObject\",\"inLanguage\":\"fr-FR\",\"@id\":\"https:\\\/\\\/macite.tg\\\/wp-content\\\/uploads\\\/2023\\\/09\\\/WhatsApp-Image-2023-09-19-at-14.44.41-122x122.jpeg\",\"url\":\"https:\\\/\\\/macite.tg\\\/wp-content\\\/uploads\\\/2023\\\/09\\\/WhatsApp-Image-2023-09-19-at-14.44.41-122x122.jpeg\",\"contentUrl\":\"https:\\\/\\\/macite.tg\\\/wp-content\\\/uploads\\\/2023\\\/09\\\/WhatsApp-Image-2023-09-19-at-14.44.41-122x122.jpeg\",\"caption\":\"Jean Pierre BAWELA\"},\"url\":\"https:\\\/\\\/macite.tg\\\/?author=2\"}]}<\/script>\n<!-- \/ Yoast SEO plugin. -->","yoast_head_json":{"title":"PALUDISME SAISONNIER\u00a0: Le Togo lance une campagne nationale de traitement pr\u00e9ventif -","robots":{"index":"index","follow":"follow","max-snippet":"max-snippet:-1","max-image-preview":"max-image-preview:large","max-video-preview":"max-video-preview:-1"},"canonical":"https:\/\/macite.tg\/?p=14856","og_locale":"fr_FR","og_type":"article","og_title":"PALUDISME SAISONNIER\u00a0: Le Togo lance une campagne nationale de traitement pr\u00e9ventif -","og_description":"\u00ab\u00a0Faire avancer l&rsquo;\u00e9galit\u00e9 de la sant\u00e9, l&rsquo;\u00e9galit\u00e9 des genres et les droits de l&rsquo;homme dans le contr\u00f4le et l&rsquo;\u00e9limination du paludisme\u00a0\u00bb, tel est le th\u00e8me de la 16\u00e8me \u00e9dition de la Journ\u00e9e mondiale de lutte contre le paludisme, c\u00e9l\u00e9br\u00e9e le jeudi 30 mai dernier. L\u2019\u00e9v\u00e9nement [&hellip;]","og_url":"https:\/\/macite.tg\/?p=14856","article_published_time":"2024-05-31T17:13:30+00:00","article_modified_time":"2024-05-31T17:13:32+00:00","og_image":[{"width":427,"height":266,"url":"https:\/\/macite.tg\/wp-content\/uploads\/2024\/05\/image-50.png","type":"image\/png"}],"author":"Jean Pierre BAWELA","twitter_card":"summary_large_image","twitter_misc":{"\u00c9crit par":"Jean Pierre BAWELA","Dur\u00e9e de lecture estim\u00e9e":"1 minute"},"schema":{"@context":"https:\/\/schema.org","@graph":[{"@type":"Article","@id":"https:\/\/macite.tg\/?p=14856#article","isPartOf":{"@id":"https:\/\/macite.tg\/?p=14856"},"author":{"name":"Jean Pierre BAWELA","@id":"https:\/\/macite.tg\/#\/schema\/person\/e9f2de7e5dbbe7770a9402c7ce82f5c2"},"headline":"PALUDISME SAISONNIER\u00a0: Le Togo lance une campagne nationale de traitement pr\u00e9ventif","datePublished":"2024-05-31T17:13:30+00:00","dateModified":"2024-05-31T17:13:32+00:00","mainEntityOfPage":{"@id":"https:\/\/macite.tg\/?p=14856"},"wordCount":312,"commentCount":0,"image":{"@id":"https:\/\/macite.tg\/?p=14856#primaryimage"},"thumbnailUrl":"https:\/\/macite.tg\/wp-content\/uploads\/2024\/05\/image-50.png","articleSection":["ACTUALITE","SANTE"],"inLanguage":"fr-FR","potentialAction":[{"@type":"CommentAction","name":"Comment","target":["https:\/\/macite.tg\/?p=14856#respond"]}]},{"@type":"WebPage","@id":"https:\/\/macite.tg\/?p=14856","url":"https:\/\/macite.tg\/?p=14856","name":"PALUDISME SAISONNIER\u00a0: Le Togo lance une campagne nationale de traitement pr\u00e9ventif -","isPartOf":{"@id":"https:\/\/macite.tg\/#website"},"primaryImageOfPage":{"@id":"https:\/\/macite.tg\/?p=14856#primaryimage"},"image":{"@id":"https:\/\/macite.tg\/?p=14856#primaryimage"},"thumbnailUrl":"https:\/\/macite.tg\/wp-content\/uploads\/2024\/05\/image-50.png","datePublished":"2024-05-31T17:13:30+00:00","dateModified":"2024-05-31T17:13:32+00:00","author":{"@id":"https:\/\/macite.tg\/#\/schema\/person\/e9f2de7e5dbbe7770a9402c7ce82f5c2"},"breadcrumb":{"@id":"https:\/\/macite.tg\/?p=14856#breadcrumb"},"inLanguage":"fr-FR","potentialAction":[{"@type":"ReadAction","target":["https:\/\/macite.tg\/?p=14856"]}]},{"@type":"ImageObject","inLanguage":"fr-FR","@id":"https:\/\/macite.tg\/?p=14856#primaryimage","url":"https:\/\/macite.tg\/wp-content\/uploads\/2024\/05\/image-50.png","contentUrl":"https:\/\/macite.tg\/wp-content\/uploads\/2024\/05\/image-50.png","width":427,"height":266,"caption":"Un enfant recevant un comprim\u00e9 pour le traitement anti palud\u00e9en"},{"@type":"BreadcrumbList","@id":"https:\/\/macite.tg\/?p=14856#breadcrumb","itemListElement":[{"@type":"ListItem","position":1,"name":"Accueil","item":"https:\/\/macite.tg\/"},{"@type":"ListItem","position":2,"name":"PALUDISME SAISONNIER\u00a0: Le Togo lance une campagne nationale de traitement pr\u00e9ventif"}]},{"@type":"WebSite","@id":"https:\/\/macite.tg\/#website","url":"https:\/\/macite.tg\/","name":"","description":"L&#039;information, la bonne!!!","potentialAction":[{"@type":"SearchAction","target":{"@type":"EntryPoint","urlTemplate":"https:\/\/macite.tg\/?s={search_term_string}"},"query-input":{"@type":"PropertyValueSpecification","valueRequired":true,"valueName":"search_term_string"}}],"inLanguage":"fr-FR"},{"@type":"Person","@id":"https:\/\/macite.tg\/#\/schema\/person\/e9f2de7e5dbbe7770a9402c7ce82f5c2","name":"Jean Pierre BAWELA","image":{"@type":"ImageObject","inLanguage":"fr-FR","@id":"https:\/\/macite.tg\/wp-content\/uploads\/2023\/09\/WhatsApp-Image-2023-09-19-at-14.44.41-122x122.jpeg","url":"https:\/\/macite.tg\/wp-content\/uploads\/2023\/09\/WhatsApp-Image-2023-09-19-at-14.44.41-122x122.jpeg","contentUrl":"https:\/\/macite.tg\/wp-content\/uploads\/2023\/09\/WhatsApp-Image-2023-09-19-at-14.44.41-122x122.jpeg","caption":"Jean Pierre BAWELA"},"url":"https:\/\/macite.tg\/?author=2"}]}},"_links":{"self":[{"href":"https:\/\/macite.tg\/index.php?rest_route=\/wp\/v2\/posts\/14856","targetHints":{"allow":["GET"]}}],"collection":[{"href":"https:\/\/macite.tg\/index.php?rest_route=\/wp\/v2\/posts"}],"about":[{"href":"https:\/\/macite.tg\/index.php?rest_route=\/wp\/v2\/types\/post"}],"author":[{"embeddable":true,"href":"https:\/\/macite.tg\/index.php?rest_route=\/wp\/v2\/users\/2"}],"replies":[{"embeddable":true,"href":"https:\/\/macite.tg\/index.php?rest_route=%2Fwp%2Fv2%2Fcomments&post=14856"}],"version-history":[{"count":0,"href":"https:\/\/macite.tg\/index.php?rest_route=\/wp\/v2\/posts\/14856\/revisions"}],"wp:featuredmedia":[{"embeddable":true,"href":"https:\/\/macite.tg\/index.php?rest_route=\/wp\/v2\/media\/14857"}],"wp:attachment":[{"href":"https:\/\/macite.tg\/index.php?rest_route=%2Fwp%2Fv2%2Fmedia&parent=14856"}],"wp:term":[{"taxonomy":"category","embeddable":true,"href":"https:\/\/macite.tg\/index.php?rest_route=%2Fwp%2Fv2%2Fcategories&post=14856"},{"taxonomy":"post_tag","embeddable":true,"href":"https:\/\/macite.tg\/index.php?rest_route=%2Fwp%2Fv2%2Ftags&post=14856"}],"curies":[{"name":"wp","href":"https:\/\/api.w.org\/{rel}","templated":true}]}}