{"id":14831,"date":"2024-05-31T11:58:00","date_gmt":"2024-05-31T11:58:00","guid":{"rendered":"https:\/\/macite.tg\/?p=14831"},"modified":"2024-05-31T15:12:04","modified_gmt":"2024-05-31T15:12:04","slug":"ifap-les-apprenants-du-secretariat-medicale-a-lhonneur","status":"publish","type":"post","link":"https:\/\/macite.tg\/?p=14831","title":{"rendered":"IFAP\u00a0: Les apprenants du Secr\u00e9tariat m\u00e9dicale \u00e0 l\u2019honneur&#8230;"},"content":{"rendered":"\n<p class=\"wp-block-paragraph\"><strong><em>Les \u00e9tudiants du Secr\u00e9tariat m\u00e9dicale de l\u2019Institut de formation et d\u2019appui professionnel (Ifap) \u00e9taient en atelier jeudi 30 mai dernier. Il s\u2019agit, au cours de ces travaux pratiques organis\u00e9s par l\u2019administration de l\u2019Institut, de permettre \u00e0 ces apprenants de faire non seulement la r\u00e9vision des cours th\u00e9oriques re\u00e7us en classe, mais aussi les mettre en pratique.<\/em><\/strong><\/p>\n\n\n\n<p class=\"wp-block-paragraph\">Apr\u00e8s les \u00e9tudiants de l\u2019Assistance de direction bilingue et de la maintenance r\u00e9seau informatique, c\u2019est le tour des apprenants du secr\u00e9tariat m\u00e9dical de se retrouver en atelier. Une mani\u00e8re de les amener \u00e0 r\u00e9viser encore plus leur cours vu que l\u2019ann\u00e9e acad\u00e9mique touche \u00e0 sa fin.<\/p>\n\n\n<div class=\"wp-block-image\">\n<figure class=\"aligncenter size-full\"><img loading=\"lazy\" decoding=\"async\" width=\"526\" height=\"526\" src=\"https:\/\/macite.tg\/wp-content\/uploads\/2024\/05\/444226499_122148587582176702_937254752976944278_n.jpg\" alt=\"\" class=\"wp-image-14821\" srcset=\"https:\/\/macite.tg\/wp-content\/uploads\/2024\/05\/444226499_122148587582176702_937254752976944278_n.jpg 526w, https:\/\/macite.tg\/wp-content\/uploads\/2024\/05\/444226499_122148587582176702_937254752976944278_n-300x300.jpg 300w, https:\/\/macite.tg\/wp-content\/uploads\/2024\/05\/444226499_122148587582176702_937254752976944278_n-150x150.jpg 150w, https:\/\/macite.tg\/wp-content\/uploads\/2024\/05\/444226499_122148587582176702_937254752976944278_n-122x122.jpg 122w\" sizes=\"auto, (max-width: 526px) 100vw, 526px\" \/><\/figure>\n<\/div>\n\n\n<p class=\"wp-block-paragraph\"><em>\u00ab&nbsp;Nous sommes toujours dans la lign\u00e9e de renforcement de capacit\u00e9 de nos \u00e9tudiants. \u00c9tant donn\u00e9 que nous sommes en fin d\u2019ann\u00e9e, nous passons par ces ateliers pour leur permettre de faire leur r\u00e9vision et mettre surtout l\u2019accent sur la pratique&nbsp;\u00bb,<\/em> a d\u00e9clar\u00e9 Ernest Egbenou, directeur g\u00e9n\u00e9ral de l\u2019Ifap.<\/p>\n\n\n\n<p class=\"wp-block-paragraph\">De fa\u00e7on g\u00e9n\u00e9rale, il a \u00e9t\u00e9 question au cours de l\u2019atelier, de mettre en pratique les fonctions et les r\u00f4les des Secr\u00e9taires m\u00e9dicaux. Ce que les uns et les autres n\u2019ont pas h\u00e9sit\u00e9 \u00e0 prouver \u00e0 travers des exercices pratiques, que ce soit dans la r\u00e9ception et la prise des constances des patients, l\u2019assistance des infirmi\u00e8res, des m\u00e9decins et m\u00eame des laborantins. Une particularit\u00e9 qu\u2019on ne retrouve qu\u2019\u00e0 l\u2019Ifap.<\/p>\n\n\n<div class=\"wp-block-image\">\n<figure class=\"aligncenter size-full is-resized\"><img loading=\"lazy\" decoding=\"async\" src=\"https:\/\/macite.tg\/wp-content\/uploads\/2024\/05\/IMG-20240313-WA0013-1.jpg\" alt=\"\" class=\"wp-image-14691\" width=\"836\" height=\"206\" srcset=\"https:\/\/macite.tg\/wp-content\/uploads\/2024\/05\/IMG-20240313-WA0013-1.jpg 690w, https:\/\/macite.tg\/wp-content\/uploads\/2024\/05\/IMG-20240313-WA0013-1-300x74.jpg 300w\" sizes=\"auto, (max-width: 836px) 100vw, 836px\" \/><\/figure>\n<\/div>\n\n\n<p class=\"wp-block-paragraph\"><em>\u00ab Quand nos Secr\u00e9taires m\u00e9dicaux sont sur le terrain, les gens se posent la question de savoir, est-ce des infirmi\u00e8res&nbsp;? Justement, ce ne sont pas des infirmi\u00e8res, mais nos secr\u00e9taires m\u00e9dicaux ont comp\u00e9tence en soins infirmiers de base. C\u2019est ce qui fait la diff\u00e9rence des Secr\u00e9taires m\u00e9dicaux d\u2019Ifap, compar\u00e9s aux autres Secr\u00e9taires des autres centres de formation modulaire \u00bb,<\/em> a expliqu\u00e9 Kokou Dogb\u00e9, charg\u00e9 des cours de sant\u00e9 \u00e0 Ifap.<\/p>\n\n\n\n<p class=\"wp-block-paragraph\">Se retrouver dans la peau des Secr\u00e9taires m\u00e9dicaux en fonction, est une chose qui a vraiment \u00e9mu les \u00e9tudiants. <em>\u00ab&nbsp;C\u2019est une tr\u00e8s belle initiative que l\u2019administration a instaur\u00e9e. \u00c7a nous va droit au c\u0153ur&nbsp;\u00bb,<\/em> a indiqu\u00e9 l\u2019\u00e9tudiante Akou Siabi.<\/p>\n\n\n<div class=\"wp-block-image\">\n<figure class=\"aligncenter size-full\"><img loading=\"lazy\" decoding=\"async\" width=\"526\" height=\"526\" src=\"https:\/\/macite.tg\/wp-content\/uploads\/2024\/05\/Capmagne-de-recensement-fonciere_Golfe-2-et-4.jpg\" alt=\"\" class=\"wp-image-14789\" srcset=\"https:\/\/macite.tg\/wp-content\/uploads\/2024\/05\/Capmagne-de-recensement-fonciere_Golfe-2-et-4.jpg 526w, https:\/\/macite.tg\/wp-content\/uploads\/2024\/05\/Capmagne-de-recensement-fonciere_Golfe-2-et-4-300x300.jpg 300w, https:\/\/macite.tg\/wp-content\/uploads\/2024\/05\/Capmagne-de-recensement-fonciere_Golfe-2-et-4-150x150.jpg 150w, https:\/\/macite.tg\/wp-content\/uploads\/2024\/05\/Capmagne-de-recensement-fonciere_Golfe-2-et-4-122x122.jpg 122w\" sizes=\"auto, (max-width: 526px) 100vw, 526px\" \/><\/figure>\n<\/div>\n\n\n<p class=\"wp-block-paragraph\">M\u00eame son de cloche du c\u00f4t\u00e9 de sa camarade Claire D\u00e9d\u00e9 Assiongbon. <em>\u00ab&nbsp;Nous appr\u00e9cions beaucoup cet atelier&nbsp;\u00bb<\/em>, a-t-elle dit avant de lancer un appel&nbsp;: <em>\u00ab&nbsp;J\u2019invite tous les jeunes qui sont int\u00e9ress\u00e9s par le m\u00e9tier de secr\u00e9tariat m\u00e9dicale \u00e0 s\u2019inscrire \u00e0 Ifap pour leur formation&nbsp;\u00bb<\/em>.<\/p>\n\n\n\n<p class=\"wp-block-paragraph\"><strong><em>Michel AKOETE<\/em><\/strong><\/p>\n\n\n\n<p class=\"wp-block-paragraph\"><a><strong><em>@macite.tg&nbsp;&nbsp;&nbsp;&nbsp;&nbsp;&nbsp;&nbsp;&nbsp;<\/em><\/strong><\/a><\/p>\n\n\n\n<p class=\"wp-block-paragraph\"><strong><em>E-mail&nbsp;: <\/em><\/strong><a href=\"mailto:maciteinfo@gmail.com\"><strong><em>maciteinfo@gmail.com<\/em><\/strong><\/a><strong><em>; <\/em><\/strong><a href=\"mailto:bawela1@gmail.com\"><strong><em>bawela1@gmail.com<\/em><\/strong><\/a><strong><em><\/em><\/strong><\/p>\n\n\n\n<p class=\"wp-block-paragraph\"><strong><em>Pour vos annonces, (publi)reportages, etc., joignez-nous au (00228)91515309\/<strong>79872224 <\/strong>www.macite.tg, L\u2019information, la bonne&nbsp;!<\/em><\/strong><\/p>\n","protected":false},"excerpt":{"rendered":"<p class=\"text-justify mb-2\" >Les \u00e9tudiants du Secr\u00e9tariat m\u00e9dicale de l\u2019Institut de formation et d\u2019appui professionnel (Ifap) \u00e9taient en atelier jeudi 30 mai dernier. Il s\u2019agit, au cours de ces travaux pratiques organis\u00e9s par l\u2019administration de l\u2019Institut, de permettre \u00e0 ces apprenants de faire non seulement la r\u00e9vision des [&hellip;]<\/p>\n","protected":false},"author":2,"featured_media":14839,"comment_status":"open","ping_status":"open","sticky":false,"template":"","format":"standard","meta":{"footnotes":""},"categories":[20,48],"tags":[],"class_list":["post-14831","post","type-post","status-publish","format-standard","has-post-thumbnail","hentry","category-actualite","category-formation"],"yoast_head":"<!-- This site is optimized with the Yoast SEO plugin v28.4 - https:\/\/yoast.com\/product\/yoast-seo-wordpress\/ -->\n<title>IFAP\u00a0: Les apprenants du Secr\u00e9tariat m\u00e9dicale \u00e0 l\u2019honneur... -<\/title>\n<meta name=\"robots\" content=\"index, follow, max-snippet:-1, max-image-preview:large, max-video-preview:-1\" \/>\n<link rel=\"canonical\" href=\"https:\/\/macite.tg\/?p=14831\" \/>\n<meta property=\"og:locale\" content=\"fr_FR\" \/>\n<meta property=\"og:type\" content=\"article\" \/>\n<meta property=\"og:title\" content=\"IFAP\u00a0: Les apprenants du Secr\u00e9tariat m\u00e9dicale \u00e0 l\u2019honneur... -\" \/>\n<meta property=\"og:description\" content=\"Les \u00e9tudiants du Secr\u00e9tariat m\u00e9dicale de l\u2019Institut de formation et d\u2019appui professionnel (Ifap) \u00e9taient en atelier jeudi 30 mai dernier. Il s\u2019agit, au cours de ces travaux pratiques organis\u00e9s par l\u2019administration de l\u2019Institut, de permettre \u00e0 ces apprenants de faire non seulement la r\u00e9vision des [&hellip;]\" \/>\n<meta property=\"og:url\" content=\"https:\/\/macite.tg\/?p=14831\" \/>\n<meta property=\"article:published_time\" content=\"2024-05-31T11:58:00+00:00\" \/>\n<meta property=\"article:modified_time\" content=\"2024-05-31T15:12:04+00:00\" \/>\n<meta property=\"og:image\" content=\"https:\/\/macite.tg\/wp-content\/uploads\/2024\/05\/Ifap-Sage.jpg\" \/>\n\t<meta property=\"og:image:width\" content=\"500\" \/>\n\t<meta property=\"og:image:height\" content=\"220\" \/>\n\t<meta property=\"og:image:type\" content=\"image\/jpeg\" \/>\n<meta name=\"author\" content=\"Jean Pierre BAWELA\" \/>\n<meta name=\"twitter:card\" content=\"summary_large_image\" \/>\n<meta name=\"twitter:label1\" content=\"\u00c9crit par\" \/>\n\t<meta name=\"twitter:data1\" content=\"Jean Pierre BAWELA\" \/>\n\t<meta name=\"twitter:label2\" content=\"Dur\u00e9e de lecture estim\u00e9e\" \/>\n\t<meta name=\"twitter:data2\" content=\"2 minutes\" \/>\n<script type=\"application\/ld+json\" class=\"yoast-schema-graph\">{\"@context\":\"https:\\\/\\\/schema.org\",\"@graph\":[{\"@type\":\"Article\",\"@id\":\"https:\\\/\\\/macite.tg\\\/?p=14831#article\",\"isPartOf\":{\"@id\":\"https:\\\/\\\/macite.tg\\\/?p=14831\"},\"author\":{\"name\":\"Jean Pierre BAWELA\",\"@id\":\"https:\\\/\\\/macite.tg\\\/#\\\/schema\\\/person\\\/e9f2de7e5dbbe7770a9402c7ce82f5c2\"},\"headline\":\"IFAP\u00a0: Les apprenants du Secr\u00e9tariat m\u00e9dicale \u00e0 l\u2019honneur&#8230;\",\"datePublished\":\"2024-05-31T11:58:00+00:00\",\"dateModified\":\"2024-05-31T15:12:04+00:00\",\"mainEntityOfPage\":{\"@id\":\"https:\\\/\\\/macite.tg\\\/?p=14831\"},\"wordCount\":497,\"commentCount\":0,\"image\":{\"@id\":\"https:\\\/\\\/macite.tg\\\/?p=14831#primaryimage\"},\"thumbnailUrl\":\"https:\\\/\\\/macite.tg\\\/wp-content\\\/uploads\\\/2024\\\/05\\\/Ifap-Sage.jpg\",\"articleSection\":[\"ACTUALITE\",\"FORMATION\"],\"inLanguage\":\"fr-FR\",\"potentialAction\":[{\"@type\":\"CommentAction\",\"name\":\"Comment\",\"target\":[\"https:\\\/\\\/macite.tg\\\/?p=14831#respond\"]}]},{\"@type\":\"WebPage\",\"@id\":\"https:\\\/\\\/macite.tg\\\/?p=14831\",\"url\":\"https:\\\/\\\/macite.tg\\\/?p=14831\",\"name\":\"IFAP\u00a0: Les apprenants du Secr\u00e9tariat m\u00e9dicale \u00e0 l\u2019honneur... -\",\"isPartOf\":{\"@id\":\"https:\\\/\\\/macite.tg\\\/#website\"},\"primaryImageOfPage\":{\"@id\":\"https:\\\/\\\/macite.tg\\\/?p=14831#primaryimage\"},\"image\":{\"@id\":\"https:\\\/\\\/macite.tg\\\/?p=14831#primaryimage\"},\"thumbnailUrl\":\"https:\\\/\\\/macite.tg\\\/wp-content\\\/uploads\\\/2024\\\/05\\\/Ifap-Sage.jpg\",\"datePublished\":\"2024-05-31T11:58:00+00:00\",\"dateModified\":\"2024-05-31T15:12:04+00:00\",\"author\":{\"@id\":\"https:\\\/\\\/macite.tg\\\/#\\\/schema\\\/person\\\/e9f2de7e5dbbe7770a9402c7ce82f5c2\"},\"breadcrumb\":{\"@id\":\"https:\\\/\\\/macite.tg\\\/?p=14831#breadcrumb\"},\"inLanguage\":\"fr-FR\",\"potentialAction\":[{\"@type\":\"ReadAction\",\"target\":[\"https:\\\/\\\/macite.tg\\\/?p=14831\"]}]},{\"@type\":\"ImageObject\",\"inLanguage\":\"fr-FR\",\"@id\":\"https:\\\/\\\/macite.tg\\\/?p=14831#primaryimage\",\"url\":\"https:\\\/\\\/macite.tg\\\/wp-content\\\/uploads\\\/2024\\\/05\\\/Ifap-Sage.jpg\",\"contentUrl\":\"https:\\\/\\\/macite.tg\\\/wp-content\\\/uploads\\\/2024\\\/05\\\/Ifap-Sage.jpg\",\"width\":500,\"height\":220,\"caption\":\"Une vue des \u00e9tudiants lors de la pratique.\"},{\"@type\":\"BreadcrumbList\",\"@id\":\"https:\\\/\\\/macite.tg\\\/?p=14831#breadcrumb\",\"itemListElement\":[{\"@type\":\"ListItem\",\"position\":1,\"name\":\"Accueil\",\"item\":\"https:\\\/\\\/macite.tg\\\/\"},{\"@type\":\"ListItem\",\"position\":2,\"name\":\"IFAP\u00a0: Les apprenants du Secr\u00e9tariat m\u00e9dicale \u00e0 l\u2019honneur&#8230;\"}]},{\"@type\":\"WebSite\",\"@id\":\"https:\\\/\\\/macite.tg\\\/#website\",\"url\":\"https:\\\/\\\/macite.tg\\\/\",\"name\":\"\",\"description\":\"L&#039;information, la bonne!!!\",\"potentialAction\":[{\"@type\":\"SearchAction\",\"target\":{\"@type\":\"EntryPoint\",\"urlTemplate\":\"https:\\\/\\\/macite.tg\\\/?s={search_term_string}\"},\"query-input\":{\"@type\":\"PropertyValueSpecification\",\"valueRequired\":true,\"valueName\":\"search_term_string\"}}],\"inLanguage\":\"fr-FR\"},{\"@type\":\"Person\",\"@id\":\"https:\\\/\\\/macite.tg\\\/#\\\/schema\\\/person\\\/e9f2de7e5dbbe7770a9402c7ce82f5c2\",\"name\":\"Jean Pierre BAWELA\",\"image\":{\"@type\":\"ImageObject\",\"inLanguage\":\"fr-FR\",\"@id\":\"https:\\\/\\\/macite.tg\\\/wp-content\\\/uploads\\\/2023\\\/09\\\/WhatsApp-Image-2023-09-19-at-14.44.41-122x122.jpeg\",\"url\":\"https:\\\/\\\/macite.tg\\\/wp-content\\\/uploads\\\/2023\\\/09\\\/WhatsApp-Image-2023-09-19-at-14.44.41-122x122.jpeg\",\"contentUrl\":\"https:\\\/\\\/macite.tg\\\/wp-content\\\/uploads\\\/2023\\\/09\\\/WhatsApp-Image-2023-09-19-at-14.44.41-122x122.jpeg\",\"caption\":\"Jean Pierre BAWELA\"},\"url\":\"https:\\\/\\\/macite.tg\\\/?author=2\"}]}<\/script>\n<!-- \/ Yoast SEO plugin. -->","yoast_head_json":{"title":"IFAP\u00a0: Les apprenants du Secr\u00e9tariat m\u00e9dicale \u00e0 l\u2019honneur... -","robots":{"index":"index","follow":"follow","max-snippet":"max-snippet:-1","max-image-preview":"max-image-preview:large","max-video-preview":"max-video-preview:-1"},"canonical":"https:\/\/macite.tg\/?p=14831","og_locale":"fr_FR","og_type":"article","og_title":"IFAP\u00a0: Les apprenants du Secr\u00e9tariat m\u00e9dicale \u00e0 l\u2019honneur... -","og_description":"Les \u00e9tudiants du Secr\u00e9tariat m\u00e9dicale de l\u2019Institut de formation et d\u2019appui professionnel (Ifap) \u00e9taient en atelier jeudi 30 mai dernier. Il s\u2019agit, au cours de ces travaux pratiques organis\u00e9s par l\u2019administration de l\u2019Institut, de permettre \u00e0 ces apprenants de faire non seulement la r\u00e9vision des [&hellip;]","og_url":"https:\/\/macite.tg\/?p=14831","article_published_time":"2024-05-31T11:58:00+00:00","article_modified_time":"2024-05-31T15:12:04+00:00","og_image":[{"width":500,"height":220,"url":"https:\/\/macite.tg\/wp-content\/uploads\/2024\/05\/Ifap-Sage.jpg","type":"image\/jpeg"}],"author":"Jean Pierre BAWELA","twitter_card":"summary_large_image","twitter_misc":{"\u00c9crit par":"Jean Pierre BAWELA","Dur\u00e9e de lecture estim\u00e9e":"2 minutes"},"schema":{"@context":"https:\/\/schema.org","@graph":[{"@type":"Article","@id":"https:\/\/macite.tg\/?p=14831#article","isPartOf":{"@id":"https:\/\/macite.tg\/?p=14831"},"author":{"name":"Jean Pierre BAWELA","@id":"https:\/\/macite.tg\/#\/schema\/person\/e9f2de7e5dbbe7770a9402c7ce82f5c2"},"headline":"IFAP\u00a0: Les apprenants du Secr\u00e9tariat m\u00e9dicale \u00e0 l\u2019honneur&#8230;","datePublished":"2024-05-31T11:58:00+00:00","dateModified":"2024-05-31T15:12:04+00:00","mainEntityOfPage":{"@id":"https:\/\/macite.tg\/?p=14831"},"wordCount":497,"commentCount":0,"image":{"@id":"https:\/\/macite.tg\/?p=14831#primaryimage"},"thumbnailUrl":"https:\/\/macite.tg\/wp-content\/uploads\/2024\/05\/Ifap-Sage.jpg","articleSection":["ACTUALITE","FORMATION"],"inLanguage":"fr-FR","potentialAction":[{"@type":"CommentAction","name":"Comment","target":["https:\/\/macite.tg\/?p=14831#respond"]}]},{"@type":"WebPage","@id":"https:\/\/macite.tg\/?p=14831","url":"https:\/\/macite.tg\/?p=14831","name":"IFAP\u00a0: Les apprenants du Secr\u00e9tariat m\u00e9dicale \u00e0 l\u2019honneur... -","isPartOf":{"@id":"https:\/\/macite.tg\/#website"},"primaryImageOfPage":{"@id":"https:\/\/macite.tg\/?p=14831#primaryimage"},"image":{"@id":"https:\/\/macite.tg\/?p=14831#primaryimage"},"thumbnailUrl":"https:\/\/macite.tg\/wp-content\/uploads\/2024\/05\/Ifap-Sage.jpg","datePublished":"2024-05-31T11:58:00+00:00","dateModified":"2024-05-31T15:12:04+00:00","author":{"@id":"https:\/\/macite.tg\/#\/schema\/person\/e9f2de7e5dbbe7770a9402c7ce82f5c2"},"breadcrumb":{"@id":"https:\/\/macite.tg\/?p=14831#breadcrumb"},"inLanguage":"fr-FR","potentialAction":[{"@type":"ReadAction","target":["https:\/\/macite.tg\/?p=14831"]}]},{"@type":"ImageObject","inLanguage":"fr-FR","@id":"https:\/\/macite.tg\/?p=14831#primaryimage","url":"https:\/\/macite.tg\/wp-content\/uploads\/2024\/05\/Ifap-Sage.jpg","contentUrl":"https:\/\/macite.tg\/wp-content\/uploads\/2024\/05\/Ifap-Sage.jpg","width":500,"height":220,"caption":"Une vue des \u00e9tudiants lors de la pratique."},{"@type":"BreadcrumbList","@id":"https:\/\/macite.tg\/?p=14831#breadcrumb","itemListElement":[{"@type":"ListItem","position":1,"name":"Accueil","item":"https:\/\/macite.tg\/"},{"@type":"ListItem","position":2,"name":"IFAP\u00a0: Les apprenants du Secr\u00e9tariat m\u00e9dicale \u00e0 l\u2019honneur&#8230;"}]},{"@type":"WebSite","@id":"https:\/\/macite.tg\/#website","url":"https:\/\/macite.tg\/","name":"","description":"L&#039;information, la bonne!!!","potentialAction":[{"@type":"SearchAction","target":{"@type":"EntryPoint","urlTemplate":"https:\/\/macite.tg\/?s={search_term_string}"},"query-input":{"@type":"PropertyValueSpecification","valueRequired":true,"valueName":"search_term_string"}}],"inLanguage":"fr-FR"},{"@type":"Person","@id":"https:\/\/macite.tg\/#\/schema\/person\/e9f2de7e5dbbe7770a9402c7ce82f5c2","name":"Jean Pierre BAWELA","image":{"@type":"ImageObject","inLanguage":"fr-FR","@id":"https:\/\/macite.tg\/wp-content\/uploads\/2023\/09\/WhatsApp-Image-2023-09-19-at-14.44.41-122x122.jpeg","url":"https:\/\/macite.tg\/wp-content\/uploads\/2023\/09\/WhatsApp-Image-2023-09-19-at-14.44.41-122x122.jpeg","contentUrl":"https:\/\/macite.tg\/wp-content\/uploads\/2023\/09\/WhatsApp-Image-2023-09-19-at-14.44.41-122x122.jpeg","caption":"Jean Pierre BAWELA"},"url":"https:\/\/macite.tg\/?author=2"}]}},"_links":{"self":[{"href":"https:\/\/macite.tg\/index.php?rest_route=\/wp\/v2\/posts\/14831","targetHints":{"allow":["GET"]}}],"collection":[{"href":"https:\/\/macite.tg\/index.php?rest_route=\/wp\/v2\/posts"}],"about":[{"href":"https:\/\/macite.tg\/index.php?rest_route=\/wp\/v2\/types\/post"}],"author":[{"embeddable":true,"href":"https:\/\/macite.tg\/index.php?rest_route=\/wp\/v2\/users\/2"}],"replies":[{"embeddable":true,"href":"https:\/\/macite.tg\/index.php?rest_route=%2Fwp%2Fv2%2Fcomments&post=14831"}],"version-history":[{"count":0,"href":"https:\/\/macite.tg\/index.php?rest_route=\/wp\/v2\/posts\/14831\/revisions"}],"wp:featuredmedia":[{"embeddable":true,"href":"https:\/\/macite.tg\/index.php?rest_route=\/wp\/v2\/media\/14839"}],"wp:attachment":[{"href":"https:\/\/macite.tg\/index.php?rest_route=%2Fwp%2Fv2%2Fmedia&parent=14831"}],"wp:term":[{"taxonomy":"category","embeddable":true,"href":"https:\/\/macite.tg\/index.php?rest_route=%2Fwp%2Fv2%2Fcategories&post=14831"},{"taxonomy":"post_tag","embeddable":true,"href":"https:\/\/macite.tg\/index.php?rest_route=%2Fwp%2Fv2%2Ftags&post=14831"}],"curies":[{"name":"wp","href":"https:\/\/api.w.org\/{rel}","templated":true}]}}