{"id":14825,"date":"2024-05-30T18:40:39","date_gmt":"2024-05-30T18:40:39","guid":{"rendered":"https:\/\/macite.tg\/?p=14825"},"modified":"2024-05-30T18:46:08","modified_gmt":"2024-05-30T18:46:08","slug":"lutte-contre-le-terrorisme-une-operation-conjointe-togo-tchad-aes-pour-renforcer-la-resilience-des-armees-de-ces-pays","status":"publish","type":"post","link":"https:\/\/macite.tg\/?p=14825","title":{"rendered":"LUTTE CONTRE LE TERRORISME : Une op\u00e9ration conjointe Togo-Tchad-Aes pour renforcer la r\u00e9silience des arm\u00e9es de ces pays"},"content":{"rendered":"\n<p class=\"wp-block-paragraph\"><strong><em>Le Togo et le Tchad participent aux c\u00f4t\u00e9s des pays de l\u2019Alliance des Etat du Shael (Aes), notamment le Burkina Faso, le Mali et le Tchad,  \u00e0 des exercices militaires conjoints.<\/em><\/strong><\/p>\n\n\n\n<p class=\"wp-block-paragraph\">Baptis\u00e9e op\u00e9ration \u2018\u2019Tarhanakal\u2019\u2019, ces exercices conjoints se veulent de renforcer les capacit\u00e9s op\u00e9rationnelle et la r\u00e9silience troupes de ces pays, engag\u00e9es depuis quelques ann\u00e9es dans la lutte contre les groupes djihadistes.<\/p>\n\n\n<div class=\"wp-block-image\">\n<figure class=\"aligncenter size-full\"><img loading=\"lazy\" decoding=\"async\" width=\"526\" height=\"526\" src=\"https:\/\/macite.tg\/wp-content\/uploads\/2024\/05\/Capmagne-de-recensement-fonciere_Golfe-2-et-4.jpg\" alt=\"\" class=\"wp-image-14789\" srcset=\"https:\/\/macite.tg\/wp-content\/uploads\/2024\/05\/Capmagne-de-recensement-fonciere_Golfe-2-et-4.jpg 526w, https:\/\/macite.tg\/wp-content\/uploads\/2024\/05\/Capmagne-de-recensement-fonciere_Golfe-2-et-4-300x300.jpg 300w, https:\/\/macite.tg\/wp-content\/uploads\/2024\/05\/Capmagne-de-recensement-fonciere_Golfe-2-et-4-150x150.jpg 150w, https:\/\/macite.tg\/wp-content\/uploads\/2024\/05\/Capmagne-de-recensement-fonciere_Golfe-2-et-4-122x122.jpg 122w\" sizes=\"auto, (max-width: 526px) 100vw, 526px\" \/><\/figure>\n<\/div>\n\n\n<p class=\"wp-block-paragraph\">Au cours de ces exercices, premiers du genre, les troupes vont participer \u00e0 des man\u0153uvres tactiques conjointes, des simulations sp\u00e9ciales, et des actions de coop\u00e9ration civilo-militaires dans l\u2019optique de renforcer les liens avec les populations locales.<\/p>\n\n\n\n<p class=\"wp-block-paragraph\">L\u2019op\u00e9ration \u2018\u2019Tarhanakal\u2019\u2019 est une illustration d\u2019un partenariat et la convergence de vue des leaders de ces pays, en vue de mener des actions communes et concert\u00e9es dans la lutte contre le fl\u00e9au du terrorisme qui gangr\u00e8ne la sous-r\u00e9gion.<\/p>\n\n\n<div class=\"wp-block-image\">\n<figure class=\"aligncenter size-full\"><img loading=\"lazy\" decoding=\"async\" width=\"526\" height=\"526\" src=\"https:\/\/macite.tg\/wp-content\/uploads\/2024\/05\/444226499_122148587582176702_937254752976944278_n.jpg\" alt=\"\" class=\"wp-image-14821\" srcset=\"https:\/\/macite.tg\/wp-content\/uploads\/2024\/05\/444226499_122148587582176702_937254752976944278_n.jpg 526w, https:\/\/macite.tg\/wp-content\/uploads\/2024\/05\/444226499_122148587582176702_937254752976944278_n-300x300.jpg 300w, https:\/\/macite.tg\/wp-content\/uploads\/2024\/05\/444226499_122148587582176702_937254752976944278_n-150x150.jpg 150w, https:\/\/macite.tg\/wp-content\/uploads\/2024\/05\/444226499_122148587582176702_937254752976944278_n-122x122.jpg 122w\" sizes=\"auto, (max-width: 526px) 100vw, 526px\" \/><\/figure>\n<\/div>\n\n\n<p class=\"wp-block-paragraph\">Elle est une r\u00e9ponse au v\u0153u du Chef de l\u2019Etat togolais qui appelait, il y a quelques semaines \u00e0 Abuja au Nig\u00e9ria, \u00e0 une coop\u00e9ration inter-\u00e9tatique efficace afin de venir \u00e0 bout le fl\u00e9au des violences perp\u00e9tr\u00e9es par les groupes terroristes.<\/p>\n\n\n\n<p class=\"wp-block-paragraph\"><strong>Samir<\/strong><\/p>\n\n\n\n<p class=\"wp-block-paragraph\"><a><strong><em>@macite.tg&nbsp;&nbsp;&nbsp;&nbsp;&nbsp;&nbsp;&nbsp;&nbsp;<\/em><\/strong><\/a><\/p>\n\n\n\n<p class=\"wp-block-paragraph\"><strong><em>E-mail&nbsp;: <\/em><\/strong><a href=\"mailto:maciteinfo@gmail.com\"><strong><em>maciteinfo@gmail.com<\/em><\/strong><\/a><strong><em>; <\/em><\/strong><a href=\"mailto:bawela1@gmail.com\"><strong><em>bawela1@gmail.com<\/em><\/strong><\/a><strong><em><\/em><\/strong><\/p>\n\n\n\n<p class=\"wp-block-paragraph\"><strong><em>Pour vos annonces, (publi)reportages, etc., joignez-nous au (00228)91515309\/<strong>79872224 <\/strong>www.macite.tg, L\u2019information, la bonne&nbsp;!<\/em><\/strong><\/p>\n","protected":false},"excerpt":{"rendered":"<p class=\"text-justify mb-2\" >Le Togo et le Tchad participent aux c\u00f4t\u00e9s des pays de l\u2019Alliance des Etat du Shael (Aes), notamment le Burkina Faso, le Mali et le Tchad, \u00e0 des exercices militaires conjoints. Baptis\u00e9e op\u00e9ration \u2018\u2019Tarhanakal\u2019\u2019, ces exercices conjoints se veulent de renforcer les capacit\u00e9s op\u00e9rationnelle et [&hellip;]<\/p>\n","protected":false},"author":2,"featured_media":14827,"comment_status":"open","ping_status":"open","sticky":false,"template":"","format":"standard","meta":{"footnotes":""},"categories":[20,28],"tags":[],"class_list":["post-14825","post","type-post","status-publish","format-standard","has-post-thumbnail","hentry","category-actualite","category-securite"],"yoast_head":"<!-- This site is optimized with the Yoast SEO plugin v28.4 - https:\/\/yoast.com\/product\/yoast-seo-wordpress\/ -->\n<title>LUTTE CONTRE LE TERRORISME : Une op\u00e9ration conjointe Togo-Tchad-Aes pour renforcer la r\u00e9silience des arm\u00e9es de ces pays -<\/title>\n<meta name=\"robots\" content=\"index, follow, max-snippet:-1, max-image-preview:large, max-video-preview:-1\" \/>\n<link rel=\"canonical\" href=\"https:\/\/macite.tg\/?p=14825\" \/>\n<meta property=\"og:locale\" content=\"fr_FR\" \/>\n<meta property=\"og:type\" content=\"article\" \/>\n<meta property=\"og:title\" content=\"LUTTE CONTRE LE TERRORISME : Une op\u00e9ration conjointe Togo-Tchad-Aes pour renforcer la r\u00e9silience des arm\u00e9es de ces pays -\" \/>\n<meta property=\"og:description\" content=\"Le Togo et le Tchad participent aux c\u00f4t\u00e9s des pays de l\u2019Alliance des Etat du Shael (Aes), notamment le Burkina Faso, le Mali et le Tchad, \u00e0 des exercices militaires conjoints. Baptis\u00e9e op\u00e9ration \u2018\u2019Tarhanakal\u2019\u2019, ces exercices conjoints se veulent de renforcer les capacit\u00e9s op\u00e9rationnelle et [&hellip;]\" \/>\n<meta property=\"og:url\" content=\"https:\/\/macite.tg\/?p=14825\" \/>\n<meta property=\"article:published_time\" content=\"2024-05-30T18:40:39+00:00\" \/>\n<meta property=\"article:modified_time\" content=\"2024-05-30T18:46:08+00:00\" \/>\n<meta property=\"og:image\" content=\"https:\/\/macite.tg\/wp-content\/uploads\/2024\/05\/secu.jpg\" \/>\n\t<meta property=\"og:image:width\" content=\"500\" \/>\n\t<meta property=\"og:image:height\" content=\"333\" \/>\n\t<meta property=\"og:image:type\" content=\"image\/jpeg\" \/>\n<meta name=\"author\" content=\"Jean Pierre BAWELA\" \/>\n<meta name=\"twitter:card\" content=\"summary_large_image\" \/>\n<meta name=\"twitter:label1\" content=\"\u00c9crit par\" \/>\n\t<meta name=\"twitter:data1\" content=\"Jean Pierre BAWELA\" \/>\n\t<meta name=\"twitter:label2\" content=\"Dur\u00e9e de lecture estim\u00e9e\" \/>\n\t<meta name=\"twitter:data2\" content=\"1 minute\" \/>\n<script type=\"application\/ld+json\" class=\"yoast-schema-graph\">{\"@context\":\"https:\\\/\\\/schema.org\",\"@graph\":[{\"@type\":\"Article\",\"@id\":\"https:\\\/\\\/macite.tg\\\/?p=14825#article\",\"isPartOf\":{\"@id\":\"https:\\\/\\\/macite.tg\\\/?p=14825\"},\"author\":{\"name\":\"Jean Pierre BAWELA\",\"@id\":\"https:\\\/\\\/macite.tg\\\/#\\\/schema\\\/person\\\/e9f2de7e5dbbe7770a9402c7ce82f5c2\"},\"headline\":\"LUTTE CONTRE LE TERRORISME : Une op\u00e9ration conjointe Togo-Tchad-Aes pour renforcer la r\u00e9silience des arm\u00e9es de ces pays\",\"datePublished\":\"2024-05-30T18:40:39+00:00\",\"dateModified\":\"2024-05-30T18:46:08+00:00\",\"mainEntityOfPage\":{\"@id\":\"https:\\\/\\\/macite.tg\\\/?p=14825\"},\"wordCount\":257,\"commentCount\":0,\"image\":{\"@id\":\"https:\\\/\\\/macite.tg\\\/?p=14825#primaryimage\"},\"thumbnailUrl\":\"https:\\\/\\\/macite.tg\\\/wp-content\\\/uploads\\\/2024\\\/05\\\/secu.jpg\",\"articleSection\":[\"ACTUALITE\",\"SECURITE\"],\"inLanguage\":\"fr-FR\",\"potentialAction\":[{\"@type\":\"CommentAction\",\"name\":\"Comment\",\"target\":[\"https:\\\/\\\/macite.tg\\\/?p=14825#respond\"]}]},{\"@type\":\"WebPage\",\"@id\":\"https:\\\/\\\/macite.tg\\\/?p=14825\",\"url\":\"https:\\\/\\\/macite.tg\\\/?p=14825\",\"name\":\"LUTTE CONTRE LE TERRORISME : Une op\u00e9ration conjointe Togo-Tchad-Aes pour renforcer la r\u00e9silience des arm\u00e9es de ces pays -\",\"isPartOf\":{\"@id\":\"https:\\\/\\\/macite.tg\\\/#website\"},\"primaryImageOfPage\":{\"@id\":\"https:\\\/\\\/macite.tg\\\/?p=14825#primaryimage\"},\"image\":{\"@id\":\"https:\\\/\\\/macite.tg\\\/?p=14825#primaryimage\"},\"thumbnailUrl\":\"https:\\\/\\\/macite.tg\\\/wp-content\\\/uploads\\\/2024\\\/05\\\/secu.jpg\",\"datePublished\":\"2024-05-30T18:40:39+00:00\",\"dateModified\":\"2024-05-30T18:46:08+00:00\",\"author\":{\"@id\":\"https:\\\/\\\/macite.tg\\\/#\\\/schema\\\/person\\\/e9f2de7e5dbbe7770a9402c7ce82f5c2\"},\"breadcrumb\":{\"@id\":\"https:\\\/\\\/macite.tg\\\/?p=14825#breadcrumb\"},\"inLanguage\":\"fr-FR\",\"potentialAction\":[{\"@type\":\"ReadAction\",\"target\":[\"https:\\\/\\\/macite.tg\\\/?p=14825\"]}]},{\"@type\":\"ImageObject\",\"inLanguage\":\"fr-FR\",\"@id\":\"https:\\\/\\\/macite.tg\\\/?p=14825#primaryimage\",\"url\":\"https:\\\/\\\/macite.tg\\\/wp-content\\\/uploads\\\/2024\\\/05\\\/secu.jpg\",\"contentUrl\":\"https:\\\/\\\/macite.tg\\\/wp-content\\\/uploads\\\/2024\\\/05\\\/secu.jpg\",\"width\":500,\"height\":333,\"caption\":\"Des militaires lors d'un exercise...\"},{\"@type\":\"BreadcrumbList\",\"@id\":\"https:\\\/\\\/macite.tg\\\/?p=14825#breadcrumb\",\"itemListElement\":[{\"@type\":\"ListItem\",\"position\":1,\"name\":\"Accueil\",\"item\":\"https:\\\/\\\/macite.tg\\\/\"},{\"@type\":\"ListItem\",\"position\":2,\"name\":\"LUTTE CONTRE LE TERRORISME : Une op\u00e9ration conjointe Togo-Tchad-Aes pour renforcer la r\u00e9silience des arm\u00e9es de ces pays\"}]},{\"@type\":\"WebSite\",\"@id\":\"https:\\\/\\\/macite.tg\\\/#website\",\"url\":\"https:\\\/\\\/macite.tg\\\/\",\"name\":\"\",\"description\":\"L&#039;information, la bonne!!!\",\"potentialAction\":[{\"@type\":\"SearchAction\",\"target\":{\"@type\":\"EntryPoint\",\"urlTemplate\":\"https:\\\/\\\/macite.tg\\\/?s={search_term_string}\"},\"query-input\":{\"@type\":\"PropertyValueSpecification\",\"valueRequired\":true,\"valueName\":\"search_term_string\"}}],\"inLanguage\":\"fr-FR\"},{\"@type\":\"Person\",\"@id\":\"https:\\\/\\\/macite.tg\\\/#\\\/schema\\\/person\\\/e9f2de7e5dbbe7770a9402c7ce82f5c2\",\"name\":\"Jean Pierre BAWELA\",\"image\":{\"@type\":\"ImageObject\",\"inLanguage\":\"fr-FR\",\"@id\":\"https:\\\/\\\/macite.tg\\\/wp-content\\\/uploads\\\/2023\\\/09\\\/WhatsApp-Image-2023-09-19-at-14.44.41-122x122.jpeg\",\"url\":\"https:\\\/\\\/macite.tg\\\/wp-content\\\/uploads\\\/2023\\\/09\\\/WhatsApp-Image-2023-09-19-at-14.44.41-122x122.jpeg\",\"contentUrl\":\"https:\\\/\\\/macite.tg\\\/wp-content\\\/uploads\\\/2023\\\/09\\\/WhatsApp-Image-2023-09-19-at-14.44.41-122x122.jpeg\",\"caption\":\"Jean Pierre BAWELA\"},\"url\":\"https:\\\/\\\/macite.tg\\\/?author=2\"}]}<\/script>\n<!-- \/ Yoast SEO plugin. -->","yoast_head_json":{"title":"LUTTE CONTRE LE TERRORISME : Une op\u00e9ration conjointe Togo-Tchad-Aes pour renforcer la r\u00e9silience des arm\u00e9es de ces pays -","robots":{"index":"index","follow":"follow","max-snippet":"max-snippet:-1","max-image-preview":"max-image-preview:large","max-video-preview":"max-video-preview:-1"},"canonical":"https:\/\/macite.tg\/?p=14825","og_locale":"fr_FR","og_type":"article","og_title":"LUTTE CONTRE LE TERRORISME : Une op\u00e9ration conjointe Togo-Tchad-Aes pour renforcer la r\u00e9silience des arm\u00e9es de ces pays -","og_description":"Le Togo et le Tchad participent aux c\u00f4t\u00e9s des pays de l\u2019Alliance des Etat du Shael (Aes), notamment le Burkina Faso, le Mali et le Tchad, \u00e0 des exercices militaires conjoints. Baptis\u00e9e op\u00e9ration \u2018\u2019Tarhanakal\u2019\u2019, ces exercices conjoints se veulent de renforcer les capacit\u00e9s op\u00e9rationnelle et [&hellip;]","og_url":"https:\/\/macite.tg\/?p=14825","article_published_time":"2024-05-30T18:40:39+00:00","article_modified_time":"2024-05-30T18:46:08+00:00","og_image":[{"width":500,"height":333,"url":"https:\/\/macite.tg\/wp-content\/uploads\/2024\/05\/secu.jpg","type":"image\/jpeg"}],"author":"Jean Pierre BAWELA","twitter_card":"summary_large_image","twitter_misc":{"\u00c9crit par":"Jean Pierre BAWELA","Dur\u00e9e de lecture estim\u00e9e":"1 minute"},"schema":{"@context":"https:\/\/schema.org","@graph":[{"@type":"Article","@id":"https:\/\/macite.tg\/?p=14825#article","isPartOf":{"@id":"https:\/\/macite.tg\/?p=14825"},"author":{"name":"Jean Pierre BAWELA","@id":"https:\/\/macite.tg\/#\/schema\/person\/e9f2de7e5dbbe7770a9402c7ce82f5c2"},"headline":"LUTTE CONTRE LE TERRORISME : Une op\u00e9ration conjointe Togo-Tchad-Aes pour renforcer la r\u00e9silience des arm\u00e9es de ces pays","datePublished":"2024-05-30T18:40:39+00:00","dateModified":"2024-05-30T18:46:08+00:00","mainEntityOfPage":{"@id":"https:\/\/macite.tg\/?p=14825"},"wordCount":257,"commentCount":0,"image":{"@id":"https:\/\/macite.tg\/?p=14825#primaryimage"},"thumbnailUrl":"https:\/\/macite.tg\/wp-content\/uploads\/2024\/05\/secu.jpg","articleSection":["ACTUALITE","SECURITE"],"inLanguage":"fr-FR","potentialAction":[{"@type":"CommentAction","name":"Comment","target":["https:\/\/macite.tg\/?p=14825#respond"]}]},{"@type":"WebPage","@id":"https:\/\/macite.tg\/?p=14825","url":"https:\/\/macite.tg\/?p=14825","name":"LUTTE CONTRE LE TERRORISME : Une op\u00e9ration conjointe Togo-Tchad-Aes pour renforcer la r\u00e9silience des arm\u00e9es de ces pays -","isPartOf":{"@id":"https:\/\/macite.tg\/#website"},"primaryImageOfPage":{"@id":"https:\/\/macite.tg\/?p=14825#primaryimage"},"image":{"@id":"https:\/\/macite.tg\/?p=14825#primaryimage"},"thumbnailUrl":"https:\/\/macite.tg\/wp-content\/uploads\/2024\/05\/secu.jpg","datePublished":"2024-05-30T18:40:39+00:00","dateModified":"2024-05-30T18:46:08+00:00","author":{"@id":"https:\/\/macite.tg\/#\/schema\/person\/e9f2de7e5dbbe7770a9402c7ce82f5c2"},"breadcrumb":{"@id":"https:\/\/macite.tg\/?p=14825#breadcrumb"},"inLanguage":"fr-FR","potentialAction":[{"@type":"ReadAction","target":["https:\/\/macite.tg\/?p=14825"]}]},{"@type":"ImageObject","inLanguage":"fr-FR","@id":"https:\/\/macite.tg\/?p=14825#primaryimage","url":"https:\/\/macite.tg\/wp-content\/uploads\/2024\/05\/secu.jpg","contentUrl":"https:\/\/macite.tg\/wp-content\/uploads\/2024\/05\/secu.jpg","width":500,"height":333,"caption":"Des militaires lors d'un exercise..."},{"@type":"BreadcrumbList","@id":"https:\/\/macite.tg\/?p=14825#breadcrumb","itemListElement":[{"@type":"ListItem","position":1,"name":"Accueil","item":"https:\/\/macite.tg\/"},{"@type":"ListItem","position":2,"name":"LUTTE CONTRE LE TERRORISME : Une op\u00e9ration conjointe Togo-Tchad-Aes pour renforcer la r\u00e9silience des arm\u00e9es de ces pays"}]},{"@type":"WebSite","@id":"https:\/\/macite.tg\/#website","url":"https:\/\/macite.tg\/","name":"","description":"L&#039;information, la bonne!!!","potentialAction":[{"@type":"SearchAction","target":{"@type":"EntryPoint","urlTemplate":"https:\/\/macite.tg\/?s={search_term_string}"},"query-input":{"@type":"PropertyValueSpecification","valueRequired":true,"valueName":"search_term_string"}}],"inLanguage":"fr-FR"},{"@type":"Person","@id":"https:\/\/macite.tg\/#\/schema\/person\/e9f2de7e5dbbe7770a9402c7ce82f5c2","name":"Jean Pierre BAWELA","image":{"@type":"ImageObject","inLanguage":"fr-FR","@id":"https:\/\/macite.tg\/wp-content\/uploads\/2023\/09\/WhatsApp-Image-2023-09-19-at-14.44.41-122x122.jpeg","url":"https:\/\/macite.tg\/wp-content\/uploads\/2023\/09\/WhatsApp-Image-2023-09-19-at-14.44.41-122x122.jpeg","contentUrl":"https:\/\/macite.tg\/wp-content\/uploads\/2023\/09\/WhatsApp-Image-2023-09-19-at-14.44.41-122x122.jpeg","caption":"Jean Pierre BAWELA"},"url":"https:\/\/macite.tg\/?author=2"}]}},"_links":{"self":[{"href":"https:\/\/macite.tg\/index.php?rest_route=\/wp\/v2\/posts\/14825","targetHints":{"allow":["GET"]}}],"collection":[{"href":"https:\/\/macite.tg\/index.php?rest_route=\/wp\/v2\/posts"}],"about":[{"href":"https:\/\/macite.tg\/index.php?rest_route=\/wp\/v2\/types\/post"}],"author":[{"embeddable":true,"href":"https:\/\/macite.tg\/index.php?rest_route=\/wp\/v2\/users\/2"}],"replies":[{"embeddable":true,"href":"https:\/\/macite.tg\/index.php?rest_route=%2Fwp%2Fv2%2Fcomments&post=14825"}],"version-history":[{"count":0,"href":"https:\/\/macite.tg\/index.php?rest_route=\/wp\/v2\/posts\/14825\/revisions"}],"wp:featuredmedia":[{"embeddable":true,"href":"https:\/\/macite.tg\/index.php?rest_route=\/wp\/v2\/media\/14827"}],"wp:attachment":[{"href":"https:\/\/macite.tg\/index.php?rest_route=%2Fwp%2Fv2%2Fmedia&parent=14825"}],"wp:term":[{"taxonomy":"category","embeddable":true,"href":"https:\/\/macite.tg\/index.php?rest_route=%2Fwp%2Fv2%2Fcategories&post=14825"},{"taxonomy":"post_tag","embeddable":true,"href":"https:\/\/macite.tg\/index.php?rest_route=%2Fwp%2Fv2%2Ftags&post=14825"}],"curies":[{"name":"wp","href":"https:\/\/api.w.org\/{rel}","templated":true}]}}