{"id":14819,"date":"2024-05-30T17:34:11","date_gmt":"2024-05-30T17:34:11","guid":{"rendered":"https:\/\/macite.tg\/?p=14819"},"modified":"2024-05-30T17:39:02","modified_gmt":"2024-05-30T17:39:02","slug":"presidence-deux-generaux-recus-par-le-chef-des-armees-le-president-faure-gnassingbe","status":"publish","type":"post","link":"https:\/\/macite.tg\/?p=14819","title":{"rendered":"PRESIDENCE\u00a0: Deux G\u00e9n\u00e9raux re\u00e7us par le Chef des Arm\u00e9es, le Pr\u00e9sident Faure Gnassingb\u00e9"},"content":{"rendered":"\n<p class=\"wp-block-paragraph\"><strong><em>Le Pr\u00e9sident de la R\u00e9publique, chef des arm\u00e9es, Faure Gnassingb\u00e9, a re\u00e7u ce jeudi 30 mai, le G\u00e9n\u00e9ral de Brigade Allahar\u00e9 Dimini, nouveau Chef d\u2019Etat-major g\u00e9n\u00e9ral (Cemg) des <strong><em>Forces arm\u00e9es togolaises<\/em><\/strong>. Peu avant lui, c\u2019est le G\u00e9n\u00e9ral de Brigade a\u00e9rienne Djato Tassounti, ancien chef d\u2019Etat-major g\u00e9n\u00e9ral des Forces arm\u00e9es togolaises, admis \u00e0 la retraite d\u2019anciennet\u00e9 au sein des Fat, qui a \u00e9t\u00e9 re\u00e7u\u2026<\/em><\/strong><\/p>\n\n\n\n<p class=\"wp-block-paragraph\">Ballet d\u2019audiences \u00e0 la Pr\u00e9sidence de la R\u00e9publique ce jeudi 30 mai 2024. Le Pr\u00e9sident de la R\u00e9publique, Chef des arm\u00e9es, Faure Essozimna Gnasisngb\u00e9, a re\u00e7u le G\u00e9n\u00e9ral de Brigade Allahar\u00e9 Dimini, nomm\u00e9 Chef d\u2019Etat-major g\u00e9n\u00e9ral des Fat le lundi 27 mai dernier. Le Chef des Arm\u00e9es l\u2019a f\u00e9licit\u00e9 pour sa nomination, avant de lui souhaiter plein succ\u00e8s dans ses nouvelles fonctions.<\/p>\n\n\n<div class=\"wp-block-image\">\n<figure class=\"aligncenter size-full\"><img loading=\"lazy\" decoding=\"async\" width=\"526\" height=\"526\" src=\"https:\/\/macite.tg\/wp-content\/uploads\/2024\/05\/Capmagne-de-recensement-fonciere_Golfe-2-et-4.jpg\" alt=\"\" class=\"wp-image-14789\" srcset=\"https:\/\/macite.tg\/wp-content\/uploads\/2024\/05\/Capmagne-de-recensement-fonciere_Golfe-2-et-4.jpg 526w, https:\/\/macite.tg\/wp-content\/uploads\/2024\/05\/Capmagne-de-recensement-fonciere_Golfe-2-et-4-300x300.jpg 300w, https:\/\/macite.tg\/wp-content\/uploads\/2024\/05\/Capmagne-de-recensement-fonciere_Golfe-2-et-4-150x150.jpg 150w, https:\/\/macite.tg\/wp-content\/uploads\/2024\/05\/Capmagne-de-recensement-fonciere_Golfe-2-et-4-122x122.jpg 122w\" sizes=\"auto, (max-width: 526px) 100vw, 526px\" \/><\/figure>\n<\/div>\n\n\n<p class=\"wp-block-paragraph\">Peu avant lui, le Pr\u00e9sident de la R\u00e9publique avait re\u00e7u l\u2019ancien Chef d\u2019Etat-major g\u00e9n\u00e9ral des Fat, le G\u00e9n\u00e9ral de Brigade a\u00e9rienne Djato Tassounti, admis \u00e0 faire valoir ses droits \u00e0 la retraite d\u2019anciennet\u00e9 au sein des Fat.<\/p>\n\n\n\n<p class=\"wp-block-paragraph\">L\u2019ancien Chef d\u2019Etat-major g\u00e9n\u00e9ral des Fat a \u00e9t\u00e9 f\u00e9licit\u00e9 pour sa brillante carri\u00e8re militaire qui va prendre un coup d\u2019arr\u00eat, mais aussi pour le service rendu \u00e0 la nation dans l\u2019exercice de ses fonctions.<\/p>\n\n\n\n<p class=\"wp-block-paragraph\">Le n\u00e9o retrait\u00e9 a saisi l\u2019occasion pour, d\u2019abord remerci\u00e9 le Chef des arm\u00e9es pour la confiance plac\u00e9e en lui et son soutien permanent durant sa carri\u00e8re, notamment avec la mise \u00e0 disposition de moyens op\u00e9rationnels ad\u00e9quats au profit des forces de d\u00e9fense et de s\u00e9curit\u00e9.<\/p>\n\n\n<div class=\"wp-block-image\">\n<figure class=\"aligncenter size-full\"><img loading=\"lazy\" decoding=\"async\" width=\"526\" height=\"526\" src=\"https:\/\/macite.tg\/wp-content\/uploads\/2024\/05\/444226499_122148587582176702_937254752976944278_n.jpg\" alt=\"\" class=\"wp-image-14821\" srcset=\"https:\/\/macite.tg\/wp-content\/uploads\/2024\/05\/444226499_122148587582176702_937254752976944278_n.jpg 526w, https:\/\/macite.tg\/wp-content\/uploads\/2024\/05\/444226499_122148587582176702_937254752976944278_n-300x300.jpg 300w, https:\/\/macite.tg\/wp-content\/uploads\/2024\/05\/444226499_122148587582176702_937254752976944278_n-150x150.jpg 150w, https:\/\/macite.tg\/wp-content\/uploads\/2024\/05\/444226499_122148587582176702_937254752976944278_n-122x122.jpg 122w\" sizes=\"auto, (max-width: 526px) 100vw, 526px\" \/><\/figure>\n<\/div>\n\n\n<p class=\"wp-block-paragraph\">Le g\u00e9n\u00e9ral de Brigade Djato Tassounti a, ensuite, r\u00e9it\u00e9r\u00e9 sa loyaut\u00e9 au Pr\u00e9sident de la R\u00e9publique dans sa politique de paix et de d\u00e9veloppement, mais aussi de s\u00e9curisation du pays.<\/p>\n\n\n\n<p class=\"wp-block-paragraph\"><strong>La R\u00e9daction<\/strong><\/p>\n\n\n\n<p class=\"wp-block-paragraph\"><strong><em>@macite.tg&nbsp;&nbsp;&nbsp;&nbsp;&nbsp;&nbsp;&nbsp;&nbsp;<\/em><\/strong><\/p>\n\n\n\n<p class=\"wp-block-paragraph\"><strong><em>E-mail&nbsp;: <\/em><\/strong><a href=\"mailto:maciteinfo@gmail.com\"><strong><em>maciteinfo@gmail.com<\/em><\/strong><\/a><strong><em>; <\/em><\/strong><a href=\"mailto:bawela1@gmail.com\"><strong><em>bawela1@gmail.com<\/em><\/strong><\/a><strong><em><\/em><\/strong><\/p>\n\n\n\n<p class=\"wp-block-paragraph\"><strong><em>Pour vos annonces, (publi)reportages, etc., joignez-nous au (00228)91515309\/<strong>79872224 <\/strong>www.macite.tg, L\u2019information, la bonne&nbsp;!<\/em><\/strong><\/p>\n","protected":false},"excerpt":{"rendered":"<p class=\"text-justify mb-2\" >Le Pr\u00e9sident de la R\u00e9publique, chef des arm\u00e9es, Faure Gnassingb\u00e9, a re\u00e7u ce jeudi 30 mai, le G\u00e9n\u00e9ral de Brigade Allahar\u00e9 Dimini, nouveau Chef d\u2019Etat-major g\u00e9n\u00e9ral (Cemg) des Forces arm\u00e9es togolaises. Peu avant lui, c\u2019est le G\u00e9n\u00e9ral de Brigade a\u00e9rienne Djato Tassounti, ancien chef d\u2019Etat-major [&hellip;]<\/p>\n","protected":false},"author":2,"featured_media":14820,"comment_status":"open","ping_status":"open","sticky":false,"template":"","format":"standard","meta":{"footnotes":""},"categories":[20,28],"tags":[],"class_list":["post-14819","post","type-post","status-publish","format-standard","has-post-thumbnail","hentry","category-actualite","category-securite"],"yoast_head":"<!-- This site is optimized with the Yoast SEO plugin v28.4 - https:\/\/yoast.com\/product\/yoast-seo-wordpress\/ -->\n<title>PRESIDENCE\u00a0: Deux G\u00e9n\u00e9raux re\u00e7us par le Chef des Arm\u00e9es, le Pr\u00e9sident Faure Gnassingb\u00e9 -<\/title>\n<meta name=\"robots\" content=\"index, follow, max-snippet:-1, max-image-preview:large, max-video-preview:-1\" \/>\n<link rel=\"canonical\" href=\"https:\/\/macite.tg\/?p=14819\" \/>\n<meta property=\"og:locale\" content=\"fr_FR\" \/>\n<meta property=\"og:type\" content=\"article\" \/>\n<meta property=\"og:title\" content=\"PRESIDENCE\u00a0: Deux G\u00e9n\u00e9raux re\u00e7us par le Chef des Arm\u00e9es, le Pr\u00e9sident Faure Gnassingb\u00e9 -\" \/>\n<meta property=\"og:description\" content=\"Le Pr\u00e9sident de la R\u00e9publique, chef des arm\u00e9es, Faure Gnassingb\u00e9, a re\u00e7u ce jeudi 30 mai, le G\u00e9n\u00e9ral de Brigade Allahar\u00e9 Dimini, nouveau Chef d\u2019Etat-major g\u00e9n\u00e9ral (Cemg) des Forces arm\u00e9es togolaises. Peu avant lui, c\u2019est le G\u00e9n\u00e9ral de Brigade a\u00e9rienne Djato Tassounti, ancien chef d\u2019Etat-major [&hellip;]\" \/>\n<meta property=\"og:url\" content=\"https:\/\/macite.tg\/?p=14819\" \/>\n<meta property=\"article:published_time\" content=\"2024-05-30T17:34:11+00:00\" \/>\n<meta property=\"article:modified_time\" content=\"2024-05-30T17:39:02+00:00\" \/>\n<meta property=\"og:image\" content=\"https:\/\/macite.tg\/wp-content\/uploads\/2024\/05\/FAT.jpg\" \/>\n\t<meta property=\"og:image:width\" content=\"500\" \/>\n\t<meta property=\"og:image:height\" content=\"185\" \/>\n\t<meta property=\"og:image:type\" content=\"image\/jpeg\" \/>\n<meta name=\"author\" content=\"Jean Pierre BAWELA\" \/>\n<meta name=\"twitter:card\" content=\"summary_large_image\" \/>\n<meta name=\"twitter:label1\" content=\"\u00c9crit par\" \/>\n\t<meta name=\"twitter:data1\" content=\"Jean Pierre BAWELA\" \/>\n\t<meta name=\"twitter:label2\" content=\"Dur\u00e9e de lecture estim\u00e9e\" \/>\n\t<meta name=\"twitter:data2\" content=\"2 minutes\" \/>\n<script type=\"application\/ld+json\" class=\"yoast-schema-graph\">{\"@context\":\"https:\\\/\\\/schema.org\",\"@graph\":[{\"@type\":\"Article\",\"@id\":\"https:\\\/\\\/macite.tg\\\/?p=14819#article\",\"isPartOf\":{\"@id\":\"https:\\\/\\\/macite.tg\\\/?p=14819\"},\"author\":{\"name\":\"Jean Pierre BAWELA\",\"@id\":\"https:\\\/\\\/macite.tg\\\/#\\\/schema\\\/person\\\/e9f2de7e5dbbe7770a9402c7ce82f5c2\"},\"headline\":\"PRESIDENCE\u00a0: Deux G\u00e9n\u00e9raux re\u00e7us par le Chef des Arm\u00e9es, le Pr\u00e9sident Faure Gnassingb\u00e9\",\"datePublished\":\"2024-05-30T17:34:11+00:00\",\"dateModified\":\"2024-05-30T17:39:02+00:00\",\"mainEntityOfPage\":{\"@id\":\"https:\\\/\\\/macite.tg\\\/?p=14819\"},\"wordCount\":390,\"commentCount\":0,\"image\":{\"@id\":\"https:\\\/\\\/macite.tg\\\/?p=14819#primaryimage\"},\"thumbnailUrl\":\"https:\\\/\\\/macite.tg\\\/wp-content\\\/uploads\\\/2024\\\/05\\\/FAT.jpg\",\"articleSection\":[\"ACTUALITE\",\"SECURITE\"],\"inLanguage\":\"fr-FR\",\"potentialAction\":[{\"@type\":\"CommentAction\",\"name\":\"Comment\",\"target\":[\"https:\\\/\\\/macite.tg\\\/?p=14819#respond\"]}]},{\"@type\":\"WebPage\",\"@id\":\"https:\\\/\\\/macite.tg\\\/?p=14819\",\"url\":\"https:\\\/\\\/macite.tg\\\/?p=14819\",\"name\":\"PRESIDENCE\u00a0: Deux G\u00e9n\u00e9raux re\u00e7us par le Chef des Arm\u00e9es, le Pr\u00e9sident Faure Gnassingb\u00e9 -\",\"isPartOf\":{\"@id\":\"https:\\\/\\\/macite.tg\\\/#website\"},\"primaryImageOfPage\":{\"@id\":\"https:\\\/\\\/macite.tg\\\/?p=14819#primaryimage\"},\"image\":{\"@id\":\"https:\\\/\\\/macite.tg\\\/?p=14819#primaryimage\"},\"thumbnailUrl\":\"https:\\\/\\\/macite.tg\\\/wp-content\\\/uploads\\\/2024\\\/05\\\/FAT.jpg\",\"datePublished\":\"2024-05-30T17:34:11+00:00\",\"dateModified\":\"2024-05-30T17:39:02+00:00\",\"author\":{\"@id\":\"https:\\\/\\\/macite.tg\\\/#\\\/schema\\\/person\\\/e9f2de7e5dbbe7770a9402c7ce82f5c2\"},\"breadcrumb\":{\"@id\":\"https:\\\/\\\/macite.tg\\\/?p=14819#breadcrumb\"},\"inLanguage\":\"fr-FR\",\"potentialAction\":[{\"@type\":\"ReadAction\",\"target\":[\"https:\\\/\\\/macite.tg\\\/?p=14819\"]}]},{\"@type\":\"ImageObject\",\"inLanguage\":\"fr-FR\",\"@id\":\"https:\\\/\\\/macite.tg\\\/?p=14819#primaryimage\",\"url\":\"https:\\\/\\\/macite.tg\\\/wp-content\\\/uploads\\\/2024\\\/05\\\/FAT.jpg\",\"contentUrl\":\"https:\\\/\\\/macite.tg\\\/wp-content\\\/uploads\\\/2024\\\/05\\\/FAT.jpg\",\"width\":500,\"height\":185,\"caption\":\"Les deux g\u00e9n\u00e9raux re\u00e7us par le Chef des arm\u00e9es, Faure Gnassingb\u00e9 ce jeudi \u00e0 la Pr\u00e9sidence Togolaise.\"},{\"@type\":\"BreadcrumbList\",\"@id\":\"https:\\\/\\\/macite.tg\\\/?p=14819#breadcrumb\",\"itemListElement\":[{\"@type\":\"ListItem\",\"position\":1,\"name\":\"Accueil\",\"item\":\"https:\\\/\\\/macite.tg\\\/\"},{\"@type\":\"ListItem\",\"position\":2,\"name\":\"PRESIDENCE\u00a0: Deux G\u00e9n\u00e9raux re\u00e7us par le Chef des Arm\u00e9es, le Pr\u00e9sident Faure Gnassingb\u00e9\"}]},{\"@type\":\"WebSite\",\"@id\":\"https:\\\/\\\/macite.tg\\\/#website\",\"url\":\"https:\\\/\\\/macite.tg\\\/\",\"name\":\"\",\"description\":\"L&#039;information, la bonne!!!\",\"potentialAction\":[{\"@type\":\"SearchAction\",\"target\":{\"@type\":\"EntryPoint\",\"urlTemplate\":\"https:\\\/\\\/macite.tg\\\/?s={search_term_string}\"},\"query-input\":{\"@type\":\"PropertyValueSpecification\",\"valueRequired\":true,\"valueName\":\"search_term_string\"}}],\"inLanguage\":\"fr-FR\"},{\"@type\":\"Person\",\"@id\":\"https:\\\/\\\/macite.tg\\\/#\\\/schema\\\/person\\\/e9f2de7e5dbbe7770a9402c7ce82f5c2\",\"name\":\"Jean Pierre BAWELA\",\"image\":{\"@type\":\"ImageObject\",\"inLanguage\":\"fr-FR\",\"@id\":\"https:\\\/\\\/macite.tg\\\/wp-content\\\/uploads\\\/2023\\\/09\\\/WhatsApp-Image-2023-09-19-at-14.44.41-122x122.jpeg\",\"url\":\"https:\\\/\\\/macite.tg\\\/wp-content\\\/uploads\\\/2023\\\/09\\\/WhatsApp-Image-2023-09-19-at-14.44.41-122x122.jpeg\",\"contentUrl\":\"https:\\\/\\\/macite.tg\\\/wp-content\\\/uploads\\\/2023\\\/09\\\/WhatsApp-Image-2023-09-19-at-14.44.41-122x122.jpeg\",\"caption\":\"Jean Pierre BAWELA\"},\"url\":\"https:\\\/\\\/macite.tg\\\/?author=2\"}]}<\/script>\n<!-- \/ Yoast SEO plugin. -->","yoast_head_json":{"title":"PRESIDENCE\u00a0: Deux G\u00e9n\u00e9raux re\u00e7us par le Chef des Arm\u00e9es, le Pr\u00e9sident Faure Gnassingb\u00e9 -","robots":{"index":"index","follow":"follow","max-snippet":"max-snippet:-1","max-image-preview":"max-image-preview:large","max-video-preview":"max-video-preview:-1"},"canonical":"https:\/\/macite.tg\/?p=14819","og_locale":"fr_FR","og_type":"article","og_title":"PRESIDENCE\u00a0: Deux G\u00e9n\u00e9raux re\u00e7us par le Chef des Arm\u00e9es, le Pr\u00e9sident Faure Gnassingb\u00e9 -","og_description":"Le Pr\u00e9sident de la R\u00e9publique, chef des arm\u00e9es, Faure Gnassingb\u00e9, a re\u00e7u ce jeudi 30 mai, le G\u00e9n\u00e9ral de Brigade Allahar\u00e9 Dimini, nouveau Chef d\u2019Etat-major g\u00e9n\u00e9ral (Cemg) des Forces arm\u00e9es togolaises. Peu avant lui, c\u2019est le G\u00e9n\u00e9ral de Brigade a\u00e9rienne Djato Tassounti, ancien chef d\u2019Etat-major [&hellip;]","og_url":"https:\/\/macite.tg\/?p=14819","article_published_time":"2024-05-30T17:34:11+00:00","article_modified_time":"2024-05-30T17:39:02+00:00","og_image":[{"width":500,"height":185,"url":"https:\/\/macite.tg\/wp-content\/uploads\/2024\/05\/FAT.jpg","type":"image\/jpeg"}],"author":"Jean Pierre BAWELA","twitter_card":"summary_large_image","twitter_misc":{"\u00c9crit par":"Jean Pierre BAWELA","Dur\u00e9e de lecture estim\u00e9e":"2 minutes"},"schema":{"@context":"https:\/\/schema.org","@graph":[{"@type":"Article","@id":"https:\/\/macite.tg\/?p=14819#article","isPartOf":{"@id":"https:\/\/macite.tg\/?p=14819"},"author":{"name":"Jean Pierre BAWELA","@id":"https:\/\/macite.tg\/#\/schema\/person\/e9f2de7e5dbbe7770a9402c7ce82f5c2"},"headline":"PRESIDENCE\u00a0: Deux G\u00e9n\u00e9raux re\u00e7us par le Chef des Arm\u00e9es, le Pr\u00e9sident Faure Gnassingb\u00e9","datePublished":"2024-05-30T17:34:11+00:00","dateModified":"2024-05-30T17:39:02+00:00","mainEntityOfPage":{"@id":"https:\/\/macite.tg\/?p=14819"},"wordCount":390,"commentCount":0,"image":{"@id":"https:\/\/macite.tg\/?p=14819#primaryimage"},"thumbnailUrl":"https:\/\/macite.tg\/wp-content\/uploads\/2024\/05\/FAT.jpg","articleSection":["ACTUALITE","SECURITE"],"inLanguage":"fr-FR","potentialAction":[{"@type":"CommentAction","name":"Comment","target":["https:\/\/macite.tg\/?p=14819#respond"]}]},{"@type":"WebPage","@id":"https:\/\/macite.tg\/?p=14819","url":"https:\/\/macite.tg\/?p=14819","name":"PRESIDENCE\u00a0: Deux G\u00e9n\u00e9raux re\u00e7us par le Chef des Arm\u00e9es, le Pr\u00e9sident Faure Gnassingb\u00e9 -","isPartOf":{"@id":"https:\/\/macite.tg\/#website"},"primaryImageOfPage":{"@id":"https:\/\/macite.tg\/?p=14819#primaryimage"},"image":{"@id":"https:\/\/macite.tg\/?p=14819#primaryimage"},"thumbnailUrl":"https:\/\/macite.tg\/wp-content\/uploads\/2024\/05\/FAT.jpg","datePublished":"2024-05-30T17:34:11+00:00","dateModified":"2024-05-30T17:39:02+00:00","author":{"@id":"https:\/\/macite.tg\/#\/schema\/person\/e9f2de7e5dbbe7770a9402c7ce82f5c2"},"breadcrumb":{"@id":"https:\/\/macite.tg\/?p=14819#breadcrumb"},"inLanguage":"fr-FR","potentialAction":[{"@type":"ReadAction","target":["https:\/\/macite.tg\/?p=14819"]}]},{"@type":"ImageObject","inLanguage":"fr-FR","@id":"https:\/\/macite.tg\/?p=14819#primaryimage","url":"https:\/\/macite.tg\/wp-content\/uploads\/2024\/05\/FAT.jpg","contentUrl":"https:\/\/macite.tg\/wp-content\/uploads\/2024\/05\/FAT.jpg","width":500,"height":185,"caption":"Les deux g\u00e9n\u00e9raux re\u00e7us par le Chef des arm\u00e9es, Faure Gnassingb\u00e9 ce jeudi \u00e0 la Pr\u00e9sidence Togolaise."},{"@type":"BreadcrumbList","@id":"https:\/\/macite.tg\/?p=14819#breadcrumb","itemListElement":[{"@type":"ListItem","position":1,"name":"Accueil","item":"https:\/\/macite.tg\/"},{"@type":"ListItem","position":2,"name":"PRESIDENCE\u00a0: Deux G\u00e9n\u00e9raux re\u00e7us par le Chef des Arm\u00e9es, le Pr\u00e9sident Faure Gnassingb\u00e9"}]},{"@type":"WebSite","@id":"https:\/\/macite.tg\/#website","url":"https:\/\/macite.tg\/","name":"","description":"L&#039;information, la bonne!!!","potentialAction":[{"@type":"SearchAction","target":{"@type":"EntryPoint","urlTemplate":"https:\/\/macite.tg\/?s={search_term_string}"},"query-input":{"@type":"PropertyValueSpecification","valueRequired":true,"valueName":"search_term_string"}}],"inLanguage":"fr-FR"},{"@type":"Person","@id":"https:\/\/macite.tg\/#\/schema\/person\/e9f2de7e5dbbe7770a9402c7ce82f5c2","name":"Jean Pierre BAWELA","image":{"@type":"ImageObject","inLanguage":"fr-FR","@id":"https:\/\/macite.tg\/wp-content\/uploads\/2023\/09\/WhatsApp-Image-2023-09-19-at-14.44.41-122x122.jpeg","url":"https:\/\/macite.tg\/wp-content\/uploads\/2023\/09\/WhatsApp-Image-2023-09-19-at-14.44.41-122x122.jpeg","contentUrl":"https:\/\/macite.tg\/wp-content\/uploads\/2023\/09\/WhatsApp-Image-2023-09-19-at-14.44.41-122x122.jpeg","caption":"Jean Pierre BAWELA"},"url":"https:\/\/macite.tg\/?author=2"}]}},"_links":{"self":[{"href":"https:\/\/macite.tg\/index.php?rest_route=\/wp\/v2\/posts\/14819","targetHints":{"allow":["GET"]}}],"collection":[{"href":"https:\/\/macite.tg\/index.php?rest_route=\/wp\/v2\/posts"}],"about":[{"href":"https:\/\/macite.tg\/index.php?rest_route=\/wp\/v2\/types\/post"}],"author":[{"embeddable":true,"href":"https:\/\/macite.tg\/index.php?rest_route=\/wp\/v2\/users\/2"}],"replies":[{"embeddable":true,"href":"https:\/\/macite.tg\/index.php?rest_route=%2Fwp%2Fv2%2Fcomments&post=14819"}],"version-history":[{"count":0,"href":"https:\/\/macite.tg\/index.php?rest_route=\/wp\/v2\/posts\/14819\/revisions"}],"wp:featuredmedia":[{"embeddable":true,"href":"https:\/\/macite.tg\/index.php?rest_route=\/wp\/v2\/media\/14820"}],"wp:attachment":[{"href":"https:\/\/macite.tg\/index.php?rest_route=%2Fwp%2Fv2%2Fmedia&parent=14819"}],"wp:term":[{"taxonomy":"category","embeddable":true,"href":"https:\/\/macite.tg\/index.php?rest_route=%2Fwp%2Fv2%2Fcategories&post=14819"},{"taxonomy":"post_tag","embeddable":true,"href":"https:\/\/macite.tg\/index.php?rest_route=%2Fwp%2Fv2%2Ftags&post=14819"}],"curies":[{"name":"wp","href":"https:\/\/api.w.org\/{rel}","templated":true}]}}