{"id":14813,"date":"2024-05-30T17:04:51","date_gmt":"2024-05-30T17:04:51","guid":{"rendered":"https:\/\/macite.tg\/?p=14813"},"modified":"2024-05-30T17:04:53","modified_gmt":"2024-05-30T17:04:53","slug":"festival-de-cannes-une-image-de-jesus-cree-la-polemique-video","status":"publish","type":"post","link":"https:\/\/macite.tg\/?p=14813","title":{"rendered":"FESTIVAL DE CANNES\u00a0: Une image de J\u00e9sus cr\u00e9e la pol\u00e9mique (vid\u00e9o)"},"content":{"rendered":"\n<p class=\"wp-block-paragraph\"><strong><em>Lors de la 77e \u00e9dition du Festival de Cannes, une vid\u00e9o est devenue virale sur les r\u00e9seaux sociaux montrant l\u2019actrice dominicaine Massiel Taveras \u00eatre bouscul\u00e9e par des agents de s\u00e9curit\u00e9 sur le tapis rouge alors qu\u2019elle essayait de d\u00e9ployer une image de J\u00e9sus-Christ peinte \u00e0 la main sur sa robe.<\/em><\/strong><\/p>\n\n\n\n<p class=\"wp-block-paragraph\">L\u2019actrice dominicaine Massiel Taveras \u00e9tait pr\u00e9sente \u00e0 l\u2019avant-premi\u00e8re du film fran\u00e7ais <em>\u00ab\u00a0Le Comte de Monte-Cristo\u00a0\u00bb<\/em> r\u00e9alis\u00e9 par Matthieu Delaporte le 22 mai dernier.<\/p>\n\n\n<div class=\"wp-block-image\">\n<figure class=\"aligncenter size-full\"><img loading=\"lazy\" decoding=\"async\" width=\"526\" height=\"526\" src=\"https:\/\/macite.tg\/wp-content\/uploads\/2024\/05\/Capmagne-de-recensement-fonciere_Golfe-2-et-4.jpg\" alt=\"\" class=\"wp-image-14789\" srcset=\"https:\/\/macite.tg\/wp-content\/uploads\/2024\/05\/Capmagne-de-recensement-fonciere_Golfe-2-et-4.jpg 526w, https:\/\/macite.tg\/wp-content\/uploads\/2024\/05\/Capmagne-de-recensement-fonciere_Golfe-2-et-4-300x300.jpg 300w, https:\/\/macite.tg\/wp-content\/uploads\/2024\/05\/Capmagne-de-recensement-fonciere_Golfe-2-et-4-150x150.jpg 150w, https:\/\/macite.tg\/wp-content\/uploads\/2024\/05\/Capmagne-de-recensement-fonciere_Golfe-2-et-4-122x122.jpg 122w\" sizes=\"auto, (max-width: 526px) 100vw, 526px\" \/><\/figure>\n<\/div>\n\n\n<p class=\"wp-block-paragraph\">L\u2019actrice, v\u00eatue d\u2019une robe noire et d\u2019une cape blanche, a essay\u00e9 de d\u00e9ployer sa tra\u00eene pour faire appara\u00eetre une image de J\u00e9sus-Christ portant une couronne d\u2019\u00e9pines, peinte \u00e0 la main sur son v\u00eatement. La sc\u00e8ne a \u00e9t\u00e9 enregistr\u00e9e et a suscit\u00e9 une vive controverse.<\/p>\n\n\n\n<p class=\"wp-block-paragraph\">Dans cette vid\u00e9o, l\u2019actrice \u00e2g\u00e9e de 39 ans, visiblement perturb\u00e9e, est interrompue par des agents de s\u00e9curit\u00e9 qui l\u2019emp\u00eachent de faire sa tra\u00eene.<\/p>\n\n\n\n<p class=\"wp-block-paragraph\">Massiel Taveras, qui&nbsp;avait \u00e9t\u00e9 \u00e9lue Miss R\u00e9publique dominicaine en 2007, ne s\u2019est pas laiss\u00e9e faire. C\u2019est alors qu\u2019une agente de s\u00e9curit\u00e9 l\u2019a press\u00e9e de continuer \u00e0 monter en la poussant dans le dos.<\/p>\n\n\n<div class=\"wp-block-image\">\n<figure class=\"aligncenter size-full is-resized\"><img loading=\"lazy\" decoding=\"async\" src=\"https:\/\/macite.tg\/wp-content\/uploads\/2024\/05\/IMG-20240313-WA0013-1.jpg\" alt=\"\" class=\"wp-image-14691\" width=\"834\" height=\"205\" srcset=\"https:\/\/macite.tg\/wp-content\/uploads\/2024\/05\/IMG-20240313-WA0013-1.jpg 690w, https:\/\/macite.tg\/wp-content\/uploads\/2024\/05\/IMG-20240313-WA0013-1-300x74.jpg 300w\" sizes=\"auto, (max-width: 834px) 100vw, 834px\" \/><\/figure>\n<\/div>\n\n\n<p class=\"wp-block-paragraph\">Massiel Taveras a r\u00e9agi sur les r\u00e9seaux sociaux peu apr\u00e8s l\u2019incident, d\u00e9clarant :&nbsp;<em>\u00ab J\u00e9sus est viral. C\u2019est le moment le plus puissant que j\u2019ai v\u00e9cu dans ma vie. Gloire \u00e0 Dieu. \u00bb<\/em>&nbsp;L\u2019actrice a re\u00e7u un large soutien des internautes, notamment sur X, qui ont exprim\u00e9 leur m\u00e9contentement face \u00e0 l\u2019attitude des agents.<\/p>\n\n\n\n<p class=\"wp-block-paragraph\">Partag\u00e9e sur X, la vid\u00e9o est devenue virale, recueillant&nbsp;pr\u00e8s de 40 millions de vues. Le protocole cannois est connu pour \u00eatre strict mais de nombreux internautes d\u00e9noncent une forme de discrimination religieuse.<\/p>\n\n\n\n<figure class=\"wp-block-embed is-type-rich is-provider-twitter wp-block-embed-twitter\"><div class=\"wp-block-embed__wrapper\">\nhttps:\/\/twitter.com\/i\/status\/1794433014099050597\n<\/div><\/figure>\n\n\n\n<p class=\"wp-block-paragraph\"><strong>SeneNews<\/strong><\/p>\n\n\n\n<p class=\"wp-block-paragraph\"><a><strong><em>@macite.tg&nbsp;&nbsp;&nbsp;&nbsp;&nbsp;&nbsp;&nbsp;&nbsp;<\/em><\/strong><\/a><\/p>\n\n\n\n<p class=\"wp-block-paragraph\"><strong><em>E-mail&nbsp;: <\/em><\/strong><a href=\"mailto:maciteinfo@gmail.com\"><em>maciteinfo@gmail.com<\/em><\/a><strong><em>; <\/em><\/strong><a href=\"mailto:bawela1@gmail.com\"><em>bawela1@gmail.com<\/em><\/a><em> <strong><\/strong><\/em><\/p>\n\n\n\n<p class=\"wp-block-paragraph\"><strong><em>Pour vos annonces, (publi)reportages, etc., joignez-nous au (00228)91515309\/<strong>79872224 <\/strong>www.macite.tg, L\u2019information, la bonne&nbsp;!<\/em><\/strong><\/p>\n","protected":false},"excerpt":{"rendered":"<p class=\"text-justify mb-2\" >Lors de la 77e \u00e9dition du Festival de Cannes, une vid\u00e9o est devenue virale sur les r\u00e9seaux sociaux montrant l\u2019actrice dominicaine Massiel Taveras \u00eatre bouscul\u00e9e par des agents de s\u00e9curit\u00e9 sur le tapis rouge alors qu\u2019elle essayait de d\u00e9ployer une image de J\u00e9sus-Christ peinte \u00e0 [&hellip;]<\/p>\n","protected":false},"author":2,"featured_media":14817,"comment_status":"open","ping_status":"open","sticky":false,"template":"","format":"standard","meta":{"footnotes":""},"categories":[20,11],"tags":[],"class_list":["post-14813","post","type-post","status-publish","format-standard","has-post-thumbnail","hentry","category-actualite","category-fait-divers"],"yoast_head":"<!-- This site is optimized with the Yoast SEO plugin v28.4 - https:\/\/yoast.com\/product\/yoast-seo-wordpress\/ -->\n<title>FESTIVAL DE CANNES\u00a0: Une image de J\u00e9sus cr\u00e9e la pol\u00e9mique (vid\u00e9o) -<\/title>\n<meta name=\"robots\" content=\"index, follow, max-snippet:-1, max-image-preview:large, max-video-preview:-1\" \/>\n<link rel=\"canonical\" href=\"https:\/\/macite.tg\/?p=14813\" \/>\n<meta property=\"og:locale\" content=\"fr_FR\" \/>\n<meta property=\"og:type\" content=\"article\" \/>\n<meta property=\"og:title\" content=\"FESTIVAL DE CANNES\u00a0: Une image de J\u00e9sus cr\u00e9e la pol\u00e9mique (vid\u00e9o) -\" \/>\n<meta property=\"og:description\" content=\"Lors de la 77e \u00e9dition du Festival de Cannes, une vid\u00e9o est devenue virale sur les r\u00e9seaux sociaux montrant l\u2019actrice dominicaine Massiel Taveras \u00eatre bouscul\u00e9e par des agents de s\u00e9curit\u00e9 sur le tapis rouge alors qu\u2019elle essayait de d\u00e9ployer une image de J\u00e9sus-Christ peinte \u00e0 [&hellip;]\" \/>\n<meta property=\"og:url\" content=\"https:\/\/macite.tg\/?p=14813\" \/>\n<meta property=\"article:published_time\" content=\"2024-05-30T17:04:51+00:00\" \/>\n<meta property=\"article:modified_time\" content=\"2024-05-30T17:04:53+00:00\" \/>\n<meta property=\"og:image\" content=\"https:\/\/macite.tg\/wp-content\/uploads\/2024\/05\/JESUS.jpg\" \/>\n\t<meta property=\"og:image:width\" content=\"500\" \/>\n\t<meta property=\"og:image:height\" content=\"282\" \/>\n\t<meta property=\"og:image:type\" content=\"image\/jpeg\" \/>\n<meta name=\"author\" content=\"Jean Pierre BAWELA\" \/>\n<meta name=\"twitter:card\" content=\"summary_large_image\" \/>\n<meta name=\"twitter:label1\" content=\"\u00c9crit par\" \/>\n\t<meta name=\"twitter:data1\" content=\"Jean Pierre BAWELA\" \/>\n\t<meta name=\"twitter:label2\" content=\"Dur\u00e9e de lecture estim\u00e9e\" \/>\n\t<meta name=\"twitter:data2\" content=\"2 minutes\" \/>\n<script type=\"application\/ld+json\" class=\"yoast-schema-graph\">{\"@context\":\"https:\\\/\\\/schema.org\",\"@graph\":[{\"@type\":\"Article\",\"@id\":\"https:\\\/\\\/macite.tg\\\/?p=14813#article\",\"isPartOf\":{\"@id\":\"https:\\\/\\\/macite.tg\\\/?p=14813\"},\"author\":{\"name\":\"Jean Pierre BAWELA\",\"@id\":\"https:\\\/\\\/macite.tg\\\/#\\\/schema\\\/person\\\/e9f2de7e5dbbe7770a9402c7ce82f5c2\"},\"headline\":\"FESTIVAL DE CANNES\u00a0: Une image de J\u00e9sus cr\u00e9e la pol\u00e9mique (vid\u00e9o)\",\"datePublished\":\"2024-05-30T17:04:51+00:00\",\"dateModified\":\"2024-05-30T17:04:53+00:00\",\"mainEntityOfPage\":{\"@id\":\"https:\\\/\\\/macite.tg\\\/?p=14813\"},\"wordCount\":366,\"commentCount\":0,\"image\":{\"@id\":\"https:\\\/\\\/macite.tg\\\/?p=14813#primaryimage\"},\"thumbnailUrl\":\"https:\\\/\\\/macite.tg\\\/wp-content\\\/uploads\\\/2024\\\/05\\\/JESUS.jpg\",\"articleSection\":[\"ACTUALITE\",\"FAIT DIVERS\"],\"inLanguage\":\"fr-FR\",\"potentialAction\":[{\"@type\":\"CommentAction\",\"name\":\"Comment\",\"target\":[\"https:\\\/\\\/macite.tg\\\/?p=14813#respond\"]}]},{\"@type\":\"WebPage\",\"@id\":\"https:\\\/\\\/macite.tg\\\/?p=14813\",\"url\":\"https:\\\/\\\/macite.tg\\\/?p=14813\",\"name\":\"FESTIVAL DE CANNES\u00a0: Une image de J\u00e9sus cr\u00e9e la pol\u00e9mique (vid\u00e9o) -\",\"isPartOf\":{\"@id\":\"https:\\\/\\\/macite.tg\\\/#website\"},\"primaryImageOfPage\":{\"@id\":\"https:\\\/\\\/macite.tg\\\/?p=14813#primaryimage\"},\"image\":{\"@id\":\"https:\\\/\\\/macite.tg\\\/?p=14813#primaryimage\"},\"thumbnailUrl\":\"https:\\\/\\\/macite.tg\\\/wp-content\\\/uploads\\\/2024\\\/05\\\/JESUS.jpg\",\"datePublished\":\"2024-05-30T17:04:51+00:00\",\"dateModified\":\"2024-05-30T17:04:53+00:00\",\"author\":{\"@id\":\"https:\\\/\\\/macite.tg\\\/#\\\/schema\\\/person\\\/e9f2de7e5dbbe7770a9402c7ce82f5c2\"},\"breadcrumb\":{\"@id\":\"https:\\\/\\\/macite.tg\\\/?p=14813#breadcrumb\"},\"inLanguage\":\"fr-FR\",\"potentialAction\":[{\"@type\":\"ReadAction\",\"target\":[\"https:\\\/\\\/macite.tg\\\/?p=14813\"]}]},{\"@type\":\"ImageObject\",\"inLanguage\":\"fr-FR\",\"@id\":\"https:\\\/\\\/macite.tg\\\/?p=14813#primaryimage\",\"url\":\"https:\\\/\\\/macite.tg\\\/wp-content\\\/uploads\\\/2024\\\/05\\\/JESUS.jpg\",\"contentUrl\":\"https:\\\/\\\/macite.tg\\\/wp-content\\\/uploads\\\/2024\\\/05\\\/JESUS.jpg\",\"width\":500,\"height\":282},{\"@type\":\"BreadcrumbList\",\"@id\":\"https:\\\/\\\/macite.tg\\\/?p=14813#breadcrumb\",\"itemListElement\":[{\"@type\":\"ListItem\",\"position\":1,\"name\":\"Accueil\",\"item\":\"https:\\\/\\\/macite.tg\\\/\"},{\"@type\":\"ListItem\",\"position\":2,\"name\":\"FESTIVAL DE CANNES\u00a0: Une image de J\u00e9sus cr\u00e9e la pol\u00e9mique (vid\u00e9o)\"}]},{\"@type\":\"WebSite\",\"@id\":\"https:\\\/\\\/macite.tg\\\/#website\",\"url\":\"https:\\\/\\\/macite.tg\\\/\",\"name\":\"\",\"description\":\"L&#039;information, la bonne!!!\",\"potentialAction\":[{\"@type\":\"SearchAction\",\"target\":{\"@type\":\"EntryPoint\",\"urlTemplate\":\"https:\\\/\\\/macite.tg\\\/?s={search_term_string}\"},\"query-input\":{\"@type\":\"PropertyValueSpecification\",\"valueRequired\":true,\"valueName\":\"search_term_string\"}}],\"inLanguage\":\"fr-FR\"},{\"@type\":\"Person\",\"@id\":\"https:\\\/\\\/macite.tg\\\/#\\\/schema\\\/person\\\/e9f2de7e5dbbe7770a9402c7ce82f5c2\",\"name\":\"Jean Pierre BAWELA\",\"image\":{\"@type\":\"ImageObject\",\"inLanguage\":\"fr-FR\",\"@id\":\"https:\\\/\\\/macite.tg\\\/wp-content\\\/uploads\\\/2023\\\/09\\\/WhatsApp-Image-2023-09-19-at-14.44.41-122x122.jpeg\",\"url\":\"https:\\\/\\\/macite.tg\\\/wp-content\\\/uploads\\\/2023\\\/09\\\/WhatsApp-Image-2023-09-19-at-14.44.41-122x122.jpeg\",\"contentUrl\":\"https:\\\/\\\/macite.tg\\\/wp-content\\\/uploads\\\/2023\\\/09\\\/WhatsApp-Image-2023-09-19-at-14.44.41-122x122.jpeg\",\"caption\":\"Jean Pierre BAWELA\"},\"url\":\"https:\\\/\\\/macite.tg\\\/?author=2\"}]}<\/script>\n<!-- \/ Yoast SEO plugin. -->","yoast_head_json":{"title":"FESTIVAL DE CANNES\u00a0: Une image de J\u00e9sus cr\u00e9e la pol\u00e9mique (vid\u00e9o) -","robots":{"index":"index","follow":"follow","max-snippet":"max-snippet:-1","max-image-preview":"max-image-preview:large","max-video-preview":"max-video-preview:-1"},"canonical":"https:\/\/macite.tg\/?p=14813","og_locale":"fr_FR","og_type":"article","og_title":"FESTIVAL DE CANNES\u00a0: Une image de J\u00e9sus cr\u00e9e la pol\u00e9mique (vid\u00e9o) -","og_description":"Lors de la 77e \u00e9dition du Festival de Cannes, une vid\u00e9o est devenue virale sur les r\u00e9seaux sociaux montrant l\u2019actrice dominicaine Massiel Taveras \u00eatre bouscul\u00e9e par des agents de s\u00e9curit\u00e9 sur le tapis rouge alors qu\u2019elle essayait de d\u00e9ployer une image de J\u00e9sus-Christ peinte \u00e0 [&hellip;]","og_url":"https:\/\/macite.tg\/?p=14813","article_published_time":"2024-05-30T17:04:51+00:00","article_modified_time":"2024-05-30T17:04:53+00:00","og_image":[{"width":500,"height":282,"url":"https:\/\/macite.tg\/wp-content\/uploads\/2024\/05\/JESUS.jpg","type":"image\/jpeg"}],"author":"Jean Pierre BAWELA","twitter_card":"summary_large_image","twitter_misc":{"\u00c9crit par":"Jean Pierre BAWELA","Dur\u00e9e de lecture estim\u00e9e":"2 minutes"},"schema":{"@context":"https:\/\/schema.org","@graph":[{"@type":"Article","@id":"https:\/\/macite.tg\/?p=14813#article","isPartOf":{"@id":"https:\/\/macite.tg\/?p=14813"},"author":{"name":"Jean Pierre BAWELA","@id":"https:\/\/macite.tg\/#\/schema\/person\/e9f2de7e5dbbe7770a9402c7ce82f5c2"},"headline":"FESTIVAL DE CANNES\u00a0: Une image de J\u00e9sus cr\u00e9e la pol\u00e9mique (vid\u00e9o)","datePublished":"2024-05-30T17:04:51+00:00","dateModified":"2024-05-30T17:04:53+00:00","mainEntityOfPage":{"@id":"https:\/\/macite.tg\/?p=14813"},"wordCount":366,"commentCount":0,"image":{"@id":"https:\/\/macite.tg\/?p=14813#primaryimage"},"thumbnailUrl":"https:\/\/macite.tg\/wp-content\/uploads\/2024\/05\/JESUS.jpg","articleSection":["ACTUALITE","FAIT DIVERS"],"inLanguage":"fr-FR","potentialAction":[{"@type":"CommentAction","name":"Comment","target":["https:\/\/macite.tg\/?p=14813#respond"]}]},{"@type":"WebPage","@id":"https:\/\/macite.tg\/?p=14813","url":"https:\/\/macite.tg\/?p=14813","name":"FESTIVAL DE CANNES\u00a0: Une image de J\u00e9sus cr\u00e9e la pol\u00e9mique (vid\u00e9o) -","isPartOf":{"@id":"https:\/\/macite.tg\/#website"},"primaryImageOfPage":{"@id":"https:\/\/macite.tg\/?p=14813#primaryimage"},"image":{"@id":"https:\/\/macite.tg\/?p=14813#primaryimage"},"thumbnailUrl":"https:\/\/macite.tg\/wp-content\/uploads\/2024\/05\/JESUS.jpg","datePublished":"2024-05-30T17:04:51+00:00","dateModified":"2024-05-30T17:04:53+00:00","author":{"@id":"https:\/\/macite.tg\/#\/schema\/person\/e9f2de7e5dbbe7770a9402c7ce82f5c2"},"breadcrumb":{"@id":"https:\/\/macite.tg\/?p=14813#breadcrumb"},"inLanguage":"fr-FR","potentialAction":[{"@type":"ReadAction","target":["https:\/\/macite.tg\/?p=14813"]}]},{"@type":"ImageObject","inLanguage":"fr-FR","@id":"https:\/\/macite.tg\/?p=14813#primaryimage","url":"https:\/\/macite.tg\/wp-content\/uploads\/2024\/05\/JESUS.jpg","contentUrl":"https:\/\/macite.tg\/wp-content\/uploads\/2024\/05\/JESUS.jpg","width":500,"height":282},{"@type":"BreadcrumbList","@id":"https:\/\/macite.tg\/?p=14813#breadcrumb","itemListElement":[{"@type":"ListItem","position":1,"name":"Accueil","item":"https:\/\/macite.tg\/"},{"@type":"ListItem","position":2,"name":"FESTIVAL DE CANNES\u00a0: Une image de J\u00e9sus cr\u00e9e la pol\u00e9mique (vid\u00e9o)"}]},{"@type":"WebSite","@id":"https:\/\/macite.tg\/#website","url":"https:\/\/macite.tg\/","name":"","description":"L&#039;information, la bonne!!!","potentialAction":[{"@type":"SearchAction","target":{"@type":"EntryPoint","urlTemplate":"https:\/\/macite.tg\/?s={search_term_string}"},"query-input":{"@type":"PropertyValueSpecification","valueRequired":true,"valueName":"search_term_string"}}],"inLanguage":"fr-FR"},{"@type":"Person","@id":"https:\/\/macite.tg\/#\/schema\/person\/e9f2de7e5dbbe7770a9402c7ce82f5c2","name":"Jean Pierre BAWELA","image":{"@type":"ImageObject","inLanguage":"fr-FR","@id":"https:\/\/macite.tg\/wp-content\/uploads\/2023\/09\/WhatsApp-Image-2023-09-19-at-14.44.41-122x122.jpeg","url":"https:\/\/macite.tg\/wp-content\/uploads\/2023\/09\/WhatsApp-Image-2023-09-19-at-14.44.41-122x122.jpeg","contentUrl":"https:\/\/macite.tg\/wp-content\/uploads\/2023\/09\/WhatsApp-Image-2023-09-19-at-14.44.41-122x122.jpeg","caption":"Jean Pierre BAWELA"},"url":"https:\/\/macite.tg\/?author=2"}]}},"_links":{"self":[{"href":"https:\/\/macite.tg\/index.php?rest_route=\/wp\/v2\/posts\/14813","targetHints":{"allow":["GET"]}}],"collection":[{"href":"https:\/\/macite.tg\/index.php?rest_route=\/wp\/v2\/posts"}],"about":[{"href":"https:\/\/macite.tg\/index.php?rest_route=\/wp\/v2\/types\/post"}],"author":[{"embeddable":true,"href":"https:\/\/macite.tg\/index.php?rest_route=\/wp\/v2\/users\/2"}],"replies":[{"embeddable":true,"href":"https:\/\/macite.tg\/index.php?rest_route=%2Fwp%2Fv2%2Fcomments&post=14813"}],"version-history":[{"count":0,"href":"https:\/\/macite.tg\/index.php?rest_route=\/wp\/v2\/posts\/14813\/revisions"}],"wp:featuredmedia":[{"embeddable":true,"href":"https:\/\/macite.tg\/index.php?rest_route=\/wp\/v2\/media\/14817"}],"wp:attachment":[{"href":"https:\/\/macite.tg\/index.php?rest_route=%2Fwp%2Fv2%2Fmedia&parent=14813"}],"wp:term":[{"taxonomy":"category","embeddable":true,"href":"https:\/\/macite.tg\/index.php?rest_route=%2Fwp%2Fv2%2Fcategories&post=14813"},{"taxonomy":"post_tag","embeddable":true,"href":"https:\/\/macite.tg\/index.php?rest_route=%2Fwp%2Fv2%2Ftags&post=14813"}],"curies":[{"name":"wp","href":"https:\/\/api.w.org\/{rel}","templated":true}]}}