{"id":14807,"date":"2024-05-30T12:26:01","date_gmt":"2024-05-30T12:26:01","guid":{"rendered":"https:\/\/macite.tg\/?p=14807"},"modified":"2024-05-30T12:26:05","modified_gmt":"2024-05-30T12:26:05","slug":"journee-mondiale-des-musee-jim-une-tournee-devaluation-des-collections-des-musees-publics-du-togo-pour-marquer-levenement","status":"publish","type":"post","link":"https:\/\/macite.tg\/?p=14807","title":{"rendered":"JOURNEE MONDIALE DES MUSEE (JIM) : Une tourn\u00e9e d\u2019\u00e9valuation des collections des mus\u00e9es publics du Togo pour marquer l\u2019\u00e9v\u00e9nement"},"content":{"rendered":"\n<p class=\"wp-block-paragraph\"><strong><em>Tous les 18 mai est c\u00e9l\u00e9br\u00e9 la Journ\u00e9e internationale des mus\u00e9es (Jim).\u00a0 \u00ab L<\/em><\/strong><em><strong>es<\/strong><\/em><strong><em>\u00a0<\/em><\/strong><em><strong>Mus\u00e9es pour l\u2019\u00e9ducation et la recherche<\/strong><\/em><strong><em>\u00a0\u00bb, tel est le th\u00e8me de l\u2019\u00e9dition 2024. Au Togo, l\u2019\u00e9v\u00e9nement a \u00e9t\u00e9 marqu\u00e9 par une tourn\u00e9e nationale d\u2019une \u00e9quipe de la Direction du patrimoine culturel (Dpc), du 15 au 18 mai dernier.<\/em><\/strong><\/p>\n\n\n\n<p class=\"wp-block-paragraph\">La communaut\u00e9 mus\u00e9ale a d\u00e9di\u00e9 chaque 18 mai, Journ\u00e9e internationale des mus\u00e9es (Jim), une occasion pour c\u00e9l\u00e9brer les joyaux culturels et historiques que renferment nos mus\u00e9es. Bien plus que de simples vitrines de biens culturels, ces institutions sont des foyers dynamiques de savoir et d\u2019apprentissage. <\/p>\n\n\n<div class=\"wp-block-image\">\n<figure class=\"aligncenter size-full\"><img loading=\"lazy\" decoding=\"async\" width=\"526\" height=\"526\" src=\"https:\/\/macite.tg\/wp-content\/uploads\/2024\/05\/Capmagne-de-recensement-fonciere_Golfe-2-et-4.jpg\" alt=\"\" class=\"wp-image-14789\" srcset=\"https:\/\/macite.tg\/wp-content\/uploads\/2024\/05\/Capmagne-de-recensement-fonciere_Golfe-2-et-4.jpg 526w, https:\/\/macite.tg\/wp-content\/uploads\/2024\/05\/Capmagne-de-recensement-fonciere_Golfe-2-et-4-300x300.jpg 300w, https:\/\/macite.tg\/wp-content\/uploads\/2024\/05\/Capmagne-de-recensement-fonciere_Golfe-2-et-4-150x150.jpg 150w, https:\/\/macite.tg\/wp-content\/uploads\/2024\/05\/Capmagne-de-recensement-fonciere_Golfe-2-et-4-122x122.jpg 122w\" sizes=\"auto, (max-width: 526px) 100vw, 526px\" \/><\/figure>\n<\/div>\n\n\n<p class=\"wp-block-paragraph\">Ces mus\u00e9es qui rendre nos histoires accessibles \u00e0 tous, jouent un r\u00f4le crucial dans la pr\u00e9servation et la transmission du patrimoine, transposant aux visiteurs un voyage \u00e0 travers le temps et les cultures. Le Togo dispose d\u2019un patrimoine culturel assez riche et divers, tant mobilier qu\u2019immobilier, log\u00e9 dans les mus\u00e9es publics pour la plupart.<\/p>\n\n\n\n<p class=\"wp-block-paragraph\">Cette tourn\u00e9e qui s\u2019est d\u00e9roul\u00e9e du 15 au 18 mai, a permis \u00e0 l\u2019\u00e9quipe de la Dpc de visiter les mus\u00e9s publics du pays, notamment le mus\u00e9e national du Togo \u00e0 Lom\u00e9, le mus\u00e9e r\u00e9gional maritime-est \u00e0 An\u00e9ho, le mus\u00e9e r\u00e9gional du Centre \u00e0 Sokod\u00e9, le mus\u00e9e r\u00e9gional de la Kara, \u00e0 Kara,&nbsp;et le mus\u00e9e r\u00e9gional des Savanes, \u00e0 Dapaong.<\/p>\n\n\n<div class=\"wp-block-image\">\n<figure class=\"aligncenter size-full is-resized\"><img loading=\"lazy\" decoding=\"async\" src=\"https:\/\/macite.tg\/wp-content\/uploads\/2024\/05\/52c644c6-6cf9-4860-afb3-162b5e4b8a56.jpg\" alt=\"\" class=\"wp-image-14738\" width=\"616\" height=\"844\" srcset=\"https:\/\/macite.tg\/wp-content\/uploads\/2024\/05\/52c644c6-6cf9-4860-afb3-162b5e4b8a56.jpg 720w, https:\/\/macite.tg\/wp-content\/uploads\/2024\/05\/52c644c6-6cf9-4860-afb3-162b5e4b8a56-219x300.jpg 219w\" sizes=\"auto, (max-width: 616px) 100vw, 616px\" \/><\/figure>\n<\/div>\n\n\n<p class=\"wp-block-paragraph\">A chaque \u00e9tape, l\u2019\u00e9quipe de la Dpc s\u2019est entretenu avec conservateur et examin\u00e9 des objets de la collection de l\u2019exposition permanente comme ceux de la r\u00e9serve. L\u2019objectif \u00e9tant de dresser un \u00e9tat de conservation de ces collections, notamment les documents administratifs disponibles&nbsp;et leur \u00e9tat de conservation, le nombre d\u2019objets de la collection&nbsp;(les objets document\u00e9s&nbsp;et les objets non document\u00e9s&nbsp;; le nombre objets expos\u00e9s&nbsp;; le nombre d\u2019objets \u00e0 la r\u00e9serve&nbsp;; le nombre d\u2019objets en pr\u00eat, etc.).<\/p>\n\n\n\n<p class=\"wp-block-paragraph\"><strong>La R\u00e9daction<\/strong><\/p>\n\n\n\n<p class=\"wp-block-paragraph\"><a><strong><em>@macite.tg&nbsp;&nbsp;&nbsp;&nbsp;&nbsp;&nbsp;&nbsp;&nbsp;<\/em><\/strong><\/a><\/p>\n\n\n\n<p class=\"wp-block-paragraph\"><strong><em>E-mail&nbsp;: <\/em><\/strong><a href=\"mailto:maciteinfo@gmail.com\"><strong>maciteinfo@gmail.com<\/strong><\/a><strong><em>; <\/em><\/strong><a href=\"mailto:bawela1@gmail.com\"><strong>bawela1@gmail.com<\/strong><\/a><strong> <em><\/em><\/strong><\/p>\n\n\n\n<p class=\"wp-block-paragraph\"><strong><em>Pour vos annonces, (publi)reportages, etc., joignez-nous au (00228)91515309\/<strong>79872224 <\/strong>www.macite.tg, L\u2019information, la bonne&nbsp;!<\/em><\/strong><\/p>\n","protected":false},"excerpt":{"rendered":"<p class=\"text-justify mb-2\" >Tous les 18 mai est c\u00e9l\u00e9br\u00e9 la Journ\u00e9e internationale des mus\u00e9es (Jim).\u00a0 \u00ab Les\u00a0Mus\u00e9es pour l\u2019\u00e9ducation et la recherche\u00a0\u00bb, tel est le th\u00e8me de l\u2019\u00e9dition 2024. Au Togo, l\u2019\u00e9v\u00e9nement a \u00e9t\u00e9 marqu\u00e9 par une tourn\u00e9e nationale d\u2019une \u00e9quipe de la Direction du patrimoine culturel (Dpc), [&hellip;]<\/p>\n","protected":false},"author":2,"featured_media":14809,"comment_status":"open","ping_status":"open","sticky":false,"template":"","format":"standard","meta":{"footnotes":""},"categories":[20,18],"tags":[],"class_list":["post-14807","post","type-post","status-publish","format-standard","has-post-thumbnail","hentry","category-actualite","category-culture"],"yoast_head":"<!-- This site is optimized with the Yoast SEO plugin v28.4 - https:\/\/yoast.com\/product\/yoast-seo-wordpress\/ -->\n<title>JOURNEE MONDIALE DES MUSEE (JIM) : Une tourn\u00e9e d\u2019\u00e9valuation des collections des mus\u00e9es publics du Togo pour marquer l\u2019\u00e9v\u00e9nement -<\/title>\n<meta name=\"robots\" content=\"index, follow, max-snippet:-1, max-image-preview:large, max-video-preview:-1\" \/>\n<link rel=\"canonical\" href=\"https:\/\/macite.tg\/?p=14807\" \/>\n<meta property=\"og:locale\" content=\"fr_FR\" \/>\n<meta property=\"og:type\" content=\"article\" \/>\n<meta property=\"og:title\" content=\"JOURNEE MONDIALE DES MUSEE (JIM) : Une tourn\u00e9e d\u2019\u00e9valuation des collections des mus\u00e9es publics du Togo pour marquer l\u2019\u00e9v\u00e9nement -\" \/>\n<meta property=\"og:description\" content=\"Tous les 18 mai est c\u00e9l\u00e9br\u00e9 la Journ\u00e9e internationale des mus\u00e9es (Jim).\u00a0 \u00ab Les\u00a0Mus\u00e9es pour l\u2019\u00e9ducation et la recherche\u00a0\u00bb, tel est le th\u00e8me de l\u2019\u00e9dition 2024. Au Togo, l\u2019\u00e9v\u00e9nement a \u00e9t\u00e9 marqu\u00e9 par une tourn\u00e9e nationale d\u2019une \u00e9quipe de la Direction du patrimoine culturel (Dpc), [&hellip;]\" \/>\n<meta property=\"og:url\" content=\"https:\/\/macite.tg\/?p=14807\" \/>\n<meta property=\"article:published_time\" content=\"2024-05-30T12:26:01+00:00\" \/>\n<meta property=\"article:modified_time\" content=\"2024-05-30T12:26:05+00:00\" \/>\n<meta property=\"og:image\" content=\"https:\/\/macite.tg\/wp-content\/uploads\/2024\/05\/MUS4.jpg\" \/>\n\t<meta property=\"og:image:width\" content=\"1080\" \/>\n\t<meta property=\"og:image:height\" content=\"810\" \/>\n\t<meta property=\"og:image:type\" content=\"image\/jpeg\" \/>\n<meta name=\"author\" content=\"Jean Pierre BAWELA\" \/>\n<meta name=\"twitter:card\" content=\"summary_large_image\" \/>\n<meta name=\"twitter:label1\" content=\"\u00c9crit par\" \/>\n\t<meta name=\"twitter:data1\" content=\"Jean Pierre BAWELA\" \/>\n\t<meta name=\"twitter:label2\" content=\"Dur\u00e9e de lecture estim\u00e9e\" \/>\n\t<meta name=\"twitter:data2\" content=\"2 minutes\" \/>\n<script type=\"application\/ld+json\" class=\"yoast-schema-graph\">{\"@context\":\"https:\\\/\\\/schema.org\",\"@graph\":[{\"@type\":\"Article\",\"@id\":\"https:\\\/\\\/macite.tg\\\/?p=14807#article\",\"isPartOf\":{\"@id\":\"https:\\\/\\\/macite.tg\\\/?p=14807\"},\"author\":{\"name\":\"Jean Pierre BAWELA\",\"@id\":\"https:\\\/\\\/macite.tg\\\/#\\\/schema\\\/person\\\/e9f2de7e5dbbe7770a9402c7ce82f5c2\"},\"headline\":\"JOURNEE MONDIALE DES MUSEE (JIM) : Une tourn\u00e9e d\u2019\u00e9valuation des collections des mus\u00e9es publics du Togo pour marquer l\u2019\u00e9v\u00e9nement\",\"datePublished\":\"2024-05-30T12:26:01+00:00\",\"dateModified\":\"2024-05-30T12:26:05+00:00\",\"mainEntityOfPage\":{\"@id\":\"https:\\\/\\\/macite.tg\\\/?p=14807\"},\"wordCount\":395,\"commentCount\":0,\"image\":{\"@id\":\"https:\\\/\\\/macite.tg\\\/?p=14807#primaryimage\"},\"thumbnailUrl\":\"https:\\\/\\\/macite.tg\\\/wp-content\\\/uploads\\\/2024\\\/05\\\/MUS4.jpg\",\"articleSection\":[\"ACTUALITE\",\"CULTURE\"],\"inLanguage\":\"fr-FR\",\"potentialAction\":[{\"@type\":\"CommentAction\",\"name\":\"Comment\",\"target\":[\"https:\\\/\\\/macite.tg\\\/?p=14807#respond\"]}]},{\"@type\":\"WebPage\",\"@id\":\"https:\\\/\\\/macite.tg\\\/?p=14807\",\"url\":\"https:\\\/\\\/macite.tg\\\/?p=14807\",\"name\":\"JOURNEE MONDIALE DES MUSEE (JIM) : Une tourn\u00e9e d\u2019\u00e9valuation des collections des mus\u00e9es publics du Togo pour marquer l\u2019\u00e9v\u00e9nement -\",\"isPartOf\":{\"@id\":\"https:\\\/\\\/macite.tg\\\/#website\"},\"primaryImageOfPage\":{\"@id\":\"https:\\\/\\\/macite.tg\\\/?p=14807#primaryimage\"},\"image\":{\"@id\":\"https:\\\/\\\/macite.tg\\\/?p=14807#primaryimage\"},\"thumbnailUrl\":\"https:\\\/\\\/macite.tg\\\/wp-content\\\/uploads\\\/2024\\\/05\\\/MUS4.jpg\",\"datePublished\":\"2024-05-30T12:26:01+00:00\",\"dateModified\":\"2024-05-30T12:26:05+00:00\",\"author\":{\"@id\":\"https:\\\/\\\/macite.tg\\\/#\\\/schema\\\/person\\\/e9f2de7e5dbbe7770a9402c7ce82f5c2\"},\"breadcrumb\":{\"@id\":\"https:\\\/\\\/macite.tg\\\/?p=14807#breadcrumb\"},\"inLanguage\":\"fr-FR\",\"potentialAction\":[{\"@type\":\"ReadAction\",\"target\":[\"https:\\\/\\\/macite.tg\\\/?p=14807\"]}]},{\"@type\":\"ImageObject\",\"inLanguage\":\"fr-FR\",\"@id\":\"https:\\\/\\\/macite.tg\\\/?p=14807#primaryimage\",\"url\":\"https:\\\/\\\/macite.tg\\\/wp-content\\\/uploads\\\/2024\\\/05\\\/MUS4.jpg\",\"contentUrl\":\"https:\\\/\\\/macite.tg\\\/wp-content\\\/uploads\\\/2024\\\/05\\\/MUS4.jpg\",\"width\":1080,\"height\":810},{\"@type\":\"BreadcrumbList\",\"@id\":\"https:\\\/\\\/macite.tg\\\/?p=14807#breadcrumb\",\"itemListElement\":[{\"@type\":\"ListItem\",\"position\":1,\"name\":\"Accueil\",\"item\":\"https:\\\/\\\/macite.tg\\\/\"},{\"@type\":\"ListItem\",\"position\":2,\"name\":\"JOURNEE MONDIALE DES MUSEE (JIM) : Une tourn\u00e9e d\u2019\u00e9valuation des collections des mus\u00e9es publics du Togo pour marquer l\u2019\u00e9v\u00e9nement\"}]},{\"@type\":\"WebSite\",\"@id\":\"https:\\\/\\\/macite.tg\\\/#website\",\"url\":\"https:\\\/\\\/macite.tg\\\/\",\"name\":\"\",\"description\":\"L&#039;information, la bonne!!!\",\"potentialAction\":[{\"@type\":\"SearchAction\",\"target\":{\"@type\":\"EntryPoint\",\"urlTemplate\":\"https:\\\/\\\/macite.tg\\\/?s={search_term_string}\"},\"query-input\":{\"@type\":\"PropertyValueSpecification\",\"valueRequired\":true,\"valueName\":\"search_term_string\"}}],\"inLanguage\":\"fr-FR\"},{\"@type\":\"Person\",\"@id\":\"https:\\\/\\\/macite.tg\\\/#\\\/schema\\\/person\\\/e9f2de7e5dbbe7770a9402c7ce82f5c2\",\"name\":\"Jean Pierre BAWELA\",\"image\":{\"@type\":\"ImageObject\",\"inLanguage\":\"fr-FR\",\"@id\":\"https:\\\/\\\/macite.tg\\\/wp-content\\\/uploads\\\/2023\\\/09\\\/WhatsApp-Image-2023-09-19-at-14.44.41-122x122.jpeg\",\"url\":\"https:\\\/\\\/macite.tg\\\/wp-content\\\/uploads\\\/2023\\\/09\\\/WhatsApp-Image-2023-09-19-at-14.44.41-122x122.jpeg\",\"contentUrl\":\"https:\\\/\\\/macite.tg\\\/wp-content\\\/uploads\\\/2023\\\/09\\\/WhatsApp-Image-2023-09-19-at-14.44.41-122x122.jpeg\",\"caption\":\"Jean Pierre BAWELA\"},\"url\":\"https:\\\/\\\/macite.tg\\\/?author=2\"}]}<\/script>\n<!-- \/ Yoast SEO plugin. -->","yoast_head_json":{"title":"JOURNEE MONDIALE DES MUSEE (JIM) : Une tourn\u00e9e d\u2019\u00e9valuation des collections des mus\u00e9es publics du Togo pour marquer l\u2019\u00e9v\u00e9nement -","robots":{"index":"index","follow":"follow","max-snippet":"max-snippet:-1","max-image-preview":"max-image-preview:large","max-video-preview":"max-video-preview:-1"},"canonical":"https:\/\/macite.tg\/?p=14807","og_locale":"fr_FR","og_type":"article","og_title":"JOURNEE MONDIALE DES MUSEE (JIM) : Une tourn\u00e9e d\u2019\u00e9valuation des collections des mus\u00e9es publics du Togo pour marquer l\u2019\u00e9v\u00e9nement -","og_description":"Tous les 18 mai est c\u00e9l\u00e9br\u00e9 la Journ\u00e9e internationale des mus\u00e9es (Jim).\u00a0 \u00ab Les\u00a0Mus\u00e9es pour l\u2019\u00e9ducation et la recherche\u00a0\u00bb, tel est le th\u00e8me de l\u2019\u00e9dition 2024. Au Togo, l\u2019\u00e9v\u00e9nement a \u00e9t\u00e9 marqu\u00e9 par une tourn\u00e9e nationale d\u2019une \u00e9quipe de la Direction du patrimoine culturel (Dpc), [&hellip;]","og_url":"https:\/\/macite.tg\/?p=14807","article_published_time":"2024-05-30T12:26:01+00:00","article_modified_time":"2024-05-30T12:26:05+00:00","og_image":[{"width":1080,"height":810,"url":"https:\/\/macite.tg\/wp-content\/uploads\/2024\/05\/MUS4.jpg","type":"image\/jpeg"}],"author":"Jean Pierre BAWELA","twitter_card":"summary_large_image","twitter_misc":{"\u00c9crit par":"Jean Pierre BAWELA","Dur\u00e9e de lecture estim\u00e9e":"2 minutes"},"schema":{"@context":"https:\/\/schema.org","@graph":[{"@type":"Article","@id":"https:\/\/macite.tg\/?p=14807#article","isPartOf":{"@id":"https:\/\/macite.tg\/?p=14807"},"author":{"name":"Jean Pierre BAWELA","@id":"https:\/\/macite.tg\/#\/schema\/person\/e9f2de7e5dbbe7770a9402c7ce82f5c2"},"headline":"JOURNEE MONDIALE DES MUSEE (JIM) : Une tourn\u00e9e d\u2019\u00e9valuation des collections des mus\u00e9es publics du Togo pour marquer l\u2019\u00e9v\u00e9nement","datePublished":"2024-05-30T12:26:01+00:00","dateModified":"2024-05-30T12:26:05+00:00","mainEntityOfPage":{"@id":"https:\/\/macite.tg\/?p=14807"},"wordCount":395,"commentCount":0,"image":{"@id":"https:\/\/macite.tg\/?p=14807#primaryimage"},"thumbnailUrl":"https:\/\/macite.tg\/wp-content\/uploads\/2024\/05\/MUS4.jpg","articleSection":["ACTUALITE","CULTURE"],"inLanguage":"fr-FR","potentialAction":[{"@type":"CommentAction","name":"Comment","target":["https:\/\/macite.tg\/?p=14807#respond"]}]},{"@type":"WebPage","@id":"https:\/\/macite.tg\/?p=14807","url":"https:\/\/macite.tg\/?p=14807","name":"JOURNEE MONDIALE DES MUSEE (JIM) : Une tourn\u00e9e d\u2019\u00e9valuation des collections des mus\u00e9es publics du Togo pour marquer l\u2019\u00e9v\u00e9nement -","isPartOf":{"@id":"https:\/\/macite.tg\/#website"},"primaryImageOfPage":{"@id":"https:\/\/macite.tg\/?p=14807#primaryimage"},"image":{"@id":"https:\/\/macite.tg\/?p=14807#primaryimage"},"thumbnailUrl":"https:\/\/macite.tg\/wp-content\/uploads\/2024\/05\/MUS4.jpg","datePublished":"2024-05-30T12:26:01+00:00","dateModified":"2024-05-30T12:26:05+00:00","author":{"@id":"https:\/\/macite.tg\/#\/schema\/person\/e9f2de7e5dbbe7770a9402c7ce82f5c2"},"breadcrumb":{"@id":"https:\/\/macite.tg\/?p=14807#breadcrumb"},"inLanguage":"fr-FR","potentialAction":[{"@type":"ReadAction","target":["https:\/\/macite.tg\/?p=14807"]}]},{"@type":"ImageObject","inLanguage":"fr-FR","@id":"https:\/\/macite.tg\/?p=14807#primaryimage","url":"https:\/\/macite.tg\/wp-content\/uploads\/2024\/05\/MUS4.jpg","contentUrl":"https:\/\/macite.tg\/wp-content\/uploads\/2024\/05\/MUS4.jpg","width":1080,"height":810},{"@type":"BreadcrumbList","@id":"https:\/\/macite.tg\/?p=14807#breadcrumb","itemListElement":[{"@type":"ListItem","position":1,"name":"Accueil","item":"https:\/\/macite.tg\/"},{"@type":"ListItem","position":2,"name":"JOURNEE MONDIALE DES MUSEE (JIM) : Une tourn\u00e9e d\u2019\u00e9valuation des collections des mus\u00e9es publics du Togo pour marquer l\u2019\u00e9v\u00e9nement"}]},{"@type":"WebSite","@id":"https:\/\/macite.tg\/#website","url":"https:\/\/macite.tg\/","name":"","description":"L&#039;information, la bonne!!!","potentialAction":[{"@type":"SearchAction","target":{"@type":"EntryPoint","urlTemplate":"https:\/\/macite.tg\/?s={search_term_string}"},"query-input":{"@type":"PropertyValueSpecification","valueRequired":true,"valueName":"search_term_string"}}],"inLanguage":"fr-FR"},{"@type":"Person","@id":"https:\/\/macite.tg\/#\/schema\/person\/e9f2de7e5dbbe7770a9402c7ce82f5c2","name":"Jean Pierre BAWELA","image":{"@type":"ImageObject","inLanguage":"fr-FR","@id":"https:\/\/macite.tg\/wp-content\/uploads\/2023\/09\/WhatsApp-Image-2023-09-19-at-14.44.41-122x122.jpeg","url":"https:\/\/macite.tg\/wp-content\/uploads\/2023\/09\/WhatsApp-Image-2023-09-19-at-14.44.41-122x122.jpeg","contentUrl":"https:\/\/macite.tg\/wp-content\/uploads\/2023\/09\/WhatsApp-Image-2023-09-19-at-14.44.41-122x122.jpeg","caption":"Jean Pierre BAWELA"},"url":"https:\/\/macite.tg\/?author=2"}]}},"_links":{"self":[{"href":"https:\/\/macite.tg\/index.php?rest_route=\/wp\/v2\/posts\/14807","targetHints":{"allow":["GET"]}}],"collection":[{"href":"https:\/\/macite.tg\/index.php?rest_route=\/wp\/v2\/posts"}],"about":[{"href":"https:\/\/macite.tg\/index.php?rest_route=\/wp\/v2\/types\/post"}],"author":[{"embeddable":true,"href":"https:\/\/macite.tg\/index.php?rest_route=\/wp\/v2\/users\/2"}],"replies":[{"embeddable":true,"href":"https:\/\/macite.tg\/index.php?rest_route=%2Fwp%2Fv2%2Fcomments&post=14807"}],"version-history":[{"count":0,"href":"https:\/\/macite.tg\/index.php?rest_route=\/wp\/v2\/posts\/14807\/revisions"}],"wp:featuredmedia":[{"embeddable":true,"href":"https:\/\/macite.tg\/index.php?rest_route=\/wp\/v2\/media\/14809"}],"wp:attachment":[{"href":"https:\/\/macite.tg\/index.php?rest_route=%2Fwp%2Fv2%2Fmedia&parent=14807"}],"wp:term":[{"taxonomy":"category","embeddable":true,"href":"https:\/\/macite.tg\/index.php?rest_route=%2Fwp%2Fv2%2Fcategories&post=14807"},{"taxonomy":"post_tag","embeddable":true,"href":"https:\/\/macite.tg\/index.php?rest_route=%2Fwp%2Fv2%2Ftags&post=14807"}],"curies":[{"name":"wp","href":"https:\/\/api.w.org\/{rel}","templated":true}]}}