{"id":14804,"date":"2024-05-30T11:55:58","date_gmt":"2024-05-30T11:55:58","guid":{"rendered":"https:\/\/macite.tg\/?p=14804"},"modified":"2024-05-30T11:56:00","modified_gmt":"2024-05-30T11:56:00","slug":"budget-vert-un-atelier-pour-marquer-la-premiere-activite-du-bv-2025","status":"publish","type":"post","link":"https:\/\/macite.tg\/?p=14804","title":{"rendered":"BUDGET VERT\u00a0: Un atelier pour marquer la premi\u00e8re activit\u00e9 du BV 2025\u2026"},"content":{"rendered":"\n<p class=\"wp-block-paragraph\"><strong><em>Le Togo s\u2019est engag\u00e9 depuis 2023 \u00e0 mettre en \u0153uvre la budg\u00e9tisation sensible au climat et \u00e0 l\u2019environnement, ceci dans le cadre de la r\u00e9forme de la gestion des finances publiques vertes. Apr\u00e8s l\u2019adoption d\u2019une d\u00e9marche progressive visant la couverture int\u00e9grale de l\u2019administration centrale, place d\u00e9sormais \u00e0 l\u2019impr\u00e9gnation des acteurs du processus de la budg\u00e9tisation verte dans l\u2019ensemble des minist\u00e8res. Du 21 mai au 03 juin prochain, un atelier de renforcement des capacit\u00e9s regroupe \u00e0 Lom\u00e9, les acteurs techniques autour de la th\u00e9matique \u00e9mergente qu\u2019est la budg\u00e9tisation verte et sa m\u00e9thodologie.<\/em><\/strong><\/p>\n\n\n\n<p class=\"wp-block-paragraph\">Cet atelier de renforcement des capacit\u00e9s qui marque ainsi officiellement la 1ere activit\u00e9 de BV 2025, est une occasion pour les 70 points focaux mais \u00e9galement les cadres des minist\u00e8res en charge de l\u2019Economie et des finances et services rattach\u00e9s, de la planification, de l\u2019environnement et des institutions, d\u2019\u00eatre outill\u00e9s sur les notions de bases des changements climatiques et protection de l\u2019environnement, le processus de la budg\u00e9tisation verte et la m\u00e9thodologie de budg\u00e9tisation int\u00e9grant les changements climatiques et l\u2019environnement. Au terme des travaux, les participants seront \u00e0 m\u00eame de faire une analyse de l\u2019impact environnemental des d\u00e9penses dans le budget et de l\u2019\u00e9laboration du budget vert 2025.<\/p>\n\n\n<div class=\"wp-block-image\">\n<figure class=\"aligncenter size-full\"><img loading=\"lazy\" decoding=\"async\" width=\"526\" height=\"526\" src=\"https:\/\/macite.tg\/wp-content\/uploads\/2024\/05\/Capmagne-de-recensement-fonciere_Golfe-2-et-4.jpg\" alt=\"\" class=\"wp-image-14789\" srcset=\"https:\/\/macite.tg\/wp-content\/uploads\/2024\/05\/Capmagne-de-recensement-fonciere_Golfe-2-et-4.jpg 526w, https:\/\/macite.tg\/wp-content\/uploads\/2024\/05\/Capmagne-de-recensement-fonciere_Golfe-2-et-4-300x300.jpg 300w, https:\/\/macite.tg\/wp-content\/uploads\/2024\/05\/Capmagne-de-recensement-fonciere_Golfe-2-et-4-150x150.jpg 150w, https:\/\/macite.tg\/wp-content\/uploads\/2024\/05\/Capmagne-de-recensement-fonciere_Golfe-2-et-4-122x122.jpg 122w\" sizes=\"auto, (max-width: 526px) 100vw, 526px\" \/><\/figure>\n<\/div>\n\n\n<p class=\"wp-block-paragraph\">Depuis 2023, le Togo s\u2019est engag\u00e9 \u00e0 mettre en \u0153uvre la budg\u00e9tisation sensible au climat et \u00e0 l\u2019environnement. Cette r\u00e9forme vise \u00e0 prendre en compte les aspects des changements climatiques et de protection de l\u2019environnement dans l\u2019ensemble du cycle budg\u00e9taire.<\/p>\n\n\n\n<p class=\"wp-block-paragraph\">Ainsi, le processus de la budg\u00e9tisation verte qui a d\u00e9marr\u00e9 avec une phase pilote avec neuf (09) minist\u00e8res, a abouti \u00e0 l\u2019\u00e9laboration du premier document du budget vert exercice 2024, une annexe au projet de loi de finances de l\u2019ann\u00e9e 2024. Ceci a permis au Togo d\u2019int\u00e9grer la sph\u00e8re des pays pionnier. De neuf minist\u00e8res au d\u00e9marrage de la phase pilote, treize nouveaux minist\u00e8res et deux institutions ont \u00e9t\u00e9 int\u00e9gr\u00e9s au syst\u00e8me lors de la seconde \u00e9dition du budget vert (Bv), portant l\u2019ensemble \u00e0 25 entit\u00e9s, minist\u00e8res et institutions confondus.<\/p>\n\n\n<div class=\"wp-block-image\">\n<figure class=\"aligncenter size-full is-resized\"><img loading=\"lazy\" decoding=\"async\" src=\"https:\/\/macite.tg\/wp-content\/uploads\/2024\/05\/94afb483-137f-401c-801e-d00f46460038.jpg\" alt=\"\" class=\"wp-image-14737\" width=\"529\" height=\"733\" srcset=\"https:\/\/macite.tg\/wp-content\/uploads\/2024\/05\/94afb483-137f-401c-801e-d00f46460038.jpg 720w, https:\/\/macite.tg\/wp-content\/uploads\/2024\/05\/94afb483-137f-401c-801e-d00f46460038-217x300.jpg 217w\" sizes=\"auto, (max-width: 529px) 100vw, 529px\" \/><\/figure>\n<\/div>\n\n\n<p class=\"wp-block-paragraph\">Rappelons ce pr\u00e9sent atelier est plac\u00e9 sous la coordination du Directeur g\u00e9n\u00e9ral du Budget et des finances, Anapka Essokziza, et l\u2019encadrement technique du Conseiller r\u00e9sident du Fmi aupr\u00e8s du ministre de l\u2019Economie et des finances, Amina Bila Bambara.<\/p>\n\n\n\n<p class=\"wp-block-paragraph\"><strong>JPB<\/strong><\/p>\n\n\n\n<p class=\"wp-block-paragraph\"><a><strong><em>@macite.tg&nbsp;&nbsp;&nbsp;&nbsp;&nbsp;&nbsp;&nbsp;&nbsp;<\/em><\/strong><\/a><\/p>\n\n\n\n<p class=\"wp-block-paragraph\"><strong><em>E-mail&nbsp;: <\/em><\/strong><a href=\"mailto:maciteinfo@gmail.com\"><em>maciteinfo@gmail.com<\/em><\/a><strong><em>; <\/em><\/strong><a href=\"mailto:bawela1@gmail.com\"><em>bawela1@gmail.com<\/em><\/a><em> <strong><\/strong><\/em><\/p>\n\n\n\n<p class=\"wp-block-paragraph\"><strong><em>Pour vos annonces, (publi)reportages, etc., joignez-nous au (00228)91515309\/<strong>79872224 <\/strong>www.macite.tg, L\u2019information, la bonne&nbsp;!<\/em><\/strong><\/p>\n","protected":false},"excerpt":{"rendered":"<p class=\"text-justify mb-2\" >Le Togo s\u2019est engag\u00e9 depuis 2023 \u00e0 mettre en \u0153uvre la budg\u00e9tisation sensible au climat et \u00e0 l\u2019environnement, ceci dans le cadre de la r\u00e9forme de la gestion des finances publiques vertes. Apr\u00e8s l\u2019adoption d\u2019une d\u00e9marche progressive visant la couverture int\u00e9grale de l\u2019administration centrale, place [&hellip;]<\/p>\n","protected":false},"author":2,"featured_media":14805,"comment_status":"open","ping_status":"open","sticky":false,"template":"","format":"standard","meta":{"footnotes":""},"categories":[3,19],"tags":[],"class_list":["post-14804","post","type-post","status-publish","format-standard","has-post-thumbnail","hentry","category-economie","category-environnement"],"yoast_head":"<!-- This site is optimized with the Yoast SEO plugin v28.4 - https:\/\/yoast.com\/product\/yoast-seo-wordpress\/ -->\n<title>BUDGET VERT\u00a0: Un atelier pour marquer la premi\u00e8re activit\u00e9 du BV 2025\u2026 -<\/title>\n<meta name=\"robots\" content=\"index, follow, max-snippet:-1, max-image-preview:large, max-video-preview:-1\" \/>\n<link rel=\"canonical\" href=\"https:\/\/macite.tg\/?p=14804\" \/>\n<meta property=\"og:locale\" content=\"fr_FR\" \/>\n<meta property=\"og:type\" content=\"article\" \/>\n<meta property=\"og:title\" content=\"BUDGET VERT\u00a0: Un atelier pour marquer la premi\u00e8re activit\u00e9 du BV 2025\u2026 -\" \/>\n<meta property=\"og:description\" content=\"Le Togo s\u2019est engag\u00e9 depuis 2023 \u00e0 mettre en \u0153uvre la budg\u00e9tisation sensible au climat et \u00e0 l\u2019environnement, ceci dans le cadre de la r\u00e9forme de la gestion des finances publiques vertes. Apr\u00e8s l\u2019adoption d\u2019une d\u00e9marche progressive visant la couverture int\u00e9grale de l\u2019administration centrale, place [&hellip;]\" \/>\n<meta property=\"og:url\" content=\"https:\/\/macite.tg\/?p=14804\" \/>\n<meta property=\"article:published_time\" content=\"2024-05-30T11:55:58+00:00\" \/>\n<meta property=\"article:modified_time\" content=\"2024-05-30T11:56:00+00:00\" \/>\n<meta property=\"og:image\" content=\"https:\/\/macite.tg\/wp-content\/uploads\/2024\/05\/BV-25.jpg\" \/>\n\t<meta property=\"og:image:width\" content=\"500\" \/>\n\t<meta property=\"og:image:height\" content=\"204\" \/>\n\t<meta property=\"og:image:type\" content=\"image\/jpeg\" \/>\n<meta name=\"author\" content=\"Jean Pierre BAWELA\" \/>\n<meta name=\"twitter:card\" content=\"summary_large_image\" \/>\n<meta name=\"twitter:label1\" content=\"\u00c9crit par\" \/>\n\t<meta name=\"twitter:data1\" content=\"Jean Pierre BAWELA\" \/>\n\t<meta name=\"twitter:label2\" content=\"Dur\u00e9e de lecture estim\u00e9e\" \/>\n\t<meta name=\"twitter:data2\" content=\"2 minutes\" \/>\n<script type=\"application\/ld+json\" class=\"yoast-schema-graph\">{\"@context\":\"https:\\\/\\\/schema.org\",\"@graph\":[{\"@type\":\"Article\",\"@id\":\"https:\\\/\\\/macite.tg\\\/?p=14804#article\",\"isPartOf\":{\"@id\":\"https:\\\/\\\/macite.tg\\\/?p=14804\"},\"author\":{\"name\":\"Jean Pierre BAWELA\",\"@id\":\"https:\\\/\\\/macite.tg\\\/#\\\/schema\\\/person\\\/e9f2de7e5dbbe7770a9402c7ce82f5c2\"},\"headline\":\"BUDGET VERT\u00a0: Un atelier pour marquer la premi\u00e8re activit\u00e9 du BV 2025\u2026\",\"datePublished\":\"2024-05-30T11:55:58+00:00\",\"dateModified\":\"2024-05-30T11:56:00+00:00\",\"mainEntityOfPage\":{\"@id\":\"https:\\\/\\\/macite.tg\\\/?p=14804\"},\"wordCount\":462,\"commentCount\":0,\"image\":{\"@id\":\"https:\\\/\\\/macite.tg\\\/?p=14804#primaryimage\"},\"thumbnailUrl\":\"https:\\\/\\\/macite.tg\\\/wp-content\\\/uploads\\\/2024\\\/05\\\/BV-25.jpg\",\"articleSection\":[\"ECONOMIE\",\"ENVIRONNEMENT\"],\"inLanguage\":\"fr-FR\",\"potentialAction\":[{\"@type\":\"CommentAction\",\"name\":\"Comment\",\"target\":[\"https:\\\/\\\/macite.tg\\\/?p=14804#respond\"]}]},{\"@type\":\"WebPage\",\"@id\":\"https:\\\/\\\/macite.tg\\\/?p=14804\",\"url\":\"https:\\\/\\\/macite.tg\\\/?p=14804\",\"name\":\"BUDGET VERT\u00a0: Un atelier pour marquer la premi\u00e8re activit\u00e9 du BV 2025\u2026 -\",\"isPartOf\":{\"@id\":\"https:\\\/\\\/macite.tg\\\/#website\"},\"primaryImageOfPage\":{\"@id\":\"https:\\\/\\\/macite.tg\\\/?p=14804#primaryimage\"},\"image\":{\"@id\":\"https:\\\/\\\/macite.tg\\\/?p=14804#primaryimage\"},\"thumbnailUrl\":\"https:\\\/\\\/macite.tg\\\/wp-content\\\/uploads\\\/2024\\\/05\\\/BV-25.jpg\",\"datePublished\":\"2024-05-30T11:55:58+00:00\",\"dateModified\":\"2024-05-30T11:56:00+00:00\",\"author\":{\"@id\":\"https:\\\/\\\/macite.tg\\\/#\\\/schema\\\/person\\\/e9f2de7e5dbbe7770a9402c7ce82f5c2\"},\"breadcrumb\":{\"@id\":\"https:\\\/\\\/macite.tg\\\/?p=14804#breadcrumb\"},\"inLanguage\":\"fr-FR\",\"potentialAction\":[{\"@type\":\"ReadAction\",\"target\":[\"https:\\\/\\\/macite.tg\\\/?p=14804\"]}]},{\"@type\":\"ImageObject\",\"inLanguage\":\"fr-FR\",\"@id\":\"https:\\\/\\\/macite.tg\\\/?p=14804#primaryimage\",\"url\":\"https:\\\/\\\/macite.tg\\\/wp-content\\\/uploads\\\/2024\\\/05\\\/BV-25.jpg\",\"contentUrl\":\"https:\\\/\\\/macite.tg\\\/wp-content\\\/uploads\\\/2024\\\/05\\\/BV-25.jpg\",\"width\":500,\"height\":204,\"caption\":\"Les participants \u00e0 l'ouverture de l'atelier de renforcement de capacit\u00e9s sur le BV 25.\"},{\"@type\":\"BreadcrumbList\",\"@id\":\"https:\\\/\\\/macite.tg\\\/?p=14804#breadcrumb\",\"itemListElement\":[{\"@type\":\"ListItem\",\"position\":1,\"name\":\"Accueil\",\"item\":\"https:\\\/\\\/macite.tg\\\/\"},{\"@type\":\"ListItem\",\"position\":2,\"name\":\"BUDGET VERT\u00a0: Un atelier pour marquer la premi\u00e8re activit\u00e9 du BV 2025\u2026\"}]},{\"@type\":\"WebSite\",\"@id\":\"https:\\\/\\\/macite.tg\\\/#website\",\"url\":\"https:\\\/\\\/macite.tg\\\/\",\"name\":\"\",\"description\":\"L&#039;information, la bonne!!!\",\"potentialAction\":[{\"@type\":\"SearchAction\",\"target\":{\"@type\":\"EntryPoint\",\"urlTemplate\":\"https:\\\/\\\/macite.tg\\\/?s={search_term_string}\"},\"query-input\":{\"@type\":\"PropertyValueSpecification\",\"valueRequired\":true,\"valueName\":\"search_term_string\"}}],\"inLanguage\":\"fr-FR\"},{\"@type\":\"Person\",\"@id\":\"https:\\\/\\\/macite.tg\\\/#\\\/schema\\\/person\\\/e9f2de7e5dbbe7770a9402c7ce82f5c2\",\"name\":\"Jean Pierre BAWELA\",\"image\":{\"@type\":\"ImageObject\",\"inLanguage\":\"fr-FR\",\"@id\":\"https:\\\/\\\/macite.tg\\\/wp-content\\\/uploads\\\/2023\\\/09\\\/WhatsApp-Image-2023-09-19-at-14.44.41-122x122.jpeg\",\"url\":\"https:\\\/\\\/macite.tg\\\/wp-content\\\/uploads\\\/2023\\\/09\\\/WhatsApp-Image-2023-09-19-at-14.44.41-122x122.jpeg\",\"contentUrl\":\"https:\\\/\\\/macite.tg\\\/wp-content\\\/uploads\\\/2023\\\/09\\\/WhatsApp-Image-2023-09-19-at-14.44.41-122x122.jpeg\",\"caption\":\"Jean Pierre BAWELA\"},\"url\":\"https:\\\/\\\/macite.tg\\\/?author=2\"}]}<\/script>\n<!-- \/ Yoast SEO plugin. -->","yoast_head_json":{"title":"BUDGET VERT\u00a0: Un atelier pour marquer la premi\u00e8re activit\u00e9 du BV 2025\u2026 -","robots":{"index":"index","follow":"follow","max-snippet":"max-snippet:-1","max-image-preview":"max-image-preview:large","max-video-preview":"max-video-preview:-1"},"canonical":"https:\/\/macite.tg\/?p=14804","og_locale":"fr_FR","og_type":"article","og_title":"BUDGET VERT\u00a0: Un atelier pour marquer la premi\u00e8re activit\u00e9 du BV 2025\u2026 -","og_description":"Le Togo s\u2019est engag\u00e9 depuis 2023 \u00e0 mettre en \u0153uvre la budg\u00e9tisation sensible au climat et \u00e0 l\u2019environnement, ceci dans le cadre de la r\u00e9forme de la gestion des finances publiques vertes. Apr\u00e8s l\u2019adoption d\u2019une d\u00e9marche progressive visant la couverture int\u00e9grale de l\u2019administration centrale, place [&hellip;]","og_url":"https:\/\/macite.tg\/?p=14804","article_published_time":"2024-05-30T11:55:58+00:00","article_modified_time":"2024-05-30T11:56:00+00:00","og_image":[{"width":500,"height":204,"url":"https:\/\/macite.tg\/wp-content\/uploads\/2024\/05\/BV-25.jpg","type":"image\/jpeg"}],"author":"Jean Pierre BAWELA","twitter_card":"summary_large_image","twitter_misc":{"\u00c9crit par":"Jean Pierre BAWELA","Dur\u00e9e de lecture estim\u00e9e":"2 minutes"},"schema":{"@context":"https:\/\/schema.org","@graph":[{"@type":"Article","@id":"https:\/\/macite.tg\/?p=14804#article","isPartOf":{"@id":"https:\/\/macite.tg\/?p=14804"},"author":{"name":"Jean Pierre BAWELA","@id":"https:\/\/macite.tg\/#\/schema\/person\/e9f2de7e5dbbe7770a9402c7ce82f5c2"},"headline":"BUDGET VERT\u00a0: Un atelier pour marquer la premi\u00e8re activit\u00e9 du BV 2025\u2026","datePublished":"2024-05-30T11:55:58+00:00","dateModified":"2024-05-30T11:56:00+00:00","mainEntityOfPage":{"@id":"https:\/\/macite.tg\/?p=14804"},"wordCount":462,"commentCount":0,"image":{"@id":"https:\/\/macite.tg\/?p=14804#primaryimage"},"thumbnailUrl":"https:\/\/macite.tg\/wp-content\/uploads\/2024\/05\/BV-25.jpg","articleSection":["ECONOMIE","ENVIRONNEMENT"],"inLanguage":"fr-FR","potentialAction":[{"@type":"CommentAction","name":"Comment","target":["https:\/\/macite.tg\/?p=14804#respond"]}]},{"@type":"WebPage","@id":"https:\/\/macite.tg\/?p=14804","url":"https:\/\/macite.tg\/?p=14804","name":"BUDGET VERT\u00a0: Un atelier pour marquer la premi\u00e8re activit\u00e9 du BV 2025\u2026 -","isPartOf":{"@id":"https:\/\/macite.tg\/#website"},"primaryImageOfPage":{"@id":"https:\/\/macite.tg\/?p=14804#primaryimage"},"image":{"@id":"https:\/\/macite.tg\/?p=14804#primaryimage"},"thumbnailUrl":"https:\/\/macite.tg\/wp-content\/uploads\/2024\/05\/BV-25.jpg","datePublished":"2024-05-30T11:55:58+00:00","dateModified":"2024-05-30T11:56:00+00:00","author":{"@id":"https:\/\/macite.tg\/#\/schema\/person\/e9f2de7e5dbbe7770a9402c7ce82f5c2"},"breadcrumb":{"@id":"https:\/\/macite.tg\/?p=14804#breadcrumb"},"inLanguage":"fr-FR","potentialAction":[{"@type":"ReadAction","target":["https:\/\/macite.tg\/?p=14804"]}]},{"@type":"ImageObject","inLanguage":"fr-FR","@id":"https:\/\/macite.tg\/?p=14804#primaryimage","url":"https:\/\/macite.tg\/wp-content\/uploads\/2024\/05\/BV-25.jpg","contentUrl":"https:\/\/macite.tg\/wp-content\/uploads\/2024\/05\/BV-25.jpg","width":500,"height":204,"caption":"Les participants \u00e0 l'ouverture de l'atelier de renforcement de capacit\u00e9s sur le BV 25."},{"@type":"BreadcrumbList","@id":"https:\/\/macite.tg\/?p=14804#breadcrumb","itemListElement":[{"@type":"ListItem","position":1,"name":"Accueil","item":"https:\/\/macite.tg\/"},{"@type":"ListItem","position":2,"name":"BUDGET VERT\u00a0: Un atelier pour marquer la premi\u00e8re activit\u00e9 du BV 2025\u2026"}]},{"@type":"WebSite","@id":"https:\/\/macite.tg\/#website","url":"https:\/\/macite.tg\/","name":"","description":"L&#039;information, la bonne!!!","potentialAction":[{"@type":"SearchAction","target":{"@type":"EntryPoint","urlTemplate":"https:\/\/macite.tg\/?s={search_term_string}"},"query-input":{"@type":"PropertyValueSpecification","valueRequired":true,"valueName":"search_term_string"}}],"inLanguage":"fr-FR"},{"@type":"Person","@id":"https:\/\/macite.tg\/#\/schema\/person\/e9f2de7e5dbbe7770a9402c7ce82f5c2","name":"Jean Pierre BAWELA","image":{"@type":"ImageObject","inLanguage":"fr-FR","@id":"https:\/\/macite.tg\/wp-content\/uploads\/2023\/09\/WhatsApp-Image-2023-09-19-at-14.44.41-122x122.jpeg","url":"https:\/\/macite.tg\/wp-content\/uploads\/2023\/09\/WhatsApp-Image-2023-09-19-at-14.44.41-122x122.jpeg","contentUrl":"https:\/\/macite.tg\/wp-content\/uploads\/2023\/09\/WhatsApp-Image-2023-09-19-at-14.44.41-122x122.jpeg","caption":"Jean Pierre BAWELA"},"url":"https:\/\/macite.tg\/?author=2"}]}},"_links":{"self":[{"href":"https:\/\/macite.tg\/index.php?rest_route=\/wp\/v2\/posts\/14804","targetHints":{"allow":["GET"]}}],"collection":[{"href":"https:\/\/macite.tg\/index.php?rest_route=\/wp\/v2\/posts"}],"about":[{"href":"https:\/\/macite.tg\/index.php?rest_route=\/wp\/v2\/types\/post"}],"author":[{"embeddable":true,"href":"https:\/\/macite.tg\/index.php?rest_route=\/wp\/v2\/users\/2"}],"replies":[{"embeddable":true,"href":"https:\/\/macite.tg\/index.php?rest_route=%2Fwp%2Fv2%2Fcomments&post=14804"}],"version-history":[{"count":0,"href":"https:\/\/macite.tg\/index.php?rest_route=\/wp\/v2\/posts\/14804\/revisions"}],"wp:featuredmedia":[{"embeddable":true,"href":"https:\/\/macite.tg\/index.php?rest_route=\/wp\/v2\/media\/14805"}],"wp:attachment":[{"href":"https:\/\/macite.tg\/index.php?rest_route=%2Fwp%2Fv2%2Fmedia&parent=14804"}],"wp:term":[{"taxonomy":"category","embeddable":true,"href":"https:\/\/macite.tg\/index.php?rest_route=%2Fwp%2Fv2%2Fcategories&post=14804"},{"taxonomy":"post_tag","embeddable":true,"href":"https:\/\/macite.tg\/index.php?rest_route=%2Fwp%2Fv2%2Ftags&post=14804"}],"curies":[{"name":"wp","href":"https:\/\/api.w.org\/{rel}","templated":true}]}}