{"id":14796,"date":"2024-05-30T10:38:28","date_gmt":"2024-05-30T10:38:28","guid":{"rendered":"https:\/\/macite.tg\/?p=14796"},"modified":"2024-05-30T10:53:46","modified_gmt":"2024-05-30T10:53:46","slug":"pluies-diluviennes-le-170-pour-signaler-tout-cas-dinondation","status":"publish","type":"post","link":"https:\/\/macite.tg\/?p=14796","title":{"rendered":"RELIGION : Le Christianisme n\u2019est pas une religion d\u2019origine occidentale&#8230;"},"content":{"rendered":"\n<p class=\"wp-block-paragraph\"><strong>Les Actes des Ap\u00f4tres nous rapportent que <em>\u00ab c\u2019est \u00e0 Antioche que les disciples re\u00e7urent pour la premi\u00e8re fois le nom de chr\u00e9tiens (Actes 11, 2). Les chr\u00e9tiens sont donc des disciples du Christ qui reconnaissent en Lui le seul Sauveur de l\u2019humanit\u00e9, vrai Dieu et vrai homme. Leur foi repose sur le t\u00e9moignage des proph\u00e8tes (Ancien Testament) et celui des Ap\u00f4tres tel qu\u2019il nous est transmis par le Nouveau Testament dans lesquels les quatre Evangiles tiennent une place privil\u00e9gi\u00e9e. Ceux-ci ont \u00e9t\u00e9 \u00e9crits par les Ap\u00f4tres Matthieu et Jean ou des disciples proches de Pierre (Marc) et de Paul (Luc) et racontent les faits importants de la vie de J\u00e9sus, les signes qu\u2019il a accomplis, le message, la Bonne Nouvelle qu\u2019il est venu annoncer. Le Christianisme n\u2019est donc pas une philosophie mais une religion, avec des dogmes, des commandements et des pr\u00e9ceptes \u00e0 observer. Depuis l\u2019Antiquit\u00e9 gr\u00e9co-romaine, les chr\u00e9tiens sont confront\u00e9s \u00e0 un dilemme vivre dans un monde, ce monde-ci, sans \u00eatre du monde \u00bb.<\/em><\/strong><\/p>\n\n\n\n<p class=\"wp-block-paragraph\">L\u2019Eglise a une conception de l\u2019homme (anthropologie) qui part de la foi en Dieu notre Cr\u00e9ateur, qui nous a cr\u00e9\u00e9s \u00e0 son image. Cette conception est \u00e0 la fois et christologique, (Incarnation, R\u00e9demption). <\/p>\n\n\n\n<p class=\"wp-block-paragraph\">Les chr\u00e9tiens et les chr\u00e9tiennes, qu\u2019ils soient grands ou jeunes, ne d\u00e9rogent pas \u00e0 la r\u00e8gle des grands axes de la Doctrine Sociale de l\u2019Eglise, dont la valeur cardinale est la <em>\u00ab personne humaine \u00bb.<\/em> En partant d\u2019Abraham notre Grand- P\u00e8re dans la foi, nous nous apercevons qu\u2019il \u00e9tait chald\u00e9en.<\/p>\n\n\n<div class=\"wp-block-image\">\n<figure class=\"aligncenter size-full is-resized\"><img loading=\"lazy\" decoding=\"async\" src=\"https:\/\/macite.tg\/wp-content\/uploads\/2024\/05\/94afb483-137f-401c-801e-d00f46460038.jpg\" alt=\"\" class=\"wp-image-14737\" width=\"610\" height=\"845\" srcset=\"https:\/\/macite.tg\/wp-content\/uploads\/2024\/05\/94afb483-137f-401c-801e-d00f46460038.jpg 720w, https:\/\/macite.tg\/wp-content\/uploads\/2024\/05\/94afb483-137f-401c-801e-d00f46460038-217x300.jpg 217w\" sizes=\"auto, (max-width: 610px) 100vw, 610px\" \/><\/figure>\n<\/div>\n\n\n<p class=\"wp-block-paragraph\"><strong>Quelle est l\u2019histoire d\u2019Abraham?<\/strong><\/p>\n\n\n\n<p class=\"wp-block-paragraph\">L\u2019histoire d\u2019Abraham est relat\u00e9e dans les chapitres 12 \u00e0 25 de la Gen\u00e8se, premier livre de la Bible qui raconte les origines du monde et de l\u2019humanit\u00e9.<\/p>\n\n\n\n<p class=\"wp-block-paragraph\"><strong>L\u2019appel au projet de Dieu<\/strong><\/p>\n\n\n\n<p class=\"wp-block-paragraph\">Abram est originaire de Chald\u00e9e. Il est le fils de T\u00e8rah et a deux fr\u00e8res, Nahor et Haran. Ce dernier meurt en laissant un fils, Lot. Abram \u00e9pouse sa demi-s\u0153ur, Sara\u00ef, qui est strile. Un jour, Terah prend Abram, Sara\u00ef et Lot et quite Ur pour le pays de Canaan. La troupe s\u2019arr\u00eate dans la ville d\u2019Harran, o\u00f9 T\u00e8rah meurt.&nbsp;<\/p>\n\n\n\n<p class=\"wp-block-paragraph\">C\u2019est l\u00e0 que YHWH se pr\u00e9sente \u00e0 Abram et lui demande, \u00e0 son tour, de quitter Harran pour se mettre en route vers la Terre promise. Dans ce passage, Dieu expose&nbsp;&nbsp; \u00e0 Abram son projet de b\u00e9n\u00e9diction pour tous. Il reprend ainsi son projet initi\u00e9 lors de la cr\u00e9ation du monde et de humanit\u00e9 (Gn 1 et 2) et trouve en Abram l\u2019\u00e9lu, celui qui va se mettre au service de cet b\u00e9n\u00e9diction pour tous les humains.<\/p>\n\n\n<div class=\"wp-block-image\">\n<figure class=\"aligncenter size-full is-resized\"><img loading=\"lazy\" decoding=\"async\" src=\"https:\/\/macite.tg\/wp-content\/uploads\/2024\/05\/IMG-20240313-WA0013-1.jpg\" alt=\"\" class=\"wp-image-14691\" width=\"832\" height=\"205\" srcset=\"https:\/\/macite.tg\/wp-content\/uploads\/2024\/05\/IMG-20240313-WA0013-1.jpg 690w, https:\/\/macite.tg\/wp-content\/uploads\/2024\/05\/IMG-20240313-WA0013-1-300x74.jpg 300w\" sizes=\"auto, (max-width: 832px) 100vw, 832px\" \/><\/figure>\n<\/div>\n\n\n<p class=\"wp-block-paragraph\"><strong>La mise en route<\/strong><\/p>\n\n\n\n<p class=\"wp-block-paragraph\">Abram acquiesce au projet de Dieu et se met route. D\u2019apr\u00e8s l\u2019historien Michel Dousse, cette rupture biblique ouvre sur l\u2019histoire : l\u2019homme est enti\u00e8rement appel\u00e9 \u00e0 s\u2019en remettre \u00e0 Dieu pour le guider. Abram, accompagn\u00e9 de Sara\u00ef et de Lot, quitte Harran et entame un long p\u00e9riple ponctu\u00e9 de plusieurs arr\u00eats o\u00f9 il b\u00e2tit des autels. Fuyant la famine, il se r\u00e9fugie m\u00eame en \u00c9gypte avant de revenir finalement au pays de Canaan.<\/p>\n\n\n\n<p class=\"wp-block-paragraph\">Ce parcours rappelle les routes qu\u2019empruntera plus tard le peuple h\u00e9breu comme les exil\u00e9s, Abraham vient de M\u00e9sopotamie et revient en Terre promise ; lui aussi a v\u00e9cu l\u2019exode en Egypte&#8230; Et o\u00f9 se trouve l\u2019Egypte ? En Afrique. Dans le Nouveau testament, nous connaissons l\u2019annonce faite \u00e0 Marie et sa r\u00e9ponse, qui nous vaudra un <em>\u00ab si beau sauveur \u00bb,<\/em> la <em>\u00ab felix culpa&nbsp; \u00bb<\/em> et le Grand Myst\u00e8re du Salut. J\u00e9sus-Christ n\u2019est pas un mythe. Le myst\u00e8re n\u2019est ni absurde, ni irrationnel c\u2019est une v\u00e9rit\u00e9 r\u00e9serv\u00e9e \u00e0 un groupe restreint d\u2019initi\u00e9s, ce qui nous conduit aux trois sacrements d\u2019initiation du Christianisme que sont le Bapt\u00eame, l\u2019Eucharistie et la Confirmation. Est-ce que les Chr\u00e9tiens sont un groupe restreint d\u2019initi\u00e9s dans le monde ? Qui ! J\u00e9sus-Christ est r\u00e9ellement pass\u00e9 sur cette Terre au temps de l\u2019Empire Romain. Rome existe toujours et le Colis\u00e9e, haut lieu de la mort des martyrs chr\u00e9tiens est encore \u00e0 Rome\u2026<\/p>\n\n\n<div class=\"wp-block-image\">\n<figure class=\"aligncenter size-full is-resized\"><img loading=\"lazy\" decoding=\"async\" src=\"https:\/\/macite.tg\/wp-content\/uploads\/2024\/05\/ANNONCES-1-768x319-2.jpg\" alt=\"\" class=\"wp-image-14675\" width=\"845\" height=\"351\" srcset=\"https:\/\/macite.tg\/wp-content\/uploads\/2024\/05\/ANNONCES-1-768x319-2.jpg 768w, https:\/\/macite.tg\/wp-content\/uploads\/2024\/05\/ANNONCES-1-768x319-2-300x125.jpg 300w\" sizes=\"auto, (max-width: 845px) 100vw, 845px\" \/><\/figure>\n<\/div>\n\n\n<p class=\"wp-block-paragraph\">La R\u00e9v\u00e9lation divine n\u2019est pas un mythe. C\u2019est un r\u00e9cit \u00e0 taille humaine et en langage humain, que l\u2019on peut lire dans Constitution Dogmatique <em>\u00ab&nbsp;Dei Verbum \u00bb,<\/em> en lien avec les Conciles de Trente et Vatican 1. En somme, comme nous le disons souvent la foi, tout en \u00e9tant une gr\u00e2ce de Dieu qui se surajoute \u00e0 la Nature humaine aujourd\u2019hui attest\u00e9e par la Biologie et la G\u00e9n\u00e9tique, est une proposition \u00e0 laquelle l\u2019Homme cr\u00e9\u00e9 m\u00e2le et femelle, peut acquiescer ou refuser. Dieu, pas plus que Satan, ne force aucun \u00eatre humain cr\u00e9\u00e9 libre et dot\u00e9 d\u2019intelligence \u00e0 le suivre.<\/p>\n\n\n\n<p class=\"wp-block-paragraph\">Non, Le Christianisme n\u2019est pas une religion de l\u2019Europe occidentale. Ceux qui disent cela ont un d\u00e9ficit criard en culture g\u00e9n\u00e9rale, doubl\u00e9 d\u2019une paresse mentale. <em>\u00ab&nbsp;Dieu a propos\u00e9, l\u2019Homme peut ou ne peut pas volontairement et librement en disposer \u00bb.<\/em> Le reste c\u2019est de la proposition de Satan ! Et comme le dit le Concile Vatican II: <em>\u00ab&nbsp;Ainsi donc, que par la lecture et l\u2019\u00e9tude des Livres saints, la parole de Dieu accomplisse sa course et soit glorifi\u00e9e \u00bb (2 Thess. 3, 1), et que le tr\u00e9sor de la R\u00e9v\u00e9lation confi\u00e9 \u00e0 l\u2019Eglise comble de plus en plus le c\u0153ur des hommes.<\/em><\/p>\n\n\n\n<p class=\"wp-block-paragraph\"><em>De m\u00eame que l\u2019Eglise re\u00e7oit un accroissement de vie par la fr\u00e9quentation assidue du myst\u00e8re eucharistique, ainsi peut-on esp\u00e9rer qu\u2019un renouveau de vie spirituelle jaillira d\u2019une v\u00e9n\u00e9ration croissante pour la parole de Dieu, qui, demeure \u00e0 jamais (Isa\u00efe 40, 8; cf. 1 Pierre 1, 23-25). Il ne faut pas confondre ce que les hommes disent de Dieu, et ce que Dieu a dit \u00e0 l\u2019Humanit\u00e9&nbsp;\u00bb,<\/em> Dr Marcel Magloire Kuakuvi.<\/p>\n\n\n<div class=\"wp-block-image\">\n<figure class=\"aligncenter size-full is-resized\"><img loading=\"lazy\" decoding=\"async\" src=\"https:\/\/macite.tg\/wp-content\/uploads\/2024\/05\/52c644c6-6cf9-4860-afb3-162b5e4b8a56.jpg\" alt=\"\" class=\"wp-image-14738\" width=\"584\" height=\"800\" srcset=\"https:\/\/macite.tg\/wp-content\/uploads\/2024\/05\/52c644c6-6cf9-4860-afb3-162b5e4b8a56.jpg 720w, https:\/\/macite.tg\/wp-content\/uploads\/2024\/05\/52c644c6-6cf9-4860-afb3-162b5e4b8a56-219x300.jpg 219w\" sizes=\"auto, (max-width: 584px) 100vw, 584px\" \/><\/figure>\n<\/div>\n\n\n<p class=\"wp-block-paragraph\">Cf. S. Augustin, De cathechuzandis rudibus, c. IV, 8, PL 40, 316. La M\u00e9sopotamie est une r\u00e9gion historique du Proche-Orient, situ\u00e9e dans le Croissant fertile, qui correspond principalement \u00e0 l\u2019Irak d\u2019aujourd\u2019hui, mais aussi \u00e0 des parties de l\u2019Iran, de la Syrie et de la Turquie. Son nom vient du grec et signifie <em>\u00ab&nbsp;la r\u00e9gion entre les fleuves \u00bb,<\/em> faisant r\u00e9f\u00e9rence au Tigre et \u00e0 l\u2019Euphrate. Il existe aussi une autre M\u00e9sopotamie en Argentine, entre les rivi\u00e8res Uruguay et Paran\u00e1 (Source Wikipedia). Cf. Constitution Dogmatique <em>\u00ab&nbsp;Dei Verbum&nbsp;\u00bb,<\/em> Epilogue, p. 35, Rome, \u00e0 Saint Pierre, le 18 novembre 1965, Saint Paul VI, \u00e9v\u00eaque de l\u2019Eglise catholique.<\/p>\n\n\n\n<p class=\"wp-block-paragraph\"><strong>Source: Bulletin semestriel d\u2019information du Grand S\u00e9minaire Interdioc\u00e9sain Saint Jean Paul II<\/strong><\/p>\n\n\n\n<p class=\"wp-block-paragraph\"><strong><em>@macite.tg&nbsp;&nbsp;&nbsp;&nbsp;&nbsp;&nbsp;&nbsp;&nbsp;<\/em><\/strong><\/p>\n\n\n\n<p class=\"wp-block-paragraph\"><strong><em>E-mail&nbsp;: <\/em><\/strong><a href=\"mailto:maciteinfo@gmail.com\"><strong><em>maciteinfo@gmail.com<\/em><\/strong><\/a><strong><em>; <\/em><\/strong><a href=\"mailto:bawela1@gmail.com\"><strong><em>bawela1@gmail.com<\/em><\/strong><\/a><strong><em><\/em><\/strong><\/p>\n\n\n\n<p class=\"wp-block-paragraph\"><strong><em>Pour vos annonces, (publi)reportages, etc., joignez-nous au (00228)91515309\/<strong>79872224 <\/strong>www.macite.tg, L\u2019information, la bonne&nbsp;!<\/em><\/strong><\/p>\n","protected":false},"excerpt":{"rendered":"<p class=\"text-justify mb-2\" >Les Actes des Ap\u00f4tres nous rapportent que \u00ab c\u2019est \u00e0 Antioche que les disciples re\u00e7urent pour la premi\u00e8re fois le nom de chr\u00e9tiens (Actes 11, 2). Les chr\u00e9tiens sont donc des disciples du Christ qui reconnaissent en Lui le seul Sauveur de l\u2019humanit\u00e9, vrai Dieu [&hellip;]<\/p>\n","protected":false},"author":2,"featured_media":14800,"comment_status":"open","ping_status":"open","sticky":false,"template":"","format":"standard","meta":{"footnotes":""},"categories":[20,40],"tags":[],"class_list":["post-14796","post","type-post","status-publish","format-standard","has-post-thumbnail","hentry","category-actualite","category-religion"],"yoast_head":"<!-- This site is optimized with the Yoast SEO plugin v28.4 - https:\/\/yoast.com\/product\/yoast-seo-wordpress\/ -->\n<title>RELIGION : Le Christianisme n\u2019est pas une religion d\u2019origine occidentale... -<\/title>\n<meta name=\"robots\" content=\"index, follow, max-snippet:-1, max-image-preview:large, max-video-preview:-1\" \/>\n<link rel=\"canonical\" href=\"https:\/\/macite.tg\/?p=14796\" \/>\n<meta property=\"og:locale\" content=\"fr_FR\" \/>\n<meta property=\"og:type\" content=\"article\" \/>\n<meta property=\"og:title\" content=\"RELIGION : Le Christianisme n\u2019est pas une religion d\u2019origine occidentale... -\" \/>\n<meta property=\"og:description\" content=\"Les Actes des Ap\u00f4tres nous rapportent que \u00ab c\u2019est \u00e0 Antioche que les disciples re\u00e7urent pour la premi\u00e8re fois le nom de chr\u00e9tiens (Actes 11, 2). Les chr\u00e9tiens sont donc des disciples du Christ qui reconnaissent en Lui le seul Sauveur de l\u2019humanit\u00e9, vrai Dieu [&hellip;]\" \/>\n<meta property=\"og:url\" content=\"https:\/\/macite.tg\/?p=14796\" \/>\n<meta property=\"article:published_time\" content=\"2024-05-30T10:38:28+00:00\" \/>\n<meta property=\"article:modified_time\" content=\"2024-05-30T10:53:46+00:00\" \/>\n<meta property=\"og:image\" content=\"https:\/\/macite.tg\/wp-content\/uploads\/2024\/05\/image-48.png\" \/>\n\t<meta property=\"og:image:width\" content=\"432\" \/>\n\t<meta property=\"og:image:height\" content=\"288\" \/>\n\t<meta property=\"og:image:type\" content=\"image\/png\" \/>\n<meta name=\"author\" content=\"Jean Pierre BAWELA\" \/>\n<meta name=\"twitter:card\" content=\"summary_large_image\" \/>\n<meta name=\"twitter:label1\" content=\"\u00c9crit par\" \/>\n\t<meta name=\"twitter:data1\" content=\"Jean Pierre BAWELA\" \/>\n\t<meta name=\"twitter:label2\" content=\"Dur\u00e9e de lecture estim\u00e9e\" \/>\n\t<meta name=\"twitter:data2\" content=\"6 minutes\" \/>\n<script type=\"application\/ld+json\" class=\"yoast-schema-graph\">{\"@context\":\"https:\\\/\\\/schema.org\",\"@graph\":[{\"@type\":\"Article\",\"@id\":\"https:\\\/\\\/macite.tg\\\/?p=14796#article\",\"isPartOf\":{\"@id\":\"https:\\\/\\\/macite.tg\\\/?p=14796\"},\"author\":{\"name\":\"Jean Pierre BAWELA\",\"@id\":\"https:\\\/\\\/macite.tg\\\/#\\\/schema\\\/person\\\/e9f2de7e5dbbe7770a9402c7ce82f5c2\"},\"headline\":\"RELIGION : Le Christianisme n\u2019est pas une religion d\u2019origine occidentale&#8230;\",\"datePublished\":\"2024-05-30T10:38:28+00:00\",\"dateModified\":\"2024-05-30T10:53:46+00:00\",\"mainEntityOfPage\":{\"@id\":\"https:\\\/\\\/macite.tg\\\/?p=14796\"},\"wordCount\":1198,\"commentCount\":0,\"image\":{\"@id\":\"https:\\\/\\\/macite.tg\\\/?p=14796#primaryimage\"},\"thumbnailUrl\":\"https:\\\/\\\/macite.tg\\\/wp-content\\\/uploads\\\/2024\\\/05\\\/image-48.png\",\"articleSection\":[\"ACTUALITE\",\"RELIGION\"],\"inLanguage\":\"fr-FR\",\"potentialAction\":[{\"@type\":\"CommentAction\",\"name\":\"Comment\",\"target\":[\"https:\\\/\\\/macite.tg\\\/?p=14796#respond\"]}]},{\"@type\":\"WebPage\",\"@id\":\"https:\\\/\\\/macite.tg\\\/?p=14796\",\"url\":\"https:\\\/\\\/macite.tg\\\/?p=14796\",\"name\":\"RELIGION : Le Christianisme n\u2019est pas une religion d\u2019origine occidentale... -\",\"isPartOf\":{\"@id\":\"https:\\\/\\\/macite.tg\\\/#website\"},\"primaryImageOfPage\":{\"@id\":\"https:\\\/\\\/macite.tg\\\/?p=14796#primaryimage\"},\"image\":{\"@id\":\"https:\\\/\\\/macite.tg\\\/?p=14796#primaryimage\"},\"thumbnailUrl\":\"https:\\\/\\\/macite.tg\\\/wp-content\\\/uploads\\\/2024\\\/05\\\/image-48.png\",\"datePublished\":\"2024-05-30T10:38:28+00:00\",\"dateModified\":\"2024-05-30T10:53:46+00:00\",\"author\":{\"@id\":\"https:\\\/\\\/macite.tg\\\/#\\\/schema\\\/person\\\/e9f2de7e5dbbe7770a9402c7ce82f5c2\"},\"breadcrumb\":{\"@id\":\"https:\\\/\\\/macite.tg\\\/?p=14796#breadcrumb\"},\"inLanguage\":\"fr-FR\",\"potentialAction\":[{\"@type\":\"ReadAction\",\"target\":[\"https:\\\/\\\/macite.tg\\\/?p=14796\"]}]},{\"@type\":\"ImageObject\",\"inLanguage\":\"fr-FR\",\"@id\":\"https:\\\/\\\/macite.tg\\\/?p=14796#primaryimage\",\"url\":\"https:\\\/\\\/macite.tg\\\/wp-content\\\/uploads\\\/2024\\\/05\\\/image-48.png\",\"contentUrl\":\"https:\\\/\\\/macite.tg\\\/wp-content\\\/uploads\\\/2024\\\/05\\\/image-48.png\",\"width\":432,\"height\":288},{\"@type\":\"BreadcrumbList\",\"@id\":\"https:\\\/\\\/macite.tg\\\/?p=14796#breadcrumb\",\"itemListElement\":[{\"@type\":\"ListItem\",\"position\":1,\"name\":\"Accueil\",\"item\":\"https:\\\/\\\/macite.tg\\\/\"},{\"@type\":\"ListItem\",\"position\":2,\"name\":\"RELIGION : Le Christianisme n\u2019est pas une religion d\u2019origine occidentale&#8230;\"}]},{\"@type\":\"WebSite\",\"@id\":\"https:\\\/\\\/macite.tg\\\/#website\",\"url\":\"https:\\\/\\\/macite.tg\\\/\",\"name\":\"\",\"description\":\"L&#039;information, la bonne!!!\",\"potentialAction\":[{\"@type\":\"SearchAction\",\"target\":{\"@type\":\"EntryPoint\",\"urlTemplate\":\"https:\\\/\\\/macite.tg\\\/?s={search_term_string}\"},\"query-input\":{\"@type\":\"PropertyValueSpecification\",\"valueRequired\":true,\"valueName\":\"search_term_string\"}}],\"inLanguage\":\"fr-FR\"},{\"@type\":\"Person\",\"@id\":\"https:\\\/\\\/macite.tg\\\/#\\\/schema\\\/person\\\/e9f2de7e5dbbe7770a9402c7ce82f5c2\",\"name\":\"Jean Pierre BAWELA\",\"image\":{\"@type\":\"ImageObject\",\"inLanguage\":\"fr-FR\",\"@id\":\"https:\\\/\\\/macite.tg\\\/wp-content\\\/uploads\\\/2023\\\/09\\\/WhatsApp-Image-2023-09-19-at-14.44.41-122x122.jpeg\",\"url\":\"https:\\\/\\\/macite.tg\\\/wp-content\\\/uploads\\\/2023\\\/09\\\/WhatsApp-Image-2023-09-19-at-14.44.41-122x122.jpeg\",\"contentUrl\":\"https:\\\/\\\/macite.tg\\\/wp-content\\\/uploads\\\/2023\\\/09\\\/WhatsApp-Image-2023-09-19-at-14.44.41-122x122.jpeg\",\"caption\":\"Jean Pierre BAWELA\"},\"url\":\"https:\\\/\\\/macite.tg\\\/?author=2\"}]}<\/script>\n<!-- \/ Yoast SEO plugin. -->","yoast_head_json":{"title":"RELIGION : Le Christianisme n\u2019est pas une religion d\u2019origine occidentale... -","robots":{"index":"index","follow":"follow","max-snippet":"max-snippet:-1","max-image-preview":"max-image-preview:large","max-video-preview":"max-video-preview:-1"},"canonical":"https:\/\/macite.tg\/?p=14796","og_locale":"fr_FR","og_type":"article","og_title":"RELIGION : Le Christianisme n\u2019est pas une religion d\u2019origine occidentale... -","og_description":"Les Actes des Ap\u00f4tres nous rapportent que \u00ab c\u2019est \u00e0 Antioche que les disciples re\u00e7urent pour la premi\u00e8re fois le nom de chr\u00e9tiens (Actes 11, 2). Les chr\u00e9tiens sont donc des disciples du Christ qui reconnaissent en Lui le seul Sauveur de l\u2019humanit\u00e9, vrai Dieu [&hellip;]","og_url":"https:\/\/macite.tg\/?p=14796","article_published_time":"2024-05-30T10:38:28+00:00","article_modified_time":"2024-05-30T10:53:46+00:00","og_image":[{"width":432,"height":288,"url":"https:\/\/macite.tg\/wp-content\/uploads\/2024\/05\/image-48.png","type":"image\/png"}],"author":"Jean Pierre BAWELA","twitter_card":"summary_large_image","twitter_misc":{"\u00c9crit par":"Jean Pierre BAWELA","Dur\u00e9e de lecture estim\u00e9e":"6 minutes"},"schema":{"@context":"https:\/\/schema.org","@graph":[{"@type":"Article","@id":"https:\/\/macite.tg\/?p=14796#article","isPartOf":{"@id":"https:\/\/macite.tg\/?p=14796"},"author":{"name":"Jean Pierre BAWELA","@id":"https:\/\/macite.tg\/#\/schema\/person\/e9f2de7e5dbbe7770a9402c7ce82f5c2"},"headline":"RELIGION : Le Christianisme n\u2019est pas une religion d\u2019origine occidentale&#8230;","datePublished":"2024-05-30T10:38:28+00:00","dateModified":"2024-05-30T10:53:46+00:00","mainEntityOfPage":{"@id":"https:\/\/macite.tg\/?p=14796"},"wordCount":1198,"commentCount":0,"image":{"@id":"https:\/\/macite.tg\/?p=14796#primaryimage"},"thumbnailUrl":"https:\/\/macite.tg\/wp-content\/uploads\/2024\/05\/image-48.png","articleSection":["ACTUALITE","RELIGION"],"inLanguage":"fr-FR","potentialAction":[{"@type":"CommentAction","name":"Comment","target":["https:\/\/macite.tg\/?p=14796#respond"]}]},{"@type":"WebPage","@id":"https:\/\/macite.tg\/?p=14796","url":"https:\/\/macite.tg\/?p=14796","name":"RELIGION : Le Christianisme n\u2019est pas une religion d\u2019origine occidentale... -","isPartOf":{"@id":"https:\/\/macite.tg\/#website"},"primaryImageOfPage":{"@id":"https:\/\/macite.tg\/?p=14796#primaryimage"},"image":{"@id":"https:\/\/macite.tg\/?p=14796#primaryimage"},"thumbnailUrl":"https:\/\/macite.tg\/wp-content\/uploads\/2024\/05\/image-48.png","datePublished":"2024-05-30T10:38:28+00:00","dateModified":"2024-05-30T10:53:46+00:00","author":{"@id":"https:\/\/macite.tg\/#\/schema\/person\/e9f2de7e5dbbe7770a9402c7ce82f5c2"},"breadcrumb":{"@id":"https:\/\/macite.tg\/?p=14796#breadcrumb"},"inLanguage":"fr-FR","potentialAction":[{"@type":"ReadAction","target":["https:\/\/macite.tg\/?p=14796"]}]},{"@type":"ImageObject","inLanguage":"fr-FR","@id":"https:\/\/macite.tg\/?p=14796#primaryimage","url":"https:\/\/macite.tg\/wp-content\/uploads\/2024\/05\/image-48.png","contentUrl":"https:\/\/macite.tg\/wp-content\/uploads\/2024\/05\/image-48.png","width":432,"height":288},{"@type":"BreadcrumbList","@id":"https:\/\/macite.tg\/?p=14796#breadcrumb","itemListElement":[{"@type":"ListItem","position":1,"name":"Accueil","item":"https:\/\/macite.tg\/"},{"@type":"ListItem","position":2,"name":"RELIGION : Le Christianisme n\u2019est pas une religion d\u2019origine occidentale&#8230;"}]},{"@type":"WebSite","@id":"https:\/\/macite.tg\/#website","url":"https:\/\/macite.tg\/","name":"","description":"L&#039;information, la bonne!!!","potentialAction":[{"@type":"SearchAction","target":{"@type":"EntryPoint","urlTemplate":"https:\/\/macite.tg\/?s={search_term_string}"},"query-input":{"@type":"PropertyValueSpecification","valueRequired":true,"valueName":"search_term_string"}}],"inLanguage":"fr-FR"},{"@type":"Person","@id":"https:\/\/macite.tg\/#\/schema\/person\/e9f2de7e5dbbe7770a9402c7ce82f5c2","name":"Jean Pierre BAWELA","image":{"@type":"ImageObject","inLanguage":"fr-FR","@id":"https:\/\/macite.tg\/wp-content\/uploads\/2023\/09\/WhatsApp-Image-2023-09-19-at-14.44.41-122x122.jpeg","url":"https:\/\/macite.tg\/wp-content\/uploads\/2023\/09\/WhatsApp-Image-2023-09-19-at-14.44.41-122x122.jpeg","contentUrl":"https:\/\/macite.tg\/wp-content\/uploads\/2023\/09\/WhatsApp-Image-2023-09-19-at-14.44.41-122x122.jpeg","caption":"Jean Pierre BAWELA"},"url":"https:\/\/macite.tg\/?author=2"}]}},"_links":{"self":[{"href":"https:\/\/macite.tg\/index.php?rest_route=\/wp\/v2\/posts\/14796","targetHints":{"allow":["GET"]}}],"collection":[{"href":"https:\/\/macite.tg\/index.php?rest_route=\/wp\/v2\/posts"}],"about":[{"href":"https:\/\/macite.tg\/index.php?rest_route=\/wp\/v2\/types\/post"}],"author":[{"embeddable":true,"href":"https:\/\/macite.tg\/index.php?rest_route=\/wp\/v2\/users\/2"}],"replies":[{"embeddable":true,"href":"https:\/\/macite.tg\/index.php?rest_route=%2Fwp%2Fv2%2Fcomments&post=14796"}],"version-history":[{"count":0,"href":"https:\/\/macite.tg\/index.php?rest_route=\/wp\/v2\/posts\/14796\/revisions"}],"wp:featuredmedia":[{"embeddable":true,"href":"https:\/\/macite.tg\/index.php?rest_route=\/wp\/v2\/media\/14800"}],"wp:attachment":[{"href":"https:\/\/macite.tg\/index.php?rest_route=%2Fwp%2Fv2%2Fmedia&parent=14796"}],"wp:term":[{"taxonomy":"category","embeddable":true,"href":"https:\/\/macite.tg\/index.php?rest_route=%2Fwp%2Fv2%2Fcategories&post=14796"},{"taxonomy":"post_tag","embeddable":true,"href":"https:\/\/macite.tg\/index.php?rest_route=%2Fwp%2Fv2%2Ftags&post=14796"}],"curies":[{"name":"wp","href":"https:\/\/api.w.org\/{rel}","templated":true}]}}