{"id":14783,"date":"2024-05-29T14:38:03","date_gmt":"2024-05-29T14:38:03","guid":{"rendered":"https:\/\/macite.tg\/?p=14783"},"modified":"2024-05-29T14:38:05","modified_gmt":"2024-05-29T14:38:05","slug":"recensement-foncier-les-communes-golfe-1-et-golfe-2-a-lhonneur-du-27-mai-au-27-juillet-2024","status":"publish","type":"post","link":"https:\/\/macite.tg\/?p=14783","title":{"rendered":"RECENSEMENT FONCIER : Les communes Golfe 1 et Golfe 2 \u00e0 l\u2019honneur du 27 mai au 27 juillet 2024"},"content":{"rendered":"\n<p class=\"wp-block-paragraph\"><strong><em>La campagne de collecte d\u2019informations fonci\u00e8res et g\u00e9or\u00e9f\u00e9rencements lanc\u00e9e en mars 2023 par l\u2019Office togolais des recettes (Otr), en collaboration avec le District Autonome du Grand Lom\u00e9 (Dagl), se poursuit. Cette fois-ci, ce sont les communes de Golfe 2 et Golfe 4, qui sont \u00e0 l\u2019honneur.<\/em><\/strong> <\/p>\n\n\n\n<p class=\"wp-block-paragraph\">Apr\u00e8s la phase pilote men\u00e9e dans les communes d&rsquo;Ago\u00e8-Nyiv\u00e9 1 et Ago\u00e8-Nyiv\u00e9 2\u00a0en avril 2023, la campagne de collecte d\u2019information fonci\u00e8res et g\u00e9or\u00e9f\u00e9rencement, organis\u00e9e dans le cadre de l\u2019actualisation du fichier cadastral, vieux de plus de seize ans, se poursuit.<\/p>\n\n\n<div class=\"wp-block-image\">\n<figure class=\"aligncenter size-full is-resized\"><img loading=\"lazy\" decoding=\"async\" src=\"https:\/\/macite.tg\/wp-content\/uploads\/2024\/05\/94afb483-137f-401c-801e-d00f46460038.jpg\" alt=\"\" class=\"wp-image-14737\" width=\"657\" height=\"910\" srcset=\"https:\/\/macite.tg\/wp-content\/uploads\/2024\/05\/94afb483-137f-401c-801e-d00f46460038.jpg 720w, https:\/\/macite.tg\/wp-content\/uploads\/2024\/05\/94afb483-137f-401c-801e-d00f46460038-217x300.jpg 217w\" sizes=\"auto, (max-width: 657px) 100vw, 657px\" \/><\/figure>\n<\/div>\n\n\n<p class=\"wp-block-paragraph\">Pour cette seconde \u00e9tape, ce sont les communes de Golfe 2 et Golfe 4, qui sont concern\u00e9es par cette op\u00e9ration devant s\u2019\u00e9tendre du 27 mai au 27 juillet 2024.<\/p>\n\n\n\n<p class=\"wp-block-paragraph\">Durant cette p\u00e9riode, des \u00e9quipes d\u2019agents de recensement vont sillonner les deux communes dans l\u2019optique de recueillir aupr\u00e8s de la population, des donn\u00e9es sur les terrains non construits, les b\u00e2timents administratifs, les habitations et les propri\u00e9t\u00e9s commerciales.<\/p>\n\n\n\n<p class=\"wp-block-paragraph\">L\u2019op\u00e9ration permettra, \u00e0 terme, de recenser et identifier toutes les propri\u00e9t\u00e9s immatricul\u00e9es ou non, et de g\u00e9olocaliser les titres fonciers ant\u00e9rieurs \u00e0 2007, dans l\u2019optique de favoriser un d\u00e9veloppement urbain harmonieux et plus efficace.<\/p>\n\n\n\n<p class=\"wp-block-paragraph\">Il s\u2019agira \u00e9galement de r\u00e9duire, gr\u00e2ce \u00e0 cette op\u00e9ration, les litiges fonciers qui repr\u00e9sentent, de nos jours, pr\u00e8s de 80% des affaires pendantes devant les tribunaux.<\/p>\n\n\n<div class=\"wp-block-image\">\n<figure class=\"aligncenter size-full is-resized\"><img loading=\"lazy\" decoding=\"async\" src=\"https:\/\/macite.tg\/wp-content\/uploads\/2024\/05\/52c644c6-6cf9-4860-afb3-162b5e4b8a56.jpg\" alt=\"\" class=\"wp-image-14738\" width=\"493\" height=\"676\" srcset=\"https:\/\/macite.tg\/wp-content\/uploads\/2024\/05\/52c644c6-6cf9-4860-afb3-162b5e4b8a56.jpg 720w, https:\/\/macite.tg\/wp-content\/uploads\/2024\/05\/52c644c6-6cf9-4860-afb3-162b5e4b8a56-219x300.jpg 219w\" sizes=\"auto, (max-width: 493px) 100vw, 493px\" \/><\/figure>\n<\/div>\n\n\n<p class=\"wp-block-paragraph\">Pour le succ\u00e8s de l\u2019op\u00e9ration, l\u2019Otr invite les populations \u00e0 r\u00e9server un bon accueil aux agents recenseurs, qui se pr\u00e9senteront munis de leur badge d\u2019identification.<\/p>\n\n\n\n<p class=\"wp-block-paragraph\">Pour tout renseignement, veuillez contacter le \ud835\udfd6\ud835\udfd0\ud835\udfce\ud835\udfcf.<\/p>\n\n\n\n<p class=\"wp-block-paragraph\"><strong>La R\u00e9daction<\/strong><\/p>\n\n\n\n<p class=\"wp-block-paragraph\"><a><strong><em>@macite.tg&nbsp;&nbsp;&nbsp;&nbsp;&nbsp;&nbsp;&nbsp;&nbsp;<\/em><\/strong><\/a><\/p>\n\n\n\n<p class=\"wp-block-paragraph\"><strong><em>E-mail&nbsp;: <\/em><\/strong><a href=\"mailto:maciteinfo@gmail.com\"><strong><em>maciteinfo@gmail.com<\/em><\/strong><\/a><strong><em>; <\/em><\/strong><a href=\"mailto:bawela1@gmail.com\"><strong><em>bawela1@gmail.com<\/em><\/strong><\/a><strong><em><\/em><\/strong><\/p>\n\n\n\n<p class=\"wp-block-paragraph\"><strong><em>Pour vos annonces, (publi)reportages, etc., joignez-nous au (00228)91515309\/<strong>79872224 <\/strong>www.macite.tg, L\u2019information, la bonne&nbsp;!<\/em><\/strong><\/p>\n","protected":false},"excerpt":{"rendered":"<p class=\"text-justify mb-2\" >La campagne de collecte d\u2019informations fonci\u00e8res et g\u00e9or\u00e9f\u00e9rencements lanc\u00e9e en mars 2023 par l\u2019Office togolais des recettes (Otr), en collaboration avec le District Autonome du Grand Lom\u00e9 (Dagl), se poursuit. Cette fois-ci, ce sont les communes de Golfe 2 et Golfe 4, qui sont \u00e0 [&hellip;]<\/p>\n","protected":false},"author":2,"featured_media":14789,"comment_status":"open","ping_status":"open","sticky":false,"template":"","format":"standard","meta":{"footnotes":""},"categories":[20,15],"tags":[],"class_list":["post-14783","post","type-post","status-publish","format-standard","has-post-thumbnail","hentry","category-actualite","category-developpement"],"yoast_head":"<!-- This site is optimized with the Yoast SEO plugin v28.4 - https:\/\/yoast.com\/product\/yoast-seo-wordpress\/ -->\n<title>RECENSEMENT FONCIER : Les communes Golfe 1 et Golfe 2 \u00e0 l\u2019honneur du 27 mai au 27 juillet 2024 -<\/title>\n<meta name=\"robots\" content=\"index, follow, max-snippet:-1, max-image-preview:large, max-video-preview:-1\" \/>\n<link rel=\"canonical\" href=\"https:\/\/macite.tg\/?p=14783\" \/>\n<meta property=\"og:locale\" content=\"fr_FR\" \/>\n<meta property=\"og:type\" content=\"article\" \/>\n<meta property=\"og:title\" content=\"RECENSEMENT FONCIER : Les communes Golfe 1 et Golfe 2 \u00e0 l\u2019honneur du 27 mai au 27 juillet 2024 -\" \/>\n<meta property=\"og:description\" content=\"La campagne de collecte d\u2019informations fonci\u00e8res et g\u00e9or\u00e9f\u00e9rencements lanc\u00e9e en mars 2023 par l\u2019Office togolais des recettes (Otr), en collaboration avec le District Autonome du Grand Lom\u00e9 (Dagl), se poursuit. Cette fois-ci, ce sont les communes de Golfe 2 et Golfe 4, qui sont \u00e0 [&hellip;]\" \/>\n<meta property=\"og:url\" content=\"https:\/\/macite.tg\/?p=14783\" \/>\n<meta property=\"article:published_time\" content=\"2024-05-29T14:38:03+00:00\" \/>\n<meta property=\"article:modified_time\" content=\"2024-05-29T14:38:05+00:00\" \/>\n<meta property=\"og:image\" content=\"https:\/\/macite.tg\/wp-content\/uploads\/2024\/05\/Capmagne-de-recensement-fonciere_Golfe-2-et-4.jpg\" \/>\n\t<meta property=\"og:image:width\" content=\"526\" \/>\n\t<meta property=\"og:image:height\" content=\"526\" \/>\n\t<meta property=\"og:image:type\" content=\"image\/jpeg\" \/>\n<meta name=\"author\" content=\"Jean Pierre BAWELA\" \/>\n<meta name=\"twitter:card\" content=\"summary_large_image\" \/>\n<meta name=\"twitter:label1\" content=\"\u00c9crit par\" \/>\n\t<meta name=\"twitter:data1\" content=\"Jean Pierre BAWELA\" \/>\n\t<meta name=\"twitter:label2\" content=\"Dur\u00e9e de lecture estim\u00e9e\" \/>\n\t<meta name=\"twitter:data2\" content=\"2 minutes\" \/>\n<script type=\"application\/ld+json\" class=\"yoast-schema-graph\">{\"@context\":\"https:\\\/\\\/schema.org\",\"@graph\":[{\"@type\":\"Article\",\"@id\":\"https:\\\/\\\/macite.tg\\\/?p=14783#article\",\"isPartOf\":{\"@id\":\"https:\\\/\\\/macite.tg\\\/?p=14783\"},\"author\":{\"name\":\"Jean Pierre BAWELA\",\"@id\":\"https:\\\/\\\/macite.tg\\\/#\\\/schema\\\/person\\\/e9f2de7e5dbbe7770a9402c7ce82f5c2\"},\"headline\":\"RECENSEMENT FONCIER : Les communes Golfe 1 et Golfe 2 \u00e0 l\u2019honneur du 27 mai au 27 juillet 2024\",\"datePublished\":\"2024-05-29T14:38:03+00:00\",\"dateModified\":\"2024-05-29T14:38:05+00:00\",\"mainEntityOfPage\":{\"@id\":\"https:\\\/\\\/macite.tg\\\/?p=14783\"},\"wordCount\":329,\"commentCount\":0,\"image\":{\"@id\":\"https:\\\/\\\/macite.tg\\\/?p=14783#primaryimage\"},\"thumbnailUrl\":\"https:\\\/\\\/macite.tg\\\/wp-content\\\/uploads\\\/2024\\\/05\\\/Capmagne-de-recensement-fonciere_Golfe-2-et-4.jpg\",\"articleSection\":[\"ACTUALITE\",\"DEVELOPPEMENT\"],\"inLanguage\":\"fr-FR\",\"potentialAction\":[{\"@type\":\"CommentAction\",\"name\":\"Comment\",\"target\":[\"https:\\\/\\\/macite.tg\\\/?p=14783#respond\"]}]},{\"@type\":\"WebPage\",\"@id\":\"https:\\\/\\\/macite.tg\\\/?p=14783\",\"url\":\"https:\\\/\\\/macite.tg\\\/?p=14783\",\"name\":\"RECENSEMENT FONCIER : Les communes Golfe 1 et Golfe 2 \u00e0 l\u2019honneur du 27 mai au 27 juillet 2024 -\",\"isPartOf\":{\"@id\":\"https:\\\/\\\/macite.tg\\\/#website\"},\"primaryImageOfPage\":{\"@id\":\"https:\\\/\\\/macite.tg\\\/?p=14783#primaryimage\"},\"image\":{\"@id\":\"https:\\\/\\\/macite.tg\\\/?p=14783#primaryimage\"},\"thumbnailUrl\":\"https:\\\/\\\/macite.tg\\\/wp-content\\\/uploads\\\/2024\\\/05\\\/Capmagne-de-recensement-fonciere_Golfe-2-et-4.jpg\",\"datePublished\":\"2024-05-29T14:38:03+00:00\",\"dateModified\":\"2024-05-29T14:38:05+00:00\",\"author\":{\"@id\":\"https:\\\/\\\/macite.tg\\\/#\\\/schema\\\/person\\\/e9f2de7e5dbbe7770a9402c7ce82f5c2\"},\"breadcrumb\":{\"@id\":\"https:\\\/\\\/macite.tg\\\/?p=14783#breadcrumb\"},\"inLanguage\":\"fr-FR\",\"potentialAction\":[{\"@type\":\"ReadAction\",\"target\":[\"https:\\\/\\\/macite.tg\\\/?p=14783\"]}]},{\"@type\":\"ImageObject\",\"inLanguage\":\"fr-FR\",\"@id\":\"https:\\\/\\\/macite.tg\\\/?p=14783#primaryimage\",\"url\":\"https:\\\/\\\/macite.tg\\\/wp-content\\\/uploads\\\/2024\\\/05\\\/Capmagne-de-recensement-fonciere_Golfe-2-et-4.jpg\",\"contentUrl\":\"https:\\\/\\\/macite.tg\\\/wp-content\\\/uploads\\\/2024\\\/05\\\/Capmagne-de-recensement-fonciere_Golfe-2-et-4.jpg\",\"width\":526,\"height\":526},{\"@type\":\"BreadcrumbList\",\"@id\":\"https:\\\/\\\/macite.tg\\\/?p=14783#breadcrumb\",\"itemListElement\":[{\"@type\":\"ListItem\",\"position\":1,\"name\":\"Accueil\",\"item\":\"https:\\\/\\\/macite.tg\\\/\"},{\"@type\":\"ListItem\",\"position\":2,\"name\":\"RECENSEMENT FONCIER : Les communes Golfe 1 et Golfe 2 \u00e0 l\u2019honneur du 27 mai au 27 juillet 2024\"}]},{\"@type\":\"WebSite\",\"@id\":\"https:\\\/\\\/macite.tg\\\/#website\",\"url\":\"https:\\\/\\\/macite.tg\\\/\",\"name\":\"\",\"description\":\"L&#039;information, la bonne!!!\",\"potentialAction\":[{\"@type\":\"SearchAction\",\"target\":{\"@type\":\"EntryPoint\",\"urlTemplate\":\"https:\\\/\\\/macite.tg\\\/?s={search_term_string}\"},\"query-input\":{\"@type\":\"PropertyValueSpecification\",\"valueRequired\":true,\"valueName\":\"search_term_string\"}}],\"inLanguage\":\"fr-FR\"},{\"@type\":\"Person\",\"@id\":\"https:\\\/\\\/macite.tg\\\/#\\\/schema\\\/person\\\/e9f2de7e5dbbe7770a9402c7ce82f5c2\",\"name\":\"Jean Pierre BAWELA\",\"image\":{\"@type\":\"ImageObject\",\"inLanguage\":\"fr-FR\",\"@id\":\"https:\\\/\\\/macite.tg\\\/wp-content\\\/uploads\\\/2023\\\/09\\\/WhatsApp-Image-2023-09-19-at-14.44.41-122x122.jpeg\",\"url\":\"https:\\\/\\\/macite.tg\\\/wp-content\\\/uploads\\\/2023\\\/09\\\/WhatsApp-Image-2023-09-19-at-14.44.41-122x122.jpeg\",\"contentUrl\":\"https:\\\/\\\/macite.tg\\\/wp-content\\\/uploads\\\/2023\\\/09\\\/WhatsApp-Image-2023-09-19-at-14.44.41-122x122.jpeg\",\"caption\":\"Jean Pierre BAWELA\"},\"url\":\"https:\\\/\\\/macite.tg\\\/?author=2\"}]}<\/script>\n<!-- \/ Yoast SEO plugin. -->","yoast_head_json":{"title":"RECENSEMENT FONCIER : Les communes Golfe 1 et Golfe 2 \u00e0 l\u2019honneur du 27 mai au 27 juillet 2024 -","robots":{"index":"index","follow":"follow","max-snippet":"max-snippet:-1","max-image-preview":"max-image-preview:large","max-video-preview":"max-video-preview:-1"},"canonical":"https:\/\/macite.tg\/?p=14783","og_locale":"fr_FR","og_type":"article","og_title":"RECENSEMENT FONCIER : Les communes Golfe 1 et Golfe 2 \u00e0 l\u2019honneur du 27 mai au 27 juillet 2024 -","og_description":"La campagne de collecte d\u2019informations fonci\u00e8res et g\u00e9or\u00e9f\u00e9rencements lanc\u00e9e en mars 2023 par l\u2019Office togolais des recettes (Otr), en collaboration avec le District Autonome du Grand Lom\u00e9 (Dagl), se poursuit. Cette fois-ci, ce sont les communes de Golfe 2 et Golfe 4, qui sont \u00e0 [&hellip;]","og_url":"https:\/\/macite.tg\/?p=14783","article_published_time":"2024-05-29T14:38:03+00:00","article_modified_time":"2024-05-29T14:38:05+00:00","og_image":[{"width":526,"height":526,"url":"https:\/\/macite.tg\/wp-content\/uploads\/2024\/05\/Capmagne-de-recensement-fonciere_Golfe-2-et-4.jpg","type":"image\/jpeg"}],"author":"Jean Pierre BAWELA","twitter_card":"summary_large_image","twitter_misc":{"\u00c9crit par":"Jean Pierre BAWELA","Dur\u00e9e de lecture estim\u00e9e":"2 minutes"},"schema":{"@context":"https:\/\/schema.org","@graph":[{"@type":"Article","@id":"https:\/\/macite.tg\/?p=14783#article","isPartOf":{"@id":"https:\/\/macite.tg\/?p=14783"},"author":{"name":"Jean Pierre BAWELA","@id":"https:\/\/macite.tg\/#\/schema\/person\/e9f2de7e5dbbe7770a9402c7ce82f5c2"},"headline":"RECENSEMENT FONCIER : Les communes Golfe 1 et Golfe 2 \u00e0 l\u2019honneur du 27 mai au 27 juillet 2024","datePublished":"2024-05-29T14:38:03+00:00","dateModified":"2024-05-29T14:38:05+00:00","mainEntityOfPage":{"@id":"https:\/\/macite.tg\/?p=14783"},"wordCount":329,"commentCount":0,"image":{"@id":"https:\/\/macite.tg\/?p=14783#primaryimage"},"thumbnailUrl":"https:\/\/macite.tg\/wp-content\/uploads\/2024\/05\/Capmagne-de-recensement-fonciere_Golfe-2-et-4.jpg","articleSection":["ACTUALITE","DEVELOPPEMENT"],"inLanguage":"fr-FR","potentialAction":[{"@type":"CommentAction","name":"Comment","target":["https:\/\/macite.tg\/?p=14783#respond"]}]},{"@type":"WebPage","@id":"https:\/\/macite.tg\/?p=14783","url":"https:\/\/macite.tg\/?p=14783","name":"RECENSEMENT FONCIER : Les communes Golfe 1 et Golfe 2 \u00e0 l\u2019honneur du 27 mai au 27 juillet 2024 -","isPartOf":{"@id":"https:\/\/macite.tg\/#website"},"primaryImageOfPage":{"@id":"https:\/\/macite.tg\/?p=14783#primaryimage"},"image":{"@id":"https:\/\/macite.tg\/?p=14783#primaryimage"},"thumbnailUrl":"https:\/\/macite.tg\/wp-content\/uploads\/2024\/05\/Capmagne-de-recensement-fonciere_Golfe-2-et-4.jpg","datePublished":"2024-05-29T14:38:03+00:00","dateModified":"2024-05-29T14:38:05+00:00","author":{"@id":"https:\/\/macite.tg\/#\/schema\/person\/e9f2de7e5dbbe7770a9402c7ce82f5c2"},"breadcrumb":{"@id":"https:\/\/macite.tg\/?p=14783#breadcrumb"},"inLanguage":"fr-FR","potentialAction":[{"@type":"ReadAction","target":["https:\/\/macite.tg\/?p=14783"]}]},{"@type":"ImageObject","inLanguage":"fr-FR","@id":"https:\/\/macite.tg\/?p=14783#primaryimage","url":"https:\/\/macite.tg\/wp-content\/uploads\/2024\/05\/Capmagne-de-recensement-fonciere_Golfe-2-et-4.jpg","contentUrl":"https:\/\/macite.tg\/wp-content\/uploads\/2024\/05\/Capmagne-de-recensement-fonciere_Golfe-2-et-4.jpg","width":526,"height":526},{"@type":"BreadcrumbList","@id":"https:\/\/macite.tg\/?p=14783#breadcrumb","itemListElement":[{"@type":"ListItem","position":1,"name":"Accueil","item":"https:\/\/macite.tg\/"},{"@type":"ListItem","position":2,"name":"RECENSEMENT FONCIER : Les communes Golfe 1 et Golfe 2 \u00e0 l\u2019honneur du 27 mai au 27 juillet 2024"}]},{"@type":"WebSite","@id":"https:\/\/macite.tg\/#website","url":"https:\/\/macite.tg\/","name":"","description":"L&#039;information, la bonne!!!","potentialAction":[{"@type":"SearchAction","target":{"@type":"EntryPoint","urlTemplate":"https:\/\/macite.tg\/?s={search_term_string}"},"query-input":{"@type":"PropertyValueSpecification","valueRequired":true,"valueName":"search_term_string"}}],"inLanguage":"fr-FR"},{"@type":"Person","@id":"https:\/\/macite.tg\/#\/schema\/person\/e9f2de7e5dbbe7770a9402c7ce82f5c2","name":"Jean Pierre BAWELA","image":{"@type":"ImageObject","inLanguage":"fr-FR","@id":"https:\/\/macite.tg\/wp-content\/uploads\/2023\/09\/WhatsApp-Image-2023-09-19-at-14.44.41-122x122.jpeg","url":"https:\/\/macite.tg\/wp-content\/uploads\/2023\/09\/WhatsApp-Image-2023-09-19-at-14.44.41-122x122.jpeg","contentUrl":"https:\/\/macite.tg\/wp-content\/uploads\/2023\/09\/WhatsApp-Image-2023-09-19-at-14.44.41-122x122.jpeg","caption":"Jean Pierre BAWELA"},"url":"https:\/\/macite.tg\/?author=2"}]}},"_links":{"self":[{"href":"https:\/\/macite.tg\/index.php?rest_route=\/wp\/v2\/posts\/14783","targetHints":{"allow":["GET"]}}],"collection":[{"href":"https:\/\/macite.tg\/index.php?rest_route=\/wp\/v2\/posts"}],"about":[{"href":"https:\/\/macite.tg\/index.php?rest_route=\/wp\/v2\/types\/post"}],"author":[{"embeddable":true,"href":"https:\/\/macite.tg\/index.php?rest_route=\/wp\/v2\/users\/2"}],"replies":[{"embeddable":true,"href":"https:\/\/macite.tg\/index.php?rest_route=%2Fwp%2Fv2%2Fcomments&post=14783"}],"version-history":[{"count":0,"href":"https:\/\/macite.tg\/index.php?rest_route=\/wp\/v2\/posts\/14783\/revisions"}],"wp:featuredmedia":[{"embeddable":true,"href":"https:\/\/macite.tg\/index.php?rest_route=\/wp\/v2\/media\/14789"}],"wp:attachment":[{"href":"https:\/\/macite.tg\/index.php?rest_route=%2Fwp%2Fv2%2Fmedia&parent=14783"}],"wp:term":[{"taxonomy":"category","embeddable":true,"href":"https:\/\/macite.tg\/index.php?rest_route=%2Fwp%2Fv2%2Fcategories&post=14783"},{"taxonomy":"post_tag","embeddable":true,"href":"https:\/\/macite.tg\/index.php?rest_route=%2Fwp%2Fv2%2Ftags&post=14783"}],"curies":[{"name":"wp","href":"https:\/\/api.w.org\/{rel}","templated":true}]}}