{"id":14778,"date":"2024-05-29T10:13:11","date_gmt":"2024-05-29T10:13:11","guid":{"rendered":"https:\/\/macite.tg\/?p=14778"},"modified":"2024-05-29T10:13:13","modified_gmt":"2024-05-29T10:13:13","slug":"crise-energetique-enfin-lomerta-rompue-par-la-ministre-de-lenergie","status":"publish","type":"post","link":"https:\/\/macite.tg\/?p=14778","title":{"rendered":"CRISE ENERGETIQUE : Enfin l\u2019omerta rompue par la Ministre de l&rsquo;\u00e9nergie"},"content":{"rendered":"\n<p class=\"wp-block-paragraph\"><strong><em>Dans notre derni\u00e8re parution, nous \u00e9crivions sur la crise \u00e9nerg\u00e9tique que connait le Togo, avec la d\u00e9gradation de la situation qui a conduit la Ceet \u00e0 \u00e9tablir un plan de rationnement drastique de la fourniture du courant \u00e9lectrique dans tout le pays. Nous relevions les carences criardes de la Ceet en mati\u00e8re de la communication qui sied en cet instant vis-\u00e0-vis de la situation.<\/em><\/strong><\/p>\n\n\n\n<p class=\"wp-block-paragraph\"><em>\u00ab\u00a0La Ceet communique tr\u00e8s mal\u00a0\u00bb,<\/em> tel \u00e9tait le titre de l&rsquo;article qui \u00e9tait d&rsquo;ailleurs en manchette de l\u2019\u00e9dition n\u00b0606 de l\u2019hebdomadaire Le M\u00e9dium parue le 21 mai dernier. Nous n&rsquo;allons pas revenir sur les aspects abord\u00e9s dans l&rsquo;article mais juste dire que nous concluions avec l&rsquo;invite \u00e0 la Ceet et \u00e0 la ministre de tutelle de parler au peuple et d&rsquo;expliquer la situation qui pr\u00e9vaut. Ils le doivent aux Togolais qui n&rsquo;en peuvent de cette catastrophe \u00e9nerg\u00e9tique.<\/p>\n\n\n<div class=\"wp-block-image\">\n<figure class=\"aligncenter size-full is-resized\"><img loading=\"lazy\" decoding=\"async\" src=\"https:\/\/macite.tg\/wp-content\/uploads\/2024\/05\/94afb483-137f-401c-801e-d00f46460038.jpg\" alt=\"\" class=\"wp-image-14737\" width=\"584\" height=\"809\" srcset=\"https:\/\/macite.tg\/wp-content\/uploads\/2024\/05\/94afb483-137f-401c-801e-d00f46460038.jpg 720w, https:\/\/macite.tg\/wp-content\/uploads\/2024\/05\/94afb483-137f-401c-801e-d00f46460038-217x300.jpg 217w\" sizes=\"auto, (max-width: 584px) 100vw, 584px\" \/><\/figure>\n<\/div>\n\n\n<p class=\"wp-block-paragraph\">L&rsquo;appel de notre modeste journal a-t-il \u00e9t\u00e9 entendu ou simple co\u00efncidence de calendrier des autorit\u00e9s en charge du secteur de l&rsquo;\u00e9nergie ? Le moins que l&rsquo;on puisse dire, c&rsquo;est que la ministre d\u00e9l\u00e9gu\u00e9e, charg\u00e9e de l&rsquo;Energie, Mila Aziabl\u00e9, a finalement parl\u00e9 au travers d&rsquo;une conf\u00e9rence de presse organis\u00e9e le samedi dernier en son cabinet. Et comme s&rsquo;il fallait si attendre, elle a abord\u00e9 le sujet pr\u00e9cis \u00e9voqu\u00e9 par votre journal : La communication de la Ceet et de son minist\u00e8re en ces temps de crise \u00e9nerg\u00e9tique.<\/p>\n\n\n\n<p class=\"wp-block-paragraph\"><strong>Aveu\u2026<\/strong><\/p>\n\n\n\n<p class=\"wp-block-paragraph\"><em>\u00ab&nbsp;Une faute avou\u00e9e est \u00e0 moiti\u00e9 pardonn\u00e9e&nbsp;\u00bb,<\/em> dit l&rsquo;adage. La ministre Mila Aziabl\u00e9 a \u00e9t\u00e9 honn\u00eate et a reconnu que la Ceet et son minist\u00e8re ont p\u00e9ch\u00e9 quant \u00e0 la communication appropri\u00e9e en cette p\u00e9riode, m\u00eame si elle a tent\u00e9 de se justifier. Nous vous proposons, in extenso, ses propos sur cette question de communication envers les pauvres populations qui broient du noir.<\/p>\n\n\n\n<p class=\"wp-block-paragraph\"><em>\u00ab&nbsp;Au sujet de la premi\u00e8re question sur le fait de cette communication aujourd&rsquo;hui, je comprends que la communication qui a \u00e9t\u00e9 faite jusqu&rsquo;\u00e0 pr\u00e9sent n&rsquo;a pas r\u00e9pondu aux attentes de nos populations, mais dire que nous n&rsquo;avons pas fait de communication du tout serait \u00e0 mon sens injuste, parce que la Ceet a communiqu\u00e9, en faisant des communiqu\u00e9s publi\u00e9s sur leur site de mani\u00e8re r\u00e9guli\u00e8re et ce, d\u00e8s les premi\u00e8res perturbations. Apr\u00e8s, je comprends que la situation que nous traversons est une situation particuli\u00e8re et qu&rsquo;elle n\u00e9cessite une communication qui est mieux adapt\u00e9e, diff\u00e9rente de la communication que nous avons l&rsquo;habitude de faire. \u00a0\u00bbCe n&rsquo;est pas du business as usual \u00a0\u00bb.<\/em><\/p>\n\n\n\n<p class=\"wp-block-paragraph\"><em>C&rsquo;est la raison pour laquelle nous avons chang\u00e9 notre fusil d&rsquo;\u00e9paule et que nous avons commenc\u00e9 \u00e0 intensifier la communication. Vous avez d\u00fb remarquer qu&rsquo;un plan de rationnement de l&rsquo;\u00e9lectricit\u00e9 a \u00e9t\u00e9 \u00e9labor\u00e9 prenant en compte toutes les localit\u00e9s \u00e9lectrifi\u00e9es sur notre territoire togolais qui lui a \u00e9t\u00e9 assembl\u00e9e en zone et secteur. Ce plan de rationnement est publi\u00e9 hebdomadairement. Nous ne nous arr\u00eatons pas \u00e0 \u00e7a. Nous publions quotidiennement un plan de rationnement plus d\u00e9taill\u00e9 qui pr\u00e9cise les secteurs et les quartiers qui sont susceptibles d&rsquo;\u00eatre coup\u00e9s. (\u2026)<\/em><\/p>\n\n\n<div class=\"wp-block-image\">\n<figure class=\"aligncenter size-full is-resized\"><img loading=\"lazy\" decoding=\"async\" src=\"https:\/\/macite.tg\/wp-content\/uploads\/2024\/05\/IMG-20240313-WA0013-1.jpg\" alt=\"\" class=\"wp-image-14691\" width=\"837\" height=\"206\" srcset=\"https:\/\/macite.tg\/wp-content\/uploads\/2024\/05\/IMG-20240313-WA0013-1.jpg 690w, https:\/\/macite.tg\/wp-content\/uploads\/2024\/05\/IMG-20240313-WA0013-1-300x74.jpg 300w\" sizes=\"auto, (max-width: 837px) 100vw, 837px\" \/><\/figure>\n<\/div>\n\n\n<p class=\"wp-block-paragraph\"><em>&nbsp;Vous savez, cette situation est due \u00e0 une s\u00e9rie d&rsquo;\u00e9v\u00e9nements, de facteurs et nous comprenons aussi que, la succession de communiquer qui a \u00e9t\u00e9 faite par la Ceet a pu cr\u00e9er des confusions dans les esprits parce que l&rsquo;association des \u00e9v\u00e9nements \u00e9taient assez difficiles \u00e0 comprendre et c&rsquo;est la raison pour laquelle nous avons souhait\u00e9 tenir cette conf\u00e9rence de presse aujourd&rsquo;hui, parce que nous estimons que notre population m\u00e9rite clart\u00e9 et transparence et parce que vous m\u00e9ritez aussi de conna\u00eetre les r\u00e9elles causes de cette situation.<\/em><\/p>\n\n\n\n<p class=\"wp-block-paragraph\"><em>Donc c&rsquo;est la raison pour laquelle nous avons souhait\u00e9 tenir cette conf\u00e9rence de presse. Je voudrais vous rassurer que nous allons nous atteler \u00e0 vraiment maintenir ce contact permanent avec vous. Vous tenir au courant des \u00e9volutions (\u2026) parce que je pense que c&rsquo;est tr\u00e8s important de renforcer la communication vers nos populations&nbsp;\u00bb.<\/em><\/p>\n\n\n\n<p class=\"wp-block-paragraph\">Apr\u00e8s de tels propos, on a envie de cirer \u00a0\u00bbAll\u00e9luia !\u00a0\u00bb et demander si on peut faire plus simple que ce que nous venons de lire ? Assur\u00e9ment NON. Et c&rsquo;est cela qu&rsquo;on demande aux ministres et autres responsables de service que le Chef de l&rsquo;Etat Faure Gnassingb\u00e9 a appel\u00e9 autour de lui pour l&rsquo;aider \u00e0 faire le bonheur des Togolais. D&rsquo;autant que lors de cette conf\u00e9rence de presse, la ministre a eu l&rsquo;opportunit\u00e9 d&rsquo;expliquer, au moins, les raisons de cette situation difficile que vivent les Togolais.<\/p>\n\n\n\n<p class=\"wp-block-paragraph\"><strong>A l&rsquo;impossible\u2026<\/strong><\/p>\n\n\n\n<p class=\"wp-block-paragraph\">Selon la ministre, trois faits majeurs expliquent cette crise \u00e9nerg\u00e9tique aig\u00fce que connait le Togo. Premi\u00e8rement, en d\u00e9but d&rsquo;ann\u00e9e, des maintenances de centrales \u00e9lectriques au Ghana, ont entra\u00een\u00e9 la r\u00e9duction des importations d&rsquo;\u00e9lectricit\u00e9 en provenance de ce pays. Deuxi\u00e8mement, des travaux de maintenance d&rsquo;envergure sur les installations de production de gaz naturel au Nig\u00e9ria ont entra\u00een\u00e9 une diminution des volumes de gaz destin\u00e9s au Togo pour alimenter les centrales de production d&rsquo;\u00e9lectricit\u00e9.<\/p>\n\n\n\n<p class=\"wp-block-paragraph\">Troisi\u00e8mement, d\u00e9but mai, des travaux d&rsquo;envergure sur les infrastructures de transport de gaz au Nigeria ont accentu\u00e9 le d\u00e9ficit de production de gaz. Cela a malheureusement eu des r\u00e9percussions sur sa production nationale d&rsquo;\u00e9lectricit\u00e9. Face \u00e0 cette p\u00e9nurie, le Nigeria a d\u00e9cid\u00e9 de privil\u00e9gier temporairement ses besoins nationaux en gaz et en \u00e9lectricit\u00e9.<\/p>\n\n\n<div class=\"wp-block-image\">\n<figure class=\"aligncenter size-full is-resized\"><img loading=\"lazy\" decoding=\"async\" src=\"https:\/\/macite.tg\/wp-content\/uploads\/2024\/05\/ANNONCES-1-768x319-2.jpg\" alt=\"\" class=\"wp-image-14675\" width=\"838\" height=\"348\" srcset=\"https:\/\/macite.tg\/wp-content\/uploads\/2024\/05\/ANNONCES-1-768x319-2.jpg 768w, https:\/\/macite.tg\/wp-content\/uploads\/2024\/05\/ANNONCES-1-768x319-2-300x125.jpg 300w\" sizes=\"auto, (max-width: 838px) 100vw, 838px\" \/><\/figure>\n<\/div>\n\n\n<p class=\"wp-block-paragraph\">Cette politique de pr\u00e9f\u00e9rence nationale a drastiquement r\u00e9duit les exportations de gaz et d&rsquo;\u00e9lectricit\u00e9 qui se faisaient d\u00e9j\u00e0 rares, depuis quelques mois, vers le Togo. <em>\u00ab&nbsp;Concr\u00e8tement pour le Togo, cela veut dire moins de gaz pour la production d&rsquo;\u00e9lectricit\u00e9 et moins d&rsquo;\u00e9lectricit\u00e9 import\u00e9e&nbsp;\u00bb,<\/em> rel\u00e8ve la ministre qui ajoute que ces facteurs combin\u00e9s ont intensifi\u00e9 les difficult\u00e9s du secteur et \u00e0 nouveau perturb\u00e9 l&rsquo;\u00e9quilibre que le pays avait r\u00e9ussi \u00e0 r\u00e9tablir au mois d&rsquo;Avril dans la fourniture d&rsquo;\u00e9lectricit\u00e9.<\/p>\n\n\n\n<p class=\"wp-block-paragraph\">La ministre a tenu \u00e0 pr\u00e9ciser que les affabulations d&rsquo;un pr\u00e9tendu endettement du Togo vis-\u00e0-vis du Ghana et du Nig\u00e9ria qui serait \u00e0 l&rsquo;origine de la crise \u00e9nerg\u00e9tique actuelle ne devraient pas \u00eatre consid\u00e9r\u00e9es. <em>\u00ab&nbsp;Est-ce que l&rsquo;endettement est la r\u00e9elle cause de la situation que nous traversons aujourd&rsquo;hui ? Absolument pas du tout et je pense que c&rsquo;est important de le clarifier. S&rsquo;il faut retenir quelque chose aujourd&rsquo;hui, c&rsquo;est que la r\u00e9elle et l&rsquo;unique cause de cette crise, de cette situation \u00e9nerg\u00e9tique que nous traversons, c&rsquo;est la p\u00e9nurie de gaz naturel et les cons\u00e9quences associ\u00e9es sur notre pays&nbsp;\u00bb,<\/em> a martel\u00e9 Mila Aziabl\u00e9.<\/p>\n\n\n\n<p class=\"wp-block-paragraph\"><strong>Poursuivre la vision de Faure Gnassingb\u00e9<\/strong><\/p>\n\n\n\n<p class=\"wp-block-paragraph\">En mati\u00e8re d&rsquo;acc\u00e8s \u00e0 l&rsquo;\u00e9lectricit\u00e9 des populations, le Togo a fait des progr\u00e8s remarquables avec sa capacit\u00e9 de production nationale qui a consid\u00e9rablement augment\u00e9 pour atteindre d\u00e9sormais 60% des besoins en \u00e9lectricit\u00e9 contre seulement 10% en 2006.<\/p>\n\n\n\n<p class=\"wp-block-paragraph\">Il faut poursuivre la cadence et acc\u00e9l\u00e9rer la mise en \u0153uvre du plan de renforcement de la souverainet\u00e9 \u00e9nerg\u00e9tique du pays. Selon les autorit\u00e9s, dans l&rsquo;imm\u00e9diat, plusieurs mesures sont actuellement mises en \u0153uvre pour : diversifier les sources de combustibles des centrales, accro\u00eetre la production d&rsquo;\u00e9lectricit\u00e9 nationale et, optimiser la consommation d&rsquo;\u00e9lectricit\u00e9. Il est indiqu\u00e9 que Faure Gnassingb\u00e9, reste fermement engag\u00e9 \u00e0 garantir l&rsquo;acc\u00e8s universel \u00e0 une \u00e9lectricit\u00e9 fiable et de qualit\u00e9 d&rsquo;ici 2030 et \u00e0 r\u00e9duire la d\u00e9pendance \u00e9nerg\u00e9tique du Togo.<\/p>\n\n\n<div class=\"wp-block-image\">\n<figure class=\"aligncenter size-full is-resized\"><img loading=\"lazy\" decoding=\"async\" src=\"https:\/\/macite.tg\/wp-content\/uploads\/2024\/05\/52c644c6-6cf9-4860-afb3-162b5e4b8a56.jpg\" alt=\"\" class=\"wp-image-14738\" width=\"601\" height=\"824\" srcset=\"https:\/\/macite.tg\/wp-content\/uploads\/2024\/05\/52c644c6-6cf9-4860-afb3-162b5e4b8a56.jpg 720w, https:\/\/macite.tg\/wp-content\/uploads\/2024\/05\/52c644c6-6cf9-4860-afb3-162b5e4b8a56-219x300.jpg 219w\" sizes=\"auto, (max-width: 601px) 100vw, 601px\" \/><\/figure>\n<\/div>\n\n\n<p class=\"wp-block-paragraph\"><em>\u00ab&nbsp;La situation actuelle ne fait que renforcer cette d\u00e9termination in\u00e9branlable pour atteindre ces objectifs. Nous tenons encore une fois \u00e0 rassurer nos concitoyens que notre d\u00e9vouement pour surmonter cette passe difficile est in\u00e9branlable. Nous sommes totalement mobilis\u00e9s et faisons tout ce qui est en notre pouvoir pour r\u00e9soudre rapidement et de mani\u00e8re durable cette crise \u00e9nerg\u00e9tique&nbsp;\u00bb,<\/em> a lanc\u00e9 l&rsquo;autorit\u00e9 charg\u00e9e du secteur de l&rsquo;\u00e9nergie au Togo. Dont acte.<\/p>\n\n\n\n<p class=\"wp-block-paragraph\"><strong>Ali SAMBA (In LE MEDIUM n\u00b0607 du 28 Mai au 03 Juin 2024)<\/strong><\/p>\n\n\n\n<p class=\"wp-block-paragraph\"><a><strong><em>@macite.tg&nbsp;&nbsp;&nbsp;&nbsp;&nbsp;&nbsp;&nbsp;&nbsp;<\/em><\/strong><\/a><\/p>\n\n\n\n<p class=\"wp-block-paragraph\"><strong><em>E-mail&nbsp;: <\/em><\/strong><a href=\"mailto:maciteinfo@gmail.com\"><strong><em>maciteinfo@gmail.com<\/em><\/strong><\/a><strong><em>; <\/em><\/strong><a href=\"mailto:bawela1@gmail.com\"><strong><em>bawela1@gmail.com<\/em><\/strong><\/a><strong><em><\/em><\/strong><\/p>\n\n\n\n<p class=\"wp-block-paragraph\"><strong><em>Pour vos annonces, (publi)reportages, etc., joignez-nous au (00228)91515309\/<strong>79872224 <\/strong>www.macite.tg, L\u2019information, la bonne&nbsp;!<\/em><\/strong><\/p>\n","protected":false},"excerpt":{"rendered":"<p class=\"text-justify mb-2\" >Dans notre derni\u00e8re parution, nous \u00e9crivions sur la crise \u00e9nerg\u00e9tique que connait le Togo, avec la d\u00e9gradation de la situation qui a conduit la Ceet \u00e0 \u00e9tablir un plan de rationnement drastique de la fourniture du courant \u00e9lectrique dans tout le pays. Nous relevions les [&hellip;]<\/p>\n","protected":false},"author":2,"featured_media":14779,"comment_status":"open","ping_status":"open","sticky":false,"template":"","format":"standard","meta":{"footnotes":""},"categories":[20,38],"tags":[],"class_list":["post-14778","post","type-post","status-publish","format-standard","has-post-thumbnail","hentry","category-actualite","category-energie"],"yoast_head":"<!-- This site is optimized with the Yoast SEO plugin v28.4 - https:\/\/yoast.com\/product\/yoast-seo-wordpress\/ -->\n<title>CRISE ENERGETIQUE : Enfin l\u2019omerta rompue par la Ministre de l&#039;\u00e9nergie -<\/title>\n<meta name=\"robots\" content=\"index, follow, max-snippet:-1, max-image-preview:large, max-video-preview:-1\" \/>\n<link rel=\"canonical\" href=\"https:\/\/macite.tg\/?p=14778\" \/>\n<meta property=\"og:locale\" content=\"fr_FR\" \/>\n<meta property=\"og:type\" content=\"article\" \/>\n<meta property=\"og:title\" content=\"CRISE ENERGETIQUE : Enfin l\u2019omerta rompue par la Ministre de l&#039;\u00e9nergie -\" \/>\n<meta property=\"og:description\" content=\"Dans notre derni\u00e8re parution, nous \u00e9crivions sur la crise \u00e9nerg\u00e9tique que connait le Togo, avec la d\u00e9gradation de la situation qui a conduit la Ceet \u00e0 \u00e9tablir un plan de rationnement drastique de la fourniture du courant \u00e9lectrique dans tout le pays. Nous relevions les [&hellip;]\" \/>\n<meta property=\"og:url\" content=\"https:\/\/macite.tg\/?p=14778\" \/>\n<meta property=\"article:published_time\" content=\"2024-05-29T10:13:11+00:00\" \/>\n<meta property=\"article:modified_time\" content=\"2024-05-29T10:13:13+00:00\" \/>\n<meta property=\"og:image\" content=\"https:\/\/macite.tg\/wp-content\/uploads\/2024\/05\/Ceet.jpg\" \/>\n\t<meta property=\"og:image:width\" content=\"500\" \/>\n\t<meta property=\"og:image:height\" content=\"356\" \/>\n\t<meta property=\"og:image:type\" content=\"image\/jpeg\" \/>\n<meta name=\"author\" content=\"Jean Pierre BAWELA\" \/>\n<meta name=\"twitter:card\" content=\"summary_large_image\" \/>\n<meta name=\"twitter:label1\" content=\"\u00c9crit par\" \/>\n\t<meta name=\"twitter:data1\" content=\"Jean Pierre BAWELA\" \/>\n\t<meta name=\"twitter:label2\" content=\"Dur\u00e9e de lecture estim\u00e9e\" \/>\n\t<meta name=\"twitter:data2\" content=\"7 minutes\" \/>\n<script type=\"application\/ld+json\" class=\"yoast-schema-graph\">{\"@context\":\"https:\\\/\\\/schema.org\",\"@graph\":[{\"@type\":\"Article\",\"@id\":\"https:\\\/\\\/macite.tg\\\/?p=14778#article\",\"isPartOf\":{\"@id\":\"https:\\\/\\\/macite.tg\\\/?p=14778\"},\"author\":{\"name\":\"Jean Pierre BAWELA\",\"@id\":\"https:\\\/\\\/macite.tg\\\/#\\\/schema\\\/person\\\/e9f2de7e5dbbe7770a9402c7ce82f5c2\"},\"headline\":\"CRISE ENERGETIQUE : Enfin l\u2019omerta rompue par la Ministre de l&rsquo;\u00e9nergie\",\"datePublished\":\"2024-05-29T10:13:11+00:00\",\"dateModified\":\"2024-05-29T10:13:13+00:00\",\"mainEntityOfPage\":{\"@id\":\"https:\\\/\\\/macite.tg\\\/?p=14778\"},\"wordCount\":1452,\"commentCount\":0,\"image\":{\"@id\":\"https:\\\/\\\/macite.tg\\\/?p=14778#primaryimage\"},\"thumbnailUrl\":\"https:\\\/\\\/macite.tg\\\/wp-content\\\/uploads\\\/2024\\\/05\\\/Ceet.jpg\",\"articleSection\":[\"ACTUALITE\",\"ENERGIE\"],\"inLanguage\":\"fr-FR\",\"potentialAction\":[{\"@type\":\"CommentAction\",\"name\":\"Comment\",\"target\":[\"https:\\\/\\\/macite.tg\\\/?p=14778#respond\"]}]},{\"@type\":\"WebPage\",\"@id\":\"https:\\\/\\\/macite.tg\\\/?p=14778\",\"url\":\"https:\\\/\\\/macite.tg\\\/?p=14778\",\"name\":\"CRISE ENERGETIQUE : Enfin l\u2019omerta rompue par la Ministre de l'\u00e9nergie -\",\"isPartOf\":{\"@id\":\"https:\\\/\\\/macite.tg\\\/#website\"},\"primaryImageOfPage\":{\"@id\":\"https:\\\/\\\/macite.tg\\\/?p=14778#primaryimage\"},\"image\":{\"@id\":\"https:\\\/\\\/macite.tg\\\/?p=14778#primaryimage\"},\"thumbnailUrl\":\"https:\\\/\\\/macite.tg\\\/wp-content\\\/uploads\\\/2024\\\/05\\\/Ceet.jpg\",\"datePublished\":\"2024-05-29T10:13:11+00:00\",\"dateModified\":\"2024-05-29T10:13:13+00:00\",\"author\":{\"@id\":\"https:\\\/\\\/macite.tg\\\/#\\\/schema\\\/person\\\/e9f2de7e5dbbe7770a9402c7ce82f5c2\"},\"breadcrumb\":{\"@id\":\"https:\\\/\\\/macite.tg\\\/?p=14778#breadcrumb\"},\"inLanguage\":\"fr-FR\",\"potentialAction\":[{\"@type\":\"ReadAction\",\"target\":[\"https:\\\/\\\/macite.tg\\\/?p=14778\"]}]},{\"@type\":\"ImageObject\",\"inLanguage\":\"fr-FR\",\"@id\":\"https:\\\/\\\/macite.tg\\\/?p=14778#primaryimage\",\"url\":\"https:\\\/\\\/macite.tg\\\/wp-content\\\/uploads\\\/2024\\\/05\\\/Ceet.jpg\",\"contentUrl\":\"https:\\\/\\\/macite.tg\\\/wp-content\\\/uploads\\\/2024\\\/05\\\/Ceet.jpg\",\"width\":500,\"height\":356,\"caption\":\"Les officiels lors de la conf\u00e9rence de presse; au milieu, la ministre Mila Aziabl\u00e9, en charge de l'\u00e9nergie.\"},{\"@type\":\"BreadcrumbList\",\"@id\":\"https:\\\/\\\/macite.tg\\\/?p=14778#breadcrumb\",\"itemListElement\":[{\"@type\":\"ListItem\",\"position\":1,\"name\":\"Accueil\",\"item\":\"https:\\\/\\\/macite.tg\\\/\"},{\"@type\":\"ListItem\",\"position\":2,\"name\":\"CRISE ENERGETIQUE : Enfin l\u2019omerta rompue par la Ministre de l&rsquo;\u00e9nergie\"}]},{\"@type\":\"WebSite\",\"@id\":\"https:\\\/\\\/macite.tg\\\/#website\",\"url\":\"https:\\\/\\\/macite.tg\\\/\",\"name\":\"\",\"description\":\"L&#039;information, la bonne!!!\",\"potentialAction\":[{\"@type\":\"SearchAction\",\"target\":{\"@type\":\"EntryPoint\",\"urlTemplate\":\"https:\\\/\\\/macite.tg\\\/?s={search_term_string}\"},\"query-input\":{\"@type\":\"PropertyValueSpecification\",\"valueRequired\":true,\"valueName\":\"search_term_string\"}}],\"inLanguage\":\"fr-FR\"},{\"@type\":\"Person\",\"@id\":\"https:\\\/\\\/macite.tg\\\/#\\\/schema\\\/person\\\/e9f2de7e5dbbe7770a9402c7ce82f5c2\",\"name\":\"Jean Pierre BAWELA\",\"image\":{\"@type\":\"ImageObject\",\"inLanguage\":\"fr-FR\",\"@id\":\"https:\\\/\\\/macite.tg\\\/wp-content\\\/uploads\\\/2023\\\/09\\\/WhatsApp-Image-2023-09-19-at-14.44.41-122x122.jpeg\",\"url\":\"https:\\\/\\\/macite.tg\\\/wp-content\\\/uploads\\\/2023\\\/09\\\/WhatsApp-Image-2023-09-19-at-14.44.41-122x122.jpeg\",\"contentUrl\":\"https:\\\/\\\/macite.tg\\\/wp-content\\\/uploads\\\/2023\\\/09\\\/WhatsApp-Image-2023-09-19-at-14.44.41-122x122.jpeg\",\"caption\":\"Jean Pierre BAWELA\"},\"url\":\"https:\\\/\\\/macite.tg\\\/?author=2\"}]}<\/script>\n<!-- \/ Yoast SEO plugin. -->","yoast_head_json":{"title":"CRISE ENERGETIQUE : Enfin l\u2019omerta rompue par la Ministre de l'\u00e9nergie -","robots":{"index":"index","follow":"follow","max-snippet":"max-snippet:-1","max-image-preview":"max-image-preview:large","max-video-preview":"max-video-preview:-1"},"canonical":"https:\/\/macite.tg\/?p=14778","og_locale":"fr_FR","og_type":"article","og_title":"CRISE ENERGETIQUE : Enfin l\u2019omerta rompue par la Ministre de l'\u00e9nergie -","og_description":"Dans notre derni\u00e8re parution, nous \u00e9crivions sur la crise \u00e9nerg\u00e9tique que connait le Togo, avec la d\u00e9gradation de la situation qui a conduit la Ceet \u00e0 \u00e9tablir un plan de rationnement drastique de la fourniture du courant \u00e9lectrique dans tout le pays. Nous relevions les [&hellip;]","og_url":"https:\/\/macite.tg\/?p=14778","article_published_time":"2024-05-29T10:13:11+00:00","article_modified_time":"2024-05-29T10:13:13+00:00","og_image":[{"width":500,"height":356,"url":"https:\/\/macite.tg\/wp-content\/uploads\/2024\/05\/Ceet.jpg","type":"image\/jpeg"}],"author":"Jean Pierre BAWELA","twitter_card":"summary_large_image","twitter_misc":{"\u00c9crit par":"Jean Pierre BAWELA","Dur\u00e9e de lecture estim\u00e9e":"7 minutes"},"schema":{"@context":"https:\/\/schema.org","@graph":[{"@type":"Article","@id":"https:\/\/macite.tg\/?p=14778#article","isPartOf":{"@id":"https:\/\/macite.tg\/?p=14778"},"author":{"name":"Jean Pierre BAWELA","@id":"https:\/\/macite.tg\/#\/schema\/person\/e9f2de7e5dbbe7770a9402c7ce82f5c2"},"headline":"CRISE ENERGETIQUE : Enfin l\u2019omerta rompue par la Ministre de l&rsquo;\u00e9nergie","datePublished":"2024-05-29T10:13:11+00:00","dateModified":"2024-05-29T10:13:13+00:00","mainEntityOfPage":{"@id":"https:\/\/macite.tg\/?p=14778"},"wordCount":1452,"commentCount":0,"image":{"@id":"https:\/\/macite.tg\/?p=14778#primaryimage"},"thumbnailUrl":"https:\/\/macite.tg\/wp-content\/uploads\/2024\/05\/Ceet.jpg","articleSection":["ACTUALITE","ENERGIE"],"inLanguage":"fr-FR","potentialAction":[{"@type":"CommentAction","name":"Comment","target":["https:\/\/macite.tg\/?p=14778#respond"]}]},{"@type":"WebPage","@id":"https:\/\/macite.tg\/?p=14778","url":"https:\/\/macite.tg\/?p=14778","name":"CRISE ENERGETIQUE : Enfin l\u2019omerta rompue par la Ministre de l'\u00e9nergie -","isPartOf":{"@id":"https:\/\/macite.tg\/#website"},"primaryImageOfPage":{"@id":"https:\/\/macite.tg\/?p=14778#primaryimage"},"image":{"@id":"https:\/\/macite.tg\/?p=14778#primaryimage"},"thumbnailUrl":"https:\/\/macite.tg\/wp-content\/uploads\/2024\/05\/Ceet.jpg","datePublished":"2024-05-29T10:13:11+00:00","dateModified":"2024-05-29T10:13:13+00:00","author":{"@id":"https:\/\/macite.tg\/#\/schema\/person\/e9f2de7e5dbbe7770a9402c7ce82f5c2"},"breadcrumb":{"@id":"https:\/\/macite.tg\/?p=14778#breadcrumb"},"inLanguage":"fr-FR","potentialAction":[{"@type":"ReadAction","target":["https:\/\/macite.tg\/?p=14778"]}]},{"@type":"ImageObject","inLanguage":"fr-FR","@id":"https:\/\/macite.tg\/?p=14778#primaryimage","url":"https:\/\/macite.tg\/wp-content\/uploads\/2024\/05\/Ceet.jpg","contentUrl":"https:\/\/macite.tg\/wp-content\/uploads\/2024\/05\/Ceet.jpg","width":500,"height":356,"caption":"Les officiels lors de la conf\u00e9rence de presse; au milieu, la ministre Mila Aziabl\u00e9, en charge de l'\u00e9nergie."},{"@type":"BreadcrumbList","@id":"https:\/\/macite.tg\/?p=14778#breadcrumb","itemListElement":[{"@type":"ListItem","position":1,"name":"Accueil","item":"https:\/\/macite.tg\/"},{"@type":"ListItem","position":2,"name":"CRISE ENERGETIQUE : Enfin l\u2019omerta rompue par la Ministre de l&rsquo;\u00e9nergie"}]},{"@type":"WebSite","@id":"https:\/\/macite.tg\/#website","url":"https:\/\/macite.tg\/","name":"","description":"L&#039;information, la bonne!!!","potentialAction":[{"@type":"SearchAction","target":{"@type":"EntryPoint","urlTemplate":"https:\/\/macite.tg\/?s={search_term_string}"},"query-input":{"@type":"PropertyValueSpecification","valueRequired":true,"valueName":"search_term_string"}}],"inLanguage":"fr-FR"},{"@type":"Person","@id":"https:\/\/macite.tg\/#\/schema\/person\/e9f2de7e5dbbe7770a9402c7ce82f5c2","name":"Jean Pierre BAWELA","image":{"@type":"ImageObject","inLanguage":"fr-FR","@id":"https:\/\/macite.tg\/wp-content\/uploads\/2023\/09\/WhatsApp-Image-2023-09-19-at-14.44.41-122x122.jpeg","url":"https:\/\/macite.tg\/wp-content\/uploads\/2023\/09\/WhatsApp-Image-2023-09-19-at-14.44.41-122x122.jpeg","contentUrl":"https:\/\/macite.tg\/wp-content\/uploads\/2023\/09\/WhatsApp-Image-2023-09-19-at-14.44.41-122x122.jpeg","caption":"Jean Pierre BAWELA"},"url":"https:\/\/macite.tg\/?author=2"}]}},"_links":{"self":[{"href":"https:\/\/macite.tg\/index.php?rest_route=\/wp\/v2\/posts\/14778","targetHints":{"allow":["GET"]}}],"collection":[{"href":"https:\/\/macite.tg\/index.php?rest_route=\/wp\/v2\/posts"}],"about":[{"href":"https:\/\/macite.tg\/index.php?rest_route=\/wp\/v2\/types\/post"}],"author":[{"embeddable":true,"href":"https:\/\/macite.tg\/index.php?rest_route=\/wp\/v2\/users\/2"}],"replies":[{"embeddable":true,"href":"https:\/\/macite.tg\/index.php?rest_route=%2Fwp%2Fv2%2Fcomments&post=14778"}],"version-history":[{"count":0,"href":"https:\/\/macite.tg\/index.php?rest_route=\/wp\/v2\/posts\/14778\/revisions"}],"wp:featuredmedia":[{"embeddable":true,"href":"https:\/\/macite.tg\/index.php?rest_route=\/wp\/v2\/media\/14779"}],"wp:attachment":[{"href":"https:\/\/macite.tg\/index.php?rest_route=%2Fwp%2Fv2%2Fmedia&parent=14778"}],"wp:term":[{"taxonomy":"category","embeddable":true,"href":"https:\/\/macite.tg\/index.php?rest_route=%2Fwp%2Fv2%2Fcategories&post=14778"},{"taxonomy":"post_tag","embeddable":true,"href":"https:\/\/macite.tg\/index.php?rest_route=%2Fwp%2Fv2%2Ftags&post=14778"}],"curies":[{"name":"wp","href":"https:\/\/api.w.org\/{rel}","templated":true}]}}