{"id":14740,"date":"2024-05-27T14:05:59","date_gmt":"2024-05-27T14:05:59","guid":{"rendered":"https:\/\/macite.tg\/?p=14740"},"modified":"2024-05-27T15:13:31","modified_gmt":"2024-05-27T15:13:31","slug":"extradition-de-macky-sall-un-collectif-cree-recueillir-des-temoignages-contre-lancien-president-senegalais","status":"publish","type":"post","link":"https:\/\/macite.tg\/?p=14740","title":{"rendered":"EXTRADITION DE MACKY SALL : Un collectif cr\u00e9\u00e9 pour recueillir des t\u00e9moignages contre l\u2019ancien pr\u00e9sident s\u00e9n\u00e9galais"},"content":{"rendered":"\n<p class=\"wp-block-paragraph\"><strong><em>Boubacar S\u00e8ye, \u00e0 la t\u00eate de l\u2019organisation Horizon Sans Fronti\u00e8re, annonce la cr\u00e9ation d\u2019un collectif d\u00e9di\u00e9 aux personnes affect\u00e9es par le r\u00e9gime dirig\u00e9 par Macky Sall.<\/em><\/strong><\/p>\n\n\n\n<p class=\"wp-block-paragraph\">Ce collectif vise \u00e0 rassembler tous ceux ayant \u00e9t\u00e9 victimes de violences ou d\u2019injustices sous l\u2019ancien gouvernement au S\u00e9n\u00e9gal, dans le but de recueillir des t\u00e9moignages document\u00e9s et d\u2019organiser une r\u00e9ponse collective face aux brutalit\u00e9s signal\u00e9es.<\/p>\n\n\n<div class=\"wp-block-image\">\n<figure class=\"aligncenter size-full is-resized\"><img loading=\"lazy\" decoding=\"async\" src=\"https:\/\/macite.tg\/wp-content\/uploads\/2024\/05\/94afb483-137f-401c-801e-d00f46460038.jpg\" alt=\"\" class=\"wp-image-14737\" width=\"536\" height=\"743\" srcset=\"https:\/\/macite.tg\/wp-content\/uploads\/2024\/05\/94afb483-137f-401c-801e-d00f46460038.jpg 720w, https:\/\/macite.tg\/wp-content\/uploads\/2024\/05\/94afb483-137f-401c-801e-d00f46460038-217x300.jpg 217w\" sizes=\"auto, (max-width: 536px) 100vw, 536px\" \/><\/figure>\n<\/div>\n\n\n<p class=\"wp-block-paragraph\">Sur sa page Facebook,&nbsp;<a href=\"https:\/\/www.senenews.com\/actualites\/politique\/lenorme-coup-de-gueule-de-boubacar-seye-contre-emmanuel-macron-arretez-ca_410871.html\">Boubacar S\u00e8ye<\/a>&nbsp;encourage les personnes concern\u00e9es \u00e0 se joindre \u00e0 cette initiative en fournissant leurs coordonn\u00e9es via un e-mail d\u00e9di\u00e9 :&nbsp;lesvictimesduregimedemackysall@gmail.com. Les informations demand\u00e9es incluent le nom, le pr\u00e9nom, la date d\u2019arrestation et un num\u00e9ro de t\u00e9l\u00e9phone.<\/p>\n\n\n<div class=\"wp-block-image\">\n<figure class=\"aligncenter size-full is-resized\"><img loading=\"lazy\" decoding=\"async\" src=\"https:\/\/macite.tg\/wp-content\/uploads\/2024\/05\/52c644c6-6cf9-4860-afb3-162b5e4b8a56.jpg\" alt=\"\" class=\"wp-image-14738\" width=\"508\" height=\"696\" srcset=\"https:\/\/macite.tg\/wp-content\/uploads\/2024\/05\/52c644c6-6cf9-4860-afb3-162b5e4b8a56.jpg 720w, https:\/\/macite.tg\/wp-content\/uploads\/2024\/05\/52c644c6-6cf9-4860-afb3-162b5e4b8a56-219x300.jpg 219w\" sizes=\"auto, (max-width: 508px) 100vw, 508px\" \/><\/figure>\n<\/div>\n\n\n<p class=\"wp-block-paragraph\">L\u2019objectif principal de cette d\u00e9marche est d\u2019\u00e9tablir une base de t\u00e9moignages solides afin de faciliter le processus d\u2019extradition de l\u2019ex pr\u00e9sident s\u00e9n\u00e9galais, Macky Sall, vers le S\u00e9n\u00e9gal, o\u00f9 il devra r\u00e9pondre de ses actes devant la justice.<\/p>\n\n\n\n<p class=\"wp-block-paragraph\"><strong>SeneNews<\/strong><\/p>\n\n\n\n<p class=\"wp-block-paragraph\"><a><strong><em>@macite.tg&nbsp;&nbsp;&nbsp;&nbsp;&nbsp;&nbsp;&nbsp;&nbsp;<\/em><\/strong><\/a><\/p>\n\n\n\n<p class=\"wp-block-paragraph\"><strong><em>E-mail&nbsp;: <\/em><\/strong><a href=\"mailto:maciteinfo@gmail.com\"><strong><em>maciteinfo@gmail.com<\/em><\/strong><\/a><strong><em>; <\/em><\/strong><a href=\"mailto:bawela1@gmail.com\"><strong><em>bawela1@gmail.com<\/em><\/strong><\/a><strong><em><\/em><\/strong><\/p>\n\n\n\n<p class=\"wp-block-paragraph\"><strong><em>Pour vos annonces, (publi)reportages, etc., joignez-nous au (00228)91515309\/<strong>79872224 <\/strong>www.macite.tg, L\u2019information, la bonne&nbsp;!<\/em><\/strong><\/p>\n","protected":false},"excerpt":{"rendered":"<p class=\"text-justify mb-2\" >Boubacar S\u00e8ye, \u00e0 la t\u00eate de l\u2019organisation Horizon Sans Fronti\u00e8re, annonce la cr\u00e9ation d\u2019un collectif d\u00e9di\u00e9 aux personnes affect\u00e9es par le r\u00e9gime dirig\u00e9 par Macky Sall. Ce collectif vise \u00e0 rassembler tous ceux ayant \u00e9t\u00e9 victimes de violences ou d\u2019injustices sous l\u2019ancien gouvernement au S\u00e9n\u00e9gal, [&hellip;]<\/p>\n","protected":false},"author":2,"featured_media":14743,"comment_status":"open","ping_status":"open","sticky":false,"template":"","format":"standard","meta":{"footnotes":""},"categories":[20,26],"tags":[],"class_list":["post-14740","post","type-post","status-publish","format-standard","has-post-thumbnail","hentry","category-actualite","category-justice"],"yoast_head":"<!-- This site is optimized with the Yoast SEO plugin v28.4 - https:\/\/yoast.com\/product\/yoast-seo-wordpress\/ -->\n<title>EXTRADITION DE MACKY SALL : Un collectif cr\u00e9\u00e9 pour recueillir des t\u00e9moignages contre l\u2019ancien pr\u00e9sident s\u00e9n\u00e9galais -<\/title>\n<meta name=\"robots\" content=\"index, follow, max-snippet:-1, max-image-preview:large, max-video-preview:-1\" \/>\n<link rel=\"canonical\" href=\"https:\/\/macite.tg\/?p=14740\" \/>\n<meta property=\"og:locale\" content=\"fr_FR\" \/>\n<meta property=\"og:type\" content=\"article\" \/>\n<meta property=\"og:title\" content=\"EXTRADITION DE MACKY SALL : Un collectif cr\u00e9\u00e9 pour recueillir des t\u00e9moignages contre l\u2019ancien pr\u00e9sident s\u00e9n\u00e9galais -\" \/>\n<meta property=\"og:description\" content=\"Boubacar S\u00e8ye, \u00e0 la t\u00eate de l\u2019organisation Horizon Sans Fronti\u00e8re, annonce la cr\u00e9ation d\u2019un collectif d\u00e9di\u00e9 aux personnes affect\u00e9es par le r\u00e9gime dirig\u00e9 par Macky Sall. Ce collectif vise \u00e0 rassembler tous ceux ayant \u00e9t\u00e9 victimes de violences ou d\u2019injustices sous l\u2019ancien gouvernement au S\u00e9n\u00e9gal, [&hellip;]\" \/>\n<meta property=\"og:url\" content=\"https:\/\/macite.tg\/?p=14740\" \/>\n<meta property=\"article:published_time\" content=\"2024-05-27T14:05:59+00:00\" \/>\n<meta property=\"article:modified_time\" content=\"2024-05-27T15:13:31+00:00\" \/>\n<meta property=\"og:image\" content=\"https:\/\/macite.tg\/wp-content\/uploads\/2024\/05\/SALL.jpg\" \/>\n\t<meta property=\"og:image:width\" content=\"500\" \/>\n\t<meta property=\"og:image:height\" content=\"282\" \/>\n\t<meta property=\"og:image:type\" content=\"image\/jpeg\" \/>\n<meta name=\"author\" content=\"Jean Pierre BAWELA\" \/>\n<meta name=\"twitter:card\" content=\"summary_large_image\" \/>\n<meta name=\"twitter:label1\" content=\"\u00c9crit par\" \/>\n\t<meta name=\"twitter:data1\" content=\"Jean Pierre BAWELA\" \/>\n\t<meta name=\"twitter:label2\" content=\"Dur\u00e9e de lecture estim\u00e9e\" \/>\n\t<meta name=\"twitter:data2\" content=\"1 minute\" \/>\n<script type=\"application\/ld+json\" class=\"yoast-schema-graph\">{\"@context\":\"https:\\\/\\\/schema.org\",\"@graph\":[{\"@type\":\"Article\",\"@id\":\"https:\\\/\\\/macite.tg\\\/?p=14740#article\",\"isPartOf\":{\"@id\":\"https:\\\/\\\/macite.tg\\\/?p=14740\"},\"author\":{\"name\":\"Jean Pierre BAWELA\",\"@id\":\"https:\\\/\\\/macite.tg\\\/#\\\/schema\\\/person\\\/e9f2de7e5dbbe7770a9402c7ce82f5c2\"},\"headline\":\"EXTRADITION DE MACKY SALL : Un collectif cr\u00e9\u00e9 pour recueillir des t\u00e9moignages contre l\u2019ancien pr\u00e9sident s\u00e9n\u00e9galais\",\"datePublished\":\"2024-05-27T14:05:59+00:00\",\"dateModified\":\"2024-05-27T15:13:31+00:00\",\"mainEntityOfPage\":{\"@id\":\"https:\\\/\\\/macite.tg\\\/?p=14740\"},\"wordCount\":237,\"commentCount\":0,\"image\":{\"@id\":\"https:\\\/\\\/macite.tg\\\/?p=14740#primaryimage\"},\"thumbnailUrl\":\"https:\\\/\\\/macite.tg\\\/wp-content\\\/uploads\\\/2024\\\/05\\\/SALL.jpg\",\"articleSection\":[\"ACTUALITE\",\"JUSTICE\"],\"inLanguage\":\"fr-FR\",\"potentialAction\":[{\"@type\":\"CommentAction\",\"name\":\"Comment\",\"target\":[\"https:\\\/\\\/macite.tg\\\/?p=14740#respond\"]}]},{\"@type\":\"WebPage\",\"@id\":\"https:\\\/\\\/macite.tg\\\/?p=14740\",\"url\":\"https:\\\/\\\/macite.tg\\\/?p=14740\",\"name\":\"EXTRADITION DE MACKY SALL : Un collectif cr\u00e9\u00e9 pour recueillir des t\u00e9moignages contre l\u2019ancien pr\u00e9sident s\u00e9n\u00e9galais -\",\"isPartOf\":{\"@id\":\"https:\\\/\\\/macite.tg\\\/#website\"},\"primaryImageOfPage\":{\"@id\":\"https:\\\/\\\/macite.tg\\\/?p=14740#primaryimage\"},\"image\":{\"@id\":\"https:\\\/\\\/macite.tg\\\/?p=14740#primaryimage\"},\"thumbnailUrl\":\"https:\\\/\\\/macite.tg\\\/wp-content\\\/uploads\\\/2024\\\/05\\\/SALL.jpg\",\"datePublished\":\"2024-05-27T14:05:59+00:00\",\"dateModified\":\"2024-05-27T15:13:31+00:00\",\"author\":{\"@id\":\"https:\\\/\\\/macite.tg\\\/#\\\/schema\\\/person\\\/e9f2de7e5dbbe7770a9402c7ce82f5c2\"},\"breadcrumb\":{\"@id\":\"https:\\\/\\\/macite.tg\\\/?p=14740#breadcrumb\"},\"inLanguage\":\"fr-FR\",\"potentialAction\":[{\"@type\":\"ReadAction\",\"target\":[\"https:\\\/\\\/macite.tg\\\/?p=14740\"]}]},{\"@type\":\"ImageObject\",\"inLanguage\":\"fr-FR\",\"@id\":\"https:\\\/\\\/macite.tg\\\/?p=14740#primaryimage\",\"url\":\"https:\\\/\\\/macite.tg\\\/wp-content\\\/uploads\\\/2024\\\/05\\\/SALL.jpg\",\"contentUrl\":\"https:\\\/\\\/macite.tg\\\/wp-content\\\/uploads\\\/2024\\\/05\\\/SALL.jpg\",\"width\":500,\"height\":282},{\"@type\":\"BreadcrumbList\",\"@id\":\"https:\\\/\\\/macite.tg\\\/?p=14740#breadcrumb\",\"itemListElement\":[{\"@type\":\"ListItem\",\"position\":1,\"name\":\"Accueil\",\"item\":\"https:\\\/\\\/macite.tg\\\/\"},{\"@type\":\"ListItem\",\"position\":2,\"name\":\"EXTRADITION DE MACKY SALL : Un collectif cr\u00e9\u00e9 pour recueillir des t\u00e9moignages contre l\u2019ancien pr\u00e9sident s\u00e9n\u00e9galais\"}]},{\"@type\":\"WebSite\",\"@id\":\"https:\\\/\\\/macite.tg\\\/#website\",\"url\":\"https:\\\/\\\/macite.tg\\\/\",\"name\":\"\",\"description\":\"L&#039;information, la bonne!!!\",\"potentialAction\":[{\"@type\":\"SearchAction\",\"target\":{\"@type\":\"EntryPoint\",\"urlTemplate\":\"https:\\\/\\\/macite.tg\\\/?s={search_term_string}\"},\"query-input\":{\"@type\":\"PropertyValueSpecification\",\"valueRequired\":true,\"valueName\":\"search_term_string\"}}],\"inLanguage\":\"fr-FR\"},{\"@type\":\"Person\",\"@id\":\"https:\\\/\\\/macite.tg\\\/#\\\/schema\\\/person\\\/e9f2de7e5dbbe7770a9402c7ce82f5c2\",\"name\":\"Jean Pierre BAWELA\",\"image\":{\"@type\":\"ImageObject\",\"inLanguage\":\"fr-FR\",\"@id\":\"https:\\\/\\\/macite.tg\\\/wp-content\\\/uploads\\\/2023\\\/09\\\/WhatsApp-Image-2023-09-19-at-14.44.41-122x122.jpeg\",\"url\":\"https:\\\/\\\/macite.tg\\\/wp-content\\\/uploads\\\/2023\\\/09\\\/WhatsApp-Image-2023-09-19-at-14.44.41-122x122.jpeg\",\"contentUrl\":\"https:\\\/\\\/macite.tg\\\/wp-content\\\/uploads\\\/2023\\\/09\\\/WhatsApp-Image-2023-09-19-at-14.44.41-122x122.jpeg\",\"caption\":\"Jean Pierre BAWELA\"},\"url\":\"https:\\\/\\\/macite.tg\\\/?author=2\"}]}<\/script>\n<!-- \/ Yoast SEO plugin. -->","yoast_head_json":{"title":"EXTRADITION DE MACKY SALL : Un collectif cr\u00e9\u00e9 pour recueillir des t\u00e9moignages contre l\u2019ancien pr\u00e9sident s\u00e9n\u00e9galais -","robots":{"index":"index","follow":"follow","max-snippet":"max-snippet:-1","max-image-preview":"max-image-preview:large","max-video-preview":"max-video-preview:-1"},"canonical":"https:\/\/macite.tg\/?p=14740","og_locale":"fr_FR","og_type":"article","og_title":"EXTRADITION DE MACKY SALL : Un collectif cr\u00e9\u00e9 pour recueillir des t\u00e9moignages contre l\u2019ancien pr\u00e9sident s\u00e9n\u00e9galais -","og_description":"Boubacar S\u00e8ye, \u00e0 la t\u00eate de l\u2019organisation Horizon Sans Fronti\u00e8re, annonce la cr\u00e9ation d\u2019un collectif d\u00e9di\u00e9 aux personnes affect\u00e9es par le r\u00e9gime dirig\u00e9 par Macky Sall. Ce collectif vise \u00e0 rassembler tous ceux ayant \u00e9t\u00e9 victimes de violences ou d\u2019injustices sous l\u2019ancien gouvernement au S\u00e9n\u00e9gal, [&hellip;]","og_url":"https:\/\/macite.tg\/?p=14740","article_published_time":"2024-05-27T14:05:59+00:00","article_modified_time":"2024-05-27T15:13:31+00:00","og_image":[{"width":500,"height":282,"url":"https:\/\/macite.tg\/wp-content\/uploads\/2024\/05\/SALL.jpg","type":"image\/jpeg"}],"author":"Jean Pierre BAWELA","twitter_card":"summary_large_image","twitter_misc":{"\u00c9crit par":"Jean Pierre BAWELA","Dur\u00e9e de lecture estim\u00e9e":"1 minute"},"schema":{"@context":"https:\/\/schema.org","@graph":[{"@type":"Article","@id":"https:\/\/macite.tg\/?p=14740#article","isPartOf":{"@id":"https:\/\/macite.tg\/?p=14740"},"author":{"name":"Jean Pierre BAWELA","@id":"https:\/\/macite.tg\/#\/schema\/person\/e9f2de7e5dbbe7770a9402c7ce82f5c2"},"headline":"EXTRADITION DE MACKY SALL : Un collectif cr\u00e9\u00e9 pour recueillir des t\u00e9moignages contre l\u2019ancien pr\u00e9sident s\u00e9n\u00e9galais","datePublished":"2024-05-27T14:05:59+00:00","dateModified":"2024-05-27T15:13:31+00:00","mainEntityOfPage":{"@id":"https:\/\/macite.tg\/?p=14740"},"wordCount":237,"commentCount":0,"image":{"@id":"https:\/\/macite.tg\/?p=14740#primaryimage"},"thumbnailUrl":"https:\/\/macite.tg\/wp-content\/uploads\/2024\/05\/SALL.jpg","articleSection":["ACTUALITE","JUSTICE"],"inLanguage":"fr-FR","potentialAction":[{"@type":"CommentAction","name":"Comment","target":["https:\/\/macite.tg\/?p=14740#respond"]}]},{"@type":"WebPage","@id":"https:\/\/macite.tg\/?p=14740","url":"https:\/\/macite.tg\/?p=14740","name":"EXTRADITION DE MACKY SALL : Un collectif cr\u00e9\u00e9 pour recueillir des t\u00e9moignages contre l\u2019ancien pr\u00e9sident s\u00e9n\u00e9galais -","isPartOf":{"@id":"https:\/\/macite.tg\/#website"},"primaryImageOfPage":{"@id":"https:\/\/macite.tg\/?p=14740#primaryimage"},"image":{"@id":"https:\/\/macite.tg\/?p=14740#primaryimage"},"thumbnailUrl":"https:\/\/macite.tg\/wp-content\/uploads\/2024\/05\/SALL.jpg","datePublished":"2024-05-27T14:05:59+00:00","dateModified":"2024-05-27T15:13:31+00:00","author":{"@id":"https:\/\/macite.tg\/#\/schema\/person\/e9f2de7e5dbbe7770a9402c7ce82f5c2"},"breadcrumb":{"@id":"https:\/\/macite.tg\/?p=14740#breadcrumb"},"inLanguage":"fr-FR","potentialAction":[{"@type":"ReadAction","target":["https:\/\/macite.tg\/?p=14740"]}]},{"@type":"ImageObject","inLanguage":"fr-FR","@id":"https:\/\/macite.tg\/?p=14740#primaryimage","url":"https:\/\/macite.tg\/wp-content\/uploads\/2024\/05\/SALL.jpg","contentUrl":"https:\/\/macite.tg\/wp-content\/uploads\/2024\/05\/SALL.jpg","width":500,"height":282},{"@type":"BreadcrumbList","@id":"https:\/\/macite.tg\/?p=14740#breadcrumb","itemListElement":[{"@type":"ListItem","position":1,"name":"Accueil","item":"https:\/\/macite.tg\/"},{"@type":"ListItem","position":2,"name":"EXTRADITION DE MACKY SALL : Un collectif cr\u00e9\u00e9 pour recueillir des t\u00e9moignages contre l\u2019ancien pr\u00e9sident s\u00e9n\u00e9galais"}]},{"@type":"WebSite","@id":"https:\/\/macite.tg\/#website","url":"https:\/\/macite.tg\/","name":"","description":"L&#039;information, la bonne!!!","potentialAction":[{"@type":"SearchAction","target":{"@type":"EntryPoint","urlTemplate":"https:\/\/macite.tg\/?s={search_term_string}"},"query-input":{"@type":"PropertyValueSpecification","valueRequired":true,"valueName":"search_term_string"}}],"inLanguage":"fr-FR"},{"@type":"Person","@id":"https:\/\/macite.tg\/#\/schema\/person\/e9f2de7e5dbbe7770a9402c7ce82f5c2","name":"Jean Pierre BAWELA","image":{"@type":"ImageObject","inLanguage":"fr-FR","@id":"https:\/\/macite.tg\/wp-content\/uploads\/2023\/09\/WhatsApp-Image-2023-09-19-at-14.44.41-122x122.jpeg","url":"https:\/\/macite.tg\/wp-content\/uploads\/2023\/09\/WhatsApp-Image-2023-09-19-at-14.44.41-122x122.jpeg","contentUrl":"https:\/\/macite.tg\/wp-content\/uploads\/2023\/09\/WhatsApp-Image-2023-09-19-at-14.44.41-122x122.jpeg","caption":"Jean Pierre BAWELA"},"url":"https:\/\/macite.tg\/?author=2"}]}},"_links":{"self":[{"href":"https:\/\/macite.tg\/index.php?rest_route=\/wp\/v2\/posts\/14740","targetHints":{"allow":["GET"]}}],"collection":[{"href":"https:\/\/macite.tg\/index.php?rest_route=\/wp\/v2\/posts"}],"about":[{"href":"https:\/\/macite.tg\/index.php?rest_route=\/wp\/v2\/types\/post"}],"author":[{"embeddable":true,"href":"https:\/\/macite.tg\/index.php?rest_route=\/wp\/v2\/users\/2"}],"replies":[{"embeddable":true,"href":"https:\/\/macite.tg\/index.php?rest_route=%2Fwp%2Fv2%2Fcomments&post=14740"}],"version-history":[{"count":0,"href":"https:\/\/macite.tg\/index.php?rest_route=\/wp\/v2\/posts\/14740\/revisions"}],"wp:featuredmedia":[{"embeddable":true,"href":"https:\/\/macite.tg\/index.php?rest_route=\/wp\/v2\/media\/14743"}],"wp:attachment":[{"href":"https:\/\/macite.tg\/index.php?rest_route=%2Fwp%2Fv2%2Fmedia&parent=14740"}],"wp:term":[{"taxonomy":"category","embeddable":true,"href":"https:\/\/macite.tg\/index.php?rest_route=%2Fwp%2Fv2%2Fcategories&post=14740"},{"taxonomy":"post_tag","embeddable":true,"href":"https:\/\/macite.tg\/index.php?rest_route=%2Fwp%2Fv2%2Ftags&post=14740"}],"curies":[{"name":"wp","href":"https:\/\/api.w.org\/{rel}","templated":true}]}}