{"id":14736,"date":"2024-05-27T13:32:35","date_gmt":"2024-05-27T13:32:35","guid":{"rendered":"https:\/\/macite.tg\/?p=14736"},"modified":"2024-05-27T13:32:37","modified_gmt":"2024-05-27T13:32:37","slug":"lelevation-acte-7-lartiste-mawuto-tetey-promet-du-feu","status":"publish","type":"post","link":"https:\/\/macite.tg\/?p=14736","title":{"rendered":"L&rsquo;ELEVATION, ACTE 7\u00a0: L\u2019artiste Mawuto Tetey promet du feu"},"content":{"rendered":"\n<p class=\"wp-block-paragraph\"><strong><em>L&rsquo;acte 7 du festival de musique Gospel \u00a0\u00bbl&rsquo;\u00e9l\u00e9vation\u00a0\u00bb, qui a \u00e9t\u00e9 lanc\u00e9 le 11 Mai dernier \u00e0 Lom\u00e9 par l&rsquo;artiste Mawuto Tetey, marque une nouvelle \u00e8re pour l&rsquo;\u00e9v\u00e9nement de musique religieuse le plus appr\u00e9ci\u00e9. \u00ab\u00a0Ma Restauration\u00a0\u00bb J\u00e9r\u00e9mie 30 :17, tel est le th\u00e8me de l\u2019\u00e9dition 7 dudit festival qui invite \u00e0 un renouveau personnel et communautaire, \u00e0 travers la puissance de la musique gospel. Ce th\u00e8me c\u00e9l\u00e8bre la capacit\u00e9 de la musique \u00e0 gu\u00e9rir et \u00e0 inspirer, offrant \u00e0 chacun l&rsquo;opportunit\u00e9 de se reconnecter avec son essence et de renforcer les liens communautaires.<\/em><\/strong><\/p>\n\n\n\n<p class=\"wp-block-paragraph\">Depuis son lancement en 2018, le festival \u00a0\u00bbEl\u00e9vation\u00a0\u00bb est devenu un rendez-vous incontournable pour les passionn\u00e9s de gospel et de musique spirituelle. Chaque ann\u00e9e, il rassemble des artistes de renomm\u00e9e internationale et locale pour c\u00e9l\u00e9brer la foi, l&rsquo;unit\u00e9 et le talent musical.<\/p>\n\n\n<div class=\"wp-block-image\">\n<figure class=\"aligncenter size-full is-resized\"><img loading=\"lazy\" decoding=\"async\" src=\"https:\/\/macite.tg\/wp-content\/uploads\/2024\/05\/52c644c6-6cf9-4860-afb3-162b5e4b8a56.jpg\" alt=\"\" class=\"wp-image-14738\" width=\"616\" height=\"844\" srcset=\"https:\/\/macite.tg\/wp-content\/uploads\/2024\/05\/52c644c6-6cf9-4860-afb3-162b5e4b8a56.jpg 720w, https:\/\/macite.tg\/wp-content\/uploads\/2024\/05\/52c644c6-6cf9-4860-afb3-162b5e4b8a56-219x300.jpg 219w\" sizes=\"auto, (max-width: 616px) 100vw, 616px\" \/><\/figure>\n<\/div>\n\n\n<p class=\"wp-block-paragraph\">Une nouvelle \u00e8re pour El\u00e9vation !<\/p>\n\n\n\n<p class=\"wp-block-paragraph\">Nous sommes ravis d&rsquo;annoncer que El\u00e9vation, autrefois connu comme une s\u00e9rie de concerts gospel, se transforme en un festival gospel complet. Cela marque un tournant majeur, qui refl\u00e8te notre engagement croissant envers la musique, la communaut\u00e9 et la spiritualit\u00e9.<\/p>\n\n\n\n<p class=\"wp-block-paragraph\">La 7\u00e8me \u00e9dition du Festival El\u00e9vation qui va se d\u00e9rouler courant mois de juin prochain, marque une nouvelle \u00e8re pour l&rsquo;un des \u00e9v\u00e9nements gospel les plus appr\u00e9ci\u00e9s de Lom\u00e9. Cette ann\u00e9e, nous \u00e9largissons nos horizons en invitant non seulement la communaut\u00e9 chr\u00e9tienne mais aussi tous les amateurs de la bonne musique \u00e0 vivre l&rsquo;exp\u00e9rience El\u00e9vation. Que vous cherchiez une profonde connexion spirituelle ou \u00e0 profiter simplement de performances musicales extraordinaires, El\u00e9vation 2024 est votre destination.<\/p>\n\n\n<div class=\"wp-block-image\">\n<figure class=\"aligncenter size-full is-resized\"><img loading=\"lazy\" decoding=\"async\" src=\"https:\/\/macite.tg\/wp-content\/uploads\/2024\/05\/IMG-20240313-WA0013-1.jpg\" alt=\"\" class=\"wp-image-14691\" width=\"843\" height=\"208\" srcset=\"https:\/\/macite.tg\/wp-content\/uploads\/2024\/05\/IMG-20240313-WA0013-1.jpg 690w, https:\/\/macite.tg\/wp-content\/uploads\/2024\/05\/IMG-20240313-WA0013-1-300x74.jpg 300w\" sizes=\"auto, (max-width: 843px) 100vw, 843px\" \/><\/figure>\n<\/div>\n\n\n<p class=\"wp-block-paragraph\">El\u00e9vation n&rsquo;est pas seulement un festival de musique gospel. Elle une plateforme de d\u00e9couverte, d&rsquo;inspiration, et de partage. Nous c\u00e9l\u00e9brons la diversit\u00e9 des expressions musicales et accueillons des talents de tous horizons pour cr\u00e9er un espace o\u00f9 la musique transcende les barri\u00e8res culturelles et spirituelles.<\/p>\n\n\n\n<p class=\"wp-block-paragraph\">En tant que festival reconnu pour sa qualit\u00e9 et son ambiance, El\u00e9vation souhaite s&rsquo;adresser \u00e0 un public plus vaste, refl\u00e9tant l&rsquo;universalit\u00e9 de la musique et son pouvoir \u00e0 rassembler les gens. Notre objectif est de b\u00e2tir des ponts entre diff\u00e9rentes communaut\u00e9s \u00e0 travers le pouvoir unificateur de la musique, tout en offrant un programme enrichissant qui c\u00e9l\u00e8bre la diversit\u00e9 et l&rsquo;inclusivit\u00e9.<\/p>\n\n\n\n<p class=\"wp-block-paragraph\">En termes d&rsquo;un petit bilan, l&rsquo;\u00e9l\u00e9vation a enregistr\u00e9 de belles performances. Au lancement en 2018, l&rsquo;\u00e9l\u00e9vation a enregistr\u00e9 20.000 participants, l&rsquo;acte 6 a connu la participation de 10 artistes. Pour l&rsquo;artiste Mawuto Tetey, \u00c9l\u00e9vation n&rsquo;est pas seulement un festival de musique gospel. <em>\u00ab&nbsp;C&rsquo;est une plateforme de d\u00e9couverte, d&rsquo;inspiration, et de partage. Nous c\u00e9l\u00e9brons la diversit\u00e9 des expressions musicales et accueillons des talents de tous horizons pour cr\u00e9er un espace o\u00f9 la musique transcende les barri\u00e8res culturelles et spirituelles&nbsp;\u00bb,<\/em> a-t-il soulign\u00e9.<\/p>\n\n\n<div class=\"wp-block-image\">\n<figure class=\"aligncenter size-full is-resized\"><img loading=\"lazy\" decoding=\"async\" src=\"https:\/\/macite.tg\/wp-content\/uploads\/2024\/05\/94afb483-137f-401c-801e-d00f46460038.jpg\" alt=\"\" class=\"wp-image-14737\" width=\"625\" height=\"865\" srcset=\"https:\/\/macite.tg\/wp-content\/uploads\/2024\/05\/94afb483-137f-401c-801e-d00f46460038.jpg 720w, https:\/\/macite.tg\/wp-content\/uploads\/2024\/05\/94afb483-137f-401c-801e-d00f46460038-217x300.jpg 217w\" sizes=\"auto, (max-width: 625px) 100vw, 625px\" \/><\/figure>\n<\/div>\n\n\n<p class=\"wp-block-paragraph\">L&rsquo;\u00e9l\u00e9vation 2024, c&rsquo;est une mission humanitaire, don de forage \u00e0 Assahoun et don de concert dans un orphelinat ; c&rsquo;est aussi causerie d\u00e9bat &amp; studio \u00e0 l&rsquo;\u00c9glise Yesu le Agbe Amadahome ; Concert, d\u00e9couverte de groupes musicaux et d&rsquo;artistes gospel au Carrefour Y, le 21 juin. Il y aura un tournoi de football entre&nbsp; Chanteurs et Orchestres sur le Terrain de Ago\u00e8 2 lions le 25 juin et le concert apoth\u00e9ose sera au Cetef le 23 juin.<\/p>\n\n\n\n<p class=\"wp-block-paragraph\"><strong>&nbsp;&nbsp;&nbsp;&nbsp;&nbsp;&nbsp;&nbsp;&nbsp;&nbsp;&nbsp; Dodo ABALO (In LE MEDIUM n\u00b0606 du 20 au 27 Mai 2024)<\/strong><\/p>\n\n\n\n<p class=\"wp-block-paragraph\"><strong><em>@macite.tg&nbsp;&nbsp;&nbsp;&nbsp;&nbsp;&nbsp;&nbsp;&nbsp;<\/em><\/strong><\/p>\n\n\n\n<p class=\"wp-block-paragraph\"><strong><em>E-mail&nbsp;: <\/em><\/strong><a href=\"mailto:maciteinfo@gmail.com\"><strong><em>maciteinfo@gmail.com<\/em><\/strong><\/a><strong><em>; <\/em><\/strong><a href=\"mailto:bawela1@gmail.com\"><strong><em>bawela1@gmail.com<\/em><\/strong><\/a><strong><em><\/em><\/strong><\/p>\n\n\n\n<p class=\"wp-block-paragraph\"><strong><em>Pour vos annonces, (publi)reportages, etc., joignez-nous au (00228)91515309\/<strong>79872224 <\/strong>www.macite.tg, L\u2019information, la bonne&nbsp;!<\/em><\/strong><\/p>\n","protected":false},"excerpt":{"rendered":"<p class=\"text-justify mb-2\" >L&rsquo;acte 7 du festival de musique Gospel \u00a0\u00bbl&rsquo;\u00e9l\u00e9vation\u00a0\u00bb, qui a \u00e9t\u00e9 lanc\u00e9 le 11 Mai dernier \u00e0 Lom\u00e9 par l&rsquo;artiste Mawuto Tetey, marque une nouvelle \u00e8re pour l&rsquo;\u00e9v\u00e9nement de musique religieuse le plus appr\u00e9ci\u00e9. \u00ab\u00a0Ma Restauration\u00a0\u00bb J\u00e9r\u00e9mie 30 :17, tel est le th\u00e8me de l\u2019\u00e9dition [&hellip;]<\/p>\n","protected":false},"author":2,"featured_media":14741,"comment_status":"open","ping_status":"open","sticky":false,"template":"","format":"standard","meta":{"footnotes":""},"categories":[20],"tags":[],"class_list":["post-14736","post","type-post","status-publish","format-standard","has-post-thumbnail","hentry","category-actualite"],"yoast_head":"<!-- This site is optimized with the Yoast SEO plugin v28.4 - https:\/\/yoast.com\/product\/yoast-seo-wordpress\/ -->\n<title>L&#039;ELEVATION, ACTE 7\u00a0: L\u2019artiste Mawuto Tetey promet du feu -<\/title>\n<meta name=\"robots\" content=\"index, follow, max-snippet:-1, max-image-preview:large, max-video-preview:-1\" \/>\n<link rel=\"canonical\" href=\"https:\/\/macite.tg\/?p=14736\" \/>\n<meta property=\"og:locale\" content=\"fr_FR\" \/>\n<meta property=\"og:type\" content=\"article\" \/>\n<meta property=\"og:title\" content=\"L&#039;ELEVATION, ACTE 7\u00a0: L\u2019artiste Mawuto Tetey promet du feu -\" \/>\n<meta property=\"og:description\" content=\"L&rsquo;acte 7 du festival de musique Gospel \u00a0\u00bbl&rsquo;\u00e9l\u00e9vation\u00a0\u00bb, qui a \u00e9t\u00e9 lanc\u00e9 le 11 Mai dernier \u00e0 Lom\u00e9 par l&rsquo;artiste Mawuto Tetey, marque une nouvelle \u00e8re pour l&rsquo;\u00e9v\u00e9nement de musique religieuse le plus appr\u00e9ci\u00e9. \u00ab\u00a0Ma Restauration\u00a0\u00bb J\u00e9r\u00e9mie 30 :17, tel est le th\u00e8me de l\u2019\u00e9dition [&hellip;]\" \/>\n<meta property=\"og:url\" content=\"https:\/\/macite.tg\/?p=14736\" \/>\n<meta property=\"article:published_time\" content=\"2024-05-27T13:32:35+00:00\" \/>\n<meta property=\"article:modified_time\" content=\"2024-05-27T13:32:37+00:00\" \/>\n<meta property=\"og:image\" content=\"https:\/\/macite.tg\/wp-content\/uploads\/2024\/05\/Gospel.jpg\" \/>\n\t<meta property=\"og:image:width\" content=\"500\" \/>\n\t<meta property=\"og:image:height\" content=\"375\" \/>\n\t<meta property=\"og:image:type\" content=\"image\/jpeg\" \/>\n<meta name=\"author\" content=\"Jean Pierre BAWELA\" \/>\n<meta name=\"twitter:card\" content=\"summary_large_image\" \/>\n<meta name=\"twitter:label1\" content=\"\u00c9crit par\" \/>\n\t<meta name=\"twitter:data1\" content=\"Jean Pierre BAWELA\" \/>\n\t<meta name=\"twitter:label2\" content=\"Dur\u00e9e de lecture estim\u00e9e\" \/>\n\t<meta name=\"twitter:data2\" content=\"3 minutes\" \/>\n<script type=\"application\/ld+json\" class=\"yoast-schema-graph\">{\"@context\":\"https:\\\/\\\/schema.org\",\"@graph\":[{\"@type\":\"Article\",\"@id\":\"https:\\\/\\\/macite.tg\\\/?p=14736#article\",\"isPartOf\":{\"@id\":\"https:\\\/\\\/macite.tg\\\/?p=14736\"},\"author\":{\"name\":\"Jean Pierre BAWELA\",\"@id\":\"https:\\\/\\\/macite.tg\\\/#\\\/schema\\\/person\\\/e9f2de7e5dbbe7770a9402c7ce82f5c2\"},\"headline\":\"L&rsquo;ELEVATION, ACTE 7\u00a0: L\u2019artiste Mawuto Tetey promet du feu\",\"datePublished\":\"2024-05-27T13:32:35+00:00\",\"dateModified\":\"2024-05-27T13:32:37+00:00\",\"mainEntityOfPage\":{\"@id\":\"https:\\\/\\\/macite.tg\\\/?p=14736\"},\"wordCount\":635,\"commentCount\":0,\"image\":{\"@id\":\"https:\\\/\\\/macite.tg\\\/?p=14736#primaryimage\"},\"thumbnailUrl\":\"https:\\\/\\\/macite.tg\\\/wp-content\\\/uploads\\\/2024\\\/05\\\/Gospel.jpg\",\"articleSection\":[\"ACTUALITE\"],\"inLanguage\":\"fr-FR\",\"potentialAction\":[{\"@type\":\"CommentAction\",\"name\":\"Comment\",\"target\":[\"https:\\\/\\\/macite.tg\\\/?p=14736#respond\"]}]},{\"@type\":\"WebPage\",\"@id\":\"https:\\\/\\\/macite.tg\\\/?p=14736\",\"url\":\"https:\\\/\\\/macite.tg\\\/?p=14736\",\"name\":\"L'ELEVATION, ACTE 7\u00a0: L\u2019artiste Mawuto Tetey promet du feu -\",\"isPartOf\":{\"@id\":\"https:\\\/\\\/macite.tg\\\/#website\"},\"primaryImageOfPage\":{\"@id\":\"https:\\\/\\\/macite.tg\\\/?p=14736#primaryimage\"},\"image\":{\"@id\":\"https:\\\/\\\/macite.tg\\\/?p=14736#primaryimage\"},\"thumbnailUrl\":\"https:\\\/\\\/macite.tg\\\/wp-content\\\/uploads\\\/2024\\\/05\\\/Gospel.jpg\",\"datePublished\":\"2024-05-27T13:32:35+00:00\",\"dateModified\":\"2024-05-27T13:32:37+00:00\",\"author\":{\"@id\":\"https:\\\/\\\/macite.tg\\\/#\\\/schema\\\/person\\\/e9f2de7e5dbbe7770a9402c7ce82f5c2\"},\"breadcrumb\":{\"@id\":\"https:\\\/\\\/macite.tg\\\/?p=14736#breadcrumb\"},\"inLanguage\":\"fr-FR\",\"potentialAction\":[{\"@type\":\"ReadAction\",\"target\":[\"https:\\\/\\\/macite.tg\\\/?p=14736\"]}]},{\"@type\":\"ImageObject\",\"inLanguage\":\"fr-FR\",\"@id\":\"https:\\\/\\\/macite.tg\\\/?p=14736#primaryimage\",\"url\":\"https:\\\/\\\/macite.tg\\\/wp-content\\\/uploads\\\/2024\\\/05\\\/Gospel.jpg\",\"contentUrl\":\"https:\\\/\\\/macite.tg\\\/wp-content\\\/uploads\\\/2024\\\/05\\\/Gospel.jpg\",\"width\":500,\"height\":375,\"caption\":\"L'artiste Tetey Mawuto et son manager\"},{\"@type\":\"BreadcrumbList\",\"@id\":\"https:\\\/\\\/macite.tg\\\/?p=14736#breadcrumb\",\"itemListElement\":[{\"@type\":\"ListItem\",\"position\":1,\"name\":\"Accueil\",\"item\":\"https:\\\/\\\/macite.tg\\\/\"},{\"@type\":\"ListItem\",\"position\":2,\"name\":\"L&rsquo;ELEVATION, ACTE 7\u00a0: L\u2019artiste Mawuto Tetey promet du feu\"}]},{\"@type\":\"WebSite\",\"@id\":\"https:\\\/\\\/macite.tg\\\/#website\",\"url\":\"https:\\\/\\\/macite.tg\\\/\",\"name\":\"\",\"description\":\"L&#039;information, la bonne!!!\",\"potentialAction\":[{\"@type\":\"SearchAction\",\"target\":{\"@type\":\"EntryPoint\",\"urlTemplate\":\"https:\\\/\\\/macite.tg\\\/?s={search_term_string}\"},\"query-input\":{\"@type\":\"PropertyValueSpecification\",\"valueRequired\":true,\"valueName\":\"search_term_string\"}}],\"inLanguage\":\"fr-FR\"},{\"@type\":\"Person\",\"@id\":\"https:\\\/\\\/macite.tg\\\/#\\\/schema\\\/person\\\/e9f2de7e5dbbe7770a9402c7ce82f5c2\",\"name\":\"Jean Pierre BAWELA\",\"image\":{\"@type\":\"ImageObject\",\"inLanguage\":\"fr-FR\",\"@id\":\"https:\\\/\\\/macite.tg\\\/wp-content\\\/uploads\\\/2023\\\/09\\\/WhatsApp-Image-2023-09-19-at-14.44.41-122x122.jpeg\",\"url\":\"https:\\\/\\\/macite.tg\\\/wp-content\\\/uploads\\\/2023\\\/09\\\/WhatsApp-Image-2023-09-19-at-14.44.41-122x122.jpeg\",\"contentUrl\":\"https:\\\/\\\/macite.tg\\\/wp-content\\\/uploads\\\/2023\\\/09\\\/WhatsApp-Image-2023-09-19-at-14.44.41-122x122.jpeg\",\"caption\":\"Jean Pierre BAWELA\"},\"url\":\"https:\\\/\\\/macite.tg\\\/?author=2\"}]}<\/script>\n<!-- \/ Yoast SEO plugin. -->","yoast_head_json":{"title":"L'ELEVATION, ACTE 7\u00a0: L\u2019artiste Mawuto Tetey promet du feu -","robots":{"index":"index","follow":"follow","max-snippet":"max-snippet:-1","max-image-preview":"max-image-preview:large","max-video-preview":"max-video-preview:-1"},"canonical":"https:\/\/macite.tg\/?p=14736","og_locale":"fr_FR","og_type":"article","og_title":"L'ELEVATION, ACTE 7\u00a0: L\u2019artiste Mawuto Tetey promet du feu -","og_description":"L&rsquo;acte 7 du festival de musique Gospel \u00a0\u00bbl&rsquo;\u00e9l\u00e9vation\u00a0\u00bb, qui a \u00e9t\u00e9 lanc\u00e9 le 11 Mai dernier \u00e0 Lom\u00e9 par l&rsquo;artiste Mawuto Tetey, marque une nouvelle \u00e8re pour l&rsquo;\u00e9v\u00e9nement de musique religieuse le plus appr\u00e9ci\u00e9. \u00ab\u00a0Ma Restauration\u00a0\u00bb J\u00e9r\u00e9mie 30 :17, tel est le th\u00e8me de l\u2019\u00e9dition [&hellip;]","og_url":"https:\/\/macite.tg\/?p=14736","article_published_time":"2024-05-27T13:32:35+00:00","article_modified_time":"2024-05-27T13:32:37+00:00","og_image":[{"width":500,"height":375,"url":"https:\/\/macite.tg\/wp-content\/uploads\/2024\/05\/Gospel.jpg","type":"image\/jpeg"}],"author":"Jean Pierre BAWELA","twitter_card":"summary_large_image","twitter_misc":{"\u00c9crit par":"Jean Pierre BAWELA","Dur\u00e9e de lecture estim\u00e9e":"3 minutes"},"schema":{"@context":"https:\/\/schema.org","@graph":[{"@type":"Article","@id":"https:\/\/macite.tg\/?p=14736#article","isPartOf":{"@id":"https:\/\/macite.tg\/?p=14736"},"author":{"name":"Jean Pierre BAWELA","@id":"https:\/\/macite.tg\/#\/schema\/person\/e9f2de7e5dbbe7770a9402c7ce82f5c2"},"headline":"L&rsquo;ELEVATION, ACTE 7\u00a0: L\u2019artiste Mawuto Tetey promet du feu","datePublished":"2024-05-27T13:32:35+00:00","dateModified":"2024-05-27T13:32:37+00:00","mainEntityOfPage":{"@id":"https:\/\/macite.tg\/?p=14736"},"wordCount":635,"commentCount":0,"image":{"@id":"https:\/\/macite.tg\/?p=14736#primaryimage"},"thumbnailUrl":"https:\/\/macite.tg\/wp-content\/uploads\/2024\/05\/Gospel.jpg","articleSection":["ACTUALITE"],"inLanguage":"fr-FR","potentialAction":[{"@type":"CommentAction","name":"Comment","target":["https:\/\/macite.tg\/?p=14736#respond"]}]},{"@type":"WebPage","@id":"https:\/\/macite.tg\/?p=14736","url":"https:\/\/macite.tg\/?p=14736","name":"L'ELEVATION, ACTE 7\u00a0: L\u2019artiste Mawuto Tetey promet du feu -","isPartOf":{"@id":"https:\/\/macite.tg\/#website"},"primaryImageOfPage":{"@id":"https:\/\/macite.tg\/?p=14736#primaryimage"},"image":{"@id":"https:\/\/macite.tg\/?p=14736#primaryimage"},"thumbnailUrl":"https:\/\/macite.tg\/wp-content\/uploads\/2024\/05\/Gospel.jpg","datePublished":"2024-05-27T13:32:35+00:00","dateModified":"2024-05-27T13:32:37+00:00","author":{"@id":"https:\/\/macite.tg\/#\/schema\/person\/e9f2de7e5dbbe7770a9402c7ce82f5c2"},"breadcrumb":{"@id":"https:\/\/macite.tg\/?p=14736#breadcrumb"},"inLanguage":"fr-FR","potentialAction":[{"@type":"ReadAction","target":["https:\/\/macite.tg\/?p=14736"]}]},{"@type":"ImageObject","inLanguage":"fr-FR","@id":"https:\/\/macite.tg\/?p=14736#primaryimage","url":"https:\/\/macite.tg\/wp-content\/uploads\/2024\/05\/Gospel.jpg","contentUrl":"https:\/\/macite.tg\/wp-content\/uploads\/2024\/05\/Gospel.jpg","width":500,"height":375,"caption":"L'artiste Tetey Mawuto et son manager"},{"@type":"BreadcrumbList","@id":"https:\/\/macite.tg\/?p=14736#breadcrumb","itemListElement":[{"@type":"ListItem","position":1,"name":"Accueil","item":"https:\/\/macite.tg\/"},{"@type":"ListItem","position":2,"name":"L&rsquo;ELEVATION, ACTE 7\u00a0: L\u2019artiste Mawuto Tetey promet du feu"}]},{"@type":"WebSite","@id":"https:\/\/macite.tg\/#website","url":"https:\/\/macite.tg\/","name":"","description":"L&#039;information, la bonne!!!","potentialAction":[{"@type":"SearchAction","target":{"@type":"EntryPoint","urlTemplate":"https:\/\/macite.tg\/?s={search_term_string}"},"query-input":{"@type":"PropertyValueSpecification","valueRequired":true,"valueName":"search_term_string"}}],"inLanguage":"fr-FR"},{"@type":"Person","@id":"https:\/\/macite.tg\/#\/schema\/person\/e9f2de7e5dbbe7770a9402c7ce82f5c2","name":"Jean Pierre BAWELA","image":{"@type":"ImageObject","inLanguage":"fr-FR","@id":"https:\/\/macite.tg\/wp-content\/uploads\/2023\/09\/WhatsApp-Image-2023-09-19-at-14.44.41-122x122.jpeg","url":"https:\/\/macite.tg\/wp-content\/uploads\/2023\/09\/WhatsApp-Image-2023-09-19-at-14.44.41-122x122.jpeg","contentUrl":"https:\/\/macite.tg\/wp-content\/uploads\/2023\/09\/WhatsApp-Image-2023-09-19-at-14.44.41-122x122.jpeg","caption":"Jean Pierre BAWELA"},"url":"https:\/\/macite.tg\/?author=2"}]}},"_links":{"self":[{"href":"https:\/\/macite.tg\/index.php?rest_route=\/wp\/v2\/posts\/14736","targetHints":{"allow":["GET"]}}],"collection":[{"href":"https:\/\/macite.tg\/index.php?rest_route=\/wp\/v2\/posts"}],"about":[{"href":"https:\/\/macite.tg\/index.php?rest_route=\/wp\/v2\/types\/post"}],"author":[{"embeddable":true,"href":"https:\/\/macite.tg\/index.php?rest_route=\/wp\/v2\/users\/2"}],"replies":[{"embeddable":true,"href":"https:\/\/macite.tg\/index.php?rest_route=%2Fwp%2Fv2%2Fcomments&post=14736"}],"version-history":[{"count":0,"href":"https:\/\/macite.tg\/index.php?rest_route=\/wp\/v2\/posts\/14736\/revisions"}],"wp:featuredmedia":[{"embeddable":true,"href":"https:\/\/macite.tg\/index.php?rest_route=\/wp\/v2\/media\/14741"}],"wp:attachment":[{"href":"https:\/\/macite.tg\/index.php?rest_route=%2Fwp%2Fv2%2Fmedia&parent=14736"}],"wp:term":[{"taxonomy":"category","embeddable":true,"href":"https:\/\/macite.tg\/index.php?rest_route=%2Fwp%2Fv2%2Fcategories&post=14736"},{"taxonomy":"post_tag","embeddable":true,"href":"https:\/\/macite.tg\/index.php?rest_route=%2Fwp%2Fv2%2Ftags&post=14736"}],"curies":[{"name":"wp","href":"https:\/\/api.w.org\/{rel}","templated":true}]}}