{"id":14713,"date":"2024-05-25T13:35:56","date_gmt":"2024-05-25T13:35:56","guid":{"rendered":"https:\/\/macite.tg\/?p=14713"},"modified":"2024-05-25T14:19:11","modified_gmt":"2024-05-25T14:19:11","slug":"tourisme-685-etablissements-agrees-et-classes-repertories-sur-le-territoire-togolais","status":"publish","type":"post","link":"https:\/\/macite.tg\/?p=14713","title":{"rendered":"DE LA THEORIE A LA PRATIQUE\u00a0: Les \u00e9tudiants de l\u2019Ifap en visite au Port de Lom\u00e9"},"content":{"rendered":"\n<p class=\"wp-block-paragraph\"><strong><em>Les \u00e9tudiants de la 14<sup>e<\/sup> promotion de l\u2019Institut de formation et d\u2019appui professionnel (Ifap) \u00e9taient hier vendredi au Port autonome de Lom\u00e9 (Pal). Il s\u2019agit pour ces apprenants, accompagn\u00e9s de la direction de l\u2019Institut, au cours de cette visite d\u2019entreprise, de se frotter avec la r\u00e9alit\u00e9 sur le march\u00e9 du travail.<\/em><\/strong><\/p>\n\n\n\n<p class=\"wp-block-paragraph\">Ils sont une centaine \u00e0 faire le d\u00e9placement du Port de Lom\u00e9. Eux, ce sont les \u00e9tudiants de l\u2019Ifap, toute fili\u00e8re confondue. Ils sont \u00e0 la d\u00e9couverte du monde professionnel apr\u00e8s plusieurs mois de cours th\u00e9oriques. Une fa\u00e7on, selon le directeur g\u00e9n\u00e9ral, Ernest Egbenou, d\u2019allier la th\u00e9orie et la pratique.<\/p>\n\n\n<div class=\"wp-block-image\">\n<figure class=\"aligncenter size-full is-resized\"><img loading=\"lazy\" decoding=\"async\" src=\"https:\/\/macite.tg\/wp-content\/uploads\/2024\/05\/062bb36a-4e11-4f8f-9d16-0a8b188a0c61.jpg\" alt=\"\" class=\"wp-image-14687\" width=\"583\" height=\"828\" srcset=\"https:\/\/macite.tg\/wp-content\/uploads\/2024\/05\/062bb36a-4e11-4f8f-9d16-0a8b188a0c61.jpg 717w, https:\/\/macite.tg\/wp-content\/uploads\/2024\/05\/062bb36a-4e11-4f8f-9d16-0a8b188a0c61-211x300.jpg 211w\" sizes=\"auto, (max-width: 583px) 100vw, 583px\" \/><\/figure>\n<\/div>\n\n\n<p class=\"wp-block-paragraph\"><em>\u00ab Nous avons souhait\u00e9 aujourd\u2019hui faire une liaison avec le monde professionnel vers la pratique. C\u2019est ce qui nous a amen\u00e9 aujourd\u2019hui au Port de Lom\u00e9&nbsp;\u00bb,<\/em> a-t-il indiqu\u00e9. Pour le patron de l\u2019Institut, cette visite va apporter beaucoup de chose, sinon un plus aux \u00e9tudiants, surtout sur le plan professionnel. Ernest Egbenou a profit\u00e9 de l\u2019occasion pour remercier la direction du Port qui ne cesse d\u2019accueillir ses \u00e9tudiants.<\/p>\n\n\n\n<p class=\"wp-block-paragraph\">Deux \u00e9tapes importantes ont meubl\u00e9 cette visite guid\u00e9e, qui reste une tradition \u00e0 Ifap. Une premi\u00e8re partie, qui a permis aux apprenants de suivre un documentaire retra\u00e7ant l\u2019histoire du port de Lom\u00e9, et une seconde partie consacr\u00e9e \u00e0 la visite proprement dite. Cette derni\u00e8re \u00e9tape les a conduits sur les installations du Port de Lom\u00e9, lieu o\u00f9 se passent les op\u00e9rations portuaires.<\/p>\n\n\n<div class=\"wp-block-image\">\n<figure class=\"aligncenter size-full is-resized\"><img loading=\"lazy\" decoding=\"async\" src=\"https:\/\/macite.tg\/wp-content\/uploads\/2024\/05\/IMG-20240313-WA0013-1.jpg\" alt=\"\" class=\"wp-image-14691\" width=\"836\" height=\"206\" srcset=\"https:\/\/macite.tg\/wp-content\/uploads\/2024\/05\/IMG-20240313-WA0013-1.jpg 690w, https:\/\/macite.tg\/wp-content\/uploads\/2024\/05\/IMG-20240313-WA0013-1-300x74.jpg 300w\" sizes=\"auto, (max-width: 836px) 100vw, 836px\" \/><\/figure>\n<\/div>\n\n\n<p class=\"wp-block-paragraph\"><em>\u00ab&nbsp;Cette initiative de l\u2019administration de l\u2019Ifap nous la voyons comme une comp\u00e9tence pour nous. On l\u2019appr\u00e9cie tellement et on en veut aussi pour nos fr\u00e8res qui vont arriver&nbsp;\u00bb,<\/em> a d\u00e9clar\u00e9 l\u2019\u00e9tudiant M\u00e8heza T\u00e8bi\u00e8. <em>\u00ab&nbsp;J\u2019ai appris que le port de Lom\u00e9 peut recevoir plus de soixante m\u00e9tiers. Information dont on ignore avant&nbsp;\u00bb,<\/em> a-t-il ajout\u00e9.<\/p>\n\n\n\n<p class=\"wp-block-paragraph\"><em>\u00ab&nbsp;J\u2019ai appris aujourd\u2019hui qu\u2019il y a de choses int\u00e9ressantes au Port, qui peuvent m\u2019aider une fois ma formation termin\u00e9e&nbsp;\u00bb,<\/em> a fait savoir pour sa part l\u2019\u00e9tudiante Gloria Nutsua.<\/p>\n\n\n<div class=\"wp-block-image\">\n<figure class=\"aligncenter size-full is-resized\"><img loading=\"lazy\" decoding=\"async\" src=\"https:\/\/macite.tg\/wp-content\/uploads\/2024\/05\/7403530d-b8ae-4a39-a269-b53484c86722.jpg\" alt=\"\" class=\"wp-image-14683\" width=\"564\" height=\"795\" srcset=\"https:\/\/macite.tg\/wp-content\/uploads\/2024\/05\/7403530d-b8ae-4a39-a269-b53484c86722.jpg 715w, https:\/\/macite.tg\/wp-content\/uploads\/2024\/05\/7403530d-b8ae-4a39-a269-b53484c86722-213x300.jpg 213w\" sizes=\"auto, (max-width: 564px) 100vw, 564px\" \/><\/figure>\n<\/div>\n\n\n<p class=\"wp-block-paragraph\">Pour rappel, Ifap est un institut qui offre le stage \u00e0 ces \u00e9tudiants apr\u00e8s formation. Il est log\u00e9 en plein c\u0153ur de la ville de Lom\u00e9, plus pr\u00e9cis\u00e9ment dans le quartier Tokoin Doumassess\u00e9, \u00e0 c\u00f4t\u00e9 du march\u00e9 d\u2019Ad\u00e9wui.<\/p>\n\n\n\n<p class=\"wp-block-paragraph\"><strong><em>Michel AKOETE<\/em><\/strong><\/p>\n\n\n\n<p class=\"wp-block-paragraph\"><a><strong><em>@macite.tg&nbsp;&nbsp;&nbsp;&nbsp;&nbsp;&nbsp;&nbsp;&nbsp;<\/em><\/strong><\/a><\/p>\n\n\n\n<p class=\"wp-block-paragraph\"><strong><em>E-mail&nbsp;: <\/em><\/strong><a href=\"mailto:maciteinfo@gmail.com\"><strong><em>maciteinfo@gmail.com<\/em><\/strong><\/a><strong><em>; <\/em><\/strong><a href=\"mailto:bawela1@gmail.com\"><strong><em>bawela1@gmail.com<\/em><\/strong><\/a><strong><em><\/em><\/strong><\/p>\n\n\n\n<p class=\"wp-block-paragraph\"><strong><em>Pour vos annonces, (publi)reportages, etc., joignez-nous au (00228)91515309\/<strong>79872224 <\/strong>www.macite.tg, L\u2019information, la bonne&nbsp;!<\/em><\/strong><\/p>\n","protected":false},"excerpt":{"rendered":"<p class=\"text-justify mb-2\" >Les \u00e9tudiants de la 14e promotion de l\u2019Institut de formation et d\u2019appui professionnel (Ifap) \u00e9taient hier vendredi au Port autonome de Lom\u00e9 (Pal). Il s\u2019agit pour ces apprenants, accompagn\u00e9s de la direction de l\u2019Institut, au cours de cette visite d\u2019entreprise, de se frotter avec la [&hellip;]<\/p>\n","protected":false},"author":2,"featured_media":14720,"comment_status":"open","ping_status":"open","sticky":false,"template":"","format":"standard","meta":{"footnotes":""},"categories":[20,48],"tags":[],"class_list":["post-14713","post","type-post","status-publish","format-standard","has-post-thumbnail","hentry","category-actualite","category-formation"],"yoast_head":"<!-- This site is optimized with the Yoast SEO plugin v28.4 - https:\/\/yoast.com\/product\/yoast-seo-wordpress\/ -->\n<title>DE LA THEORIE A LA PRATIQUE\u00a0: Les \u00e9tudiants de l\u2019Ifap en visite au Port de Lom\u00e9 -<\/title>\n<meta name=\"robots\" content=\"index, follow, max-snippet:-1, max-image-preview:large, max-video-preview:-1\" \/>\n<link rel=\"canonical\" href=\"https:\/\/macite.tg\/?p=14713\" \/>\n<meta property=\"og:locale\" content=\"fr_FR\" \/>\n<meta property=\"og:type\" content=\"article\" \/>\n<meta property=\"og:title\" content=\"DE LA THEORIE A LA PRATIQUE\u00a0: Les \u00e9tudiants de l\u2019Ifap en visite au Port de Lom\u00e9 -\" \/>\n<meta property=\"og:description\" content=\"Les \u00e9tudiants de la 14e promotion de l\u2019Institut de formation et d\u2019appui professionnel (Ifap) \u00e9taient hier vendredi au Port autonome de Lom\u00e9 (Pal). Il s\u2019agit pour ces apprenants, accompagn\u00e9s de la direction de l\u2019Institut, au cours de cette visite d\u2019entreprise, de se frotter avec la [&hellip;]\" \/>\n<meta property=\"og:url\" content=\"https:\/\/macite.tg\/?p=14713\" \/>\n<meta property=\"article:published_time\" content=\"2024-05-25T13:35:56+00:00\" \/>\n<meta property=\"article:modified_time\" content=\"2024-05-25T14:19:11+00:00\" \/>\n<meta property=\"og:image\" content=\"https:\/\/macite.tg\/wp-content\/uploads\/2024\/05\/IFAP_OK.jpg\" \/>\n\t<meta property=\"og:image:width\" content=\"500\" \/>\n\t<meta property=\"og:image:height\" content=\"260\" \/>\n\t<meta property=\"og:image:type\" content=\"image\/jpeg\" \/>\n<meta name=\"author\" content=\"Jean Pierre BAWELA\" \/>\n<meta name=\"twitter:card\" content=\"summary_large_image\" \/>\n<meta name=\"twitter:label1\" content=\"\u00c9crit par\" \/>\n\t<meta name=\"twitter:data1\" content=\"Jean Pierre BAWELA\" \/>\n\t<meta name=\"twitter:label2\" content=\"Dur\u00e9e de lecture estim\u00e9e\" \/>\n\t<meta name=\"twitter:data2\" content=\"2 minutes\" \/>\n<script type=\"application\/ld+json\" class=\"yoast-schema-graph\">{\"@context\":\"https:\\\/\\\/schema.org\",\"@graph\":[{\"@type\":\"Article\",\"@id\":\"https:\\\/\\\/macite.tg\\\/?p=14713#article\",\"isPartOf\":{\"@id\":\"https:\\\/\\\/macite.tg\\\/?p=14713\"},\"author\":{\"name\":\"Jean Pierre BAWELA\",\"@id\":\"https:\\\/\\\/macite.tg\\\/#\\\/schema\\\/person\\\/e9f2de7e5dbbe7770a9402c7ce82f5c2\"},\"headline\":\"DE LA THEORIE A LA PRATIQUE\u00a0: Les \u00e9tudiants de l\u2019Ifap en visite au Port de Lom\u00e9\",\"datePublished\":\"2024-05-25T13:35:56+00:00\",\"dateModified\":\"2024-05-25T14:19:11+00:00\",\"mainEntityOfPage\":{\"@id\":\"https:\\\/\\\/macite.tg\\\/?p=14713\"},\"wordCount\":460,\"commentCount\":0,\"image\":{\"@id\":\"https:\\\/\\\/macite.tg\\\/?p=14713#primaryimage\"},\"thumbnailUrl\":\"https:\\\/\\\/macite.tg\\\/wp-content\\\/uploads\\\/2024\\\/05\\\/IFAP_OK.jpg\",\"articleSection\":[\"ACTUALITE\",\"FORMATION\"],\"inLanguage\":\"fr-FR\",\"potentialAction\":[{\"@type\":\"CommentAction\",\"name\":\"Comment\",\"target\":[\"https:\\\/\\\/macite.tg\\\/?p=14713#respond\"]}]},{\"@type\":\"WebPage\",\"@id\":\"https:\\\/\\\/macite.tg\\\/?p=14713\",\"url\":\"https:\\\/\\\/macite.tg\\\/?p=14713\",\"name\":\"DE LA THEORIE A LA PRATIQUE\u00a0: Les \u00e9tudiants de l\u2019Ifap en visite au Port de Lom\u00e9 -\",\"isPartOf\":{\"@id\":\"https:\\\/\\\/macite.tg\\\/#website\"},\"primaryImageOfPage\":{\"@id\":\"https:\\\/\\\/macite.tg\\\/?p=14713#primaryimage\"},\"image\":{\"@id\":\"https:\\\/\\\/macite.tg\\\/?p=14713#primaryimage\"},\"thumbnailUrl\":\"https:\\\/\\\/macite.tg\\\/wp-content\\\/uploads\\\/2024\\\/05\\\/IFAP_OK.jpg\",\"datePublished\":\"2024-05-25T13:35:56+00:00\",\"dateModified\":\"2024-05-25T14:19:11+00:00\",\"author\":{\"@id\":\"https:\\\/\\\/macite.tg\\\/#\\\/schema\\\/person\\\/e9f2de7e5dbbe7770a9402c7ce82f5c2\"},\"breadcrumb\":{\"@id\":\"https:\\\/\\\/macite.tg\\\/?p=14713#breadcrumb\"},\"inLanguage\":\"fr-FR\",\"potentialAction\":[{\"@type\":\"ReadAction\",\"target\":[\"https:\\\/\\\/macite.tg\\\/?p=14713\"]}]},{\"@type\":\"ImageObject\",\"inLanguage\":\"fr-FR\",\"@id\":\"https:\\\/\\\/macite.tg\\\/?p=14713#primaryimage\",\"url\":\"https:\\\/\\\/macite.tg\\\/wp-content\\\/uploads\\\/2024\\\/05\\\/IFAP_OK.jpg\",\"contentUrl\":\"https:\\\/\\\/macite.tg\\\/wp-content\\\/uploads\\\/2024\\\/05\\\/IFAP_OK.jpg\",\"width\":500,\"height\":260,\"caption\":\"des \u00e9tudiants de l'Ifap, en sortie immersion au Port autonome de Lom\u00e9.\"},{\"@type\":\"BreadcrumbList\",\"@id\":\"https:\\\/\\\/macite.tg\\\/?p=14713#breadcrumb\",\"itemListElement\":[{\"@type\":\"ListItem\",\"position\":1,\"name\":\"Accueil\",\"item\":\"https:\\\/\\\/macite.tg\\\/\"},{\"@type\":\"ListItem\",\"position\":2,\"name\":\"DE LA THEORIE A LA PRATIQUE\u00a0: Les \u00e9tudiants de l\u2019Ifap en visite au Port de Lom\u00e9\"}]},{\"@type\":\"WebSite\",\"@id\":\"https:\\\/\\\/macite.tg\\\/#website\",\"url\":\"https:\\\/\\\/macite.tg\\\/\",\"name\":\"\",\"description\":\"L&#039;information, la bonne!!!\",\"potentialAction\":[{\"@type\":\"SearchAction\",\"target\":{\"@type\":\"EntryPoint\",\"urlTemplate\":\"https:\\\/\\\/macite.tg\\\/?s={search_term_string}\"},\"query-input\":{\"@type\":\"PropertyValueSpecification\",\"valueRequired\":true,\"valueName\":\"search_term_string\"}}],\"inLanguage\":\"fr-FR\"},{\"@type\":\"Person\",\"@id\":\"https:\\\/\\\/macite.tg\\\/#\\\/schema\\\/person\\\/e9f2de7e5dbbe7770a9402c7ce82f5c2\",\"name\":\"Jean Pierre BAWELA\",\"image\":{\"@type\":\"ImageObject\",\"inLanguage\":\"fr-FR\",\"@id\":\"https:\\\/\\\/macite.tg\\\/wp-content\\\/uploads\\\/2023\\\/09\\\/WhatsApp-Image-2023-09-19-at-14.44.41-122x122.jpeg\",\"url\":\"https:\\\/\\\/macite.tg\\\/wp-content\\\/uploads\\\/2023\\\/09\\\/WhatsApp-Image-2023-09-19-at-14.44.41-122x122.jpeg\",\"contentUrl\":\"https:\\\/\\\/macite.tg\\\/wp-content\\\/uploads\\\/2023\\\/09\\\/WhatsApp-Image-2023-09-19-at-14.44.41-122x122.jpeg\",\"caption\":\"Jean Pierre BAWELA\"},\"url\":\"https:\\\/\\\/macite.tg\\\/?author=2\"}]}<\/script>\n<!-- \/ Yoast SEO plugin. -->","yoast_head_json":{"title":"DE LA THEORIE A LA PRATIQUE\u00a0: Les \u00e9tudiants de l\u2019Ifap en visite au Port de Lom\u00e9 -","robots":{"index":"index","follow":"follow","max-snippet":"max-snippet:-1","max-image-preview":"max-image-preview:large","max-video-preview":"max-video-preview:-1"},"canonical":"https:\/\/macite.tg\/?p=14713","og_locale":"fr_FR","og_type":"article","og_title":"DE LA THEORIE A LA PRATIQUE\u00a0: Les \u00e9tudiants de l\u2019Ifap en visite au Port de Lom\u00e9 -","og_description":"Les \u00e9tudiants de la 14e promotion de l\u2019Institut de formation et d\u2019appui professionnel (Ifap) \u00e9taient hier vendredi au Port autonome de Lom\u00e9 (Pal). Il s\u2019agit pour ces apprenants, accompagn\u00e9s de la direction de l\u2019Institut, au cours de cette visite d\u2019entreprise, de se frotter avec la [&hellip;]","og_url":"https:\/\/macite.tg\/?p=14713","article_published_time":"2024-05-25T13:35:56+00:00","article_modified_time":"2024-05-25T14:19:11+00:00","og_image":[{"width":500,"height":260,"url":"https:\/\/macite.tg\/wp-content\/uploads\/2024\/05\/IFAP_OK.jpg","type":"image\/jpeg"}],"author":"Jean Pierre BAWELA","twitter_card":"summary_large_image","twitter_misc":{"\u00c9crit par":"Jean Pierre BAWELA","Dur\u00e9e de lecture estim\u00e9e":"2 minutes"},"schema":{"@context":"https:\/\/schema.org","@graph":[{"@type":"Article","@id":"https:\/\/macite.tg\/?p=14713#article","isPartOf":{"@id":"https:\/\/macite.tg\/?p=14713"},"author":{"name":"Jean Pierre BAWELA","@id":"https:\/\/macite.tg\/#\/schema\/person\/e9f2de7e5dbbe7770a9402c7ce82f5c2"},"headline":"DE LA THEORIE A LA PRATIQUE\u00a0: Les \u00e9tudiants de l\u2019Ifap en visite au Port de Lom\u00e9","datePublished":"2024-05-25T13:35:56+00:00","dateModified":"2024-05-25T14:19:11+00:00","mainEntityOfPage":{"@id":"https:\/\/macite.tg\/?p=14713"},"wordCount":460,"commentCount":0,"image":{"@id":"https:\/\/macite.tg\/?p=14713#primaryimage"},"thumbnailUrl":"https:\/\/macite.tg\/wp-content\/uploads\/2024\/05\/IFAP_OK.jpg","articleSection":["ACTUALITE","FORMATION"],"inLanguage":"fr-FR","potentialAction":[{"@type":"CommentAction","name":"Comment","target":["https:\/\/macite.tg\/?p=14713#respond"]}]},{"@type":"WebPage","@id":"https:\/\/macite.tg\/?p=14713","url":"https:\/\/macite.tg\/?p=14713","name":"DE LA THEORIE A LA PRATIQUE\u00a0: Les \u00e9tudiants de l\u2019Ifap en visite au Port de Lom\u00e9 -","isPartOf":{"@id":"https:\/\/macite.tg\/#website"},"primaryImageOfPage":{"@id":"https:\/\/macite.tg\/?p=14713#primaryimage"},"image":{"@id":"https:\/\/macite.tg\/?p=14713#primaryimage"},"thumbnailUrl":"https:\/\/macite.tg\/wp-content\/uploads\/2024\/05\/IFAP_OK.jpg","datePublished":"2024-05-25T13:35:56+00:00","dateModified":"2024-05-25T14:19:11+00:00","author":{"@id":"https:\/\/macite.tg\/#\/schema\/person\/e9f2de7e5dbbe7770a9402c7ce82f5c2"},"breadcrumb":{"@id":"https:\/\/macite.tg\/?p=14713#breadcrumb"},"inLanguage":"fr-FR","potentialAction":[{"@type":"ReadAction","target":["https:\/\/macite.tg\/?p=14713"]}]},{"@type":"ImageObject","inLanguage":"fr-FR","@id":"https:\/\/macite.tg\/?p=14713#primaryimage","url":"https:\/\/macite.tg\/wp-content\/uploads\/2024\/05\/IFAP_OK.jpg","contentUrl":"https:\/\/macite.tg\/wp-content\/uploads\/2024\/05\/IFAP_OK.jpg","width":500,"height":260,"caption":"des \u00e9tudiants de l'Ifap, en sortie immersion au Port autonome de Lom\u00e9."},{"@type":"BreadcrumbList","@id":"https:\/\/macite.tg\/?p=14713#breadcrumb","itemListElement":[{"@type":"ListItem","position":1,"name":"Accueil","item":"https:\/\/macite.tg\/"},{"@type":"ListItem","position":2,"name":"DE LA THEORIE A LA PRATIQUE\u00a0: Les \u00e9tudiants de l\u2019Ifap en visite au Port de Lom\u00e9"}]},{"@type":"WebSite","@id":"https:\/\/macite.tg\/#website","url":"https:\/\/macite.tg\/","name":"","description":"L&#039;information, la bonne!!!","potentialAction":[{"@type":"SearchAction","target":{"@type":"EntryPoint","urlTemplate":"https:\/\/macite.tg\/?s={search_term_string}"},"query-input":{"@type":"PropertyValueSpecification","valueRequired":true,"valueName":"search_term_string"}}],"inLanguage":"fr-FR"},{"@type":"Person","@id":"https:\/\/macite.tg\/#\/schema\/person\/e9f2de7e5dbbe7770a9402c7ce82f5c2","name":"Jean Pierre BAWELA","image":{"@type":"ImageObject","inLanguage":"fr-FR","@id":"https:\/\/macite.tg\/wp-content\/uploads\/2023\/09\/WhatsApp-Image-2023-09-19-at-14.44.41-122x122.jpeg","url":"https:\/\/macite.tg\/wp-content\/uploads\/2023\/09\/WhatsApp-Image-2023-09-19-at-14.44.41-122x122.jpeg","contentUrl":"https:\/\/macite.tg\/wp-content\/uploads\/2023\/09\/WhatsApp-Image-2023-09-19-at-14.44.41-122x122.jpeg","caption":"Jean Pierre BAWELA"},"url":"https:\/\/macite.tg\/?author=2"}]}},"_links":{"self":[{"href":"https:\/\/macite.tg\/index.php?rest_route=\/wp\/v2\/posts\/14713","targetHints":{"allow":["GET"]}}],"collection":[{"href":"https:\/\/macite.tg\/index.php?rest_route=\/wp\/v2\/posts"}],"about":[{"href":"https:\/\/macite.tg\/index.php?rest_route=\/wp\/v2\/types\/post"}],"author":[{"embeddable":true,"href":"https:\/\/macite.tg\/index.php?rest_route=\/wp\/v2\/users\/2"}],"replies":[{"embeddable":true,"href":"https:\/\/macite.tg\/index.php?rest_route=%2Fwp%2Fv2%2Fcomments&post=14713"}],"version-history":[{"count":0,"href":"https:\/\/macite.tg\/index.php?rest_route=\/wp\/v2\/posts\/14713\/revisions"}],"wp:featuredmedia":[{"embeddable":true,"href":"https:\/\/macite.tg\/index.php?rest_route=\/wp\/v2\/media\/14720"}],"wp:attachment":[{"href":"https:\/\/macite.tg\/index.php?rest_route=%2Fwp%2Fv2%2Fmedia&parent=14713"}],"wp:term":[{"taxonomy":"category","embeddable":true,"href":"https:\/\/macite.tg\/index.php?rest_route=%2Fwp%2Fv2%2Fcategories&post=14713"},{"taxonomy":"post_tag","embeddable":true,"href":"https:\/\/macite.tg\/index.php?rest_route=%2Fwp%2Fv2%2Ftags&post=14713"}],"curies":[{"name":"wp","href":"https:\/\/api.w.org\/{rel}","templated":true}]}}