{"id":14706,"date":"2024-05-24T12:43:00","date_gmt":"2024-05-24T12:43:00","guid":{"rendered":"https:\/\/macite.tg\/?p=14706"},"modified":"2024-05-25T13:51:22","modified_gmt":"2024-05-25T13:51:22","slug":"kara-lotr-vend-aux-encheres-une-centaine-de-voitures-et-74-motos","status":"publish","type":"post","link":"https:\/\/macite.tg\/?p=14706","title":{"rendered":"KARA : L\u2019Otr vend aux ench\u00e8res 89 v\u00e9hicules et 74 motos"},"content":{"rendered":"\n<p class=\"wp-block-paragraph\"><strong><em>En ex\u00e9cution de l\u2019ordonnance N\u00b020\/2024 du 21 mars 2024, il sera proc\u00e9d\u00e9 \u00e0 la vente aux ench\u00e8res publiques de 89 v\u00e9hicules usagers dont 15 voitures et 74 motos, \u00e0 la Division des op\u00e9rations douani\u00e8res de la r\u00e9gion de la Kara. L\u2019op\u00e9ration va se d\u00e9rouler le mercredi 29 mai prochain \u00e0 compter de 09 heures 30 minutes et jours suivants.<\/em><\/strong><\/p>\n\n\n\n<p class=\"wp-block-paragraph\">Dans un communiqu\u00e9 en date du 16 mai 2024, le Commissaire G\u00e9n\u00e9ral de l\u2019Office togolais des recettes (Otr), Dr Philippe Kokou Tchodi\u00e8, informe le public qu\u2019il sera proc\u00e9d\u00e9 \u00e0 la vente aux ench\u00e8res publiques de quatre-vingt-neuf (89) v\u00e9hicules usag\u00e9s, dont quinze (15) voitures et soixante-quatorze (74) motos.<\/p>\n\n\n<div class=\"wp-block-image\">\n<figure class=\"aligncenter size-full is-resized\"><img loading=\"lazy\" decoding=\"async\" src=\"https:\/\/macite.tg\/wp-content\/uploads\/2024\/05\/ANNONCES-1-768x319-2.jpg\" alt=\"\" class=\"wp-image-14675\" width=\"844\" height=\"351\" srcset=\"https:\/\/macite.tg\/wp-content\/uploads\/2024\/05\/ANNONCES-1-768x319-2.jpg 768w, https:\/\/macite.tg\/wp-content\/uploads\/2024\/05\/ANNONCES-1-768x319-2-300x125.jpg 300w\" sizes=\"auto, (max-width: 844px) 100vw, 844px\" \/><\/figure>\n<\/div>\n\n\n<p class=\"wp-block-paragraph\">Pour prendre part \u00e0 cette op\u00e9ration, il faut respecter les conditions suivantes&nbsp;: &nbsp;<\/p>\n\n\n\n<p class=\"wp-block-paragraph\"><em>\u00ab&nbsp;&#8211; la vente est faite aux ench\u00e8res publiques au plus offrant et dernier ench\u00e9risseur, paiement au comptant et sur place major\u00e9 de 12% avec enl\u00e8vement imm\u00e9diat&nbsp;;<\/em> <\/p>\n\n\n\n<p class=\"wp-block-paragraph\"><em>&#8211; la participation \u00e0 la vente est subordonn\u00e9e au paiement d\u2019une somme de cinq mille (5.000) francs Cfa non remboursable, contre une quittance s\u00e9curis\u00e9e au titre d\u2019enregistrement des adjudicataires, \u00e0 la direction des op\u00e9rations douani\u00e8res de la r\u00e9gion de la Kara<\/em><em> <\/em><em>;<\/em><\/p>\n\n\n\n<p class=\"wp-block-paragraph\"><em>&#8211; aucune r\u00e9clamation ne sera prise en compte apr\u00e8s adjudication&nbsp;;<\/em><\/p>\n\n\n<div class=\"wp-block-image\">\n<figure class=\"aligncenter size-full is-resized\"><img loading=\"lazy\" decoding=\"async\" src=\"https:\/\/macite.tg\/wp-content\/uploads\/2024\/05\/IMG-20240313-WA0013-1.jpg\" alt=\"\" class=\"wp-image-14691\" width=\"845\" height=\"208\" srcset=\"https:\/\/macite.tg\/wp-content\/uploads\/2024\/05\/IMG-20240313-WA0013-1.jpg 690w, https:\/\/macite.tg\/wp-content\/uploads\/2024\/05\/IMG-20240313-WA0013-1-300x74.jpg 300w\" sizes=\"auto, (max-width: 845px) 100vw, 845px\" \/><\/figure>\n<\/div>\n\n\n<p class=\"wp-block-paragraph\"><em>&#8211; les adjudicataires qui n\u2019auront pas acquitt\u00e9 le montant des engins qui leur sont adjug\u00e9s avant 17 heures 30 minutes du jour de leur achat, verront leur adjudication annul\u00e9e&nbsp;\u00bb.<\/em><\/p>\n\n\n\n<p class=\"wp-block-paragraph\">Notons que la participation du public \u00e0 cette vente implique l\u2019acceptation des conditions susmentionn\u00e9es.<\/p>\n\n\n\n<p class=\"wp-block-paragraph\">Pour tout renseignement, s\u2019adresser \u00e0 l\u2019Etude de Me Yves P. Bini\u00e9, Commissaire-Priseur, sis Von de la soci\u00e9t\u00e9 de transport Raki\u00e9ta, Lyc\u00e9e B\u00e8-Klikam\u00e9. Tel&nbsp;: 90 11 58 58 \/ 98 50 58 58 \/ 14BP 41, Lom\u00e9-Togo.<\/p>\n\n\n<div class=\"wp-block-image\">\n<figure class=\"aligncenter size-full is-resized\"><img loading=\"lazy\" decoding=\"async\" src=\"https:\/\/macite.tg\/wp-content\/uploads\/2024\/05\/062bb36a-4e11-4f8f-9d16-0a8b188a0c61.jpg\" alt=\"\" class=\"wp-image-14687\" width=\"521\" height=\"740\" srcset=\"https:\/\/macite.tg\/wp-content\/uploads\/2024\/05\/062bb36a-4e11-4f8f-9d16-0a8b188a0c61.jpg 717w, https:\/\/macite.tg\/wp-content\/uploads\/2024\/05\/062bb36a-4e11-4f8f-9d16-0a8b188a0c61-211x300.jpg 211w\" sizes=\"auto, (max-width: 521px) 100vw, 521px\" \/><\/figure>\n<\/div>\n\n\n<p class=\"wp-block-paragraph\"><strong>La R\u00e9daction<\/strong><\/p>\n\n\n\n<p class=\"wp-block-paragraph\"><a><strong><em>@macite.tg&nbsp;&nbsp;&nbsp;&nbsp;&nbsp;&nbsp;&nbsp;&nbsp;<\/em><\/strong><\/a><\/p>\n\n\n\n<p class=\"wp-block-paragraph\"><strong><em>E-mail&nbsp;: <\/em><\/strong><a href=\"mailto:maciteinfo@gmail.com\"><em>maciteinfo@gmail.com<\/em><\/a><strong><em>; <\/em><\/strong><a href=\"mailto:bawela1@gmail.com\"><em>bawela1@gmail.com<\/em><\/a><em> <strong><\/strong><\/em><\/p>\n\n\n\n<p class=\"wp-block-paragraph\"><strong><em>Pour vos annonces, (publi)reportages, etc., joignez-nous au (00228)91515309\/<strong>79872224 <\/strong>www.macite.tg, L\u2019information, la bonne&nbsp;!<\/em><\/strong><\/p>\n","protected":false},"excerpt":{"rendered":"<p class=\"text-justify mb-2\" >En ex\u00e9cution de l\u2019ordonnance N\u00b020\/2024 du 21 mars 2024, il sera proc\u00e9d\u00e9 \u00e0 la vente aux ench\u00e8res publiques de 89 v\u00e9hicules usagers dont 15 voitures et 74 motos, \u00e0 la Division des op\u00e9rations douani\u00e8res de la r\u00e9gion de la Kara. L\u2019op\u00e9ration va se d\u00e9rouler le [&hellip;]<\/p>\n","protected":false},"author":2,"featured_media":14709,"comment_status":"open","ping_status":"open","sticky":false,"template":"","format":"standard","meta":{"footnotes":""},"categories":[20,3],"tags":[],"class_list":["post-14706","post","type-post","status-publish","format-standard","has-post-thumbnail","hentry","category-actualite","category-economie"],"yoast_head":"<!-- This site is optimized with the Yoast SEO plugin v28.4 - https:\/\/yoast.com\/product\/yoast-seo-wordpress\/ -->\n<title>KARA : L\u2019Otr vend aux ench\u00e8res 89 v\u00e9hicules et 74 motos -<\/title>\n<meta name=\"robots\" content=\"index, follow, max-snippet:-1, max-image-preview:large, max-video-preview:-1\" \/>\n<link rel=\"canonical\" href=\"https:\/\/macite.tg\/?p=14706\" \/>\n<meta property=\"og:locale\" content=\"fr_FR\" \/>\n<meta property=\"og:type\" content=\"article\" \/>\n<meta property=\"og:title\" content=\"KARA : L\u2019Otr vend aux ench\u00e8res 89 v\u00e9hicules et 74 motos -\" \/>\n<meta property=\"og:description\" content=\"En ex\u00e9cution de l\u2019ordonnance N\u00b020\/2024 du 21 mars 2024, il sera proc\u00e9d\u00e9 \u00e0 la vente aux ench\u00e8res publiques de 89 v\u00e9hicules usagers dont 15 voitures et 74 motos, \u00e0 la Division des op\u00e9rations douani\u00e8res de la r\u00e9gion de la Kara. L\u2019op\u00e9ration va se d\u00e9rouler le [&hellip;]\" \/>\n<meta property=\"og:url\" content=\"https:\/\/macite.tg\/?p=14706\" \/>\n<meta property=\"article:published_time\" content=\"2024-05-24T12:43:00+00:00\" \/>\n<meta property=\"article:modified_time\" content=\"2024-05-25T13:51:22+00:00\" \/>\n<meta property=\"og:image\" content=\"https:\/\/macite.tg\/wp-content\/uploads\/2024\/05\/image-39.png\" \/>\n\t<meta property=\"og:image:width\" content=\"340\" \/>\n\t<meta property=\"og:image:height\" content=\"270\" \/>\n\t<meta property=\"og:image:type\" content=\"image\/png\" \/>\n<meta name=\"author\" content=\"Jean Pierre BAWELA\" \/>\n<meta name=\"twitter:card\" content=\"summary_large_image\" \/>\n<meta name=\"twitter:label1\" content=\"\u00c9crit par\" \/>\n\t<meta name=\"twitter:data1\" content=\"Jean Pierre BAWELA\" \/>\n\t<meta name=\"twitter:label2\" content=\"Dur\u00e9e de lecture estim\u00e9e\" \/>\n\t<meta name=\"twitter:data2\" content=\"2 minutes\" \/>\n<script type=\"application\/ld+json\" class=\"yoast-schema-graph\">{\"@context\":\"https:\\\/\\\/schema.org\",\"@graph\":[{\"@type\":\"Article\",\"@id\":\"https:\\\/\\\/macite.tg\\\/?p=14706#article\",\"isPartOf\":{\"@id\":\"https:\\\/\\\/macite.tg\\\/?p=14706\"},\"author\":{\"name\":\"Jean Pierre BAWELA\",\"@id\":\"https:\\\/\\\/macite.tg\\\/#\\\/schema\\\/person\\\/e9f2de7e5dbbe7770a9402c7ce82f5c2\"},\"headline\":\"KARA : L\u2019Otr vend aux ench\u00e8res 89 v\u00e9hicules et 74 motos\",\"datePublished\":\"2024-05-24T12:43:00+00:00\",\"dateModified\":\"2024-05-25T13:51:22+00:00\",\"mainEntityOfPage\":{\"@id\":\"https:\\\/\\\/macite.tg\\\/?p=14706\"},\"wordCount\":338,\"commentCount\":0,\"image\":{\"@id\":\"https:\\\/\\\/macite.tg\\\/?p=14706#primaryimage\"},\"thumbnailUrl\":\"https:\\\/\\\/macite.tg\\\/wp-content\\\/uploads\\\/2024\\\/05\\\/image-39.png\",\"articleSection\":[\"ACTUALITE\",\"ECONOMIE\"],\"inLanguage\":\"fr-FR\",\"potentialAction\":[{\"@type\":\"CommentAction\",\"name\":\"Comment\",\"target\":[\"https:\\\/\\\/macite.tg\\\/?p=14706#respond\"]}]},{\"@type\":\"WebPage\",\"@id\":\"https:\\\/\\\/macite.tg\\\/?p=14706\",\"url\":\"https:\\\/\\\/macite.tg\\\/?p=14706\",\"name\":\"KARA : L\u2019Otr vend aux ench\u00e8res 89 v\u00e9hicules et 74 motos -\",\"isPartOf\":{\"@id\":\"https:\\\/\\\/macite.tg\\\/#website\"},\"primaryImageOfPage\":{\"@id\":\"https:\\\/\\\/macite.tg\\\/?p=14706#primaryimage\"},\"image\":{\"@id\":\"https:\\\/\\\/macite.tg\\\/?p=14706#primaryimage\"},\"thumbnailUrl\":\"https:\\\/\\\/macite.tg\\\/wp-content\\\/uploads\\\/2024\\\/05\\\/image-39.png\",\"datePublished\":\"2024-05-24T12:43:00+00:00\",\"dateModified\":\"2024-05-25T13:51:22+00:00\",\"author\":{\"@id\":\"https:\\\/\\\/macite.tg\\\/#\\\/schema\\\/person\\\/e9f2de7e5dbbe7770a9402c7ce82f5c2\"},\"breadcrumb\":{\"@id\":\"https:\\\/\\\/macite.tg\\\/?p=14706#breadcrumb\"},\"inLanguage\":\"fr-FR\",\"potentialAction\":[{\"@type\":\"ReadAction\",\"target\":[\"https:\\\/\\\/macite.tg\\\/?p=14706\"]}]},{\"@type\":\"ImageObject\",\"inLanguage\":\"fr-FR\",\"@id\":\"https:\\\/\\\/macite.tg\\\/?p=14706#primaryimage\",\"url\":\"https:\\\/\\\/macite.tg\\\/wp-content\\\/uploads\\\/2024\\\/05\\\/image-39.png\",\"contentUrl\":\"https:\\\/\\\/macite.tg\\\/wp-content\\\/uploads\\\/2024\\\/05\\\/image-39.png\",\"width\":340,\"height\":270},{\"@type\":\"BreadcrumbList\",\"@id\":\"https:\\\/\\\/macite.tg\\\/?p=14706#breadcrumb\",\"itemListElement\":[{\"@type\":\"ListItem\",\"position\":1,\"name\":\"Accueil\",\"item\":\"https:\\\/\\\/macite.tg\\\/\"},{\"@type\":\"ListItem\",\"position\":2,\"name\":\"KARA : L\u2019Otr vend aux ench\u00e8res 89 v\u00e9hicules et 74 motos\"}]},{\"@type\":\"WebSite\",\"@id\":\"https:\\\/\\\/macite.tg\\\/#website\",\"url\":\"https:\\\/\\\/macite.tg\\\/\",\"name\":\"\",\"description\":\"L&#039;information, la bonne!!!\",\"potentialAction\":[{\"@type\":\"SearchAction\",\"target\":{\"@type\":\"EntryPoint\",\"urlTemplate\":\"https:\\\/\\\/macite.tg\\\/?s={search_term_string}\"},\"query-input\":{\"@type\":\"PropertyValueSpecification\",\"valueRequired\":true,\"valueName\":\"search_term_string\"}}],\"inLanguage\":\"fr-FR\"},{\"@type\":\"Person\",\"@id\":\"https:\\\/\\\/macite.tg\\\/#\\\/schema\\\/person\\\/e9f2de7e5dbbe7770a9402c7ce82f5c2\",\"name\":\"Jean Pierre BAWELA\",\"image\":{\"@type\":\"ImageObject\",\"inLanguage\":\"fr-FR\",\"@id\":\"https:\\\/\\\/macite.tg\\\/wp-content\\\/uploads\\\/2023\\\/09\\\/WhatsApp-Image-2023-09-19-at-14.44.41-122x122.jpeg\",\"url\":\"https:\\\/\\\/macite.tg\\\/wp-content\\\/uploads\\\/2023\\\/09\\\/WhatsApp-Image-2023-09-19-at-14.44.41-122x122.jpeg\",\"contentUrl\":\"https:\\\/\\\/macite.tg\\\/wp-content\\\/uploads\\\/2023\\\/09\\\/WhatsApp-Image-2023-09-19-at-14.44.41-122x122.jpeg\",\"caption\":\"Jean Pierre BAWELA\"},\"url\":\"https:\\\/\\\/macite.tg\\\/?author=2\"}]}<\/script>\n<!-- \/ Yoast SEO plugin. -->","yoast_head_json":{"title":"KARA : L\u2019Otr vend aux ench\u00e8res 89 v\u00e9hicules et 74 motos -","robots":{"index":"index","follow":"follow","max-snippet":"max-snippet:-1","max-image-preview":"max-image-preview:large","max-video-preview":"max-video-preview:-1"},"canonical":"https:\/\/macite.tg\/?p=14706","og_locale":"fr_FR","og_type":"article","og_title":"KARA : L\u2019Otr vend aux ench\u00e8res 89 v\u00e9hicules et 74 motos -","og_description":"En ex\u00e9cution de l\u2019ordonnance N\u00b020\/2024 du 21 mars 2024, il sera proc\u00e9d\u00e9 \u00e0 la vente aux ench\u00e8res publiques de 89 v\u00e9hicules usagers dont 15 voitures et 74 motos, \u00e0 la Division des op\u00e9rations douani\u00e8res de la r\u00e9gion de la Kara. L\u2019op\u00e9ration va se d\u00e9rouler le [&hellip;]","og_url":"https:\/\/macite.tg\/?p=14706","article_published_time":"2024-05-24T12:43:00+00:00","article_modified_time":"2024-05-25T13:51:22+00:00","og_image":[{"width":340,"height":270,"url":"https:\/\/macite.tg\/wp-content\/uploads\/2024\/05\/image-39.png","type":"image\/png"}],"author":"Jean Pierre BAWELA","twitter_card":"summary_large_image","twitter_misc":{"\u00c9crit par":"Jean Pierre BAWELA","Dur\u00e9e de lecture estim\u00e9e":"2 minutes"},"schema":{"@context":"https:\/\/schema.org","@graph":[{"@type":"Article","@id":"https:\/\/macite.tg\/?p=14706#article","isPartOf":{"@id":"https:\/\/macite.tg\/?p=14706"},"author":{"name":"Jean Pierre BAWELA","@id":"https:\/\/macite.tg\/#\/schema\/person\/e9f2de7e5dbbe7770a9402c7ce82f5c2"},"headline":"KARA : L\u2019Otr vend aux ench\u00e8res 89 v\u00e9hicules et 74 motos","datePublished":"2024-05-24T12:43:00+00:00","dateModified":"2024-05-25T13:51:22+00:00","mainEntityOfPage":{"@id":"https:\/\/macite.tg\/?p=14706"},"wordCount":338,"commentCount":0,"image":{"@id":"https:\/\/macite.tg\/?p=14706#primaryimage"},"thumbnailUrl":"https:\/\/macite.tg\/wp-content\/uploads\/2024\/05\/image-39.png","articleSection":["ACTUALITE","ECONOMIE"],"inLanguage":"fr-FR","potentialAction":[{"@type":"CommentAction","name":"Comment","target":["https:\/\/macite.tg\/?p=14706#respond"]}]},{"@type":"WebPage","@id":"https:\/\/macite.tg\/?p=14706","url":"https:\/\/macite.tg\/?p=14706","name":"KARA : L\u2019Otr vend aux ench\u00e8res 89 v\u00e9hicules et 74 motos -","isPartOf":{"@id":"https:\/\/macite.tg\/#website"},"primaryImageOfPage":{"@id":"https:\/\/macite.tg\/?p=14706#primaryimage"},"image":{"@id":"https:\/\/macite.tg\/?p=14706#primaryimage"},"thumbnailUrl":"https:\/\/macite.tg\/wp-content\/uploads\/2024\/05\/image-39.png","datePublished":"2024-05-24T12:43:00+00:00","dateModified":"2024-05-25T13:51:22+00:00","author":{"@id":"https:\/\/macite.tg\/#\/schema\/person\/e9f2de7e5dbbe7770a9402c7ce82f5c2"},"breadcrumb":{"@id":"https:\/\/macite.tg\/?p=14706#breadcrumb"},"inLanguage":"fr-FR","potentialAction":[{"@type":"ReadAction","target":["https:\/\/macite.tg\/?p=14706"]}]},{"@type":"ImageObject","inLanguage":"fr-FR","@id":"https:\/\/macite.tg\/?p=14706#primaryimage","url":"https:\/\/macite.tg\/wp-content\/uploads\/2024\/05\/image-39.png","contentUrl":"https:\/\/macite.tg\/wp-content\/uploads\/2024\/05\/image-39.png","width":340,"height":270},{"@type":"BreadcrumbList","@id":"https:\/\/macite.tg\/?p=14706#breadcrumb","itemListElement":[{"@type":"ListItem","position":1,"name":"Accueil","item":"https:\/\/macite.tg\/"},{"@type":"ListItem","position":2,"name":"KARA : L\u2019Otr vend aux ench\u00e8res 89 v\u00e9hicules et 74 motos"}]},{"@type":"WebSite","@id":"https:\/\/macite.tg\/#website","url":"https:\/\/macite.tg\/","name":"","description":"L&#039;information, la bonne!!!","potentialAction":[{"@type":"SearchAction","target":{"@type":"EntryPoint","urlTemplate":"https:\/\/macite.tg\/?s={search_term_string}"},"query-input":{"@type":"PropertyValueSpecification","valueRequired":true,"valueName":"search_term_string"}}],"inLanguage":"fr-FR"},{"@type":"Person","@id":"https:\/\/macite.tg\/#\/schema\/person\/e9f2de7e5dbbe7770a9402c7ce82f5c2","name":"Jean Pierre BAWELA","image":{"@type":"ImageObject","inLanguage":"fr-FR","@id":"https:\/\/macite.tg\/wp-content\/uploads\/2023\/09\/WhatsApp-Image-2023-09-19-at-14.44.41-122x122.jpeg","url":"https:\/\/macite.tg\/wp-content\/uploads\/2023\/09\/WhatsApp-Image-2023-09-19-at-14.44.41-122x122.jpeg","contentUrl":"https:\/\/macite.tg\/wp-content\/uploads\/2023\/09\/WhatsApp-Image-2023-09-19-at-14.44.41-122x122.jpeg","caption":"Jean Pierre BAWELA"},"url":"https:\/\/macite.tg\/?author=2"}]}},"_links":{"self":[{"href":"https:\/\/macite.tg\/index.php?rest_route=\/wp\/v2\/posts\/14706","targetHints":{"allow":["GET"]}}],"collection":[{"href":"https:\/\/macite.tg\/index.php?rest_route=\/wp\/v2\/posts"}],"about":[{"href":"https:\/\/macite.tg\/index.php?rest_route=\/wp\/v2\/types\/post"}],"author":[{"embeddable":true,"href":"https:\/\/macite.tg\/index.php?rest_route=\/wp\/v2\/users\/2"}],"replies":[{"embeddable":true,"href":"https:\/\/macite.tg\/index.php?rest_route=%2Fwp%2Fv2%2Fcomments&post=14706"}],"version-history":[{"count":0,"href":"https:\/\/macite.tg\/index.php?rest_route=\/wp\/v2\/posts\/14706\/revisions"}],"wp:featuredmedia":[{"embeddable":true,"href":"https:\/\/macite.tg\/index.php?rest_route=\/wp\/v2\/media\/14709"}],"wp:attachment":[{"href":"https:\/\/macite.tg\/index.php?rest_route=%2Fwp%2Fv2%2Fmedia&parent=14706"}],"wp:term":[{"taxonomy":"category","embeddable":true,"href":"https:\/\/macite.tg\/index.php?rest_route=%2Fwp%2Fv2%2Fcategories&post=14706"},{"taxonomy":"post_tag","embeddable":true,"href":"https:\/\/macite.tg\/index.php?rest_route=%2Fwp%2Fv2%2Ftags&post=14706"}],"curies":[{"name":"wp","href":"https:\/\/api.w.org\/{rel}","templated":true}]}}