{"id":14702,"date":"2024-05-24T19:13:38","date_gmt":"2024-05-24T19:13:38","guid":{"rendered":"https:\/\/macite.tg\/?p=14702"},"modified":"2024-05-24T19:13:40","modified_gmt":"2024-05-24T19:13:40","slug":"sahara-integrite-territoriale-du-maroc-la-zambie-reitere-son-plein-soutien-au-royaume-et-son-plan-dautonomie","status":"publish","type":"post","link":"https:\/\/macite.tg\/?p=14702","title":{"rendered":"SAHARA \/ INTEGRITE TERRITORIALE DU MAROC\u00a0: La Zambie r\u00e9it\u00e8re son \u2018\u2019plein soutien\u2019\u2019 au Royaume et son Plan d\u2019autonomie"},"content":{"rendered":"\n<p class=\"wp-block-paragraph\"><strong><em>Ce vendredi 24 mai \u00e0 Rabat au Maroc, le ministre zambien de la Justice et ministre par int\u00e9rim des Affaires \u00e9trang\u00e8res et de la Coop\u00e9ration internationale, Mulambo Haimbe, a eu une s\u00e9ance de travail avec le ministre des Affaires \u00e9trang\u00e8res, de la Coop\u00e9ration africaine et des Marocains r\u00e9sidant \u00e0 l&rsquo;\u00e9tranger, Nasser Bourita.<\/em><\/strong><\/p>\n\n\n\n<p class=\"wp-block-paragraph\">A l\u2019issue de cette rencontre de haut niveau, un communiqu\u00e9 conjoint a \u00e9t\u00e9 rendu public. Selon ledit communiqu\u00e9, le haut responsable zambien a renouvel\u00e9 son soutien <em>\u00ab&nbsp;\u00e0 l&rsquo;int\u00e9grit\u00e9 territoriale et \u00e0 la souverainet\u00e9 du Maroc sur l&rsquo;ensemble de son territoire, y compris le Sahara marocain&nbsp;\u00bb.<\/em><\/p>\n\n\n<div class=\"wp-block-image\">\n<figure class=\"aligncenter size-full is-resized\"><img loading=\"lazy\" decoding=\"async\" src=\"https:\/\/macite.tg\/wp-content\/uploads\/2024\/05\/062bb36a-4e11-4f8f-9d16-0a8b188a0c61.jpg\" alt=\"\" class=\"wp-image-14687\" width=\"554\" height=\"787\" srcset=\"https:\/\/macite.tg\/wp-content\/uploads\/2024\/05\/062bb36a-4e11-4f8f-9d16-0a8b188a0c61.jpg 717w, https:\/\/macite.tg\/wp-content\/uploads\/2024\/05\/062bb36a-4e11-4f8f-9d16-0a8b188a0c61-211x300.jpg 211w\" sizes=\"auto, (max-width: 554px) 100vw, 554px\" \/><\/figure>\n<\/div>\n\n\n<p class=\"wp-block-paragraph\">M. Mulambo Haimbe a, par la m\u00eame occasion, r\u00e9it\u00e9r\u00e9 le \u2018\u2019plein soutien\u2019\u2019 de son pays au plan d\u2019autonomie pr\u00e9sent\u00e9 par le Royaume du Maroc, dont il a relev\u00e9 \u00ab&nbsp;<em>la pertinence&nbsp;\u00bb <\/em>et d\u00e9sign\u00e9 comme \u00ab&nbsp;<em>la seule solution \u00ab\u00a0cr\u00e9dible, s\u00e9rieuse et r\u00e9aliste\u00a0\u00bb&nbsp;\u00bb.<\/em><\/p>\n\n\n\n<p class=\"wp-block-paragraph\">Le diplomate zambien s\u2019est \u00e9galement f\u00e9licit\u00e9 des <em>\u00ab&nbsp;efforts des Nations Unies en tant que cadre exclusif pour parvenir \u00e0 une solution r\u00e9aliste, pratique et durable au diff\u00e9rend autour du Sahara marocain&nbsp;\u00bb<\/em>.<\/p>\n\n\n\n<p class=\"wp-block-paragraph\">Pour sa part, le ministre des Affaires \u00e9trang\u00e8res, de la Coop\u00e9ration africaine et des Marocains r\u00e9sidant \u00e0 l&rsquo;\u00e9tranger, Nasser Bourita, a salu\u00e9 <em>\u2018\u2019valeur positive\u2019\u2019<\/em> de cet engagement de ce pays fr\u00e8re et ami, avant de se f\u00e9liciter de <em>\u00ab&nbsp;l\u2019\u00e9volution positive&nbsp;\u00bb,<\/em> au fil des ann\u00e9es, des relations entre les deux pays. Ceci s\u2019est mat\u00e9rialis\u00e9 avec l\u2019ouverture de l\u2019ambassade de Zambie \u00e0 Rabat, en octobre 2020, et d\u2019un consulat g\u00e9n\u00e9ral \u00e0 La\u00e2youne.<\/p>\n\n\n<div class=\"wp-block-image\">\n<figure class=\"aligncenter size-full is-resized\"><img loading=\"lazy\" decoding=\"async\" src=\"https:\/\/macite.tg\/wp-content\/uploads\/2024\/05\/7403530d-b8ae-4a39-a269-b53484c86722.jpg\" alt=\"\" class=\"wp-image-14683\" width=\"576\" height=\"812\" srcset=\"https:\/\/macite.tg\/wp-content\/uploads\/2024\/05\/7403530d-b8ae-4a39-a269-b53484c86722.jpg 715w, https:\/\/macite.tg\/wp-content\/uploads\/2024\/05\/7403530d-b8ae-4a39-a269-b53484c86722-213x300.jpg 213w\" sizes=\"auto, (max-width: 576px) 100vw, 576px\" \/><\/figure>\n<\/div>\n\n\n<p class=\"wp-block-paragraph\">M. Bourita n\u2019est pas pass\u00e9 sous silence la participation, fort appr\u00e9ci\u00e9e de la Zambie, \u00e0 la Conf\u00e9rence minist\u00e9rielle de Soutien \u00e0 l&rsquo;Initiative d&rsquo;autonomie sous la Souverainet\u00e9 du Royaume, organis\u00e9e la mi-janvier 2021, \u00e0 l&rsquo;invitation du Maroc et des \u00c9tats-Unis d&rsquo;Am\u00e9rique.<\/p>\n\n\n\n<p class=\"wp-block-paragraph\"><strong>CM<\/strong><\/p>\n\n\n\n<p class=\"wp-block-paragraph\"><a><strong><em>@macite.tg&nbsp;&nbsp;&nbsp;&nbsp;&nbsp;&nbsp;&nbsp;&nbsp;<\/em><\/strong><\/a><\/p>\n\n\n\n<p class=\"wp-block-paragraph\"><strong><em>E-mail&nbsp;: <\/em><\/strong><a href=\"mailto:maciteinfo@gmail.com\"><strong><em>maciteinfo@gmail.com<\/em><\/strong><\/a><strong><em>; <\/em><\/strong><a href=\"mailto:bawela1@gmail.com\"><strong><em>bawela1@gmail.com<\/em><\/strong><\/a><strong><em><\/em><\/strong><\/p>\n\n\n\n<p class=\"wp-block-paragraph\"><strong><em>Pour vos annonces, (publi)reportages, etc., joignez-nous au (00228)91515309\/<strong>79872224 <\/strong>www.macite.tg, L\u2019information, la bonne&nbsp;!<\/em><\/strong><\/p>\n","protected":false},"excerpt":{"rendered":"<p class=\"text-justify mb-2\" >Ce vendredi 24 mai \u00e0 Rabat au Maroc, le ministre zambien de la Justice et ministre par int\u00e9rim des Affaires \u00e9trang\u00e8res et de la Coop\u00e9ration internationale, Mulambo Haimbe, a eu une s\u00e9ance de travail avec le ministre des Affaires \u00e9trang\u00e8res, de la Coop\u00e9ration africaine et [&hellip;]<\/p>\n","protected":false},"author":2,"featured_media":14703,"comment_status":"open","ping_status":"open","sticky":false,"template":"","format":"standard","meta":{"footnotes":""},"categories":[20,8],"tags":[],"class_list":["post-14702","post","type-post","status-publish","format-standard","has-post-thumbnail","hentry","category-actualite","category-diplomatie"],"yoast_head":"<!-- This site is optimized with the Yoast SEO plugin v28.4 - https:\/\/yoast.com\/product\/yoast-seo-wordpress\/ -->\n<title>SAHARA \/ INTEGRITE TERRITORIALE DU MAROC\u00a0: La Zambie r\u00e9it\u00e8re son \u2018\u2019plein soutien\u2019\u2019 au Royaume et son Plan d\u2019autonomie -<\/title>\n<meta name=\"robots\" content=\"index, follow, max-snippet:-1, max-image-preview:large, max-video-preview:-1\" \/>\n<link rel=\"canonical\" href=\"https:\/\/macite.tg\/?p=14702\" \/>\n<meta property=\"og:locale\" content=\"fr_FR\" \/>\n<meta property=\"og:type\" content=\"article\" \/>\n<meta property=\"og:title\" content=\"SAHARA \/ INTEGRITE TERRITORIALE DU MAROC\u00a0: La Zambie r\u00e9it\u00e8re son \u2018\u2019plein soutien\u2019\u2019 au Royaume et son Plan d\u2019autonomie -\" \/>\n<meta property=\"og:description\" content=\"Ce vendredi 24 mai \u00e0 Rabat au Maroc, le ministre zambien de la Justice et ministre par int\u00e9rim des Affaires \u00e9trang\u00e8res et de la Coop\u00e9ration internationale, Mulambo Haimbe, a eu une s\u00e9ance de travail avec le ministre des Affaires \u00e9trang\u00e8res, de la Coop\u00e9ration africaine et [&hellip;]\" \/>\n<meta property=\"og:url\" content=\"https:\/\/macite.tg\/?p=14702\" \/>\n<meta property=\"article:published_time\" content=\"2024-05-24T19:13:38+00:00\" \/>\n<meta property=\"article:modified_time\" content=\"2024-05-24T19:13:40+00:00\" \/>\n<meta property=\"og:image\" content=\"https:\/\/macite.tg\/wp-content\/uploads\/2024\/05\/AAA.jpg\" \/>\n\t<meta property=\"og:image:width\" content=\"500\" \/>\n\t<meta property=\"og:image:height\" content=\"333\" \/>\n\t<meta property=\"og:image:type\" content=\"image\/jpeg\" \/>\n<meta name=\"author\" content=\"Jean Pierre BAWELA\" \/>\n<meta name=\"twitter:card\" content=\"summary_large_image\" \/>\n<meta name=\"twitter:label1\" content=\"\u00c9crit par\" \/>\n\t<meta name=\"twitter:data1\" content=\"Jean Pierre BAWELA\" \/>\n\t<meta name=\"twitter:label2\" content=\"Dur\u00e9e de lecture estim\u00e9e\" \/>\n\t<meta name=\"twitter:data2\" content=\"2 minutes\" \/>\n<script type=\"application\/ld+json\" class=\"yoast-schema-graph\">{\"@context\":\"https:\\\/\\\/schema.org\",\"@graph\":[{\"@type\":\"Article\",\"@id\":\"https:\\\/\\\/macite.tg\\\/?p=14702#article\",\"isPartOf\":{\"@id\":\"https:\\\/\\\/macite.tg\\\/?p=14702\"},\"author\":{\"name\":\"Jean Pierre BAWELA\",\"@id\":\"https:\\\/\\\/macite.tg\\\/#\\\/schema\\\/person\\\/e9f2de7e5dbbe7770a9402c7ce82f5c2\"},\"headline\":\"SAHARA \\\/ INTEGRITE TERRITORIALE DU MAROC\u00a0: La Zambie r\u00e9it\u00e8re son \u2018\u2019plein soutien\u2019\u2019 au Royaume et son Plan d\u2019autonomie\",\"datePublished\":\"2024-05-24T19:13:38+00:00\",\"dateModified\":\"2024-05-24T19:13:40+00:00\",\"mainEntityOfPage\":{\"@id\":\"https:\\\/\\\/macite.tg\\\/?p=14702\"},\"wordCount\":381,\"commentCount\":0,\"image\":{\"@id\":\"https:\\\/\\\/macite.tg\\\/?p=14702#primaryimage\"},\"thumbnailUrl\":\"https:\\\/\\\/macite.tg\\\/wp-content\\\/uploads\\\/2024\\\/05\\\/AAA.jpg\",\"articleSection\":[\"ACTUALITE\",\"DIPLOMATIE\"],\"inLanguage\":\"fr-FR\",\"potentialAction\":[{\"@type\":\"CommentAction\",\"name\":\"Comment\",\"target\":[\"https:\\\/\\\/macite.tg\\\/?p=14702#respond\"]}]},{\"@type\":\"WebPage\",\"@id\":\"https:\\\/\\\/macite.tg\\\/?p=14702\",\"url\":\"https:\\\/\\\/macite.tg\\\/?p=14702\",\"name\":\"SAHARA \\\/ INTEGRITE TERRITORIALE DU MAROC\u00a0: La Zambie r\u00e9it\u00e8re son \u2018\u2019plein soutien\u2019\u2019 au Royaume et son Plan d\u2019autonomie -\",\"isPartOf\":{\"@id\":\"https:\\\/\\\/macite.tg\\\/#website\"},\"primaryImageOfPage\":{\"@id\":\"https:\\\/\\\/macite.tg\\\/?p=14702#primaryimage\"},\"image\":{\"@id\":\"https:\\\/\\\/macite.tg\\\/?p=14702#primaryimage\"},\"thumbnailUrl\":\"https:\\\/\\\/macite.tg\\\/wp-content\\\/uploads\\\/2024\\\/05\\\/AAA.jpg\",\"datePublished\":\"2024-05-24T19:13:38+00:00\",\"dateModified\":\"2024-05-24T19:13:40+00:00\",\"author\":{\"@id\":\"https:\\\/\\\/macite.tg\\\/#\\\/schema\\\/person\\\/e9f2de7e5dbbe7770a9402c7ce82f5c2\"},\"breadcrumb\":{\"@id\":\"https:\\\/\\\/macite.tg\\\/?p=14702#breadcrumb\"},\"inLanguage\":\"fr-FR\",\"potentialAction\":[{\"@type\":\"ReadAction\",\"target\":[\"https:\\\/\\\/macite.tg\\\/?p=14702\"]}]},{\"@type\":\"ImageObject\",\"inLanguage\":\"fr-FR\",\"@id\":\"https:\\\/\\\/macite.tg\\\/?p=14702#primaryimage\",\"url\":\"https:\\\/\\\/macite.tg\\\/wp-content\\\/uploads\\\/2024\\\/05\\\/AAA.jpg\",\"contentUrl\":\"https:\\\/\\\/macite.tg\\\/wp-content\\\/uploads\\\/2024\\\/05\\\/AAA.jpg\",\"width\":500,\"height\":333,\"caption\":\"Les deux diplomates \u00e9changeant les documents \u00e0 l'issue de la signature d'accord...\"},{\"@type\":\"BreadcrumbList\",\"@id\":\"https:\\\/\\\/macite.tg\\\/?p=14702#breadcrumb\",\"itemListElement\":[{\"@type\":\"ListItem\",\"position\":1,\"name\":\"Accueil\",\"item\":\"https:\\\/\\\/macite.tg\\\/\"},{\"@type\":\"ListItem\",\"position\":2,\"name\":\"SAHARA \\\/ INTEGRITE TERRITORIALE DU MAROC\u00a0: La Zambie r\u00e9it\u00e8re son \u2018\u2019plein soutien\u2019\u2019 au Royaume et son Plan d\u2019autonomie\"}]},{\"@type\":\"WebSite\",\"@id\":\"https:\\\/\\\/macite.tg\\\/#website\",\"url\":\"https:\\\/\\\/macite.tg\\\/\",\"name\":\"\",\"description\":\"L&#039;information, la bonne!!!\",\"potentialAction\":[{\"@type\":\"SearchAction\",\"target\":{\"@type\":\"EntryPoint\",\"urlTemplate\":\"https:\\\/\\\/macite.tg\\\/?s={search_term_string}\"},\"query-input\":{\"@type\":\"PropertyValueSpecification\",\"valueRequired\":true,\"valueName\":\"search_term_string\"}}],\"inLanguage\":\"fr-FR\"},{\"@type\":\"Person\",\"@id\":\"https:\\\/\\\/macite.tg\\\/#\\\/schema\\\/person\\\/e9f2de7e5dbbe7770a9402c7ce82f5c2\",\"name\":\"Jean Pierre BAWELA\",\"image\":{\"@type\":\"ImageObject\",\"inLanguage\":\"fr-FR\",\"@id\":\"https:\\\/\\\/macite.tg\\\/wp-content\\\/uploads\\\/2023\\\/09\\\/WhatsApp-Image-2023-09-19-at-14.44.41-122x122.jpeg\",\"url\":\"https:\\\/\\\/macite.tg\\\/wp-content\\\/uploads\\\/2023\\\/09\\\/WhatsApp-Image-2023-09-19-at-14.44.41-122x122.jpeg\",\"contentUrl\":\"https:\\\/\\\/macite.tg\\\/wp-content\\\/uploads\\\/2023\\\/09\\\/WhatsApp-Image-2023-09-19-at-14.44.41-122x122.jpeg\",\"caption\":\"Jean Pierre BAWELA\"},\"url\":\"https:\\\/\\\/macite.tg\\\/?author=2\"}]}<\/script>\n<!-- \/ Yoast SEO plugin. -->","yoast_head_json":{"title":"SAHARA \/ INTEGRITE TERRITORIALE DU MAROC\u00a0: La Zambie r\u00e9it\u00e8re son \u2018\u2019plein soutien\u2019\u2019 au Royaume et son Plan d\u2019autonomie -","robots":{"index":"index","follow":"follow","max-snippet":"max-snippet:-1","max-image-preview":"max-image-preview:large","max-video-preview":"max-video-preview:-1"},"canonical":"https:\/\/macite.tg\/?p=14702","og_locale":"fr_FR","og_type":"article","og_title":"SAHARA \/ INTEGRITE TERRITORIALE DU MAROC\u00a0: La Zambie r\u00e9it\u00e8re son \u2018\u2019plein soutien\u2019\u2019 au Royaume et son Plan d\u2019autonomie -","og_description":"Ce vendredi 24 mai \u00e0 Rabat au Maroc, le ministre zambien de la Justice et ministre par int\u00e9rim des Affaires \u00e9trang\u00e8res et de la Coop\u00e9ration internationale, Mulambo Haimbe, a eu une s\u00e9ance de travail avec le ministre des Affaires \u00e9trang\u00e8res, de la Coop\u00e9ration africaine et [&hellip;]","og_url":"https:\/\/macite.tg\/?p=14702","article_published_time":"2024-05-24T19:13:38+00:00","article_modified_time":"2024-05-24T19:13:40+00:00","og_image":[{"width":500,"height":333,"url":"https:\/\/macite.tg\/wp-content\/uploads\/2024\/05\/AAA.jpg","type":"image\/jpeg"}],"author":"Jean Pierre BAWELA","twitter_card":"summary_large_image","twitter_misc":{"\u00c9crit par":"Jean Pierre BAWELA","Dur\u00e9e de lecture estim\u00e9e":"2 minutes"},"schema":{"@context":"https:\/\/schema.org","@graph":[{"@type":"Article","@id":"https:\/\/macite.tg\/?p=14702#article","isPartOf":{"@id":"https:\/\/macite.tg\/?p=14702"},"author":{"name":"Jean Pierre BAWELA","@id":"https:\/\/macite.tg\/#\/schema\/person\/e9f2de7e5dbbe7770a9402c7ce82f5c2"},"headline":"SAHARA \/ INTEGRITE TERRITORIALE DU MAROC\u00a0: La Zambie r\u00e9it\u00e8re son \u2018\u2019plein soutien\u2019\u2019 au Royaume et son Plan d\u2019autonomie","datePublished":"2024-05-24T19:13:38+00:00","dateModified":"2024-05-24T19:13:40+00:00","mainEntityOfPage":{"@id":"https:\/\/macite.tg\/?p=14702"},"wordCount":381,"commentCount":0,"image":{"@id":"https:\/\/macite.tg\/?p=14702#primaryimage"},"thumbnailUrl":"https:\/\/macite.tg\/wp-content\/uploads\/2024\/05\/AAA.jpg","articleSection":["ACTUALITE","DIPLOMATIE"],"inLanguage":"fr-FR","potentialAction":[{"@type":"CommentAction","name":"Comment","target":["https:\/\/macite.tg\/?p=14702#respond"]}]},{"@type":"WebPage","@id":"https:\/\/macite.tg\/?p=14702","url":"https:\/\/macite.tg\/?p=14702","name":"SAHARA \/ INTEGRITE TERRITORIALE DU MAROC\u00a0: La Zambie r\u00e9it\u00e8re son \u2018\u2019plein soutien\u2019\u2019 au Royaume et son Plan d\u2019autonomie -","isPartOf":{"@id":"https:\/\/macite.tg\/#website"},"primaryImageOfPage":{"@id":"https:\/\/macite.tg\/?p=14702#primaryimage"},"image":{"@id":"https:\/\/macite.tg\/?p=14702#primaryimage"},"thumbnailUrl":"https:\/\/macite.tg\/wp-content\/uploads\/2024\/05\/AAA.jpg","datePublished":"2024-05-24T19:13:38+00:00","dateModified":"2024-05-24T19:13:40+00:00","author":{"@id":"https:\/\/macite.tg\/#\/schema\/person\/e9f2de7e5dbbe7770a9402c7ce82f5c2"},"breadcrumb":{"@id":"https:\/\/macite.tg\/?p=14702#breadcrumb"},"inLanguage":"fr-FR","potentialAction":[{"@type":"ReadAction","target":["https:\/\/macite.tg\/?p=14702"]}]},{"@type":"ImageObject","inLanguage":"fr-FR","@id":"https:\/\/macite.tg\/?p=14702#primaryimage","url":"https:\/\/macite.tg\/wp-content\/uploads\/2024\/05\/AAA.jpg","contentUrl":"https:\/\/macite.tg\/wp-content\/uploads\/2024\/05\/AAA.jpg","width":500,"height":333,"caption":"Les deux diplomates \u00e9changeant les documents \u00e0 l'issue de la signature d'accord..."},{"@type":"BreadcrumbList","@id":"https:\/\/macite.tg\/?p=14702#breadcrumb","itemListElement":[{"@type":"ListItem","position":1,"name":"Accueil","item":"https:\/\/macite.tg\/"},{"@type":"ListItem","position":2,"name":"SAHARA \/ INTEGRITE TERRITORIALE DU MAROC\u00a0: La Zambie r\u00e9it\u00e8re son \u2018\u2019plein soutien\u2019\u2019 au Royaume et son Plan d\u2019autonomie"}]},{"@type":"WebSite","@id":"https:\/\/macite.tg\/#website","url":"https:\/\/macite.tg\/","name":"","description":"L&#039;information, la bonne!!!","potentialAction":[{"@type":"SearchAction","target":{"@type":"EntryPoint","urlTemplate":"https:\/\/macite.tg\/?s={search_term_string}"},"query-input":{"@type":"PropertyValueSpecification","valueRequired":true,"valueName":"search_term_string"}}],"inLanguage":"fr-FR"},{"@type":"Person","@id":"https:\/\/macite.tg\/#\/schema\/person\/e9f2de7e5dbbe7770a9402c7ce82f5c2","name":"Jean Pierre BAWELA","image":{"@type":"ImageObject","inLanguage":"fr-FR","@id":"https:\/\/macite.tg\/wp-content\/uploads\/2023\/09\/WhatsApp-Image-2023-09-19-at-14.44.41-122x122.jpeg","url":"https:\/\/macite.tg\/wp-content\/uploads\/2023\/09\/WhatsApp-Image-2023-09-19-at-14.44.41-122x122.jpeg","contentUrl":"https:\/\/macite.tg\/wp-content\/uploads\/2023\/09\/WhatsApp-Image-2023-09-19-at-14.44.41-122x122.jpeg","caption":"Jean Pierre BAWELA"},"url":"https:\/\/macite.tg\/?author=2"}]}},"_links":{"self":[{"href":"https:\/\/macite.tg\/index.php?rest_route=\/wp\/v2\/posts\/14702","targetHints":{"allow":["GET"]}}],"collection":[{"href":"https:\/\/macite.tg\/index.php?rest_route=\/wp\/v2\/posts"}],"about":[{"href":"https:\/\/macite.tg\/index.php?rest_route=\/wp\/v2\/types\/post"}],"author":[{"embeddable":true,"href":"https:\/\/macite.tg\/index.php?rest_route=\/wp\/v2\/users\/2"}],"replies":[{"embeddable":true,"href":"https:\/\/macite.tg\/index.php?rest_route=%2Fwp%2Fv2%2Fcomments&post=14702"}],"version-history":[{"count":0,"href":"https:\/\/macite.tg\/index.php?rest_route=\/wp\/v2\/posts\/14702\/revisions"}],"wp:featuredmedia":[{"embeddable":true,"href":"https:\/\/macite.tg\/index.php?rest_route=\/wp\/v2\/media\/14703"}],"wp:attachment":[{"href":"https:\/\/macite.tg\/index.php?rest_route=%2Fwp%2Fv2%2Fmedia&parent=14702"}],"wp:term":[{"taxonomy":"category","embeddable":true,"href":"https:\/\/macite.tg\/index.php?rest_route=%2Fwp%2Fv2%2Fcategories&post=14702"},{"taxonomy":"post_tag","embeddable":true,"href":"https:\/\/macite.tg\/index.php?rest_route=%2Fwp%2Fv2%2Ftags&post=14702"}],"curies":[{"name":"wp","href":"https:\/\/api.w.org\/{rel}","templated":true}]}}