{"id":14699,"date":"2024-05-24T18:01:59","date_gmt":"2024-05-24T18:01:59","guid":{"rendered":"https:\/\/macite.tg\/?p=14699"},"modified":"2024-05-24T18:02:03","modified_gmt":"2024-05-24T18:02:03","slug":"togo-point-nevralgique-du-developpement-socio-economique-des-pays-de-la-sous-region","status":"publish","type":"post","link":"https:\/\/macite.tg\/?p=14699","title":{"rendered":"Togo, point n\u00e9vralgique du d\u00e9veloppement socio-\u00e9conomique des pays de la sous-r\u00e9gion"},"content":{"rendered":"\n<p class=\"wp-block-paragraph\"><strong><em>Le pays de 8 millions d&rsquo;habitants joue un r\u00f4le important en tant que relais dans la sous-r\u00e9gion ouest-africaine, contribuant \u00e0 la connectivit\u00e9, au commerce, \u00e0 la diplomatie et \u00e0 la coop\u00e9ration r\u00e9gionale. Le d\u00e9veloppement socio\u00e9conomique passe aussi par l\u00e0.<\/em><\/strong><\/p>\n\n\n\n<p class=\"wp-block-paragraph\">En raison de sa bonne position g\u00e9ographique tr\u00e8s avantageuse et de son acc\u00e8s aux voies navigables et terrestres, le Togo sert de plateforme logistique pour le transit de marchandises vers les pays enclav\u00e9s de l&rsquo;hinterland comme le Burkina Faso, le Mali, le Niger. <\/p>\n\n\n\n<p class=\"wp-block-paragraph\">Le port autonome de Lom\u00e9 (Pal) est particuli\u00e8rement important dans ce contexte, \u00e9tant l&rsquo;un des ports les plus actifs de la r\u00e9gion. Le port de Lom\u00e9 a manutentionn\u00e9 plus de 30 millions de tonnes de marchandises en 2023.<\/p>\n\n\n<div class=\"wp-block-image\">\n<figure class=\"aligncenter size-full is-resized\"><img loading=\"lazy\" decoding=\"async\" src=\"https:\/\/macite.tg\/wp-content\/uploads\/2024\/05\/062bb36a-4e11-4f8f-9d16-0a8b188a0c61.jpg\" alt=\"\" class=\"wp-image-14687\" width=\"591\" height=\"839\" srcset=\"https:\/\/macite.tg\/wp-content\/uploads\/2024\/05\/062bb36a-4e11-4f8f-9d16-0a8b188a0c61.jpg 717w, https:\/\/macite.tg\/wp-content\/uploads\/2024\/05\/062bb36a-4e11-4f8f-9d16-0a8b188a0c61-211x300.jpg 211w\" sizes=\"auto, (max-width: 591px) 100vw, 591px\" \/><\/figure>\n<\/div>\n\n\n<p class=\"wp-block-paragraph\">C&rsquo;est une performance en l\u00e9g\u00e8re hausse, compar\u00e9e aux 29,7 millions de tonnes de marchandises manutentionn\u00e9es en 2022.<\/p>\n\n\n\n<p class=\"wp-block-paragraph\">Les d\u00e9tails fournis par le ministre de l&rsquo;\u00c9conomie montrent que les importations de marchandises sont \u00e9valu\u00e9es \u00e0 8.912.225 tonnes contre&nbsp;8.069.169 tonnes en 2022. Le volume des exportations est de 2.282.843 tonnes contre 1.657.324 tonnes en 2022.<\/p>\n\n\n\n<p class=\"wp-block-paragraph\"><strong>Une terre propice aux affaires<\/strong><\/p>\n\n\n\n<p class=\"wp-block-paragraph\">Et aux investissements. Le Togo offre un environnement favorable aux investissements, ce qui en fait une terre de r\u00eave pour les entreprises op\u00e9rant dans la sous-r\u00e9gion.<\/p>\n\n\n\n<p class=\"wp-block-paragraph\">La zone franche, par exemple, offre des incitations fiscales et des infrastructures modernes qui soutiennent le d\u00e9veloppement commercial et industriel.<\/p>\n\n\n\n<p class=\"wp-block-paragraph\">Les officiels indiquent que de 1989 \u00e0 2021, la zone franche togolaise a attir\u00e9 un peu plus de 240 milliards de francs Cfa d&rsquo;investissements cumul\u00e9s. Elle a r\u00e9alis\u00e9 au cours de la m\u00eame p\u00e9riode un chiffre d&rsquo;affaires total de&nbsp;268 milliards de francs Cfa.<\/p>\n\n\n\n<p class=\"wp-block-paragraph\">Le climat des affaires fluide et inclusif draine du monde au Togo. Ils se sentent en s\u00e9curit\u00e9 et sereins pour la bonne marche de leurs affaires. C&rsquo;est pourquoi on trouvera des Libanais, des Nig\u00e9rians, des Fran\u00e7ais, des Nig\u00e9riens, des Maliens, etc. en train d&rsquo;installer leurs entreprises.<\/p>\n\n\n<div class=\"wp-block-image\">\n<figure class=\"aligncenter size-full is-resized\"><img loading=\"lazy\" decoding=\"async\" src=\"https:\/\/macite.tg\/wp-content\/uploads\/2024\/05\/7403530d-b8ae-4a39-a269-b53484c86722.jpg\" alt=\"\" class=\"wp-image-14683\" width=\"596\" height=\"840\" srcset=\"https:\/\/macite.tg\/wp-content\/uploads\/2024\/05\/7403530d-b8ae-4a39-a269-b53484c86722.jpg 715w, https:\/\/macite.tg\/wp-content\/uploads\/2024\/05\/7403530d-b8ae-4a39-a269-b53484c86722-213x300.jpg 213w\" sizes=\"auto, (max-width: 596px) 100vw, 596px\" \/><\/figure>\n<\/div>\n\n\n<p class=\"wp-block-paragraph\"><strong>Une bonne diplomatie<\/strong><\/p>\n\n\n\n<p class=\"wp-block-paragraph\">En tant que membre actif de la Communaut\u00e9 \u00e9conomique des \u00c9tats de l&rsquo;Afrique de l&rsquo;Ouest (Cedeao) et de l&rsquo;Union \u00e9conomique et mon\u00e9taire ouest-africaine (Uemoa), le Togo est tenu de bien traiter les ressortissants des pays de ces organisations.<\/p>\n\n\n\n<p class=\"wp-block-paragraph\">Cela participe \u00e0 l&rsquo;harmonie dans la sous-r\u00e9gion, au brassage des cultures, au partage des opportunit\u00e9s \u00e9conomiques, au renforcement de la synergie d&rsquo;actions contre les maux sociopolitiques qui minent les soci\u00e9t\u00e9s\u2026<\/p>\n\n\n\n<p class=\"wp-block-paragraph\"><strong>Samir<\/strong><\/p>\n\n\n\n<p class=\"wp-block-paragraph\"><a><strong><em>@macite.tg&nbsp;&nbsp;&nbsp;&nbsp;&nbsp;&nbsp;&nbsp;&nbsp;<\/em><\/strong><\/a><\/p>\n\n\n\n<p class=\"wp-block-paragraph\"><strong><em>E-mail&nbsp;: <\/em><\/strong><a href=\"mailto:maciteinfo@gmail.com\"><strong><em>maciteinfo@gmail.com<\/em><\/strong><\/a><strong><em>; <\/em><\/strong><a href=\"mailto:bawela1@gmail.com\"><strong><em>bawela1@gmail.com<\/em><\/strong><\/a><strong><em><\/em><\/strong><\/p>\n\n\n\n<p class=\"wp-block-paragraph\"><strong><em>Pour vos annonces, (publi)reportages, etc., joignez-nous au (00228)91515309\/<strong>79872224 <\/strong>www.macite.tg, L\u2019information, la bonne&nbsp;!<\/em><\/strong><\/p>\n","protected":false},"excerpt":{"rendered":"<p class=\"text-justify mb-2\" >Le pays de 8 millions d&rsquo;habitants joue un r\u00f4le important en tant que relais dans la sous-r\u00e9gion ouest-africaine, contribuant \u00e0 la connectivit\u00e9, au commerce, \u00e0 la diplomatie et \u00e0 la coop\u00e9ration r\u00e9gionale. Le d\u00e9veloppement socio\u00e9conomique passe aussi par l\u00e0. En raison de sa bonne position [&hellip;]<\/p>\n","protected":false},"author":2,"featured_media":14700,"comment_status":"open","ping_status":"open","sticky":false,"template":"","format":"standard","meta":{"footnotes":""},"categories":[20,15],"tags":[],"class_list":["post-14699","post","type-post","status-publish","format-standard","has-post-thumbnail","hentry","category-actualite","category-developpement"],"yoast_head":"<!-- This site is optimized with the Yoast SEO plugin v28.4 - https:\/\/yoast.com\/product\/yoast-seo-wordpress\/ -->\n<title>Togo, point n\u00e9vralgique du d\u00e9veloppement socio-\u00e9conomique des pays de la sous-r\u00e9gion -<\/title>\n<meta name=\"robots\" content=\"index, follow, max-snippet:-1, max-image-preview:large, max-video-preview:-1\" \/>\n<link rel=\"canonical\" href=\"https:\/\/macite.tg\/?p=14699\" \/>\n<meta property=\"og:locale\" content=\"fr_FR\" \/>\n<meta property=\"og:type\" content=\"article\" \/>\n<meta property=\"og:title\" content=\"Togo, point n\u00e9vralgique du d\u00e9veloppement socio-\u00e9conomique des pays de la sous-r\u00e9gion -\" \/>\n<meta property=\"og:description\" content=\"Le pays de 8 millions d&rsquo;habitants joue un r\u00f4le important en tant que relais dans la sous-r\u00e9gion ouest-africaine, contribuant \u00e0 la connectivit\u00e9, au commerce, \u00e0 la diplomatie et \u00e0 la coop\u00e9ration r\u00e9gionale. Le d\u00e9veloppement socio\u00e9conomique passe aussi par l\u00e0. En raison de sa bonne position [&hellip;]\" \/>\n<meta property=\"og:url\" content=\"https:\/\/macite.tg\/?p=14699\" \/>\n<meta property=\"article:published_time\" content=\"2024-05-24T18:01:59+00:00\" \/>\n<meta property=\"article:modified_time\" content=\"2024-05-24T18:02:03+00:00\" \/>\n<meta property=\"og:image\" content=\"https:\/\/macite.tg\/wp-content\/uploads\/2024\/05\/image-38.png\" \/>\n\t<meta property=\"og:image:width\" content=\"403\" \/>\n\t<meta property=\"og:image:height\" content=\"274\" \/>\n\t<meta property=\"og:image:type\" content=\"image\/png\" \/>\n<meta name=\"author\" content=\"Jean Pierre BAWELA\" \/>\n<meta name=\"twitter:card\" content=\"summary_large_image\" \/>\n<meta name=\"twitter:label1\" content=\"\u00c9crit par\" \/>\n\t<meta name=\"twitter:data1\" content=\"Jean Pierre BAWELA\" \/>\n\t<meta name=\"twitter:label2\" content=\"Dur\u00e9e de lecture estim\u00e9e\" \/>\n\t<meta name=\"twitter:data2\" content=\"2 minutes\" \/>\n<script type=\"application\/ld+json\" class=\"yoast-schema-graph\">{\"@context\":\"https:\\\/\\\/schema.org\",\"@graph\":[{\"@type\":\"Article\",\"@id\":\"https:\\\/\\\/macite.tg\\\/?p=14699#article\",\"isPartOf\":{\"@id\":\"https:\\\/\\\/macite.tg\\\/?p=14699\"},\"author\":{\"name\":\"Jean Pierre BAWELA\",\"@id\":\"https:\\\/\\\/macite.tg\\\/#\\\/schema\\\/person\\\/e9f2de7e5dbbe7770a9402c7ce82f5c2\"},\"headline\":\"Togo, point n\u00e9vralgique du d\u00e9veloppement socio-\u00e9conomique des pays de la sous-r\u00e9gion\",\"datePublished\":\"2024-05-24T18:01:59+00:00\",\"dateModified\":\"2024-05-24T18:02:03+00:00\",\"mainEntityOfPage\":{\"@id\":\"https:\\\/\\\/macite.tg\\\/?p=14699\"},\"wordCount\":466,\"commentCount\":0,\"image\":{\"@id\":\"https:\\\/\\\/macite.tg\\\/?p=14699#primaryimage\"},\"thumbnailUrl\":\"https:\\\/\\\/macite.tg\\\/wp-content\\\/uploads\\\/2024\\\/05\\\/image-38.png\",\"articleSection\":[\"ACTUALITE\",\"DEVELOPPEMENT\"],\"inLanguage\":\"fr-FR\",\"potentialAction\":[{\"@type\":\"CommentAction\",\"name\":\"Comment\",\"target\":[\"https:\\\/\\\/macite.tg\\\/?p=14699#respond\"]}]},{\"@type\":\"WebPage\",\"@id\":\"https:\\\/\\\/macite.tg\\\/?p=14699\",\"url\":\"https:\\\/\\\/macite.tg\\\/?p=14699\",\"name\":\"Togo, point n\u00e9vralgique du d\u00e9veloppement socio-\u00e9conomique des pays de la sous-r\u00e9gion -\",\"isPartOf\":{\"@id\":\"https:\\\/\\\/macite.tg\\\/#website\"},\"primaryImageOfPage\":{\"@id\":\"https:\\\/\\\/macite.tg\\\/?p=14699#primaryimage\"},\"image\":{\"@id\":\"https:\\\/\\\/macite.tg\\\/?p=14699#primaryimage\"},\"thumbnailUrl\":\"https:\\\/\\\/macite.tg\\\/wp-content\\\/uploads\\\/2024\\\/05\\\/image-38.png\",\"datePublished\":\"2024-05-24T18:01:59+00:00\",\"dateModified\":\"2024-05-24T18:02:03+00:00\",\"author\":{\"@id\":\"https:\\\/\\\/macite.tg\\\/#\\\/schema\\\/person\\\/e9f2de7e5dbbe7770a9402c7ce82f5c2\"},\"breadcrumb\":{\"@id\":\"https:\\\/\\\/macite.tg\\\/?p=14699#breadcrumb\"},\"inLanguage\":\"fr-FR\",\"potentialAction\":[{\"@type\":\"ReadAction\",\"target\":[\"https:\\\/\\\/macite.tg\\\/?p=14699\"]}]},{\"@type\":\"ImageObject\",\"inLanguage\":\"fr-FR\",\"@id\":\"https:\\\/\\\/macite.tg\\\/?p=14699#primaryimage\",\"url\":\"https:\\\/\\\/macite.tg\\\/wp-content\\\/uploads\\\/2024\\\/05\\\/image-38.png\",\"contentUrl\":\"https:\\\/\\\/macite.tg\\\/wp-content\\\/uploads\\\/2024\\\/05\\\/image-38.png\",\"width\":403,\"height\":274,\"caption\":\"Le Pr\u00e9sident Faure Essozimna Gnassingb\u00e9, une vision noble pour l'Afrique...\"},{\"@type\":\"BreadcrumbList\",\"@id\":\"https:\\\/\\\/macite.tg\\\/?p=14699#breadcrumb\",\"itemListElement\":[{\"@type\":\"ListItem\",\"position\":1,\"name\":\"Accueil\",\"item\":\"https:\\\/\\\/macite.tg\\\/\"},{\"@type\":\"ListItem\",\"position\":2,\"name\":\"Togo, point n\u00e9vralgique du d\u00e9veloppement socio-\u00e9conomique des pays de la sous-r\u00e9gion\"}]},{\"@type\":\"WebSite\",\"@id\":\"https:\\\/\\\/macite.tg\\\/#website\",\"url\":\"https:\\\/\\\/macite.tg\\\/\",\"name\":\"\",\"description\":\"L&#039;information, la bonne!!!\",\"potentialAction\":[{\"@type\":\"SearchAction\",\"target\":{\"@type\":\"EntryPoint\",\"urlTemplate\":\"https:\\\/\\\/macite.tg\\\/?s={search_term_string}\"},\"query-input\":{\"@type\":\"PropertyValueSpecification\",\"valueRequired\":true,\"valueName\":\"search_term_string\"}}],\"inLanguage\":\"fr-FR\"},{\"@type\":\"Person\",\"@id\":\"https:\\\/\\\/macite.tg\\\/#\\\/schema\\\/person\\\/e9f2de7e5dbbe7770a9402c7ce82f5c2\",\"name\":\"Jean Pierre BAWELA\",\"image\":{\"@type\":\"ImageObject\",\"inLanguage\":\"fr-FR\",\"@id\":\"https:\\\/\\\/macite.tg\\\/wp-content\\\/uploads\\\/2023\\\/09\\\/WhatsApp-Image-2023-09-19-at-14.44.41-122x122.jpeg\",\"url\":\"https:\\\/\\\/macite.tg\\\/wp-content\\\/uploads\\\/2023\\\/09\\\/WhatsApp-Image-2023-09-19-at-14.44.41-122x122.jpeg\",\"contentUrl\":\"https:\\\/\\\/macite.tg\\\/wp-content\\\/uploads\\\/2023\\\/09\\\/WhatsApp-Image-2023-09-19-at-14.44.41-122x122.jpeg\",\"caption\":\"Jean Pierre BAWELA\"},\"url\":\"https:\\\/\\\/macite.tg\\\/?author=2\"}]}<\/script>\n<!-- \/ Yoast SEO plugin. -->","yoast_head_json":{"title":"Togo, point n\u00e9vralgique du d\u00e9veloppement socio-\u00e9conomique des pays de la sous-r\u00e9gion -","robots":{"index":"index","follow":"follow","max-snippet":"max-snippet:-1","max-image-preview":"max-image-preview:large","max-video-preview":"max-video-preview:-1"},"canonical":"https:\/\/macite.tg\/?p=14699","og_locale":"fr_FR","og_type":"article","og_title":"Togo, point n\u00e9vralgique du d\u00e9veloppement socio-\u00e9conomique des pays de la sous-r\u00e9gion -","og_description":"Le pays de 8 millions d&rsquo;habitants joue un r\u00f4le important en tant que relais dans la sous-r\u00e9gion ouest-africaine, contribuant \u00e0 la connectivit\u00e9, au commerce, \u00e0 la diplomatie et \u00e0 la coop\u00e9ration r\u00e9gionale. Le d\u00e9veloppement socio\u00e9conomique passe aussi par l\u00e0. En raison de sa bonne position [&hellip;]","og_url":"https:\/\/macite.tg\/?p=14699","article_published_time":"2024-05-24T18:01:59+00:00","article_modified_time":"2024-05-24T18:02:03+00:00","og_image":[{"width":403,"height":274,"url":"https:\/\/macite.tg\/wp-content\/uploads\/2024\/05\/image-38.png","type":"image\/png"}],"author":"Jean Pierre BAWELA","twitter_card":"summary_large_image","twitter_misc":{"\u00c9crit par":"Jean Pierre BAWELA","Dur\u00e9e de lecture estim\u00e9e":"2 minutes"},"schema":{"@context":"https:\/\/schema.org","@graph":[{"@type":"Article","@id":"https:\/\/macite.tg\/?p=14699#article","isPartOf":{"@id":"https:\/\/macite.tg\/?p=14699"},"author":{"name":"Jean Pierre BAWELA","@id":"https:\/\/macite.tg\/#\/schema\/person\/e9f2de7e5dbbe7770a9402c7ce82f5c2"},"headline":"Togo, point n\u00e9vralgique du d\u00e9veloppement socio-\u00e9conomique des pays de la sous-r\u00e9gion","datePublished":"2024-05-24T18:01:59+00:00","dateModified":"2024-05-24T18:02:03+00:00","mainEntityOfPage":{"@id":"https:\/\/macite.tg\/?p=14699"},"wordCount":466,"commentCount":0,"image":{"@id":"https:\/\/macite.tg\/?p=14699#primaryimage"},"thumbnailUrl":"https:\/\/macite.tg\/wp-content\/uploads\/2024\/05\/image-38.png","articleSection":["ACTUALITE","DEVELOPPEMENT"],"inLanguage":"fr-FR","potentialAction":[{"@type":"CommentAction","name":"Comment","target":["https:\/\/macite.tg\/?p=14699#respond"]}]},{"@type":"WebPage","@id":"https:\/\/macite.tg\/?p=14699","url":"https:\/\/macite.tg\/?p=14699","name":"Togo, point n\u00e9vralgique du d\u00e9veloppement socio-\u00e9conomique des pays de la sous-r\u00e9gion -","isPartOf":{"@id":"https:\/\/macite.tg\/#website"},"primaryImageOfPage":{"@id":"https:\/\/macite.tg\/?p=14699#primaryimage"},"image":{"@id":"https:\/\/macite.tg\/?p=14699#primaryimage"},"thumbnailUrl":"https:\/\/macite.tg\/wp-content\/uploads\/2024\/05\/image-38.png","datePublished":"2024-05-24T18:01:59+00:00","dateModified":"2024-05-24T18:02:03+00:00","author":{"@id":"https:\/\/macite.tg\/#\/schema\/person\/e9f2de7e5dbbe7770a9402c7ce82f5c2"},"breadcrumb":{"@id":"https:\/\/macite.tg\/?p=14699#breadcrumb"},"inLanguage":"fr-FR","potentialAction":[{"@type":"ReadAction","target":["https:\/\/macite.tg\/?p=14699"]}]},{"@type":"ImageObject","inLanguage":"fr-FR","@id":"https:\/\/macite.tg\/?p=14699#primaryimage","url":"https:\/\/macite.tg\/wp-content\/uploads\/2024\/05\/image-38.png","contentUrl":"https:\/\/macite.tg\/wp-content\/uploads\/2024\/05\/image-38.png","width":403,"height":274,"caption":"Le Pr\u00e9sident Faure Essozimna Gnassingb\u00e9, une vision noble pour l'Afrique..."},{"@type":"BreadcrumbList","@id":"https:\/\/macite.tg\/?p=14699#breadcrumb","itemListElement":[{"@type":"ListItem","position":1,"name":"Accueil","item":"https:\/\/macite.tg\/"},{"@type":"ListItem","position":2,"name":"Togo, point n\u00e9vralgique du d\u00e9veloppement socio-\u00e9conomique des pays de la sous-r\u00e9gion"}]},{"@type":"WebSite","@id":"https:\/\/macite.tg\/#website","url":"https:\/\/macite.tg\/","name":"","description":"L&#039;information, la bonne!!!","potentialAction":[{"@type":"SearchAction","target":{"@type":"EntryPoint","urlTemplate":"https:\/\/macite.tg\/?s={search_term_string}"},"query-input":{"@type":"PropertyValueSpecification","valueRequired":true,"valueName":"search_term_string"}}],"inLanguage":"fr-FR"},{"@type":"Person","@id":"https:\/\/macite.tg\/#\/schema\/person\/e9f2de7e5dbbe7770a9402c7ce82f5c2","name":"Jean Pierre BAWELA","image":{"@type":"ImageObject","inLanguage":"fr-FR","@id":"https:\/\/macite.tg\/wp-content\/uploads\/2023\/09\/WhatsApp-Image-2023-09-19-at-14.44.41-122x122.jpeg","url":"https:\/\/macite.tg\/wp-content\/uploads\/2023\/09\/WhatsApp-Image-2023-09-19-at-14.44.41-122x122.jpeg","contentUrl":"https:\/\/macite.tg\/wp-content\/uploads\/2023\/09\/WhatsApp-Image-2023-09-19-at-14.44.41-122x122.jpeg","caption":"Jean Pierre BAWELA"},"url":"https:\/\/macite.tg\/?author=2"}]}},"_links":{"self":[{"href":"https:\/\/macite.tg\/index.php?rest_route=\/wp\/v2\/posts\/14699","targetHints":{"allow":["GET"]}}],"collection":[{"href":"https:\/\/macite.tg\/index.php?rest_route=\/wp\/v2\/posts"}],"about":[{"href":"https:\/\/macite.tg\/index.php?rest_route=\/wp\/v2\/types\/post"}],"author":[{"embeddable":true,"href":"https:\/\/macite.tg\/index.php?rest_route=\/wp\/v2\/users\/2"}],"replies":[{"embeddable":true,"href":"https:\/\/macite.tg\/index.php?rest_route=%2Fwp%2Fv2%2Fcomments&post=14699"}],"version-history":[{"count":0,"href":"https:\/\/macite.tg\/index.php?rest_route=\/wp\/v2\/posts\/14699\/revisions"}],"wp:featuredmedia":[{"embeddable":true,"href":"https:\/\/macite.tg\/index.php?rest_route=\/wp\/v2\/media\/14700"}],"wp:attachment":[{"href":"https:\/\/macite.tg\/index.php?rest_route=%2Fwp%2Fv2%2Fmedia&parent=14699"}],"wp:term":[{"taxonomy":"category","embeddable":true,"href":"https:\/\/macite.tg\/index.php?rest_route=%2Fwp%2Fv2%2Fcategories&post=14699"},{"taxonomy":"post_tag","embeddable":true,"href":"https:\/\/macite.tg\/index.php?rest_route=%2Fwp%2Fv2%2Ftags&post=14699"}],"curies":[{"name":"wp","href":"https:\/\/api.w.org\/{rel}","templated":true}]}}