{"id":14671,"date":"2024-05-23T19:26:46","date_gmt":"2024-05-23T19:26:46","guid":{"rendered":"https:\/\/macite.tg\/?p=14671"},"modified":"2024-05-23T19:26:49","modified_gmt":"2024-05-23T19:26:49","slug":"paix-dans-les-zones-de-conflits-le-mouvement-sahraoui-pour-la-paix-msp-en-action-en-amerique-du-sud","status":"publish","type":"post","link":"https:\/\/macite.tg\/?p=14671","title":{"rendered":"PAIX DANS LES ZONES DE CONFLITS\u00a0: Le Mouvement Sahraoui pour la Paix (Msp) en action en Am\u00e9rique du Sud"},"content":{"rendered":"\n<p class=\"wp-block-paragraph\"><strong><em>La Conf\u00e9rence \u00ab Promouvoir les projets de paix dans les zones de conflit \u00bb, tenue le mercredi 14 mai dernier au si\u00e8ge de la gendarmerie nationale, a connue connu un invit\u00e9 de taille. Il s\u2019agit le premier Secr\u00e9taire du Mouvement Sahraoui pour la Paix (Msp), Hach Ahmed Bericalla, qui avait \u00e0 ses c\u00f4t\u00e9s la pr\u00e9sidente du Comit\u00e9 international pour le dialogue et la paix, Dr Graciela L. Cosentino, et du Secr\u00e9taire coordinateur de l\u2019Ong qui parraine le Mouvement sahraoui pour la paix, Dr Adalberto C. Agozino.<\/em><\/strong><\/p>\n\n\n\n<p class=\"wp-block-paragraph\">Organis\u00e9e par le Comit\u00e9 international pour le dialogue et la paix, cette Conf\u00e9rence qui a r\u00e9uni une cinquantaine de personnes, des repr\u00e9sentants de la presse locale, \u00e9tait une occasion pour le leader sahraoui, Hach Ahmed Bericalla, de livrer une pr\u00e9sentation intitul\u00e9e&nbsp;: <em>\u00ab Le mouvement sahraoui pour la paix : une clameur populaire et une demande conjoncturelle \u00bb,<\/em> articul\u00e9e sur plusieurs aspects de la question de la paix, notamment au Sahara.<\/p>\n\n\n<div class=\"wp-block-image\">\n<figure class=\"aligncenter size-full is-resized\"><img loading=\"lazy\" decoding=\"async\" src=\"https:\/\/macite.tg\/wp-content\/uploads\/2024\/05\/e73524b8-b5cb-4401-a4ac-095e75e4cf72.jpg\" alt=\"\" class=\"wp-image-14424\" width=\"487\" height=\"675\" srcset=\"https:\/\/macite.tg\/wp-content\/uploads\/2024\/05\/e73524b8-b5cb-4401-a4ac-095e75e4cf72.jpg 719w, https:\/\/macite.tg\/wp-content\/uploads\/2024\/05\/e73524b8-b5cb-4401-a4ac-095e75e4cf72-217x300.jpg 217w\" sizes=\"auto, (max-width: 487px) 100vw, 487px\" \/><\/figure>\n<\/div>\n\n\n<p class=\"wp-block-paragraph\">Ouvrant son propos, le leader sahraoui a soulign\u00e9 que tous les membres du Front Polisario, qui le sont depuis ces derni\u00e8res ann\u00e9es, partagent, en effet, \u00e0 l\u2019origine des <em>\u00ab&nbsp;<\/em><em>id\u00e9aux d\u2019\u00e9tablissement d\u2019une soci\u00e9t\u00e9 ind\u00e9pendante, d\u00e9mocratique et progressiste au Sahara, id\u00e9aux&nbsp;\u00bb<\/em> qui, note-t-il,&nbsp;malheureusement ont \u00e9t\u00e9&nbsp;<em>\u00ab&nbsp;perdus et d\u00e9form\u00e9s&nbsp;(\u2026) avec le temps et les changements internationaux&nbsp;\u00bb<\/em>.<\/p>\n\n\n\n<p class=\"wp-block-paragraph\">Faisant cas de sa rupture avec ses camarades du Front Polisario et son d\u00e9m\u00e9nagement \u00e0 Madrid, l\u2019\u00e9loignant ainsi du Royaume du Maroc qu\u2019il ne connait pas bien malgr\u00e9 qu\u2019il soit n\u00e9 \u00e0 Dakhla, une ville marocaine, le conf\u00e9rencier a profit\u00e9 de l\u2019occasion pour expliquer la gen\u00e8se du Mouvement sahraoui pour la paix.<\/p>\n\n\n\n<p class=\"wp-block-paragraph\">N\u00e9 il y a quatre ans, en pleine pand\u00e9mie li\u00e9e au covid19, dans l\u2019optique de <em>\u00ab&nbsp;sortir de la stagnation&nbsp;\u00bb,<\/em> ledit Mouvement <em>\u00ab&nbsp;s\u2019est assur\u00e9 le soutien de notables tribaux, dont certains \u00e9taient pr\u00e9sents \u00e0 la Conf\u00e9rence de Dakar en octobre 2023&nbsp;<\/em>\u00bb.<\/p>\n\n\n\n<p class=\"wp-block-paragraph\">Parlant du conflit du Sahara, le leader sahraoui estime qu\u2019il s\u2019agit d\u2019un <em>\u00ab&nbsp;diff\u00e9rend<\/em><em> entre les deux grands Nord-Africains&nbsp;\u00bb,<\/em> et que le Msp \u00e9tait une <em>\u00ab&nbsp;troisi\u00e8me voie qui construit une nouvelle alternative qui surmonte ce conflit \u00bb.<\/em> Il dit s\u2019opposer cat\u00e9goriquement \u00e0 l\u2019id\u00e9e d\u2019une guerre comme alternative, comme le souligne le Front Polisario car, note-t-il, <em>\u00ab&nbsp;il est impossible de vaincre le Maroc sur le champ de bataille et cela&nbsp;n\u2019a aucun sens d\u2019atteindre \u2018\u2019une r\u00e9sistance numantine\u2019\u2019&nbsp;en sacrifiant les Sahraouis pour t\u00e9moigner, pour rester un exemple de martyrs&nbsp;\u00bb.<\/em><\/p>\n\n\n\n<p class=\"wp-block-paragraph\">Tout en marquant sa ferme opposition \u00e0 toute forme de violence du fait de la force de puissance de feu du Maroc qui dispose de drones, ce que refusent de comprendre les dirigeants du Polisario, M. Bericalla fait remarquer la diff\u00e9rence d\u00e9mographique entre le Maroc qui compte 37 millions d\u2019habitants contre 200.000 que compte la population sahraouie. Ce qui l\u2019am\u00e8ne \u00e0 privil\u00e9gier une <em>\u00ab&nbsp;solution juste, qui prenne en compte les int\u00e9r\u00eats du Maroc et les droits des Sahraouis&nbsp;\u00bb<\/em>.<\/p>\n\n\n<div class=\"wp-block-image\">\n<figure class=\"aligncenter size-full is-resized\"><img loading=\"lazy\" decoding=\"async\" src=\"https:\/\/macite.tg\/wp-content\/uploads\/2024\/05\/IMG-20240313-WA0013.jpg\" alt=\"\" class=\"wp-image-14426\" width=\"840\" height=\"207\" srcset=\"https:\/\/macite.tg\/wp-content\/uploads\/2024\/05\/IMG-20240313-WA0013.jpg 690w, https:\/\/macite.tg\/wp-content\/uploads\/2024\/05\/IMG-20240313-WA0013-300x74.jpg 300w\" sizes=\"auto, (max-width: 840px) 100vw, 840px\" \/><\/figure>\n<\/div>\n\n\n<p class=\"wp-block-paragraph\">Le leader sahraoui va plus loin pour d\u00e9noncer l\u2019id\u00e9e d\u2019un <em>\u00ab&nbsp;<\/em><em>r\u00e9gime politique \u00e0 parti unique&nbsp;\u00bb,<\/em> qui rel\u00e8ve d\u2019un anachronisme car, chose qui n\u2019est plus d\u2019actualit\u00e9 dans la majorit\u00e9 des pays du monde, \u00e0 l\u2019exception de la Cor\u00e9e du Nord, notamment, soulignant du coup qu\u2019il faille donner une alternative aux populations des camps qui vivent dans le besoin dans l\u2019un des pires d\u00e9serts du monde.<\/p>\n\n\n\n<p class=\"wp-block-paragraph\">R\u00e9affirmant que le&nbsp;<em>\u00ab&nbsp;Msp accepte la proposition d\u2019autonomie du Maroc comme une solution possible et a appel\u00e9 \u00e0 une feuille de route qui permettrait dans environ trois ans de former un gouvernement sahraoui autonome avec ses trois pouvoirs : ex\u00e9cutif, l\u00e9gislatif et judiciaire sous la souverainet\u00e9 du roi du Maroc&nbsp;\u00bb, <\/em>M. Bericalla plaide pour une <em>\u00ab&nbsp;n\u00e9gociation dans le cadre des Nations unies ou une n\u00e9gociation directe&nbsp;\u00bb,<\/em> chose que pourra initier le Repr\u00e9sentant sp\u00e9cial du Secr\u00e9taire g\u00e9n\u00e9ral pour le Sahara, M. Staffan de Mistura. Ceci depuis l\u2019interruption du dialogue entre les parties en 2019. <em>\u00ab&nbsp;Chaque jour de plus en plus la population sahraouie soutient le MSP comme une alternative valable et pour surmonter le conflit du Sahara&nbsp;\u00bb,<\/em> a-t-il conclu.<\/p>\n\n\n\n<p class=\"wp-block-paragraph\">La pr\u00e9sidente du Comit\u00e9 international pour le dialogue et la paix, Dr Graciela L. Cosentino, a, pour sa part, pr\u00e9sent\u00e9 l\u2019\u00e9v\u00e9nement, soulignant ainsi que <em>\u00ab&nbsp;le<\/em> <em>dialogue implique bien plus qu\u2019un simple \u00e9change d\u2019id\u00e9es, c\u2019est un outil pour promouvoir la paix et construire des r\u00e9alit\u00e9s. C\u2019est un moyen de mobiliser les efforts de la communaut\u00e9 internationale pour promouvoir la paix et la confiance entre les nations sur la base d\u2019un dialogue, de n\u00e9gociations et d\u2019une coop\u00e9ration inclusifs afin de parvenir \u00e0 une paix et une harmonie durables face \u00e0 un monde marqu\u00e9 par la violence qui cause des souffrances \u00e0 des millions de personnes \u00bb.<\/em><\/p>\n\n\n\n<p class=\"wp-block-paragraph\">Dr Cosentino note que le message promu par M. Hach Ahmed Baricalla, est de \u00ab&nbsp;<em>contribuer \u00e0 la r\u00e9solution d\u2019un conflit qui s\u2019enlise depuis plus de cinquante ans, affectant des milliers de personnes contraintes de vivre dans des conditions difficiles dans les camps du sud de l\u2019Alg\u00e9rie&nbsp;\u00bb.<\/em><\/p>\n\n\n\n<p class=\"wp-block-paragraph\">La pr\u00e9sidente du Comit\u00e9 se d\u00e9sole qu\u2019apr\u00e8s <em>\u00ab&nbsp;<\/em><em>un demi-si\u00e8cle, le Front Polisario, qui administre ces camps et a pr\u00e9tendu repr\u00e9senter les int\u00e9r\u00eats de la population sahraouie contrainte de vivre dans ces camps, profite de cette population pour maintenir ses privil\u00e8ges tout en s\u2019opposant syst\u00e9matiquement \u00e0 toute proposition de solution au conflit&nbsp;\u00bb.<\/em><\/p>\n\n\n\n<p class=\"wp-block-paragraph\">Se r\u00e9f\u00e9rant aux&nbsp;<em>\u00ab Changements en Afrique du Nord \u00bb, <\/em>Dr Adalberto C. Agozino, note pour sa part que le Maghreb, qui compte cinq Etats (la Libye, l\u2019Alg\u00e9rie, la Tunisie, le Maroc et la Mauritanie), repr\u00e9sente que 42% de la surface et 30% de la population du monde arabe, et est moins dens\u00e9ment peupl\u00e9e d\u2019Afrique (11,1 habitants au kilom\u00e8tre carr\u00e9, dont 47,58 % sont urbains).<\/p>\n\n\n<div class=\"wp-block-image\">\n<figure class=\"aligncenter size-full is-resized\"><img loading=\"lazy\" decoding=\"async\" src=\"https:\/\/macite.tg\/wp-content\/uploads\/2024\/05\/ANNONCES-1-768x319-2.jpg\" alt=\"\" class=\"wp-image-14675\" width=\"835\" height=\"347\" srcset=\"https:\/\/macite.tg\/wp-content\/uploads\/2024\/05\/ANNONCES-1-768x319-2.jpg 768w, https:\/\/macite.tg\/wp-content\/uploads\/2024\/05\/ANNONCES-1-768x319-2-300x125.jpg 300w\" sizes=\"auto, (max-width: 835px) 100vw, 835px\" \/><\/figure>\n<\/div>\n\n\n<p class=\"wp-block-paragraph\">Il fait noter que ces cinq Etats n\u2019ayant pas r\u00e9ussi \u00e0 s\u2019int\u00e9grer politiquement et \u00e9conomiquement par le truchement de l\u2019Union du Maghreb arabe (Uma), ceci <em>\u00ab&nbsp;sans progr\u00e8s tangible dans leurs objectifs d\u2019int\u00e9gration en raison des rivalit\u00e9s g\u00e9opolitiques entre les deux pays les plus grands et les plus d\u00e9velopp\u00e9s de la r\u00e9gion : le Maroc et l\u2019Alg\u00e9rie&nbsp;\u00bb.<\/em><\/p>\n\n\n\n<p class=\"wp-block-paragraph\">Ainsi, Dr Agozino se r\u00e9sout \u00e0 dire que&nbsp;le Sahara est le champ de bataille o\u00f9 les int\u00e9r\u00eats de ces deux g\u00e9ants du Maghreb s\u2019affrontent. Relevant les agissements de l\u2019Alg\u00e9rie, notamment la fermeture de sa fronti\u00e8re terrestre de 1.900 km avec le Maroc en 2022 et de son espace a\u00e9rien aux avions marocains et m\u00eame aux avions tiers ayant eu des escales pr\u00e9vues dans le pays voisin, le rappel de son ambassadeur \u00e0 Rabat, \u2026 Ceci a d\u00e9clench\u00e9, souligne-t-il, une course aux armements en Afrique du Nord. En 2023, alors que l\u2019Alg\u00e9rie a augment\u00e9 son budget allou\u00e9 aux forces arm\u00e9es de 76% par rapport \u00e0 2022 (18,3 milliards de dollars), le Maroc l\u2019a, contrairement, r\u00e9duit de 2,5% sur la m\u00eame p\u00e9riode passant \u00e0 5,2 milliards de dollars.<\/p>\n\n\n\n<p class=\"wp-block-paragraph\">Sur l\u2019ensemble du Maghreb, les d\u00e9penses militaires en 2023 \u00e9taient de 28 milliards de dollars, soit 38 % de plus qu\u2019en 2022. Et le deux g\u00e9ants (Alg\u00e9rie et Maroc) repr\u00e9sentent 82% des d\u00e9penses militaires du Maghreb et 45 % des d\u00e9penses totales de l\u2019Afrique de 51,6 milliards de dollars.<\/p>\n\n\n\n<p class=\"wp-block-paragraph\">Dans ce contexte d\u2019armement d\u00e9mesur\u00e9, l\u2019on note que les d\u2019achats d\u2019armes de l\u2019Alg\u00e9rie se font presque exclusivement en Russie, faisant ainsi dire qu\u2019Alger aiderait le Kremlin \u00e0 financer son aventure guerri\u00e8re en Ukraine.<\/p>\n\n\n<div class=\"wp-block-image\">\n<figure class=\"aligncenter size-large is-resized\"><img loading=\"lazy\" decoding=\"async\" src=\"https:\/\/macite.tg\/wp-content\/uploads\/2024\/05\/IMG-20240313-WA0011-775x1024.jpg\" alt=\"\" class=\"wp-image-14562\" width=\"431\" height=\"569\" srcset=\"https:\/\/macite.tg\/wp-content\/uploads\/2024\/05\/IMG-20240313-WA0011-775x1024.jpg 775w, https:\/\/macite.tg\/wp-content\/uploads\/2024\/05\/IMG-20240313-WA0011-227x300.jpg 227w, https:\/\/macite.tg\/wp-content\/uploads\/2024\/05\/IMG-20240313-WA0011-768x1015.jpg 768w, https:\/\/macite.tg\/wp-content\/uploads\/2024\/05\/IMG-20240313-WA0011.jpg 1134w\" sizes=\"auto, (max-width: 431px) 100vw, 431px\" \/><\/figure>\n<\/div>\n\n\n<p class=\"wp-block-paragraph\">Il devient alors plus que n\u00e9cessaire de mettre fin \u00e0 cette course effr\u00e9n\u00e9e \u00e0 l\u2019armement, et renforcer le dialogue et rechercher des alternatives pour mettre fin au climat de confrontation en Afrique du Nord. D\u2019un autre point de vue, la naissance du Mouvement sahraoui pour la paix (Msp) repr\u00e9sentant une frange de la population sahraouie ne s\u2019identifiant pas au projet politique du Polisario, marque une belle opposition au Front Polisario. Ce Msp dont le leitmotiv est le dialogue et la n\u00e9gociation en vue d\u2019une solution au diff\u00e9rend politique, est un acte salu\u00e9 par les politiciens de premiers plans. <em>\u00ab&nbsp;Leur pr\u00e9sence parmi nous fait partie de la vocation et des efforts du Msp pour se consolider en tant que \u00ab&nbsp;troisi\u00e8me voie&nbsp;\u00bb dans la recherche d\u2019une solution pacifique au probl\u00e8me du Sahara occidental et pour mettre fin \u00e0 la trag\u00e9die que les Sahraouis subissent depuis un demi-si\u00e8cle&nbsp;\u00bb,<\/em> a soulign\u00e9 Dr Agozino<\/p>\n\n\n\n<p class=\"wp-block-paragraph\"><strong>MC<\/strong><\/p>\n\n\n\n<p class=\"wp-block-paragraph\"><a><strong><em>@macite.tg&nbsp;&nbsp;&nbsp;&nbsp;&nbsp;&nbsp;&nbsp;&nbsp;<\/em><\/strong><\/a><\/p>\n\n\n\n<p class=\"wp-block-paragraph\"><strong><em>E-mail&nbsp;: <\/em><\/strong><a href=\"mailto:maciteinfo@gmail.com\"><em>maciteinfo@gmail.com<\/em><\/a><strong><em>; <\/em><\/strong><a href=\"mailto:bawela1@gmail.com\"><em>bawela1@gmail.com<\/em><\/a><em> <strong><\/strong><\/em><\/p>\n\n\n\n<p class=\"wp-block-paragraph\"><strong><em>Pour vos annonces, (publi)reportages, etc., joignez-nous au (00228)91515309\/<strong>79872224 <\/strong>www.macite.tg, L\u2019information, la bonne&nbsp;!<\/em><\/strong><\/p>\n","protected":false},"excerpt":{"rendered":"<p class=\"text-justify mb-2\" >La Conf\u00e9rence \u00ab Promouvoir les projets de paix dans les zones de conflit \u00bb, tenue le mercredi 14 mai dernier au si\u00e8ge de la gendarmerie nationale, a connue connu un invit\u00e9 de taille. Il s\u2019agit le premier Secr\u00e9taire du Mouvement Sahraoui pour la Paix (Msp), [&hellip;]<\/p>\n","protected":false},"author":2,"featured_media":14674,"comment_status":"open","ping_status":"open","sticky":false,"template":"","format":"standard","meta":{"footnotes":""},"categories":[20,8],"tags":[],"class_list":["post-14671","post","type-post","status-publish","format-standard","has-post-thumbnail","hentry","category-actualite","category-diplomatie"],"yoast_head":"<!-- This site is optimized with the Yoast SEO plugin v28.4 - https:\/\/yoast.com\/product\/yoast-seo-wordpress\/ -->\n<title>PAIX DANS LES ZONES DE CONFLITS\u00a0: Le Mouvement Sahraoui pour la Paix (Msp) en action en Am\u00e9rique du Sud -<\/title>\n<meta name=\"robots\" content=\"index, follow, max-snippet:-1, max-image-preview:large, max-video-preview:-1\" \/>\n<link rel=\"canonical\" href=\"https:\/\/macite.tg\/?p=14671\" \/>\n<meta property=\"og:locale\" content=\"fr_FR\" \/>\n<meta property=\"og:type\" content=\"article\" \/>\n<meta property=\"og:title\" content=\"PAIX DANS LES ZONES DE CONFLITS\u00a0: Le Mouvement Sahraoui pour la Paix (Msp) en action en Am\u00e9rique du Sud -\" \/>\n<meta property=\"og:description\" content=\"La Conf\u00e9rence \u00ab Promouvoir les projets de paix dans les zones de conflit \u00bb, tenue le mercredi 14 mai dernier au si\u00e8ge de la gendarmerie nationale, a connue connu un invit\u00e9 de taille. Il s\u2019agit le premier Secr\u00e9taire du Mouvement Sahraoui pour la Paix (Msp), [&hellip;]\" \/>\n<meta property=\"og:url\" content=\"https:\/\/macite.tg\/?p=14671\" \/>\n<meta property=\"article:published_time\" content=\"2024-05-23T19:26:46+00:00\" \/>\n<meta property=\"article:modified_time\" content=\"2024-05-23T19:26:49+00:00\" \/>\n<meta property=\"og:image\" content=\"https:\/\/macite.tg\/wp-content\/uploads\/2024\/05\/MAAA.jpg\" \/>\n\t<meta property=\"og:image:width\" content=\"500\" \/>\n\t<meta property=\"og:image:height\" content=\"400\" \/>\n\t<meta property=\"og:image:type\" content=\"image\/jpeg\" \/>\n<meta name=\"author\" content=\"Jean Pierre BAWELA\" \/>\n<meta name=\"twitter:card\" content=\"summary_large_image\" \/>\n<meta name=\"twitter:label1\" content=\"\u00c9crit par\" \/>\n\t<meta name=\"twitter:data1\" content=\"Jean Pierre BAWELA\" \/>\n\t<meta name=\"twitter:label2\" content=\"Dur\u00e9e de lecture estim\u00e9e\" \/>\n\t<meta name=\"twitter:data2\" content=\"8 minutes\" \/>\n<script type=\"application\/ld+json\" class=\"yoast-schema-graph\">{\"@context\":\"https:\\\/\\\/schema.org\",\"@graph\":[{\"@type\":\"Article\",\"@id\":\"https:\\\/\\\/macite.tg\\\/?p=14671#article\",\"isPartOf\":{\"@id\":\"https:\\\/\\\/macite.tg\\\/?p=14671\"},\"author\":{\"name\":\"Jean Pierre BAWELA\",\"@id\":\"https:\\\/\\\/macite.tg\\\/#\\\/schema\\\/person\\\/e9f2de7e5dbbe7770a9402c7ce82f5c2\"},\"headline\":\"PAIX DANS LES ZONES DE CONFLITS\u00a0: Le Mouvement Sahraoui pour la Paix (Msp) en action en Am\u00e9rique du Sud\",\"datePublished\":\"2024-05-23T19:26:46+00:00\",\"dateModified\":\"2024-05-23T19:26:49+00:00\",\"mainEntityOfPage\":{\"@id\":\"https:\\\/\\\/macite.tg\\\/?p=14671\"},\"wordCount\":1562,\"commentCount\":0,\"image\":{\"@id\":\"https:\\\/\\\/macite.tg\\\/?p=14671#primaryimage\"},\"thumbnailUrl\":\"https:\\\/\\\/macite.tg\\\/wp-content\\\/uploads\\\/2024\\\/05\\\/MAAA.jpg\",\"articleSection\":[\"ACTUALITE\",\"DIPLOMATIE\"],\"inLanguage\":\"fr-FR\",\"potentialAction\":[{\"@type\":\"CommentAction\",\"name\":\"Comment\",\"target\":[\"https:\\\/\\\/macite.tg\\\/?p=14671#respond\"]}]},{\"@type\":\"WebPage\",\"@id\":\"https:\\\/\\\/macite.tg\\\/?p=14671\",\"url\":\"https:\\\/\\\/macite.tg\\\/?p=14671\",\"name\":\"PAIX DANS LES ZONES DE CONFLITS\u00a0: Le Mouvement Sahraoui pour la Paix (Msp) en action en Am\u00e9rique du Sud -\",\"isPartOf\":{\"@id\":\"https:\\\/\\\/macite.tg\\\/#website\"},\"primaryImageOfPage\":{\"@id\":\"https:\\\/\\\/macite.tg\\\/?p=14671#primaryimage\"},\"image\":{\"@id\":\"https:\\\/\\\/macite.tg\\\/?p=14671#primaryimage\"},\"thumbnailUrl\":\"https:\\\/\\\/macite.tg\\\/wp-content\\\/uploads\\\/2024\\\/05\\\/MAAA.jpg\",\"datePublished\":\"2024-05-23T19:26:46+00:00\",\"dateModified\":\"2024-05-23T19:26:49+00:00\",\"author\":{\"@id\":\"https:\\\/\\\/macite.tg\\\/#\\\/schema\\\/person\\\/e9f2de7e5dbbe7770a9402c7ce82f5c2\"},\"breadcrumb\":{\"@id\":\"https:\\\/\\\/macite.tg\\\/?p=14671#breadcrumb\"},\"inLanguage\":\"fr-FR\",\"potentialAction\":[{\"@type\":\"ReadAction\",\"target\":[\"https:\\\/\\\/macite.tg\\\/?p=14671\"]}]},{\"@type\":\"ImageObject\",\"inLanguage\":\"fr-FR\",\"@id\":\"https:\\\/\\\/macite.tg\\\/?p=14671#primaryimage\",\"url\":\"https:\\\/\\\/macite.tg\\\/wp-content\\\/uploads\\\/2024\\\/05\\\/MAAA.jpg\",\"contentUrl\":\"https:\\\/\\\/macite.tg\\\/wp-content\\\/uploads\\\/2024\\\/05\\\/MAAA.jpg\",\"width\":500,\"height\":400},{\"@type\":\"BreadcrumbList\",\"@id\":\"https:\\\/\\\/macite.tg\\\/?p=14671#breadcrumb\",\"itemListElement\":[{\"@type\":\"ListItem\",\"position\":1,\"name\":\"Accueil\",\"item\":\"https:\\\/\\\/macite.tg\\\/\"},{\"@type\":\"ListItem\",\"position\":2,\"name\":\"PAIX DANS LES ZONES DE CONFLITS\u00a0: Le Mouvement Sahraoui pour la Paix (Msp) en action en Am\u00e9rique du Sud\"}]},{\"@type\":\"WebSite\",\"@id\":\"https:\\\/\\\/macite.tg\\\/#website\",\"url\":\"https:\\\/\\\/macite.tg\\\/\",\"name\":\"\",\"description\":\"L&#039;information, la bonne!!!\",\"potentialAction\":[{\"@type\":\"SearchAction\",\"target\":{\"@type\":\"EntryPoint\",\"urlTemplate\":\"https:\\\/\\\/macite.tg\\\/?s={search_term_string}\"},\"query-input\":{\"@type\":\"PropertyValueSpecification\",\"valueRequired\":true,\"valueName\":\"search_term_string\"}}],\"inLanguage\":\"fr-FR\"},{\"@type\":\"Person\",\"@id\":\"https:\\\/\\\/macite.tg\\\/#\\\/schema\\\/person\\\/e9f2de7e5dbbe7770a9402c7ce82f5c2\",\"name\":\"Jean Pierre BAWELA\",\"image\":{\"@type\":\"ImageObject\",\"inLanguage\":\"fr-FR\",\"@id\":\"https:\\\/\\\/macite.tg\\\/wp-content\\\/uploads\\\/2023\\\/09\\\/WhatsApp-Image-2023-09-19-at-14.44.41-122x122.jpeg\",\"url\":\"https:\\\/\\\/macite.tg\\\/wp-content\\\/uploads\\\/2023\\\/09\\\/WhatsApp-Image-2023-09-19-at-14.44.41-122x122.jpeg\",\"contentUrl\":\"https:\\\/\\\/macite.tg\\\/wp-content\\\/uploads\\\/2023\\\/09\\\/WhatsApp-Image-2023-09-19-at-14.44.41-122x122.jpeg\",\"caption\":\"Jean Pierre BAWELA\"},\"url\":\"https:\\\/\\\/macite.tg\\\/?author=2\"}]}<\/script>\n<!-- \/ Yoast SEO plugin. -->","yoast_head_json":{"title":"PAIX DANS LES ZONES DE CONFLITS\u00a0: Le Mouvement Sahraoui pour la Paix (Msp) en action en Am\u00e9rique du Sud -","robots":{"index":"index","follow":"follow","max-snippet":"max-snippet:-1","max-image-preview":"max-image-preview:large","max-video-preview":"max-video-preview:-1"},"canonical":"https:\/\/macite.tg\/?p=14671","og_locale":"fr_FR","og_type":"article","og_title":"PAIX DANS LES ZONES DE CONFLITS\u00a0: Le Mouvement Sahraoui pour la Paix (Msp) en action en Am\u00e9rique du Sud -","og_description":"La Conf\u00e9rence \u00ab Promouvoir les projets de paix dans les zones de conflit \u00bb, tenue le mercredi 14 mai dernier au si\u00e8ge de la gendarmerie nationale, a connue connu un invit\u00e9 de taille. Il s\u2019agit le premier Secr\u00e9taire du Mouvement Sahraoui pour la Paix (Msp), [&hellip;]","og_url":"https:\/\/macite.tg\/?p=14671","article_published_time":"2024-05-23T19:26:46+00:00","article_modified_time":"2024-05-23T19:26:49+00:00","og_image":[{"width":500,"height":400,"url":"https:\/\/macite.tg\/wp-content\/uploads\/2024\/05\/MAAA.jpg","type":"image\/jpeg"}],"author":"Jean Pierre BAWELA","twitter_card":"summary_large_image","twitter_misc":{"\u00c9crit par":"Jean Pierre BAWELA","Dur\u00e9e de lecture estim\u00e9e":"8 minutes"},"schema":{"@context":"https:\/\/schema.org","@graph":[{"@type":"Article","@id":"https:\/\/macite.tg\/?p=14671#article","isPartOf":{"@id":"https:\/\/macite.tg\/?p=14671"},"author":{"name":"Jean Pierre BAWELA","@id":"https:\/\/macite.tg\/#\/schema\/person\/e9f2de7e5dbbe7770a9402c7ce82f5c2"},"headline":"PAIX DANS LES ZONES DE CONFLITS\u00a0: Le Mouvement Sahraoui pour la Paix (Msp) en action en Am\u00e9rique du Sud","datePublished":"2024-05-23T19:26:46+00:00","dateModified":"2024-05-23T19:26:49+00:00","mainEntityOfPage":{"@id":"https:\/\/macite.tg\/?p=14671"},"wordCount":1562,"commentCount":0,"image":{"@id":"https:\/\/macite.tg\/?p=14671#primaryimage"},"thumbnailUrl":"https:\/\/macite.tg\/wp-content\/uploads\/2024\/05\/MAAA.jpg","articleSection":["ACTUALITE","DIPLOMATIE"],"inLanguage":"fr-FR","potentialAction":[{"@type":"CommentAction","name":"Comment","target":["https:\/\/macite.tg\/?p=14671#respond"]}]},{"@type":"WebPage","@id":"https:\/\/macite.tg\/?p=14671","url":"https:\/\/macite.tg\/?p=14671","name":"PAIX DANS LES ZONES DE CONFLITS\u00a0: Le Mouvement Sahraoui pour la Paix (Msp) en action en Am\u00e9rique du Sud -","isPartOf":{"@id":"https:\/\/macite.tg\/#website"},"primaryImageOfPage":{"@id":"https:\/\/macite.tg\/?p=14671#primaryimage"},"image":{"@id":"https:\/\/macite.tg\/?p=14671#primaryimage"},"thumbnailUrl":"https:\/\/macite.tg\/wp-content\/uploads\/2024\/05\/MAAA.jpg","datePublished":"2024-05-23T19:26:46+00:00","dateModified":"2024-05-23T19:26:49+00:00","author":{"@id":"https:\/\/macite.tg\/#\/schema\/person\/e9f2de7e5dbbe7770a9402c7ce82f5c2"},"breadcrumb":{"@id":"https:\/\/macite.tg\/?p=14671#breadcrumb"},"inLanguage":"fr-FR","potentialAction":[{"@type":"ReadAction","target":["https:\/\/macite.tg\/?p=14671"]}]},{"@type":"ImageObject","inLanguage":"fr-FR","@id":"https:\/\/macite.tg\/?p=14671#primaryimage","url":"https:\/\/macite.tg\/wp-content\/uploads\/2024\/05\/MAAA.jpg","contentUrl":"https:\/\/macite.tg\/wp-content\/uploads\/2024\/05\/MAAA.jpg","width":500,"height":400},{"@type":"BreadcrumbList","@id":"https:\/\/macite.tg\/?p=14671#breadcrumb","itemListElement":[{"@type":"ListItem","position":1,"name":"Accueil","item":"https:\/\/macite.tg\/"},{"@type":"ListItem","position":2,"name":"PAIX DANS LES ZONES DE CONFLITS\u00a0: Le Mouvement Sahraoui pour la Paix (Msp) en action en Am\u00e9rique du Sud"}]},{"@type":"WebSite","@id":"https:\/\/macite.tg\/#website","url":"https:\/\/macite.tg\/","name":"","description":"L&#039;information, la bonne!!!","potentialAction":[{"@type":"SearchAction","target":{"@type":"EntryPoint","urlTemplate":"https:\/\/macite.tg\/?s={search_term_string}"},"query-input":{"@type":"PropertyValueSpecification","valueRequired":true,"valueName":"search_term_string"}}],"inLanguage":"fr-FR"},{"@type":"Person","@id":"https:\/\/macite.tg\/#\/schema\/person\/e9f2de7e5dbbe7770a9402c7ce82f5c2","name":"Jean Pierre BAWELA","image":{"@type":"ImageObject","inLanguage":"fr-FR","@id":"https:\/\/macite.tg\/wp-content\/uploads\/2023\/09\/WhatsApp-Image-2023-09-19-at-14.44.41-122x122.jpeg","url":"https:\/\/macite.tg\/wp-content\/uploads\/2023\/09\/WhatsApp-Image-2023-09-19-at-14.44.41-122x122.jpeg","contentUrl":"https:\/\/macite.tg\/wp-content\/uploads\/2023\/09\/WhatsApp-Image-2023-09-19-at-14.44.41-122x122.jpeg","caption":"Jean Pierre BAWELA"},"url":"https:\/\/macite.tg\/?author=2"}]}},"_links":{"self":[{"href":"https:\/\/macite.tg\/index.php?rest_route=\/wp\/v2\/posts\/14671","targetHints":{"allow":["GET"]}}],"collection":[{"href":"https:\/\/macite.tg\/index.php?rest_route=\/wp\/v2\/posts"}],"about":[{"href":"https:\/\/macite.tg\/index.php?rest_route=\/wp\/v2\/types\/post"}],"author":[{"embeddable":true,"href":"https:\/\/macite.tg\/index.php?rest_route=\/wp\/v2\/users\/2"}],"replies":[{"embeddable":true,"href":"https:\/\/macite.tg\/index.php?rest_route=%2Fwp%2Fv2%2Fcomments&post=14671"}],"version-history":[{"count":0,"href":"https:\/\/macite.tg\/index.php?rest_route=\/wp\/v2\/posts\/14671\/revisions"}],"wp:featuredmedia":[{"embeddable":true,"href":"https:\/\/macite.tg\/index.php?rest_route=\/wp\/v2\/media\/14674"}],"wp:attachment":[{"href":"https:\/\/macite.tg\/index.php?rest_route=%2Fwp%2Fv2%2Fmedia&parent=14671"}],"wp:term":[{"taxonomy":"category","embeddable":true,"href":"https:\/\/macite.tg\/index.php?rest_route=%2Fwp%2Fv2%2Fcategories&post=14671"},{"taxonomy":"post_tag","embeddable":true,"href":"https:\/\/macite.tg\/index.php?rest_route=%2Fwp%2Fv2%2Ftags&post=14671"}],"curies":[{"name":"wp","href":"https:\/\/api.w.org\/{rel}","templated":true}]}}