{"id":14666,"date":"2024-05-23T12:40:09","date_gmt":"2024-05-23T12:40:09","guid":{"rendered":"https:\/\/macite.tg\/?p=14666"},"modified":"2024-05-23T19:34:24","modified_gmt":"2024-05-23T19:34:24","slug":"retombees-de-la-crise-au-sahel-la-solidarite-lanticipation-pour-une-meilleure-resilience-des-populations-togolaises-touchees","status":"publish","type":"post","link":"https:\/\/macite.tg\/?p=14666","title":{"rendered":"RETOMBEES DE LA CRISE AU SAHEL\u00a0: La solidarit\u00e9, l\u2019anticipation, \u2026pour une meilleure r\u00e9silience des populations togolaises touch\u00e9es"},"content":{"rendered":"\n<p class=\"wp-block-paragraph\"><strong><em>Le Togo est un pays voisin de la r\u00e9gion sah\u00e9lienne. Sa solidarit\u00e9 et sa capacit\u00e9 d&rsquo;anticipation le motivent \u00e0 prendre des mesures pour soutenir les populations affect\u00e9es par la crise. Plusieurs actions sont donc entreprises par le gouvernement.<\/em><\/strong> <\/p>\n\n\n\n<p class=\"wp-block-paragraph\">Il s&rsquo;agit des aides humanitaires, par exemple. Le pays les fournit aux personnes touch\u00e9es par la crise sah\u00e9lienne, notamment en distribuant des vivres, de l&rsquo;eau potable, des fournitures m\u00e9dicales, en faisant installer de l&rsquo;\u00e9lectricit\u00e9, etc.<\/p>\n\n\n<div class=\"wp-block-image\">\n<figure class=\"aligncenter size-full is-resized\"><img loading=\"lazy\" decoding=\"async\" src=\"https:\/\/macite.tg\/wp-content\/uploads\/2024\/05\/e73524b8-b5cb-4401-a4ac-095e75e4cf72.jpg\" alt=\"\" class=\"wp-image-14424\" width=\"622\" height=\"862\" srcset=\"https:\/\/macite.tg\/wp-content\/uploads\/2024\/05\/e73524b8-b5cb-4401-a4ac-095e75e4cf72.jpg 719w, https:\/\/macite.tg\/wp-content\/uploads\/2024\/05\/e73524b8-b5cb-4401-a4ac-095e75e4cf72-217x300.jpg 217w\" sizes=\"auto, (max-width: 622px) 100vw, 622px\" \/><\/figure>\n<\/div>\n\n\n<p class=\"wp-block-paragraph\"><strong>Un accueil pour les r\u00e9fugi\u00e9s<\/strong><\/p>\n\n\n\n<p class=\"wp-block-paragraph\">Le Togo ne ferme pas ses bras pour les r\u00e9fugi\u00e9s fuyant les conflits et les crises. Depuis des ann\u00e9es maintenant, les pouvoirs publics coop\u00e8rent avec le Haut-commissariat des Nations unies pour les r\u00e9fugi\u00e9s (Hcr) et d&rsquo;autres organisations humanitaires pour fournir un abri, de la nourriture et une assistance m\u00e9dicale aux r\u00e9fugi\u00e9s.<\/p>\n\n\n\n<p class=\"wp-block-paragraph\">Ajoutez \u00e0 cela une forte coop\u00e9ration r\u00e9gionale. \u00c9tant dans des organisations r\u00e9gionales comme la Cedeao, l&rsquo;Uemoa, l&rsquo;Union africaine et autres, le Togo participe \u00e0 des initiatives de coop\u00e9ration r\u00e9gionale visant \u00e0 r\u00e9soudre les causes profondes de la crise sah\u00e9lienne.<\/p>\n\n\n\n<p class=\"wp-block-paragraph\">Il r\u00e9pond pr\u00e9sent lorsqu&rsquo;il faut contribuer \u00e0 mener \u00e0 bien des op\u00e9rations de maintien de la paix et \u00e0 collaborer avec d&rsquo;autres pays pour lutter contre le terrorisme et l&rsquo;ins\u00e9curit\u00e9.<\/p>\n\n\n\n<figure class=\"wp-block-image size-full is-resized\"><img loading=\"lazy\" decoding=\"async\" src=\"https:\/\/macite.tg\/wp-content\/uploads\/2024\/05\/ANNONCES-1-768x319-1.jpg\" alt=\"\" class=\"wp-image-14396\" width=\"837\" height=\"348\" srcset=\"https:\/\/macite.tg\/wp-content\/uploads\/2024\/05\/ANNONCES-1-768x319-1.jpg 768w, https:\/\/macite.tg\/wp-content\/uploads\/2024\/05\/ANNONCES-1-768x319-1-300x125.jpg 300w\" sizes=\"auto, (max-width: 837px) 100vw, 837px\" \/><\/figure>\n\n\n\n<p class=\"wp-block-paragraph\"><strong>Un nouveau projet<\/strong><\/p>\n\n\n\n<p class=\"wp-block-paragraph\">Il va permettre de consacrer plusieurs centaines de millions de francs Cfa au soutien des populations affect\u00e9es par la crise sah\u00e9lienne, de distribuer des produits de premi\u00e8re n\u00e9cessit\u00e9 dans les zones d&rsquo;accueil des populations d\u00e9plac\u00e9es.<\/p>\n\n\n\n<p class=\"wp-block-paragraph\">D\u00e9marr\u00e9 au Togo en mai 2024, le projet Appui aux populations affect\u00e9es par la crise sah\u00e9lienne au nord de la Guin\u00e9e, de la C\u00f4te d&rsquo;Ivoire, du Ghana, du Togo et du B\u00e9nin (Apac) va maintenir la coh\u00e9sion sociale entre les communaut\u00e9s touch\u00e9es par la crise sah\u00e9lienne.&nbsp;<\/p>\n\n\n\n<p class=\"wp-block-paragraph\">Initiative multi-pays port\u00e9e par l&rsquo;Ong Gevapaf, elle porte des activit\u00e9s qui seront \u00e9tal\u00e9es sur 18 mois. Il couvre les r\u00e9gions des Savanes et de Kara. Les domaines \u00e0 couvrir sont l&rsquo;agropastoralisme, la formation et l&rsquo;insertion professionnelle des jeunes.<\/p>\n\n\n\n<p class=\"wp-block-paragraph\">Les responsables font savoir que les actions du projet se porteront sur \u00ab&nbsp;la communication pour un changement de comportement, la sant\u00e9 animale, la distribution de noyaux reproductifs de petits ruminants, les travaux \u00e0 haute intensit\u00e9 de main-d&rsquo;\u0153uvre, le soutien aux associations villageoises d&rsquo;\u00e9pargne et de cr\u00e9dit, les activit\u00e9s g\u00e9n\u00e9ratrices de revenus&nbsp;\u00bb.<\/p>\n\n\n<div class=\"wp-block-image\">\n<figure class=\"aligncenter size-large is-resized\"><img loading=\"lazy\" decoding=\"async\" src=\"https:\/\/macite.tg\/wp-content\/uploads\/2024\/05\/IMG-20240313-WA0011-775x1024.jpg\" alt=\"\" class=\"wp-image-14562\" width=\"586\" height=\"774\" srcset=\"https:\/\/macite.tg\/wp-content\/uploads\/2024\/05\/IMG-20240313-WA0011-775x1024.jpg 775w, https:\/\/macite.tg\/wp-content\/uploads\/2024\/05\/IMG-20240313-WA0011-227x300.jpg 227w, https:\/\/macite.tg\/wp-content\/uploads\/2024\/05\/IMG-20240313-WA0011-768x1015.jpg 768w, https:\/\/macite.tg\/wp-content\/uploads\/2024\/05\/IMG-20240313-WA0011.jpg 1134w\" sizes=\"auto, (max-width: 586px) 100vw, 586px\" \/><\/figure>\n<\/div>\n\n\n<p class=\"wp-block-paragraph\">Il est escompt\u00e9 pour le projet Apac financ\u00e9 \u00e0 plus de 3 milliards de francs Cfa (5,2 millions d&rsquo;euros) qu&rsquo;il cible directement pr\u00e8s de 170.000 b\u00e9n\u00e9ficiaires et plus d&rsquo;un million de personnes indirectement dans les cinq (05) pays de l&rsquo;Afrique de l&rsquo;Ouest susmentionn\u00e9s.<\/p>\n\n\n\n<p class=\"wp-block-paragraph\"><strong>Samir<\/strong><\/p>\n\n\n\n<p class=\"wp-block-paragraph\"><a><strong><em>@macite.tg&nbsp;&nbsp;&nbsp;&nbsp;&nbsp;&nbsp;&nbsp;&nbsp;<\/em><\/strong><\/a><\/p>\n\n\n\n<p class=\"wp-block-paragraph\"><strong><em>E-mail&nbsp;: <\/em><\/strong><a href=\"mailto:maciteinfo@gmail.com\"><strong><em>maciteinfo@gmail.com<\/em><\/strong><\/a><strong><em>; <\/em><\/strong><a href=\"mailto:bawela1@gmail.com\"><strong><em>bawela1@gmail.com<\/em><\/strong><\/a><strong><em><\/em><\/strong><\/p>\n\n\n\n<p class=\"wp-block-paragraph\"><strong><em>Pour vos annonces, (publi)reportages, etc., joignez-nous au (00228)91515309\/<strong>79872224 <\/strong>www.macite.tg, L\u2019information, la bonne&nbsp;!<\/em><\/strong><\/p>\n","protected":false},"excerpt":{"rendered":"<p class=\"text-justify mb-2\" >Le Togo est un pays voisin de la r\u00e9gion sah\u00e9lienne. Sa solidarit\u00e9 et sa capacit\u00e9 d&rsquo;anticipation le motivent \u00e0 prendre des mesures pour soutenir les populations affect\u00e9es par la crise. Plusieurs actions sont donc entreprises par le gouvernement. Il s&rsquo;agit des aides humanitaires, par exemple. [&hellip;]<\/p>\n","protected":false},"author":2,"featured_media":14678,"comment_status":"open","ping_status":"open","sticky":false,"template":"","format":"standard","meta":{"footnotes":""},"categories":[20,55],"tags":[],"class_list":["post-14666","post","type-post","status-publish","format-standard","has-post-thumbnail","hentry","category-actualite","category-humanitaire"],"yoast_head":"<!-- This site is optimized with the Yoast SEO plugin v28.4 - https:\/\/yoast.com\/product\/yoast-seo-wordpress\/ -->\n<title>RETOMBEES DE LA CRISE AU SAHEL\u00a0: La solidarit\u00e9, l\u2019anticipation, \u2026pour une meilleure r\u00e9silience des populations togolaises touch\u00e9es -<\/title>\n<meta name=\"robots\" content=\"index, follow, max-snippet:-1, max-image-preview:large, max-video-preview:-1\" \/>\n<link rel=\"canonical\" href=\"https:\/\/macite.tg\/?p=14666\" \/>\n<meta property=\"og:locale\" content=\"fr_FR\" \/>\n<meta property=\"og:type\" content=\"article\" \/>\n<meta property=\"og:title\" content=\"RETOMBEES DE LA CRISE AU SAHEL\u00a0: La solidarit\u00e9, l\u2019anticipation, \u2026pour une meilleure r\u00e9silience des populations togolaises touch\u00e9es -\" \/>\n<meta property=\"og:description\" content=\"Le Togo est un pays voisin de la r\u00e9gion sah\u00e9lienne. Sa solidarit\u00e9 et sa capacit\u00e9 d&rsquo;anticipation le motivent \u00e0 prendre des mesures pour soutenir les populations affect\u00e9es par la crise. Plusieurs actions sont donc entreprises par le gouvernement. Il s&rsquo;agit des aides humanitaires, par exemple. [&hellip;]\" \/>\n<meta property=\"og:url\" content=\"https:\/\/macite.tg\/?p=14666\" \/>\n<meta property=\"article:published_time\" content=\"2024-05-23T12:40:09+00:00\" \/>\n<meta property=\"article:modified_time\" content=\"2024-05-23T19:34:24+00:00\" \/>\n<meta property=\"og:image\" content=\"https:\/\/macite.tg\/wp-content\/uploads\/2024\/05\/image-33.png\" \/>\n\t<meta property=\"og:image:width\" content=\"473\" \/>\n\t<meta property=\"og:image:height\" content=\"266\" \/>\n\t<meta property=\"og:image:type\" content=\"image\/png\" \/>\n<meta name=\"author\" content=\"Jean Pierre BAWELA\" \/>\n<meta name=\"twitter:card\" content=\"summary_large_image\" \/>\n<meta name=\"twitter:label1\" content=\"\u00c9crit par\" \/>\n\t<meta name=\"twitter:data1\" content=\"Jean Pierre BAWELA\" \/>\n\t<meta name=\"twitter:label2\" content=\"Dur\u00e9e de lecture estim\u00e9e\" \/>\n\t<meta name=\"twitter:data2\" content=\"2 minutes\" \/>\n<script type=\"application\/ld+json\" class=\"yoast-schema-graph\">{\"@context\":\"https:\\\/\\\/schema.org\",\"@graph\":[{\"@type\":\"Article\",\"@id\":\"https:\\\/\\\/macite.tg\\\/?p=14666#article\",\"isPartOf\":{\"@id\":\"https:\\\/\\\/macite.tg\\\/?p=14666\"},\"author\":{\"name\":\"Jean Pierre BAWELA\",\"@id\":\"https:\\\/\\\/macite.tg\\\/#\\\/schema\\\/person\\\/e9f2de7e5dbbe7770a9402c7ce82f5c2\"},\"headline\":\"RETOMBEES DE LA CRISE AU SAHEL\u00a0: La solidarit\u00e9, l\u2019anticipation, \u2026pour une meilleure r\u00e9silience des populations togolaises touch\u00e9es\",\"datePublished\":\"2024-05-23T12:40:09+00:00\",\"dateModified\":\"2024-05-23T19:34:24+00:00\",\"mainEntityOfPage\":{\"@id\":\"https:\\\/\\\/macite.tg\\\/?p=14666\"},\"wordCount\":534,\"commentCount\":0,\"image\":{\"@id\":\"https:\\\/\\\/macite.tg\\\/?p=14666#primaryimage\"},\"thumbnailUrl\":\"https:\\\/\\\/macite.tg\\\/wp-content\\\/uploads\\\/2024\\\/05\\\/image-33.png\",\"articleSection\":[\"ACTUALITE\",\"HUMANITAIRE\"],\"inLanguage\":\"fr-FR\",\"potentialAction\":[{\"@type\":\"CommentAction\",\"name\":\"Comment\",\"target\":[\"https:\\\/\\\/macite.tg\\\/?p=14666#respond\"]}]},{\"@type\":\"WebPage\",\"@id\":\"https:\\\/\\\/macite.tg\\\/?p=14666\",\"url\":\"https:\\\/\\\/macite.tg\\\/?p=14666\",\"name\":\"RETOMBEES DE LA CRISE AU SAHEL\u00a0: La solidarit\u00e9, l\u2019anticipation, \u2026pour une meilleure r\u00e9silience des populations togolaises touch\u00e9es -\",\"isPartOf\":{\"@id\":\"https:\\\/\\\/macite.tg\\\/#website\"},\"primaryImageOfPage\":{\"@id\":\"https:\\\/\\\/macite.tg\\\/?p=14666#primaryimage\"},\"image\":{\"@id\":\"https:\\\/\\\/macite.tg\\\/?p=14666#primaryimage\"},\"thumbnailUrl\":\"https:\\\/\\\/macite.tg\\\/wp-content\\\/uploads\\\/2024\\\/05\\\/image-33.png\",\"datePublished\":\"2024-05-23T12:40:09+00:00\",\"dateModified\":\"2024-05-23T19:34:24+00:00\",\"author\":{\"@id\":\"https:\\\/\\\/macite.tg\\\/#\\\/schema\\\/person\\\/e9f2de7e5dbbe7770a9402c7ce82f5c2\"},\"breadcrumb\":{\"@id\":\"https:\\\/\\\/macite.tg\\\/?p=14666#breadcrumb\"},\"inLanguage\":\"fr-FR\",\"potentialAction\":[{\"@type\":\"ReadAction\",\"target\":[\"https:\\\/\\\/macite.tg\\\/?p=14666\"]}]},{\"@type\":\"ImageObject\",\"inLanguage\":\"fr-FR\",\"@id\":\"https:\\\/\\\/macite.tg\\\/?p=14666#primaryimage\",\"url\":\"https:\\\/\\\/macite.tg\\\/wp-content\\\/uploads\\\/2024\\\/05\\\/image-33.png\",\"contentUrl\":\"https:\\\/\\\/macite.tg\\\/wp-content\\\/uploads\\\/2024\\\/05\\\/image-33.png\",\"width\":473,\"height\":266},{\"@type\":\"BreadcrumbList\",\"@id\":\"https:\\\/\\\/macite.tg\\\/?p=14666#breadcrumb\",\"itemListElement\":[{\"@type\":\"ListItem\",\"position\":1,\"name\":\"Accueil\",\"item\":\"https:\\\/\\\/macite.tg\\\/\"},{\"@type\":\"ListItem\",\"position\":2,\"name\":\"RETOMBEES DE LA CRISE AU SAHEL\u00a0: La solidarit\u00e9, l\u2019anticipation, \u2026pour une meilleure r\u00e9silience des populations togolaises touch\u00e9es\"}]},{\"@type\":\"WebSite\",\"@id\":\"https:\\\/\\\/macite.tg\\\/#website\",\"url\":\"https:\\\/\\\/macite.tg\\\/\",\"name\":\"\",\"description\":\"L&#039;information, la bonne!!!\",\"potentialAction\":[{\"@type\":\"SearchAction\",\"target\":{\"@type\":\"EntryPoint\",\"urlTemplate\":\"https:\\\/\\\/macite.tg\\\/?s={search_term_string}\"},\"query-input\":{\"@type\":\"PropertyValueSpecification\",\"valueRequired\":true,\"valueName\":\"search_term_string\"}}],\"inLanguage\":\"fr-FR\"},{\"@type\":\"Person\",\"@id\":\"https:\\\/\\\/macite.tg\\\/#\\\/schema\\\/person\\\/e9f2de7e5dbbe7770a9402c7ce82f5c2\",\"name\":\"Jean Pierre BAWELA\",\"image\":{\"@type\":\"ImageObject\",\"inLanguage\":\"fr-FR\",\"@id\":\"https:\\\/\\\/macite.tg\\\/wp-content\\\/uploads\\\/2023\\\/09\\\/WhatsApp-Image-2023-09-19-at-14.44.41-122x122.jpeg\",\"url\":\"https:\\\/\\\/macite.tg\\\/wp-content\\\/uploads\\\/2023\\\/09\\\/WhatsApp-Image-2023-09-19-at-14.44.41-122x122.jpeg\",\"contentUrl\":\"https:\\\/\\\/macite.tg\\\/wp-content\\\/uploads\\\/2023\\\/09\\\/WhatsApp-Image-2023-09-19-at-14.44.41-122x122.jpeg\",\"caption\":\"Jean Pierre BAWELA\"},\"url\":\"https:\\\/\\\/macite.tg\\\/?author=2\"}]}<\/script>\n<!-- \/ Yoast SEO plugin. -->","yoast_head_json":{"title":"RETOMBEES DE LA CRISE AU SAHEL\u00a0: La solidarit\u00e9, l\u2019anticipation, \u2026pour une meilleure r\u00e9silience des populations togolaises touch\u00e9es -","robots":{"index":"index","follow":"follow","max-snippet":"max-snippet:-1","max-image-preview":"max-image-preview:large","max-video-preview":"max-video-preview:-1"},"canonical":"https:\/\/macite.tg\/?p=14666","og_locale":"fr_FR","og_type":"article","og_title":"RETOMBEES DE LA CRISE AU SAHEL\u00a0: La solidarit\u00e9, l\u2019anticipation, \u2026pour une meilleure r\u00e9silience des populations togolaises touch\u00e9es -","og_description":"Le Togo est un pays voisin de la r\u00e9gion sah\u00e9lienne. Sa solidarit\u00e9 et sa capacit\u00e9 d&rsquo;anticipation le motivent \u00e0 prendre des mesures pour soutenir les populations affect\u00e9es par la crise. Plusieurs actions sont donc entreprises par le gouvernement. Il s&rsquo;agit des aides humanitaires, par exemple. [&hellip;]","og_url":"https:\/\/macite.tg\/?p=14666","article_published_time":"2024-05-23T12:40:09+00:00","article_modified_time":"2024-05-23T19:34:24+00:00","og_image":[{"width":473,"height":266,"url":"https:\/\/macite.tg\/wp-content\/uploads\/2024\/05\/image-33.png","type":"image\/png"}],"author":"Jean Pierre BAWELA","twitter_card":"summary_large_image","twitter_misc":{"\u00c9crit par":"Jean Pierre BAWELA","Dur\u00e9e de lecture estim\u00e9e":"2 minutes"},"schema":{"@context":"https:\/\/schema.org","@graph":[{"@type":"Article","@id":"https:\/\/macite.tg\/?p=14666#article","isPartOf":{"@id":"https:\/\/macite.tg\/?p=14666"},"author":{"name":"Jean Pierre BAWELA","@id":"https:\/\/macite.tg\/#\/schema\/person\/e9f2de7e5dbbe7770a9402c7ce82f5c2"},"headline":"RETOMBEES DE LA CRISE AU SAHEL\u00a0: La solidarit\u00e9, l\u2019anticipation, \u2026pour une meilleure r\u00e9silience des populations togolaises touch\u00e9es","datePublished":"2024-05-23T12:40:09+00:00","dateModified":"2024-05-23T19:34:24+00:00","mainEntityOfPage":{"@id":"https:\/\/macite.tg\/?p=14666"},"wordCount":534,"commentCount":0,"image":{"@id":"https:\/\/macite.tg\/?p=14666#primaryimage"},"thumbnailUrl":"https:\/\/macite.tg\/wp-content\/uploads\/2024\/05\/image-33.png","articleSection":["ACTUALITE","HUMANITAIRE"],"inLanguage":"fr-FR","potentialAction":[{"@type":"CommentAction","name":"Comment","target":["https:\/\/macite.tg\/?p=14666#respond"]}]},{"@type":"WebPage","@id":"https:\/\/macite.tg\/?p=14666","url":"https:\/\/macite.tg\/?p=14666","name":"RETOMBEES DE LA CRISE AU SAHEL\u00a0: La solidarit\u00e9, l\u2019anticipation, \u2026pour une meilleure r\u00e9silience des populations togolaises touch\u00e9es -","isPartOf":{"@id":"https:\/\/macite.tg\/#website"},"primaryImageOfPage":{"@id":"https:\/\/macite.tg\/?p=14666#primaryimage"},"image":{"@id":"https:\/\/macite.tg\/?p=14666#primaryimage"},"thumbnailUrl":"https:\/\/macite.tg\/wp-content\/uploads\/2024\/05\/image-33.png","datePublished":"2024-05-23T12:40:09+00:00","dateModified":"2024-05-23T19:34:24+00:00","author":{"@id":"https:\/\/macite.tg\/#\/schema\/person\/e9f2de7e5dbbe7770a9402c7ce82f5c2"},"breadcrumb":{"@id":"https:\/\/macite.tg\/?p=14666#breadcrumb"},"inLanguage":"fr-FR","potentialAction":[{"@type":"ReadAction","target":["https:\/\/macite.tg\/?p=14666"]}]},{"@type":"ImageObject","inLanguage":"fr-FR","@id":"https:\/\/macite.tg\/?p=14666#primaryimage","url":"https:\/\/macite.tg\/wp-content\/uploads\/2024\/05\/image-33.png","contentUrl":"https:\/\/macite.tg\/wp-content\/uploads\/2024\/05\/image-33.png","width":473,"height":266},{"@type":"BreadcrumbList","@id":"https:\/\/macite.tg\/?p=14666#breadcrumb","itemListElement":[{"@type":"ListItem","position":1,"name":"Accueil","item":"https:\/\/macite.tg\/"},{"@type":"ListItem","position":2,"name":"RETOMBEES DE LA CRISE AU SAHEL\u00a0: La solidarit\u00e9, l\u2019anticipation, \u2026pour une meilleure r\u00e9silience des populations togolaises touch\u00e9es"}]},{"@type":"WebSite","@id":"https:\/\/macite.tg\/#website","url":"https:\/\/macite.tg\/","name":"","description":"L&#039;information, la bonne!!!","potentialAction":[{"@type":"SearchAction","target":{"@type":"EntryPoint","urlTemplate":"https:\/\/macite.tg\/?s={search_term_string}"},"query-input":{"@type":"PropertyValueSpecification","valueRequired":true,"valueName":"search_term_string"}}],"inLanguage":"fr-FR"},{"@type":"Person","@id":"https:\/\/macite.tg\/#\/schema\/person\/e9f2de7e5dbbe7770a9402c7ce82f5c2","name":"Jean Pierre BAWELA","image":{"@type":"ImageObject","inLanguage":"fr-FR","@id":"https:\/\/macite.tg\/wp-content\/uploads\/2023\/09\/WhatsApp-Image-2023-09-19-at-14.44.41-122x122.jpeg","url":"https:\/\/macite.tg\/wp-content\/uploads\/2023\/09\/WhatsApp-Image-2023-09-19-at-14.44.41-122x122.jpeg","contentUrl":"https:\/\/macite.tg\/wp-content\/uploads\/2023\/09\/WhatsApp-Image-2023-09-19-at-14.44.41-122x122.jpeg","caption":"Jean Pierre BAWELA"},"url":"https:\/\/macite.tg\/?author=2"}]}},"_links":{"self":[{"href":"https:\/\/macite.tg\/index.php?rest_route=\/wp\/v2\/posts\/14666","targetHints":{"allow":["GET"]}}],"collection":[{"href":"https:\/\/macite.tg\/index.php?rest_route=\/wp\/v2\/posts"}],"about":[{"href":"https:\/\/macite.tg\/index.php?rest_route=\/wp\/v2\/types\/post"}],"author":[{"embeddable":true,"href":"https:\/\/macite.tg\/index.php?rest_route=\/wp\/v2\/users\/2"}],"replies":[{"embeddable":true,"href":"https:\/\/macite.tg\/index.php?rest_route=%2Fwp%2Fv2%2Fcomments&post=14666"}],"version-history":[{"count":0,"href":"https:\/\/macite.tg\/index.php?rest_route=\/wp\/v2\/posts\/14666\/revisions"}],"wp:featuredmedia":[{"embeddable":true,"href":"https:\/\/macite.tg\/index.php?rest_route=\/wp\/v2\/media\/14678"}],"wp:attachment":[{"href":"https:\/\/macite.tg\/index.php?rest_route=%2Fwp%2Fv2%2Fmedia&parent=14666"}],"wp:term":[{"taxonomy":"category","embeddable":true,"href":"https:\/\/macite.tg\/index.php?rest_route=%2Fwp%2Fv2%2Fcategories&post=14666"},{"taxonomy":"post_tag","embeddable":true,"href":"https:\/\/macite.tg\/index.php?rest_route=%2Fwp%2Fv2%2Ftags&post=14666"}],"curies":[{"name":"wp","href":"https:\/\/api.w.org\/{rel}","templated":true}]}}