{"id":14651,"date":"2024-05-22T14:06:11","date_gmt":"2024-05-22T14:06:11","guid":{"rendered":"https:\/\/macite.tg\/?p=14651"},"modified":"2024-05-22T14:06:15","modified_gmt":"2024-05-22T14:06:15","slug":"espagne-audios-compromettants-lionel-messi-et-gerard-pique-dans-le-viseur","status":"publish","type":"post","link":"https:\/\/macite.tg\/?p=14651","title":{"rendered":"ESPAGNE\/AUDIOS COMPROMETTANTS\u00a0: Lionel Messi et G\u00e9rard Piqu\u00e9 dans le viseur\u2026"},"content":{"rendered":"\n<p class=\"wp-block-paragraph\"><strong><em>Selon The Objective, Gerard Piqu\u00e9 et Lionel Messi seraient impliqu\u00e9s dans une tentative de corruption. Pour compenser la r\u00e9duction de leurs salaires pendant la p\u00e9riode Covid, les deux ex-joueurs du Bar\u00e7a auraient sollicit\u00e9 l\u2019aide de Luis Rubiales, ancien pr\u00e9sident de la Rfef, et d\u2019Aleksander Ceferin, pr\u00e9sident de l\u2019Uefa.<\/em><\/strong><\/p>\n\n\n\n<p class=\"wp-block-paragraph\">Lionel Messi et Gerard Piqu\u00e9 se retrouvent au centre d\u2019une pol\u00e9mique ce mercredi. Le m\u00e9dia espagnol The Objective r\u00e9v\u00e8le que les deux anciens joueurs du Bar\u00e7a auraient, avec l\u2019approbation de Luis Rubiales et d\u2019Aleksander Ceferin, tent\u00e9 de d\u00e9tourner des fonds de l\u2019Uefa destin\u00e9s \u00e0 la f\u00e9d\u00e9ration espagnole de football, pour compenser leur baisse de salaire pendant la p\u00e9riode Covid en 2020.<\/p>\n\n\n<div class=\"wp-block-image\">\n<figure class=\"aligncenter size-large is-resized\"><img loading=\"lazy\" decoding=\"async\" src=\"https:\/\/macite.tg\/wp-content\/uploads\/2024\/05\/IMG-20240313-WA0011-775x1024.jpg\" alt=\"\" class=\"wp-image-14562\" width=\"572\" height=\"756\" srcset=\"https:\/\/macite.tg\/wp-content\/uploads\/2024\/05\/IMG-20240313-WA0011-775x1024.jpg 775w, https:\/\/macite.tg\/wp-content\/uploads\/2024\/05\/IMG-20240313-WA0011-227x300.jpg 227w, https:\/\/macite.tg\/wp-content\/uploads\/2024\/05\/IMG-20240313-WA0011-768x1015.jpg 768w, https:\/\/macite.tg\/wp-content\/uploads\/2024\/05\/IMG-20240313-WA0011.jpg 1134w\" sizes=\"auto, (max-width: 572px) 100vw, 572px\" \/><\/figure>\n<\/div>\n\n\n<p class=\"wp-block-paragraph\">La publication espagnole a d\u00e9voil\u00e9 des messages et des enregistrements audio \u00e9chang\u00e9s entre les deux champions du monde et Aleksander Ceferin, pr\u00e9sident de l\u2019Uefa depuis 2016, ainsi que Luis Rubiales, ancien patron de la Rfef, d\u00e9missionnaire en septembre dernier apr\u00e8s le scandale du baiser forc\u00e9 \u00e0 Jenni Hermoso lors de la Coupe du monde f\u00e9minine 2023. Les discussions, clairement explicites, montrent une tentative implicite de d\u00e9tourner des fonds.<\/p>\n\n\n\n<p class=\"wp-block-paragraph\">Selon The Objective, la premi\u00e8re conversation aurait eu lieu le 2 avril 2020. Lors d\u2019un appel avec Luis Rubiales, et avec l\u2019accord de Messi, Piqu\u00e9 aurait exprim\u00e9 les pr\u00e9occupations de l\u2019Argentin concernant la r\u00e9duction substantielle de son salaire durant la crise du Covid. Le Bar\u00e7a, en difficult\u00e9 \u00e9conomique, avait demand\u00e9 \u00e0 ses joueurs de renoncer \u00e0 une partie de leurs revenus, ce qui avait entra\u00een\u00e9 des reports de salaires (Messi est encore pay\u00e9 par le Bar\u00e7a aujourd\u2019hui).<\/p>\n\n\n\n<p class=\"wp-block-paragraph\">Quelques heures plus tard, Rubiales aurait contact\u00e9 Ceferin pour discuter de l\u2019utilisation de fonds de l\u2019Uefa afin de compenser les pertes financi\u00e8res des joueurs.<\/p>\n\n\n<div class=\"wp-block-image\">\n<figure class=\"aligncenter size-full is-resized\"><img loading=\"lazy\" decoding=\"async\" src=\"https:\/\/macite.tg\/wp-content\/uploads\/2024\/05\/IMG-20240313-WA0013.jpg\" alt=\"\" class=\"wp-image-14426\" width=\"838\" height=\"206\" srcset=\"https:\/\/macite.tg\/wp-content\/uploads\/2024\/05\/IMG-20240313-WA0013.jpg 690w, https:\/\/macite.tg\/wp-content\/uploads\/2024\/05\/IMG-20240313-WA0013-300x74.jpg 300w\" sizes=\"auto, (max-width: 838px) 100vw, 838px\" \/><\/figure>\n<\/div>\n\n\n<p class=\"wp-block-paragraph\"><em>\u00ab Ils (Piqu\u00e9 et Messi) m\u2019ont clairement suppli\u00e9 que personne ne d\u00e9couvre nos discussions, car si cela se savait, nous serions perdus. Je vous envoie cet audio avec un message de Leo Messi. C\u2019est ma voix, mais son message \u00bb,<\/em> aurait envoy\u00e9 Rubiales \u00e0 Ceferin, qui aurait r\u00e9pondu que <em>\u00ab m\u00eame son chien \u00bb <\/em>ne serait pas inform\u00e9. D\u2019autres appels auraient eu lieu entre les hommes pour discuter de cette proposition, finalement rejet\u00e9e sous la forme de r\u00e9tributions.<\/p>\n\n\n\n<p class=\"wp-block-paragraph\">En somme, l\u2019instance du football europ\u00e9en envisageait de compenser les deux joueurs en leur permettant de toucher une partie des droits de retransmission des matches de l\u2019Uefa.<\/p>\n\n\n\n<p class=\"wp-block-paragraph\">Toutefois, il n\u2019est pas clair si cette tentative a abouti \u00e0 quelque chose de concret.<\/p>\n\n\n\n<p class=\"wp-block-paragraph\"><strong>SeneNews<\/strong><\/p>\n\n\n\n<p class=\"wp-block-paragraph\"><a><strong><em>@macite.tg&nbsp;&nbsp;&nbsp;&nbsp;&nbsp;&nbsp;&nbsp;&nbsp;<\/em><\/strong><\/a><\/p>\n\n\n\n<p class=\"wp-block-paragraph\"><strong><em>E-mail&nbsp;: <\/em><\/strong><a href=\"mailto:maciteinfo@gmail.com\"><strong><em>maciteinfo@gmail.com<\/em><\/strong><\/a><strong><em>; <\/em><\/strong><a href=\"mailto:bawela1@gmail.com\"><strong><em>bawela1@gmail.com<\/em><\/strong><\/a><strong><em><\/em><\/strong><\/p>\n\n\n\n<p class=\"wp-block-paragraph\"><strong><em>Pour vos annonces, (publi)reportages, etc., joignez-nous au (00228)91515309\/<strong>79872224 <\/strong>www.macite.tg, L\u2019information, la bonne&nbsp;!<\/em><\/strong><\/p>\n","protected":false},"excerpt":{"rendered":"<p class=\"text-justify mb-2\" >Selon The Objective, Gerard Piqu\u00e9 et Lionel Messi seraient impliqu\u00e9s dans une tentative de corruption. Pour compenser la r\u00e9duction de leurs salaires pendant la p\u00e9riode Covid, les deux ex-joueurs du Bar\u00e7a auraient sollicit\u00e9 l\u2019aide de Luis Rubiales, ancien pr\u00e9sident de la Rfef, et d\u2019Aleksander Ceferin, [&hellip;]<\/p>\n","protected":false},"author":2,"featured_media":14657,"comment_status":"open","ping_status":"open","sticky":false,"template":"","format":"standard","meta":{"footnotes":""},"categories":[20,7],"tags":[],"class_list":["post-14651","post","type-post","status-publish","format-standard","has-post-thumbnail","hentry","category-actualite","category-sports"],"yoast_head":"<!-- This site is optimized with the Yoast SEO plugin v28.4 - https:\/\/yoast.com\/product\/yoast-seo-wordpress\/ -->\n<title>ESPAGNE\/AUDIOS COMPROMETTANTS\u00a0: Lionel Messi et G\u00e9rard Piqu\u00e9 dans le viseur\u2026 -<\/title>\n<meta name=\"robots\" content=\"index, follow, max-snippet:-1, max-image-preview:large, max-video-preview:-1\" \/>\n<link rel=\"canonical\" href=\"https:\/\/macite.tg\/?p=14651\" \/>\n<meta property=\"og:locale\" content=\"fr_FR\" \/>\n<meta property=\"og:type\" content=\"article\" \/>\n<meta property=\"og:title\" content=\"ESPAGNE\/AUDIOS COMPROMETTANTS\u00a0: Lionel Messi et G\u00e9rard Piqu\u00e9 dans le viseur\u2026 -\" \/>\n<meta property=\"og:description\" content=\"Selon The Objective, Gerard Piqu\u00e9 et Lionel Messi seraient impliqu\u00e9s dans une tentative de corruption. Pour compenser la r\u00e9duction de leurs salaires pendant la p\u00e9riode Covid, les deux ex-joueurs du Bar\u00e7a auraient sollicit\u00e9 l\u2019aide de Luis Rubiales, ancien pr\u00e9sident de la Rfef, et d\u2019Aleksander Ceferin, [&hellip;]\" \/>\n<meta property=\"og:url\" content=\"https:\/\/macite.tg\/?p=14651\" \/>\n<meta property=\"article:published_time\" content=\"2024-05-22T14:06:11+00:00\" \/>\n<meta property=\"article:modified_time\" content=\"2024-05-22T14:06:15+00:00\" \/>\n<meta property=\"og:image\" content=\"https:\/\/macite.tg\/wp-content\/uploads\/2024\/05\/Messi-Pique.jpg\" \/>\n\t<meta property=\"og:image:width\" content=\"500\" \/>\n\t<meta property=\"og:image:height\" content=\"287\" \/>\n\t<meta property=\"og:image:type\" content=\"image\/jpeg\" \/>\n<meta name=\"author\" content=\"Jean Pierre BAWELA\" \/>\n<meta name=\"twitter:card\" content=\"summary_large_image\" \/>\n<meta name=\"twitter:label1\" content=\"\u00c9crit par\" \/>\n\t<meta name=\"twitter:data1\" content=\"Jean Pierre BAWELA\" \/>\n\t<meta name=\"twitter:label2\" content=\"Dur\u00e9e de lecture estim\u00e9e\" \/>\n\t<meta name=\"twitter:data2\" content=\"2 minutes\" \/>\n<script type=\"application\/ld+json\" class=\"yoast-schema-graph\">{\"@context\":\"https:\\\/\\\/schema.org\",\"@graph\":[{\"@type\":\"Article\",\"@id\":\"https:\\\/\\\/macite.tg\\\/?p=14651#article\",\"isPartOf\":{\"@id\":\"https:\\\/\\\/macite.tg\\\/?p=14651\"},\"author\":{\"name\":\"Jean Pierre BAWELA\",\"@id\":\"https:\\\/\\\/macite.tg\\\/#\\\/schema\\\/person\\\/e9f2de7e5dbbe7770a9402c7ce82f5c2\"},\"headline\":\"ESPAGNE\\\/AUDIOS COMPROMETTANTS\u00a0: Lionel Messi et G\u00e9rard Piqu\u00e9 dans le viseur\u2026\",\"datePublished\":\"2024-05-22T14:06:11+00:00\",\"dateModified\":\"2024-05-22T14:06:15+00:00\",\"mainEntityOfPage\":{\"@id\":\"https:\\\/\\\/macite.tg\\\/?p=14651\"},\"wordCount\":486,\"commentCount\":0,\"image\":{\"@id\":\"https:\\\/\\\/macite.tg\\\/?p=14651#primaryimage\"},\"thumbnailUrl\":\"https:\\\/\\\/macite.tg\\\/wp-content\\\/uploads\\\/2024\\\/05\\\/Messi-Pique.jpg\",\"articleSection\":[\"ACTUALITE\",\"SPORTS\"],\"inLanguage\":\"fr-FR\",\"potentialAction\":[{\"@type\":\"CommentAction\",\"name\":\"Comment\",\"target\":[\"https:\\\/\\\/macite.tg\\\/?p=14651#respond\"]}]},{\"@type\":\"WebPage\",\"@id\":\"https:\\\/\\\/macite.tg\\\/?p=14651\",\"url\":\"https:\\\/\\\/macite.tg\\\/?p=14651\",\"name\":\"ESPAGNE\\\/AUDIOS COMPROMETTANTS\u00a0: Lionel Messi et G\u00e9rard Piqu\u00e9 dans le viseur\u2026 -\",\"isPartOf\":{\"@id\":\"https:\\\/\\\/macite.tg\\\/#website\"},\"primaryImageOfPage\":{\"@id\":\"https:\\\/\\\/macite.tg\\\/?p=14651#primaryimage\"},\"image\":{\"@id\":\"https:\\\/\\\/macite.tg\\\/?p=14651#primaryimage\"},\"thumbnailUrl\":\"https:\\\/\\\/macite.tg\\\/wp-content\\\/uploads\\\/2024\\\/05\\\/Messi-Pique.jpg\",\"datePublished\":\"2024-05-22T14:06:11+00:00\",\"dateModified\":\"2024-05-22T14:06:15+00:00\",\"author\":{\"@id\":\"https:\\\/\\\/macite.tg\\\/#\\\/schema\\\/person\\\/e9f2de7e5dbbe7770a9402c7ce82f5c2\"},\"breadcrumb\":{\"@id\":\"https:\\\/\\\/macite.tg\\\/?p=14651#breadcrumb\"},\"inLanguage\":\"fr-FR\",\"potentialAction\":[{\"@type\":\"ReadAction\",\"target\":[\"https:\\\/\\\/macite.tg\\\/?p=14651\"]}]},{\"@type\":\"ImageObject\",\"inLanguage\":\"fr-FR\",\"@id\":\"https:\\\/\\\/macite.tg\\\/?p=14651#primaryimage\",\"url\":\"https:\\\/\\\/macite.tg\\\/wp-content\\\/uploads\\\/2024\\\/05\\\/Messi-Pique.jpg\",\"contentUrl\":\"https:\\\/\\\/macite.tg\\\/wp-content\\\/uploads\\\/2024\\\/05\\\/Messi-Pique.jpg\",\"width\":500,\"height\":287,\"caption\":\"Lionel Messi et G\u00e9rard Piqu\u00e9 devant lles tribunaux?\"},{\"@type\":\"BreadcrumbList\",\"@id\":\"https:\\\/\\\/macite.tg\\\/?p=14651#breadcrumb\",\"itemListElement\":[{\"@type\":\"ListItem\",\"position\":1,\"name\":\"Accueil\",\"item\":\"https:\\\/\\\/macite.tg\\\/\"},{\"@type\":\"ListItem\",\"position\":2,\"name\":\"ESPAGNE\\\/AUDIOS COMPROMETTANTS\u00a0: Lionel Messi et G\u00e9rard Piqu\u00e9 dans le viseur\u2026\"}]},{\"@type\":\"WebSite\",\"@id\":\"https:\\\/\\\/macite.tg\\\/#website\",\"url\":\"https:\\\/\\\/macite.tg\\\/\",\"name\":\"\",\"description\":\"L&#039;information, la bonne!!!\",\"potentialAction\":[{\"@type\":\"SearchAction\",\"target\":{\"@type\":\"EntryPoint\",\"urlTemplate\":\"https:\\\/\\\/macite.tg\\\/?s={search_term_string}\"},\"query-input\":{\"@type\":\"PropertyValueSpecification\",\"valueRequired\":true,\"valueName\":\"search_term_string\"}}],\"inLanguage\":\"fr-FR\"},{\"@type\":\"Person\",\"@id\":\"https:\\\/\\\/macite.tg\\\/#\\\/schema\\\/person\\\/e9f2de7e5dbbe7770a9402c7ce82f5c2\",\"name\":\"Jean Pierre BAWELA\",\"image\":{\"@type\":\"ImageObject\",\"inLanguage\":\"fr-FR\",\"@id\":\"https:\\\/\\\/macite.tg\\\/wp-content\\\/uploads\\\/2023\\\/09\\\/WhatsApp-Image-2023-09-19-at-14.44.41-122x122.jpeg\",\"url\":\"https:\\\/\\\/macite.tg\\\/wp-content\\\/uploads\\\/2023\\\/09\\\/WhatsApp-Image-2023-09-19-at-14.44.41-122x122.jpeg\",\"contentUrl\":\"https:\\\/\\\/macite.tg\\\/wp-content\\\/uploads\\\/2023\\\/09\\\/WhatsApp-Image-2023-09-19-at-14.44.41-122x122.jpeg\",\"caption\":\"Jean Pierre BAWELA\"},\"url\":\"https:\\\/\\\/macite.tg\\\/?author=2\"}]}<\/script>\n<!-- \/ Yoast SEO plugin. -->","yoast_head_json":{"title":"ESPAGNE\/AUDIOS COMPROMETTANTS\u00a0: Lionel Messi et G\u00e9rard Piqu\u00e9 dans le viseur\u2026 -","robots":{"index":"index","follow":"follow","max-snippet":"max-snippet:-1","max-image-preview":"max-image-preview:large","max-video-preview":"max-video-preview:-1"},"canonical":"https:\/\/macite.tg\/?p=14651","og_locale":"fr_FR","og_type":"article","og_title":"ESPAGNE\/AUDIOS COMPROMETTANTS\u00a0: Lionel Messi et G\u00e9rard Piqu\u00e9 dans le viseur\u2026 -","og_description":"Selon The Objective, Gerard Piqu\u00e9 et Lionel Messi seraient impliqu\u00e9s dans une tentative de corruption. Pour compenser la r\u00e9duction de leurs salaires pendant la p\u00e9riode Covid, les deux ex-joueurs du Bar\u00e7a auraient sollicit\u00e9 l\u2019aide de Luis Rubiales, ancien pr\u00e9sident de la Rfef, et d\u2019Aleksander Ceferin, [&hellip;]","og_url":"https:\/\/macite.tg\/?p=14651","article_published_time":"2024-05-22T14:06:11+00:00","article_modified_time":"2024-05-22T14:06:15+00:00","og_image":[{"width":500,"height":287,"url":"https:\/\/macite.tg\/wp-content\/uploads\/2024\/05\/Messi-Pique.jpg","type":"image\/jpeg"}],"author":"Jean Pierre BAWELA","twitter_card":"summary_large_image","twitter_misc":{"\u00c9crit par":"Jean Pierre BAWELA","Dur\u00e9e de lecture estim\u00e9e":"2 minutes"},"schema":{"@context":"https:\/\/schema.org","@graph":[{"@type":"Article","@id":"https:\/\/macite.tg\/?p=14651#article","isPartOf":{"@id":"https:\/\/macite.tg\/?p=14651"},"author":{"name":"Jean Pierre BAWELA","@id":"https:\/\/macite.tg\/#\/schema\/person\/e9f2de7e5dbbe7770a9402c7ce82f5c2"},"headline":"ESPAGNE\/AUDIOS COMPROMETTANTS\u00a0: Lionel Messi et G\u00e9rard Piqu\u00e9 dans le viseur\u2026","datePublished":"2024-05-22T14:06:11+00:00","dateModified":"2024-05-22T14:06:15+00:00","mainEntityOfPage":{"@id":"https:\/\/macite.tg\/?p=14651"},"wordCount":486,"commentCount":0,"image":{"@id":"https:\/\/macite.tg\/?p=14651#primaryimage"},"thumbnailUrl":"https:\/\/macite.tg\/wp-content\/uploads\/2024\/05\/Messi-Pique.jpg","articleSection":["ACTUALITE","SPORTS"],"inLanguage":"fr-FR","potentialAction":[{"@type":"CommentAction","name":"Comment","target":["https:\/\/macite.tg\/?p=14651#respond"]}]},{"@type":"WebPage","@id":"https:\/\/macite.tg\/?p=14651","url":"https:\/\/macite.tg\/?p=14651","name":"ESPAGNE\/AUDIOS COMPROMETTANTS\u00a0: Lionel Messi et G\u00e9rard Piqu\u00e9 dans le viseur\u2026 -","isPartOf":{"@id":"https:\/\/macite.tg\/#website"},"primaryImageOfPage":{"@id":"https:\/\/macite.tg\/?p=14651#primaryimage"},"image":{"@id":"https:\/\/macite.tg\/?p=14651#primaryimage"},"thumbnailUrl":"https:\/\/macite.tg\/wp-content\/uploads\/2024\/05\/Messi-Pique.jpg","datePublished":"2024-05-22T14:06:11+00:00","dateModified":"2024-05-22T14:06:15+00:00","author":{"@id":"https:\/\/macite.tg\/#\/schema\/person\/e9f2de7e5dbbe7770a9402c7ce82f5c2"},"breadcrumb":{"@id":"https:\/\/macite.tg\/?p=14651#breadcrumb"},"inLanguage":"fr-FR","potentialAction":[{"@type":"ReadAction","target":["https:\/\/macite.tg\/?p=14651"]}]},{"@type":"ImageObject","inLanguage":"fr-FR","@id":"https:\/\/macite.tg\/?p=14651#primaryimage","url":"https:\/\/macite.tg\/wp-content\/uploads\/2024\/05\/Messi-Pique.jpg","contentUrl":"https:\/\/macite.tg\/wp-content\/uploads\/2024\/05\/Messi-Pique.jpg","width":500,"height":287,"caption":"Lionel Messi et G\u00e9rard Piqu\u00e9 devant lles tribunaux?"},{"@type":"BreadcrumbList","@id":"https:\/\/macite.tg\/?p=14651#breadcrumb","itemListElement":[{"@type":"ListItem","position":1,"name":"Accueil","item":"https:\/\/macite.tg\/"},{"@type":"ListItem","position":2,"name":"ESPAGNE\/AUDIOS COMPROMETTANTS\u00a0: Lionel Messi et G\u00e9rard Piqu\u00e9 dans le viseur\u2026"}]},{"@type":"WebSite","@id":"https:\/\/macite.tg\/#website","url":"https:\/\/macite.tg\/","name":"","description":"L&#039;information, la bonne!!!","potentialAction":[{"@type":"SearchAction","target":{"@type":"EntryPoint","urlTemplate":"https:\/\/macite.tg\/?s={search_term_string}"},"query-input":{"@type":"PropertyValueSpecification","valueRequired":true,"valueName":"search_term_string"}}],"inLanguage":"fr-FR"},{"@type":"Person","@id":"https:\/\/macite.tg\/#\/schema\/person\/e9f2de7e5dbbe7770a9402c7ce82f5c2","name":"Jean Pierre BAWELA","image":{"@type":"ImageObject","inLanguage":"fr-FR","@id":"https:\/\/macite.tg\/wp-content\/uploads\/2023\/09\/WhatsApp-Image-2023-09-19-at-14.44.41-122x122.jpeg","url":"https:\/\/macite.tg\/wp-content\/uploads\/2023\/09\/WhatsApp-Image-2023-09-19-at-14.44.41-122x122.jpeg","contentUrl":"https:\/\/macite.tg\/wp-content\/uploads\/2023\/09\/WhatsApp-Image-2023-09-19-at-14.44.41-122x122.jpeg","caption":"Jean Pierre BAWELA"},"url":"https:\/\/macite.tg\/?author=2"}]}},"_links":{"self":[{"href":"https:\/\/macite.tg\/index.php?rest_route=\/wp\/v2\/posts\/14651","targetHints":{"allow":["GET"]}}],"collection":[{"href":"https:\/\/macite.tg\/index.php?rest_route=\/wp\/v2\/posts"}],"about":[{"href":"https:\/\/macite.tg\/index.php?rest_route=\/wp\/v2\/types\/post"}],"author":[{"embeddable":true,"href":"https:\/\/macite.tg\/index.php?rest_route=\/wp\/v2\/users\/2"}],"replies":[{"embeddable":true,"href":"https:\/\/macite.tg\/index.php?rest_route=%2Fwp%2Fv2%2Fcomments&post=14651"}],"version-history":[{"count":0,"href":"https:\/\/macite.tg\/index.php?rest_route=\/wp\/v2\/posts\/14651\/revisions"}],"wp:featuredmedia":[{"embeddable":true,"href":"https:\/\/macite.tg\/index.php?rest_route=\/wp\/v2\/media\/14657"}],"wp:attachment":[{"href":"https:\/\/macite.tg\/index.php?rest_route=%2Fwp%2Fv2%2Fmedia&parent=14651"}],"wp:term":[{"taxonomy":"category","embeddable":true,"href":"https:\/\/macite.tg\/index.php?rest_route=%2Fwp%2Fv2%2Fcategories&post=14651"},{"taxonomy":"post_tag","embeddable":true,"href":"https:\/\/macite.tg\/index.php?rest_route=%2Fwp%2Fv2%2Ftags&post=14651"}],"curies":[{"name":"wp","href":"https:\/\/api.w.org\/{rel}","templated":true}]}}