{"id":14634,"date":"2024-05-21T18:08:30","date_gmt":"2024-05-21T18:08:30","guid":{"rendered":"https:\/\/macite.tg\/?p=14634"},"modified":"2024-05-21T18:08:39","modified_gmt":"2024-05-21T18:08:39","slug":"togo-demission-de-la-pm-tomegah-doge","status":"publish","type":"post","link":"https:\/\/macite.tg\/?p=14634","title":{"rendered":"TOGO : D\u00e9mission de la Pm Tom\u00e9gah-Dog\u00e9\u2026"},"content":{"rendered":"\n<p class=\"wp-block-paragraph\"><strong><em>Ce 21 mai, la Cheffe de l\u2019ex\u00e9cutif, Mme Victoire Tom\u00e9gah-Dogb\u00e9 a rendu sa d\u00e9mission au Chef de l\u2019Etat, Faure Essozimna Gnassingb\u00e9, qui l\u2019a accept\u00e9.<\/em><\/strong><\/p>\n\n\n\n<p class=\"wp-block-paragraph\">D\u00e9sormais, la page Victoire Tom\u00e9gah-Dogb\u00e9 se tourne \u00e0 la t\u00eate de la Primature. La Cheffe du gouvernement togolais a remis sa d\u00e9mission ainsi que celle de son \u00e9quipe. <\/p>\n\n\n<div class=\"wp-block-image\">\n<figure class=\"aligncenter size-full is-resized\"><img loading=\"lazy\" decoding=\"async\" src=\"https:\/\/macite.tg\/wp-content\/uploads\/2024\/05\/ANNONCES-1-768x319-1.jpg\" alt=\"\" class=\"wp-image-14396\" width=\"841\" height=\"349\" srcset=\"https:\/\/macite.tg\/wp-content\/uploads\/2024\/05\/ANNONCES-1-768x319-1.jpg 768w, https:\/\/macite.tg\/wp-content\/uploads\/2024\/05\/ANNONCES-1-768x319-1-300x125.jpg 300w\" sizes=\"auto, (max-width: 841px) 100vw, 841px\" \/><\/figure>\n<\/div>\n\n\n<p class=\"wp-block-paragraph\">Ce que le Chef de l\u2019Etat togolais a accept\u00e9 avant de lui confier <em>\u00ab&nbsp;la gestion des affaires courantes&nbsp;\u00bb,<\/em> comme il est de coutume, en attendant la formation d\u2019une nouvelle \u00e9quipe gouvernementale.<\/p>\n\n\n\n<p class=\"wp-block-paragraph\">Cette d\u00e9mission intervient alors au lendemain de la tenue des \u00e9lections l\u00e9gislatives et r\u00e9gionales, et le jour m\u00eame de la rentr\u00e9e parlementaire de la 7<sup>\u00e8me<\/sup> l\u00e9gislature.<\/p>\n\n\n<div class=\"wp-block-image\">\n<figure class=\"aligncenter size-full is-resized\"><img loading=\"lazy\" decoding=\"async\" src=\"https:\/\/macite.tg\/wp-content\/uploads\/2024\/05\/IMG-20240313-WA0013.jpg\" alt=\"\" class=\"wp-image-14426\" width=\"836\" height=\"206\" srcset=\"https:\/\/macite.tg\/wp-content\/uploads\/2024\/05\/IMG-20240313-WA0013.jpg 690w, https:\/\/macite.tg\/wp-content\/uploads\/2024\/05\/IMG-20240313-WA0013-300x74.jpg 300w\" sizes=\"auto, (max-width: 836px) 100vw, 836px\" \/><\/figure>\n<\/div>\n\n\n<p class=\"wp-block-paragraph\">Selon des sources concordantes, l\u2019av\u00e8nement de la VI\u00e8me R\u00e9publique vient de faire des victimes suppl\u00e9mentaires, la seconde vague, apr\u00e8s le balayage des \u00e9lus de la 6<sup>\u00e8me<\/sup> l\u00e9gislature.<\/p>\n\n\n\n<p class=\"wp-block-paragraph\">Nous y reviendrons&nbsp;!!!<\/p>\n\n\n\n<p class=\"wp-block-paragraph\"><strong>La R\u00e9daction<\/strong><\/p>\n\n\n\n<p class=\"wp-block-paragraph\"><a><strong><em>@macite.tg&nbsp;&nbsp;&nbsp;&nbsp;&nbsp;&nbsp;&nbsp;&nbsp;<\/em><\/strong><\/a><\/p>\n\n\n\n<p class=\"wp-block-paragraph\"><strong><em>E-mail&nbsp;: <\/em><\/strong><a href=\"mailto:maciteinfo@gmail.com\"><strong><em>maciteinfo@gmail.com<\/em><\/strong><\/a><strong><em>; <\/em><\/strong><a href=\"mailto:bawela1@gmail.com\"><strong><em>bawela1@gmail.com<\/em><\/strong><\/a><strong><em><\/em><\/strong><\/p>\n\n\n\n<p class=\"wp-block-paragraph\"><strong><em>Pour vos annonces, (publi)reportages, etc., joignez-nous au (00228)91515309\/<strong>79872224 <\/strong>www.macite.tg, L\u2019information, la bonne&nbsp;!<\/em><\/strong><\/p>\n","protected":false},"excerpt":{"rendered":"<p class=\"text-justify mb-2\" >Ce 21 mai, la Cheffe de l\u2019ex\u00e9cutif, Mme Victoire Tom\u00e9gah-Dogb\u00e9 a rendu sa d\u00e9mission au Chef de l\u2019Etat, Faure Essozimna Gnassingb\u00e9, qui l\u2019a accept\u00e9. D\u00e9sormais, la page Victoire Tom\u00e9gah-Dogb\u00e9 se tourne \u00e0 la t\u00eate de la Primature. La Cheffe du gouvernement togolais a remis sa [&hellip;]<\/p>\n","protected":false},"author":2,"featured_media":14635,"comment_status":"open","ping_status":"open","sticky":false,"template":"","format":"standard","meta":{"footnotes":""},"categories":[20,1],"tags":[],"class_list":["post-14634","post","type-post","status-publish","format-standard","has-post-thumbnail","hentry","category-actualite","category-politique"],"yoast_head":"<!-- This site is optimized with the Yoast SEO plugin v28.4 - https:\/\/yoast.com\/product\/yoast-seo-wordpress\/ -->\n<title>TOGO : D\u00e9mission de la Pm Tom\u00e9gah-Dog\u00e9\u2026 -<\/title>\n<meta name=\"robots\" content=\"index, follow, max-snippet:-1, max-image-preview:large, max-video-preview:-1\" \/>\n<link rel=\"canonical\" href=\"https:\/\/macite.tg\/?p=14634\" \/>\n<meta property=\"og:locale\" content=\"fr_FR\" \/>\n<meta property=\"og:type\" content=\"article\" \/>\n<meta property=\"og:title\" content=\"TOGO : D\u00e9mission de la Pm Tom\u00e9gah-Dog\u00e9\u2026 -\" \/>\n<meta property=\"og:description\" content=\"Ce 21 mai, la Cheffe de l\u2019ex\u00e9cutif, Mme Victoire Tom\u00e9gah-Dogb\u00e9 a rendu sa d\u00e9mission au Chef de l\u2019Etat, Faure Essozimna Gnassingb\u00e9, qui l\u2019a accept\u00e9. D\u00e9sormais, la page Victoire Tom\u00e9gah-Dogb\u00e9 se tourne \u00e0 la t\u00eate de la Primature. La Cheffe du gouvernement togolais a remis sa [&hellip;]\" \/>\n<meta property=\"og:url\" content=\"https:\/\/macite.tg\/?p=14634\" \/>\n<meta property=\"article:published_time\" content=\"2024-05-21T18:08:30+00:00\" \/>\n<meta property=\"article:modified_time\" content=\"2024-05-21T18:08:39+00:00\" \/>\n<meta property=\"og:image\" content=\"https:\/\/macite.tg\/wp-content\/uploads\/2024\/05\/image-24.png\" \/>\n\t<meta property=\"og:image:width\" content=\"425\" \/>\n\t<meta property=\"og:image:height\" content=\"263\" \/>\n\t<meta property=\"og:image:type\" content=\"image\/png\" \/>\n<meta name=\"author\" content=\"Jean Pierre BAWELA\" \/>\n<meta name=\"twitter:card\" content=\"summary_large_image\" \/>\n<meta name=\"twitter:label1\" content=\"\u00c9crit par\" \/>\n\t<meta name=\"twitter:data1\" content=\"Jean Pierre BAWELA\" \/>\n\t<meta name=\"twitter:label2\" content=\"Dur\u00e9e de lecture estim\u00e9e\" \/>\n\t<meta name=\"twitter:data2\" content=\"1 minute\" \/>\n<script type=\"application\/ld+json\" class=\"yoast-schema-graph\">{\"@context\":\"https:\\\/\\\/schema.org\",\"@graph\":[{\"@type\":\"Article\",\"@id\":\"https:\\\/\\\/macite.tg\\\/?p=14634#article\",\"isPartOf\":{\"@id\":\"https:\\\/\\\/macite.tg\\\/?p=14634\"},\"author\":{\"name\":\"Jean Pierre BAWELA\",\"@id\":\"https:\\\/\\\/macite.tg\\\/#\\\/schema\\\/person\\\/e9f2de7e5dbbe7770a9402c7ce82f5c2\"},\"headline\":\"TOGO : D\u00e9mission de la Pm Tom\u00e9gah-Dog\u00e9\u2026\",\"datePublished\":\"2024-05-21T18:08:30+00:00\",\"dateModified\":\"2024-05-21T18:08:39+00:00\",\"mainEntityOfPage\":{\"@id\":\"https:\\\/\\\/macite.tg\\\/?p=14634\"},\"wordCount\":210,\"commentCount\":0,\"image\":{\"@id\":\"https:\\\/\\\/macite.tg\\\/?p=14634#primaryimage\"},\"thumbnailUrl\":\"https:\\\/\\\/macite.tg\\\/wp-content\\\/uploads\\\/2024\\\/05\\\/image-24.png\",\"articleSection\":[\"ACTUALITE\",\"POLITIQUE\"],\"inLanguage\":\"fr-FR\",\"potentialAction\":[{\"@type\":\"CommentAction\",\"name\":\"Comment\",\"target\":[\"https:\\\/\\\/macite.tg\\\/?p=14634#respond\"]}]},{\"@type\":\"WebPage\",\"@id\":\"https:\\\/\\\/macite.tg\\\/?p=14634\",\"url\":\"https:\\\/\\\/macite.tg\\\/?p=14634\",\"name\":\"TOGO : D\u00e9mission de la Pm Tom\u00e9gah-Dog\u00e9\u2026 -\",\"isPartOf\":{\"@id\":\"https:\\\/\\\/macite.tg\\\/#website\"},\"primaryImageOfPage\":{\"@id\":\"https:\\\/\\\/macite.tg\\\/?p=14634#primaryimage\"},\"image\":{\"@id\":\"https:\\\/\\\/macite.tg\\\/?p=14634#primaryimage\"},\"thumbnailUrl\":\"https:\\\/\\\/macite.tg\\\/wp-content\\\/uploads\\\/2024\\\/05\\\/image-24.png\",\"datePublished\":\"2024-05-21T18:08:30+00:00\",\"dateModified\":\"2024-05-21T18:08:39+00:00\",\"author\":{\"@id\":\"https:\\\/\\\/macite.tg\\\/#\\\/schema\\\/person\\\/e9f2de7e5dbbe7770a9402c7ce82f5c2\"},\"breadcrumb\":{\"@id\":\"https:\\\/\\\/macite.tg\\\/?p=14634#breadcrumb\"},\"inLanguage\":\"fr-FR\",\"potentialAction\":[{\"@type\":\"ReadAction\",\"target\":[\"https:\\\/\\\/macite.tg\\\/?p=14634\"]}]},{\"@type\":\"ImageObject\",\"inLanguage\":\"fr-FR\",\"@id\":\"https:\\\/\\\/macite.tg\\\/?p=14634#primaryimage\",\"url\":\"https:\\\/\\\/macite.tg\\\/wp-content\\\/uploads\\\/2024\\\/05\\\/image-24.png\",\"contentUrl\":\"https:\\\/\\\/macite.tg\\\/wp-content\\\/uploads\\\/2024\\\/05\\\/image-24.png\",\"width\":425,\"height\":263,\"caption\":\"La Pm Victoire Tom\u00e9gah-Dogb\u00e9 a d\u00e9missionn\u00e9.\"},{\"@type\":\"BreadcrumbList\",\"@id\":\"https:\\\/\\\/macite.tg\\\/?p=14634#breadcrumb\",\"itemListElement\":[{\"@type\":\"ListItem\",\"position\":1,\"name\":\"Accueil\",\"item\":\"https:\\\/\\\/macite.tg\\\/\"},{\"@type\":\"ListItem\",\"position\":2,\"name\":\"TOGO : D\u00e9mission de la Pm Tom\u00e9gah-Dog\u00e9\u2026\"}]},{\"@type\":\"WebSite\",\"@id\":\"https:\\\/\\\/macite.tg\\\/#website\",\"url\":\"https:\\\/\\\/macite.tg\\\/\",\"name\":\"\",\"description\":\"L&#039;information, la bonne!!!\",\"potentialAction\":[{\"@type\":\"SearchAction\",\"target\":{\"@type\":\"EntryPoint\",\"urlTemplate\":\"https:\\\/\\\/macite.tg\\\/?s={search_term_string}\"},\"query-input\":{\"@type\":\"PropertyValueSpecification\",\"valueRequired\":true,\"valueName\":\"search_term_string\"}}],\"inLanguage\":\"fr-FR\"},{\"@type\":\"Person\",\"@id\":\"https:\\\/\\\/macite.tg\\\/#\\\/schema\\\/person\\\/e9f2de7e5dbbe7770a9402c7ce82f5c2\",\"name\":\"Jean Pierre BAWELA\",\"image\":{\"@type\":\"ImageObject\",\"inLanguage\":\"fr-FR\",\"@id\":\"https:\\\/\\\/macite.tg\\\/wp-content\\\/uploads\\\/2023\\\/09\\\/WhatsApp-Image-2023-09-19-at-14.44.41-122x122.jpeg\",\"url\":\"https:\\\/\\\/macite.tg\\\/wp-content\\\/uploads\\\/2023\\\/09\\\/WhatsApp-Image-2023-09-19-at-14.44.41-122x122.jpeg\",\"contentUrl\":\"https:\\\/\\\/macite.tg\\\/wp-content\\\/uploads\\\/2023\\\/09\\\/WhatsApp-Image-2023-09-19-at-14.44.41-122x122.jpeg\",\"caption\":\"Jean Pierre BAWELA\"},\"url\":\"https:\\\/\\\/macite.tg\\\/?author=2\"}]}<\/script>\n<!-- \/ Yoast SEO plugin. -->","yoast_head_json":{"title":"TOGO : D\u00e9mission de la Pm Tom\u00e9gah-Dog\u00e9\u2026 -","robots":{"index":"index","follow":"follow","max-snippet":"max-snippet:-1","max-image-preview":"max-image-preview:large","max-video-preview":"max-video-preview:-1"},"canonical":"https:\/\/macite.tg\/?p=14634","og_locale":"fr_FR","og_type":"article","og_title":"TOGO : D\u00e9mission de la Pm Tom\u00e9gah-Dog\u00e9\u2026 -","og_description":"Ce 21 mai, la Cheffe de l\u2019ex\u00e9cutif, Mme Victoire Tom\u00e9gah-Dogb\u00e9 a rendu sa d\u00e9mission au Chef de l\u2019Etat, Faure Essozimna Gnassingb\u00e9, qui l\u2019a accept\u00e9. D\u00e9sormais, la page Victoire Tom\u00e9gah-Dogb\u00e9 se tourne \u00e0 la t\u00eate de la Primature. La Cheffe du gouvernement togolais a remis sa [&hellip;]","og_url":"https:\/\/macite.tg\/?p=14634","article_published_time":"2024-05-21T18:08:30+00:00","article_modified_time":"2024-05-21T18:08:39+00:00","og_image":[{"width":425,"height":263,"url":"https:\/\/macite.tg\/wp-content\/uploads\/2024\/05\/image-24.png","type":"image\/png"}],"author":"Jean Pierre BAWELA","twitter_card":"summary_large_image","twitter_misc":{"\u00c9crit par":"Jean Pierre BAWELA","Dur\u00e9e de lecture estim\u00e9e":"1 minute"},"schema":{"@context":"https:\/\/schema.org","@graph":[{"@type":"Article","@id":"https:\/\/macite.tg\/?p=14634#article","isPartOf":{"@id":"https:\/\/macite.tg\/?p=14634"},"author":{"name":"Jean Pierre BAWELA","@id":"https:\/\/macite.tg\/#\/schema\/person\/e9f2de7e5dbbe7770a9402c7ce82f5c2"},"headline":"TOGO : D\u00e9mission de la Pm Tom\u00e9gah-Dog\u00e9\u2026","datePublished":"2024-05-21T18:08:30+00:00","dateModified":"2024-05-21T18:08:39+00:00","mainEntityOfPage":{"@id":"https:\/\/macite.tg\/?p=14634"},"wordCount":210,"commentCount":0,"image":{"@id":"https:\/\/macite.tg\/?p=14634#primaryimage"},"thumbnailUrl":"https:\/\/macite.tg\/wp-content\/uploads\/2024\/05\/image-24.png","articleSection":["ACTUALITE","POLITIQUE"],"inLanguage":"fr-FR","potentialAction":[{"@type":"CommentAction","name":"Comment","target":["https:\/\/macite.tg\/?p=14634#respond"]}]},{"@type":"WebPage","@id":"https:\/\/macite.tg\/?p=14634","url":"https:\/\/macite.tg\/?p=14634","name":"TOGO : D\u00e9mission de la Pm Tom\u00e9gah-Dog\u00e9\u2026 -","isPartOf":{"@id":"https:\/\/macite.tg\/#website"},"primaryImageOfPage":{"@id":"https:\/\/macite.tg\/?p=14634#primaryimage"},"image":{"@id":"https:\/\/macite.tg\/?p=14634#primaryimage"},"thumbnailUrl":"https:\/\/macite.tg\/wp-content\/uploads\/2024\/05\/image-24.png","datePublished":"2024-05-21T18:08:30+00:00","dateModified":"2024-05-21T18:08:39+00:00","author":{"@id":"https:\/\/macite.tg\/#\/schema\/person\/e9f2de7e5dbbe7770a9402c7ce82f5c2"},"breadcrumb":{"@id":"https:\/\/macite.tg\/?p=14634#breadcrumb"},"inLanguage":"fr-FR","potentialAction":[{"@type":"ReadAction","target":["https:\/\/macite.tg\/?p=14634"]}]},{"@type":"ImageObject","inLanguage":"fr-FR","@id":"https:\/\/macite.tg\/?p=14634#primaryimage","url":"https:\/\/macite.tg\/wp-content\/uploads\/2024\/05\/image-24.png","contentUrl":"https:\/\/macite.tg\/wp-content\/uploads\/2024\/05\/image-24.png","width":425,"height":263,"caption":"La Pm Victoire Tom\u00e9gah-Dogb\u00e9 a d\u00e9missionn\u00e9."},{"@type":"BreadcrumbList","@id":"https:\/\/macite.tg\/?p=14634#breadcrumb","itemListElement":[{"@type":"ListItem","position":1,"name":"Accueil","item":"https:\/\/macite.tg\/"},{"@type":"ListItem","position":2,"name":"TOGO : D\u00e9mission de la Pm Tom\u00e9gah-Dog\u00e9\u2026"}]},{"@type":"WebSite","@id":"https:\/\/macite.tg\/#website","url":"https:\/\/macite.tg\/","name":"","description":"L&#039;information, la bonne!!!","potentialAction":[{"@type":"SearchAction","target":{"@type":"EntryPoint","urlTemplate":"https:\/\/macite.tg\/?s={search_term_string}"},"query-input":{"@type":"PropertyValueSpecification","valueRequired":true,"valueName":"search_term_string"}}],"inLanguage":"fr-FR"},{"@type":"Person","@id":"https:\/\/macite.tg\/#\/schema\/person\/e9f2de7e5dbbe7770a9402c7ce82f5c2","name":"Jean Pierre BAWELA","image":{"@type":"ImageObject","inLanguage":"fr-FR","@id":"https:\/\/macite.tg\/wp-content\/uploads\/2023\/09\/WhatsApp-Image-2023-09-19-at-14.44.41-122x122.jpeg","url":"https:\/\/macite.tg\/wp-content\/uploads\/2023\/09\/WhatsApp-Image-2023-09-19-at-14.44.41-122x122.jpeg","contentUrl":"https:\/\/macite.tg\/wp-content\/uploads\/2023\/09\/WhatsApp-Image-2023-09-19-at-14.44.41-122x122.jpeg","caption":"Jean Pierre BAWELA"},"url":"https:\/\/macite.tg\/?author=2"}]}},"_links":{"self":[{"href":"https:\/\/macite.tg\/index.php?rest_route=\/wp\/v2\/posts\/14634","targetHints":{"allow":["GET"]}}],"collection":[{"href":"https:\/\/macite.tg\/index.php?rest_route=\/wp\/v2\/posts"}],"about":[{"href":"https:\/\/macite.tg\/index.php?rest_route=\/wp\/v2\/types\/post"}],"author":[{"embeddable":true,"href":"https:\/\/macite.tg\/index.php?rest_route=\/wp\/v2\/users\/2"}],"replies":[{"embeddable":true,"href":"https:\/\/macite.tg\/index.php?rest_route=%2Fwp%2Fv2%2Fcomments&post=14634"}],"version-history":[{"count":0,"href":"https:\/\/macite.tg\/index.php?rest_route=\/wp\/v2\/posts\/14634\/revisions"}],"wp:featuredmedia":[{"embeddable":true,"href":"https:\/\/macite.tg\/index.php?rest_route=\/wp\/v2\/media\/14635"}],"wp:attachment":[{"href":"https:\/\/macite.tg\/index.php?rest_route=%2Fwp%2Fv2%2Fmedia&parent=14634"}],"wp:term":[{"taxonomy":"category","embeddable":true,"href":"https:\/\/macite.tg\/index.php?rest_route=%2Fwp%2Fv2%2Fcategories&post=14634"},{"taxonomy":"post_tag","embeddable":true,"href":"https:\/\/macite.tg\/index.php?rest_route=%2Fwp%2Fv2%2Ftags&post=14634"}],"curies":[{"name":"wp","href":"https:\/\/api.w.org\/{rel}","templated":true}]}}