{"id":14627,"date":"2024-05-21T16:59:00","date_gmt":"2024-05-21T16:59:00","guid":{"rendered":"https:\/\/macite.tg\/?p=14627"},"modified":"2024-05-21T16:59:02","modified_gmt":"2024-05-21T16:59:02","slug":"nouveau-pourvoir-au-senegal-lameuteurisme-sonko-ou-la-diplomatie-de-la-rue-par-amadou-ba","status":"publish","type":"post","link":"https:\/\/macite.tg\/?p=14627","title":{"rendered":"NOUVEAU POURVOIR AU SENEGAL: L\u2019ameuteurisme Sonko ou la diplomatie de la rue (par Amadou Ba)"},"content":{"rendered":"\n<p class=\"wp-block-paragraph\"><strong><em>Il est d\u00e9plorable et contradictoire que le Premier ministre d\u2019un \u00c9tat dont la r\u00e9putation internationale est fond\u00e9e sur sa culture d\u00e9mocratique exceptionnelle, dans un continent instable, d\u00e9clare soutenir des r\u00e9gimes putschistes.<\/em><\/strong><\/p>\n\n\n\n<p class=\"wp-block-paragraph\">Les hommes d\u2019\u00c9tat agissent et gouvernent avec une tentative permanente de r\u00e9soudre les dilemmes inh\u00e9rents \u00e0 leurs fonctions. Si gouverner, c\u2019est pr\u00e9voir, alors s\u2019adapter aux circonstances impr\u00e9visibles et savoir discerner l\u2019essentiel de l\u2019accessoire sont sans doute des qualit\u00e9s n\u00e9cessaires pour assurer le succ\u00e8s des d\u00e9cisions politiques.<\/p>\n\n\n\n<p class=\"wp-block-paragraph\">Ces qualit\u00e9s, ajout\u00e9es \u00e0 la prudence, l\u2019humilit\u00e9 et la mod\u00e9ration, doivent \u00e9galement fonder la conduite d\u2019un premier ministre. La prudence pour \u00e9viter de pr\u00e9cipiter son pays dans des crises inutiles, l\u2019humilit\u00e9 pour reconna\u00eetre les limites de sa capacit\u00e9 d\u2019action, et la mod\u00e9ration pour cr\u00e9er des conditions de dialogue, pr\u00e9alable \u00e0 la recherche de consensus indispensable \u00e0 l\u2019exercice du pouvoir d\u00e9mocratique.<\/p>\n\n\n<div class=\"wp-block-image\">\n<figure class=\"aligncenter size-full is-resized\"><img loading=\"lazy\" decoding=\"async\" src=\"https:\/\/macite.tg\/wp-content\/uploads\/2024\/05\/e73524b8-b5cb-4401-a4ac-095e75e4cf72.jpg\" alt=\"\" class=\"wp-image-14424\" width=\"642\" height=\"889\" srcset=\"https:\/\/macite.tg\/wp-content\/uploads\/2024\/05\/e73524b8-b5cb-4401-a4ac-095e75e4cf72.jpg 719w, https:\/\/macite.tg\/wp-content\/uploads\/2024\/05\/e73524b8-b5cb-4401-a4ac-095e75e4cf72-217x300.jpg 217w\" sizes=\"auto, (max-width: 642px) 100vw, 642px\" \/><\/figure>\n<\/div>\n\n\n<p class=\"wp-block-paragraph\">Au S\u00e9n\u00e9gal, la r\u00e9cente prise de parole de ce dernier est malencontreuse et laisse all\u00e9guer un gouffre strat\u00e9gique aux cons\u00e9quences diplomatiques potentiellement d\u00e9sastreuses. Les d\u00e9clarations explicites vis-\u00e0-vis d\u2019un \u00c9tat \u00e9tranger et les positions tranch\u00e9es concernant les futures relations entre le S\u00e9n\u00e9gal et les r\u00e9gimes putschistes traduisent un manque de sens des proportions.<\/p>\n\n\n\n<p class=\"wp-block-paragraph\">La marge de man\u0153uvre des dirigeants r\u00e9side dans leur capacit\u00e9 \u00e0 pr\u00e9server aussi longtemps que possible l\u2019ambigu\u00eft\u00e9 strat\u00e9gique de la position de leur pays plut\u00f4t que de les afficher clairement. L\u2019empressement, la fougue, l\u2019audace et la pr\u00e9cipitation conduisent souvent un g\u00e9n\u00e9ral \u00e0 la d\u00e9faite et un homme politique \u00e0 l\u2019\u00e9chec, quelle que soit la volont\u00e9 de r\u00e9ussite qui motive leur entreprise. Ces attitudes ont conduit Mamadou Dia en prison et priv\u00e9 le S\u00e9n\u00e9gal d\u2019un homme qui aurait pu changer sa destin\u00e9e. En politique, le silence et la r\u00e9serve sont des forces lorsqu\u2019elles sont align\u00e9es \u00e0 une strat\u00e9gie \u00e0 long terme.<\/p>\n\n\n\n<p class=\"wp-block-paragraph\">La pierre angulaire de la diplomatie de proximit\u00e9 du S\u00e9n\u00e9gal ne devrait pas se fonder sur un panafricanisme id\u00e9alis\u00e9 mais s\u2019accommoder aux imp\u00e9ratifs s\u00e9curitaires. Le congr\u00e8s de Cotonou de 1958 et les \u00e9v\u00e9nements qui ont pr\u00e9sid\u00e9 \u00e0 l\u2019\u00e9clatement de l\u2019exp\u00e9rience \u00e9ph\u00e9m\u00e8re de la f\u00e9d\u00e9ration du Mali en 1960 fournissent des \u00e9l\u00e9ments probants sur les limites politiques du panafricanisme.<\/p>\n\n\n\n<p class=\"wp-block-paragraph\">Les n\u00e9gociations \u00e0 l\u2019av\u00e8nement politique de cette f\u00e9d\u00e9ration avaient achopp\u00e9 sur les diff\u00e9rences des trajectoires politico-sociales des \u00c9tats, tout comme la divergence des int\u00e9r\u00eats g\u00e9opolitiques des \u00c9tats du Proche et Moyen-Orient avait triomph\u00e9 du panarabisme \u00e0 la m\u00eame \u00e9poque. \u00c0 la diff\u00e9rence des dirigeants arabes, ceux des panafricanistes peinent \u00e0 comprendre que la g\u00e9opolitique prime sur la philosophie.<\/p>\n\n\n\n<p class=\"wp-block-paragraph\">\u00c0 l\u2019aube de l\u2019exploitation des ressources p\u00e9troli\u00e8res et gazi\u00e8res, le d\u00e9fi prioritaire du gouvernement s\u00e9n\u00e9galais est de pr\u00e9server le pays de la mal\u00e9diction de l\u2019exploitation de cette ressource.<\/p>\n\n\n<div class=\"wp-block-image\">\n<figure class=\"aligncenter size-full is-resized\"><img loading=\"lazy\" decoding=\"async\" src=\"https:\/\/macite.tg\/wp-content\/uploads\/2024\/05\/IMG-20240313-WA0013.jpg\" alt=\"\" class=\"wp-image-14426\" width=\"841\" height=\"207\" srcset=\"https:\/\/macite.tg\/wp-content\/uploads\/2024\/05\/IMG-20240313-WA0013.jpg 690w, https:\/\/macite.tg\/wp-content\/uploads\/2024\/05\/IMG-20240313-WA0013-300x74.jpg 300w\" sizes=\"auto, (max-width: 841px) 100vw, 841px\" \/><\/figure>\n<\/div>\n\n\n<p class=\"wp-block-paragraph\">Pour ce faire, le S\u00e9n\u00e9gal doit surmonter la contradiction suivante : d\u2019une part, \u00e9viter d\u2019attirer les foudres des terroristes sur son territoire en soutenant les r\u00e9gimes auxquels ils s\u2019opposent, en l\u2019occurrence le Mali, le Burkina Faso et le Niger, \u00e0 l\u2019exception notable de la Guin\u00e9e ; d\u2019autre part, nouer des relations de s\u00e9curit\u00e9 secr\u00e8tes avec ces pays pour \u00e9viter leur d\u00e9sint\u00e9gration totale, ce qui pourrait menacer les fronti\u00e8res du S\u00e9n\u00e9gal et envenimer la situation en Casamance. Toujours est-il que le secret et l\u2019ambigu\u00eft\u00e9 oblige le gouvernement s\u00e9n\u00e9galais. L\u2019histoire regorge d\u2019exemples qui enseignent avec force que la politique \u00e9trang\u00e8re ne peut pas se fonder sur une amiti\u00e9 ou une solidarit\u00e9 id\u00e9alis\u00e9e.<\/p>\n\n\n\n<p class=\"wp-block-paragraph\">Il y a dans ces impr\u00e9cations et ces positions audacieuses quelque chose d\u2019amateurisme que l\u2019on pourrait imputer soit \u00e0 une absence de discernement g\u00e9opolitique, laissant entrevoir des pr\u00e9monitions inqui\u00e9tantes pour l\u2019avenir de la diplomatie s\u00e9n\u00e9galaise, soit \u00e0 la pr\u00e9pond\u00e9rance d\u2019un Premier ministre trop puissant et mal entour\u00e9 en termes de conseillers diplomatiques.<\/p>\n\n\n\n<p class=\"wp-block-paragraph\">La seconde hypoth\u00e8se semble plus plausible, car la politique \u00e9trang\u00e8re est un domaine r\u00e9serv\u00e9 au chef de l\u2019\u00c9tat et non au chef du gouvernement. La tentative de ce dernier d\u2019attribuer ses positions \u00e0 son statut de chef de parti ne compense pas ses incartades.<\/p>\n\n\n\n<p class=\"wp-block-paragraph\">Je pense que l\u2019histoire nous a d\u00e9montr\u00e9, \u00e0 maintes reprises, que les r\u00e9volutions ne sont pas porteuses de changement lorsqu\u2019elles sont dict\u00e9es par la ferveur populaire d\u00e9bordante. Le r\u00f4le d\u2019un homme d\u2019\u00c9tat est alors d\u2019orienter cette ferveur vers un horizon d\u2019avenir inspir\u00e9 du pass\u00e9 et des r\u00e9alit\u00e9s sociales, au lieu de se laisser submerger par les humeurs volatiles du peuple. De ce fait, il faut accepter d\u2019\u00eatre mal compris, critiqu\u00e9 et d\u00e9test\u00e9. Les masses ignorent les r\u00e9alit\u00e9s politiques et les pratiques du pouvoir, o\u00f9 seule l\u2019ambigu\u00eft\u00e9 strat\u00e9gique sous le sceau du secret assure le salut s\u00e9curitaire des \u00c9tats.<\/p>\n\n\n\n<p class=\"wp-block-paragraph\">De l\u2019incapacit\u00e9 \u00e0 canaliser les frustrations populaires et \u00e0 cadrer les espoirs qu\u2019elles g\u00e9n\u00e8rent, beaucoup de r\u00e9volutionnaires ont ajourn\u00e9 le d\u00e9collage \u00e9conomique de leur pays. C\u2019est ainsi que le nationalisme de Nasser a sacrifi\u00e9 l\u2019\u00c9gypte et diff\u00e9r\u00e9 son d\u00e9veloppement. La nationalisation du canal de Suez, au prix d\u2019une guerre, a plut\u00f4t servi \u00e0 bercer la fiert\u00e9 et l\u2019ego des \u00c9gyptiens qu\u2019\u00e0 am\u00e9liorer leurs conditions de vie.<\/p>\n\n\n<div class=\"wp-block-image\">\n<figure class=\"aligncenter size-large is-resized\"><img loading=\"lazy\" decoding=\"async\" src=\"https:\/\/macite.tg\/wp-content\/uploads\/2024\/05\/IMG-20240313-WA0011-775x1024.jpg\" alt=\"\" class=\"wp-image-14562\" width=\"571\" height=\"754\" srcset=\"https:\/\/macite.tg\/wp-content\/uploads\/2024\/05\/IMG-20240313-WA0011-775x1024.jpg 775w, https:\/\/macite.tg\/wp-content\/uploads\/2024\/05\/IMG-20240313-WA0011-227x300.jpg 227w, https:\/\/macite.tg\/wp-content\/uploads\/2024\/05\/IMG-20240313-WA0011-768x1015.jpg 768w, https:\/\/macite.tg\/wp-content\/uploads\/2024\/05\/IMG-20240313-WA0011.jpg 1134w\" sizes=\"auto, (max-width: 571px) 100vw, 571px\" \/><\/figure>\n<\/div>\n\n\n<p class=\"wp-block-paragraph\">Un homme d\u2019\u00c9tat peut exploiter les passions populaires pour acc\u00e9der au pouvoir, mais il doit s\u2019appuyer sur la raison pour l\u2019exercer. Cela nous am\u00e8ne \u00e0 ce dilemme machiav\u00e9lien de l\u2019esprit du renard et de la force du lion. Puisque le S\u00e9n\u00e9gal n\u2019est pas en position de force pour imposer ses visions, il est n\u00e9cessaire de s\u2019inspirer de l\u2019esprit du renard pour retrouver plus tard la force du lion. Telle fut la posture du premier ministre singapourien, Lee Kuan Yew, qui a permis le d\u00e9veloppement fulgurant de Singapour et auquel les dirigeants du S\u00e9n\u00e9gal devraient s\u2019inspirer.<\/p>\n\n\n\n<p class=\"wp-block-paragraph\"><strong>Ba Amadou<\/strong><br><strong>Amadoub883@gmail.com<\/strong><\/p>\n\n\n\n<p class=\"wp-block-paragraph\"><strong>Source : SeneNews<\/strong><\/p>\n\n\n\n<p class=\"wp-block-paragraph\"><a><strong><em>@macite.tg&nbsp;&nbsp;&nbsp;&nbsp;&nbsp;&nbsp;&nbsp;&nbsp;<\/em><\/strong><\/a><\/p>\n\n\n\n<p class=\"wp-block-paragraph\"><strong><em>E-mail&nbsp;: <\/em><\/strong><a href=\"mailto:maciteinfo@gmail.com\"><strong><em>maciteinfo@gmail.com<\/em><\/strong><\/a><strong><em>; <\/em><\/strong><a href=\"mailto:bawela1@gmail.com\"><strong><em>bawela1@gmail.com<\/em><\/strong><\/a><strong><em><\/em><\/strong><\/p>\n\n\n\n<p class=\"wp-block-paragraph\"><strong><em>Pour vos annonces, (publi)reportages, etc., joignez-nous au (00228)91515309\/<strong>79872224 <\/strong>www.macite.tg, L\u2019information, la bonne&nbsp;!<\/em><\/strong><\/p>\n","protected":false},"excerpt":{"rendered":"<p class=\"text-justify mb-2\" >Il est d\u00e9plorable et contradictoire que le Premier ministre d\u2019un \u00c9tat dont la r\u00e9putation internationale est fond\u00e9e sur sa culture d\u00e9mocratique exceptionnelle, dans un continent instable, d\u00e9clare soutenir des r\u00e9gimes putschistes. Les hommes d\u2019\u00c9tat agissent et gouvernent avec une tentative permanente de r\u00e9soudre les dilemmes [&hellip;]<\/p>\n","protected":false},"author":2,"featured_media":14628,"comment_status":"open","ping_status":"open","sticky":false,"template":"","format":"standard","meta":{"footnotes":""},"categories":[20,27],"tags":[],"class_list":["post-14627","post","type-post","status-publish","format-standard","has-post-thumbnail","hentry","category-actualite","category-opinion"],"yoast_head":"<!-- This site is optimized with the Yoast SEO plugin v28.4 - https:\/\/yoast.com\/product\/yoast-seo-wordpress\/ -->\n<title>NOUVEAU POURVOIR AU SENEGAL: L\u2019ameuteurisme Sonko ou la diplomatie de la rue (par Amadou Ba) -<\/title>\n<meta name=\"robots\" content=\"index, follow, max-snippet:-1, max-image-preview:large, max-video-preview:-1\" \/>\n<link rel=\"canonical\" href=\"https:\/\/macite.tg\/?p=14627\" \/>\n<meta property=\"og:locale\" content=\"fr_FR\" \/>\n<meta property=\"og:type\" content=\"article\" \/>\n<meta property=\"og:title\" content=\"NOUVEAU POURVOIR AU SENEGAL: L\u2019ameuteurisme Sonko ou la diplomatie de la rue (par Amadou Ba) -\" \/>\n<meta property=\"og:description\" content=\"Il est d\u00e9plorable et contradictoire que le Premier ministre d\u2019un \u00c9tat dont la r\u00e9putation internationale est fond\u00e9e sur sa culture d\u00e9mocratique exceptionnelle, dans un continent instable, d\u00e9clare soutenir des r\u00e9gimes putschistes. Les hommes d\u2019\u00c9tat agissent et gouvernent avec une tentative permanente de r\u00e9soudre les dilemmes [&hellip;]\" \/>\n<meta property=\"og:url\" content=\"https:\/\/macite.tg\/?p=14627\" \/>\n<meta property=\"article:published_time\" content=\"2024-05-21T16:59:00+00:00\" \/>\n<meta property=\"article:modified_time\" content=\"2024-05-21T16:59:02+00:00\" \/>\n<meta property=\"og:image\" content=\"https:\/\/macite.tg\/wp-content\/uploads\/2024\/05\/Sonko-1.jpg\" \/>\n\t<meta property=\"og:image:width\" content=\"500\" \/>\n\t<meta property=\"og:image:height\" content=\"333\" \/>\n\t<meta property=\"og:image:type\" content=\"image\/jpeg\" \/>\n<meta name=\"author\" content=\"Jean Pierre BAWELA\" \/>\n<meta name=\"twitter:card\" content=\"summary_large_image\" \/>\n<meta name=\"twitter:label1\" content=\"\u00c9crit par\" \/>\n\t<meta name=\"twitter:data1\" content=\"Jean Pierre BAWELA\" \/>\n\t<meta name=\"twitter:label2\" content=\"Dur\u00e9e de lecture estim\u00e9e\" \/>\n\t<meta name=\"twitter:data2\" content=\"6 minutes\" \/>\n<script type=\"application\/ld+json\" class=\"yoast-schema-graph\">{\"@context\":\"https:\\\/\\\/schema.org\",\"@graph\":[{\"@type\":\"Article\",\"@id\":\"https:\\\/\\\/macite.tg\\\/?p=14627#article\",\"isPartOf\":{\"@id\":\"https:\\\/\\\/macite.tg\\\/?p=14627\"},\"author\":{\"name\":\"Jean Pierre BAWELA\",\"@id\":\"https:\\\/\\\/macite.tg\\\/#\\\/schema\\\/person\\\/e9f2de7e5dbbe7770a9402c7ce82f5c2\"},\"headline\":\"NOUVEAU POURVOIR AU SENEGAL: L\u2019ameuteurisme Sonko ou la diplomatie de la rue (par Amadou Ba)\",\"datePublished\":\"2024-05-21T16:59:00+00:00\",\"dateModified\":\"2024-05-21T16:59:02+00:00\",\"mainEntityOfPage\":{\"@id\":\"https:\\\/\\\/macite.tg\\\/?p=14627\"},\"wordCount\":1133,\"commentCount\":0,\"image\":{\"@id\":\"https:\\\/\\\/macite.tg\\\/?p=14627#primaryimage\"},\"thumbnailUrl\":\"https:\\\/\\\/macite.tg\\\/wp-content\\\/uploads\\\/2024\\\/05\\\/Sonko-1.jpg\",\"articleSection\":[\"ACTUALITE\",\"OPINION\"],\"inLanguage\":\"fr-FR\",\"potentialAction\":[{\"@type\":\"CommentAction\",\"name\":\"Comment\",\"target\":[\"https:\\\/\\\/macite.tg\\\/?p=14627#respond\"]}]},{\"@type\":\"WebPage\",\"@id\":\"https:\\\/\\\/macite.tg\\\/?p=14627\",\"url\":\"https:\\\/\\\/macite.tg\\\/?p=14627\",\"name\":\"NOUVEAU POURVOIR AU SENEGAL: L\u2019ameuteurisme Sonko ou la diplomatie de la rue (par Amadou Ba) -\",\"isPartOf\":{\"@id\":\"https:\\\/\\\/macite.tg\\\/#website\"},\"primaryImageOfPage\":{\"@id\":\"https:\\\/\\\/macite.tg\\\/?p=14627#primaryimage\"},\"image\":{\"@id\":\"https:\\\/\\\/macite.tg\\\/?p=14627#primaryimage\"},\"thumbnailUrl\":\"https:\\\/\\\/macite.tg\\\/wp-content\\\/uploads\\\/2024\\\/05\\\/Sonko-1.jpg\",\"datePublished\":\"2024-05-21T16:59:00+00:00\",\"dateModified\":\"2024-05-21T16:59:02+00:00\",\"author\":{\"@id\":\"https:\\\/\\\/macite.tg\\\/#\\\/schema\\\/person\\\/e9f2de7e5dbbe7770a9402c7ce82f5c2\"},\"breadcrumb\":{\"@id\":\"https:\\\/\\\/macite.tg\\\/?p=14627#breadcrumb\"},\"inLanguage\":\"fr-FR\",\"potentialAction\":[{\"@type\":\"ReadAction\",\"target\":[\"https:\\\/\\\/macite.tg\\\/?p=14627\"]}]},{\"@type\":\"ImageObject\",\"inLanguage\":\"fr-FR\",\"@id\":\"https:\\\/\\\/macite.tg\\\/?p=14627#primaryimage\",\"url\":\"https:\\\/\\\/macite.tg\\\/wp-content\\\/uploads\\\/2024\\\/05\\\/Sonko-1.jpg\",\"contentUrl\":\"https:\\\/\\\/macite.tg\\\/wp-content\\\/uploads\\\/2024\\\/05\\\/Sonko-1.jpg\",\"width\":500,\"height\":333,\"caption\":\"Au milieu, le PM s\u00e9n\u00e9galais, ousmane Sonko.\"},{\"@type\":\"BreadcrumbList\",\"@id\":\"https:\\\/\\\/macite.tg\\\/?p=14627#breadcrumb\",\"itemListElement\":[{\"@type\":\"ListItem\",\"position\":1,\"name\":\"Accueil\",\"item\":\"https:\\\/\\\/macite.tg\\\/\"},{\"@type\":\"ListItem\",\"position\":2,\"name\":\"NOUVEAU POURVOIR AU SENEGAL: L\u2019ameuteurisme Sonko ou la diplomatie de la rue (par Amadou Ba)\"}]},{\"@type\":\"WebSite\",\"@id\":\"https:\\\/\\\/macite.tg\\\/#website\",\"url\":\"https:\\\/\\\/macite.tg\\\/\",\"name\":\"\",\"description\":\"L&#039;information, la bonne!!!\",\"potentialAction\":[{\"@type\":\"SearchAction\",\"target\":{\"@type\":\"EntryPoint\",\"urlTemplate\":\"https:\\\/\\\/macite.tg\\\/?s={search_term_string}\"},\"query-input\":{\"@type\":\"PropertyValueSpecification\",\"valueRequired\":true,\"valueName\":\"search_term_string\"}}],\"inLanguage\":\"fr-FR\"},{\"@type\":\"Person\",\"@id\":\"https:\\\/\\\/macite.tg\\\/#\\\/schema\\\/person\\\/e9f2de7e5dbbe7770a9402c7ce82f5c2\",\"name\":\"Jean Pierre BAWELA\",\"image\":{\"@type\":\"ImageObject\",\"inLanguage\":\"fr-FR\",\"@id\":\"https:\\\/\\\/macite.tg\\\/wp-content\\\/uploads\\\/2023\\\/09\\\/WhatsApp-Image-2023-09-19-at-14.44.41-122x122.jpeg\",\"url\":\"https:\\\/\\\/macite.tg\\\/wp-content\\\/uploads\\\/2023\\\/09\\\/WhatsApp-Image-2023-09-19-at-14.44.41-122x122.jpeg\",\"contentUrl\":\"https:\\\/\\\/macite.tg\\\/wp-content\\\/uploads\\\/2023\\\/09\\\/WhatsApp-Image-2023-09-19-at-14.44.41-122x122.jpeg\",\"caption\":\"Jean Pierre BAWELA\"},\"url\":\"https:\\\/\\\/macite.tg\\\/?author=2\"}]}<\/script>\n<!-- \/ Yoast SEO plugin. -->","yoast_head_json":{"title":"NOUVEAU POURVOIR AU SENEGAL: L\u2019ameuteurisme Sonko ou la diplomatie de la rue (par Amadou Ba) -","robots":{"index":"index","follow":"follow","max-snippet":"max-snippet:-1","max-image-preview":"max-image-preview:large","max-video-preview":"max-video-preview:-1"},"canonical":"https:\/\/macite.tg\/?p=14627","og_locale":"fr_FR","og_type":"article","og_title":"NOUVEAU POURVOIR AU SENEGAL: L\u2019ameuteurisme Sonko ou la diplomatie de la rue (par Amadou Ba) -","og_description":"Il est d\u00e9plorable et contradictoire que le Premier ministre d\u2019un \u00c9tat dont la r\u00e9putation internationale est fond\u00e9e sur sa culture d\u00e9mocratique exceptionnelle, dans un continent instable, d\u00e9clare soutenir des r\u00e9gimes putschistes. Les hommes d\u2019\u00c9tat agissent et gouvernent avec une tentative permanente de r\u00e9soudre les dilemmes [&hellip;]","og_url":"https:\/\/macite.tg\/?p=14627","article_published_time":"2024-05-21T16:59:00+00:00","article_modified_time":"2024-05-21T16:59:02+00:00","og_image":[{"width":500,"height":333,"url":"https:\/\/macite.tg\/wp-content\/uploads\/2024\/05\/Sonko-1.jpg","type":"image\/jpeg"}],"author":"Jean Pierre BAWELA","twitter_card":"summary_large_image","twitter_misc":{"\u00c9crit par":"Jean Pierre BAWELA","Dur\u00e9e de lecture estim\u00e9e":"6 minutes"},"schema":{"@context":"https:\/\/schema.org","@graph":[{"@type":"Article","@id":"https:\/\/macite.tg\/?p=14627#article","isPartOf":{"@id":"https:\/\/macite.tg\/?p=14627"},"author":{"name":"Jean Pierre BAWELA","@id":"https:\/\/macite.tg\/#\/schema\/person\/e9f2de7e5dbbe7770a9402c7ce82f5c2"},"headline":"NOUVEAU POURVOIR AU SENEGAL: L\u2019ameuteurisme Sonko ou la diplomatie de la rue (par Amadou Ba)","datePublished":"2024-05-21T16:59:00+00:00","dateModified":"2024-05-21T16:59:02+00:00","mainEntityOfPage":{"@id":"https:\/\/macite.tg\/?p=14627"},"wordCount":1133,"commentCount":0,"image":{"@id":"https:\/\/macite.tg\/?p=14627#primaryimage"},"thumbnailUrl":"https:\/\/macite.tg\/wp-content\/uploads\/2024\/05\/Sonko-1.jpg","articleSection":["ACTUALITE","OPINION"],"inLanguage":"fr-FR","potentialAction":[{"@type":"CommentAction","name":"Comment","target":["https:\/\/macite.tg\/?p=14627#respond"]}]},{"@type":"WebPage","@id":"https:\/\/macite.tg\/?p=14627","url":"https:\/\/macite.tg\/?p=14627","name":"NOUVEAU POURVOIR AU SENEGAL: L\u2019ameuteurisme Sonko ou la diplomatie de la rue (par Amadou Ba) -","isPartOf":{"@id":"https:\/\/macite.tg\/#website"},"primaryImageOfPage":{"@id":"https:\/\/macite.tg\/?p=14627#primaryimage"},"image":{"@id":"https:\/\/macite.tg\/?p=14627#primaryimage"},"thumbnailUrl":"https:\/\/macite.tg\/wp-content\/uploads\/2024\/05\/Sonko-1.jpg","datePublished":"2024-05-21T16:59:00+00:00","dateModified":"2024-05-21T16:59:02+00:00","author":{"@id":"https:\/\/macite.tg\/#\/schema\/person\/e9f2de7e5dbbe7770a9402c7ce82f5c2"},"breadcrumb":{"@id":"https:\/\/macite.tg\/?p=14627#breadcrumb"},"inLanguage":"fr-FR","potentialAction":[{"@type":"ReadAction","target":["https:\/\/macite.tg\/?p=14627"]}]},{"@type":"ImageObject","inLanguage":"fr-FR","@id":"https:\/\/macite.tg\/?p=14627#primaryimage","url":"https:\/\/macite.tg\/wp-content\/uploads\/2024\/05\/Sonko-1.jpg","contentUrl":"https:\/\/macite.tg\/wp-content\/uploads\/2024\/05\/Sonko-1.jpg","width":500,"height":333,"caption":"Au milieu, le PM s\u00e9n\u00e9galais, ousmane Sonko."},{"@type":"BreadcrumbList","@id":"https:\/\/macite.tg\/?p=14627#breadcrumb","itemListElement":[{"@type":"ListItem","position":1,"name":"Accueil","item":"https:\/\/macite.tg\/"},{"@type":"ListItem","position":2,"name":"NOUVEAU POURVOIR AU SENEGAL: L\u2019ameuteurisme Sonko ou la diplomatie de la rue (par Amadou Ba)"}]},{"@type":"WebSite","@id":"https:\/\/macite.tg\/#website","url":"https:\/\/macite.tg\/","name":"","description":"L&#039;information, la bonne!!!","potentialAction":[{"@type":"SearchAction","target":{"@type":"EntryPoint","urlTemplate":"https:\/\/macite.tg\/?s={search_term_string}"},"query-input":{"@type":"PropertyValueSpecification","valueRequired":true,"valueName":"search_term_string"}}],"inLanguage":"fr-FR"},{"@type":"Person","@id":"https:\/\/macite.tg\/#\/schema\/person\/e9f2de7e5dbbe7770a9402c7ce82f5c2","name":"Jean Pierre BAWELA","image":{"@type":"ImageObject","inLanguage":"fr-FR","@id":"https:\/\/macite.tg\/wp-content\/uploads\/2023\/09\/WhatsApp-Image-2023-09-19-at-14.44.41-122x122.jpeg","url":"https:\/\/macite.tg\/wp-content\/uploads\/2023\/09\/WhatsApp-Image-2023-09-19-at-14.44.41-122x122.jpeg","contentUrl":"https:\/\/macite.tg\/wp-content\/uploads\/2023\/09\/WhatsApp-Image-2023-09-19-at-14.44.41-122x122.jpeg","caption":"Jean Pierre BAWELA"},"url":"https:\/\/macite.tg\/?author=2"}]}},"_links":{"self":[{"href":"https:\/\/macite.tg\/index.php?rest_route=\/wp\/v2\/posts\/14627","targetHints":{"allow":["GET"]}}],"collection":[{"href":"https:\/\/macite.tg\/index.php?rest_route=\/wp\/v2\/posts"}],"about":[{"href":"https:\/\/macite.tg\/index.php?rest_route=\/wp\/v2\/types\/post"}],"author":[{"embeddable":true,"href":"https:\/\/macite.tg\/index.php?rest_route=\/wp\/v2\/users\/2"}],"replies":[{"embeddable":true,"href":"https:\/\/macite.tg\/index.php?rest_route=%2Fwp%2Fv2%2Fcomments&post=14627"}],"version-history":[{"count":0,"href":"https:\/\/macite.tg\/index.php?rest_route=\/wp\/v2\/posts\/14627\/revisions"}],"wp:featuredmedia":[{"embeddable":true,"href":"https:\/\/macite.tg\/index.php?rest_route=\/wp\/v2\/media\/14628"}],"wp:attachment":[{"href":"https:\/\/macite.tg\/index.php?rest_route=%2Fwp%2Fv2%2Fmedia&parent=14627"}],"wp:term":[{"taxonomy":"category","embeddable":true,"href":"https:\/\/macite.tg\/index.php?rest_route=%2Fwp%2Fv2%2Fcategories&post=14627"},{"taxonomy":"post_tag","embeddable":true,"href":"https:\/\/macite.tg\/index.php?rest_route=%2Fwp%2Fv2%2Ftags&post=14627"}],"curies":[{"name":"wp","href":"https:\/\/api.w.org\/{rel}","templated":true}]}}