{"id":145,"date":"2022-09-17T14:06:47","date_gmt":"2022-09-17T14:06:47","guid":{"rendered":"https:\/\/macite.info\/?p=145"},"modified":"2022-09-17T14:06:48","modified_gmt":"2022-09-17T14:06:48","slug":"abass-kaboua-un-depute-plus-proche-de-sa-base","status":"publish","type":"post","link":"https:\/\/macite.tg\/?p=145","title":{"rendered":"ABASS KABOUA\u00a0: Un d\u00e9put\u00e9 plus proche de sa base \u2026"},"content":{"rendered":"\n<p class=\"wp-block-paragraph\"><strong><em>Les 11 et 12 septembre dernier, l\u2019honorable Abass Kaboua a t\u00e9moign\u00e9 une fois encore son attachement \u00e0 sa base, Dayi. Il a men\u00e9 plusieurs activit\u00e9s, juste pour soutenir les populations qui lui ont accord\u00e9 leur confiance.<\/em><\/strong><\/p>\n\n\n\n<p class=\"wp-block-paragraph\">L\u2019honorable Abass Kaboua n\u2019incarne-t-il le mod\u00e8le de d\u00e9put\u00e9s que veulent les populations&nbsp;? On ne peut r\u00e9pondre que par une affirmative, vue les faits et gestes de ce d\u00e9put\u00e9 \u00e9lu sous la banni\u00e8re du Mouvement des R\u00e9publicains Centristes (MRC), dans la pr\u00e9fecture de Danyi, dans la r\u00e9gion des Plateaux.<\/p>\n\n\n<div class=\"wp-block-image\">\n<figure class=\"aligncenter size-full is-resized\"><img loading=\"lazy\" decoding=\"async\" src=\"https:\/\/macite.tg\/wp-content\/uploads\/2022\/09\/OTR.jpg\" alt=\"\" class=\"wp-image-67\" width=\"408\" height=\"228\"\/><\/figure>\n<\/div>\n\n\n<p class=\"wp-block-paragraph\">Les 11 et 12 septembre dernier, le d\u00e9put\u00e9 Kaboua a encore fait parler son c\u0153ur en organisant une s\u00e9rie d\u2019activit\u00e9s pour apporter sa contribution au bien-\u00eatre de ses concitoyens. Don de fournitures scolaires accompagner d\u2019un peu d\u2019argent en esp\u00e8ce, don de ballons, organisation d\u2019un tournoi de foot d\u00e9nomm\u00e9 Tournoi de la Renaissance, des r\u00e9jouissances populaires, c\u2019est l\u2019ensemble de ce cocktails qui porte la griffe de l\u2019\u00e9lu du peuple de Danyi.<\/p>\n\n\n\n<p class=\"wp-block-paragraph\">Et loin de s\u2019arr\u00eater l\u00e0, l\u2019homme politique de vieilles dates, s\u2019est \u00e9galement occup\u00e9 des nouveaux bacheliers de la pr\u00e9fecture. Il a fait \u00e9tablir des certificats de nationalit\u00e9 \u00e0 dix nouveaux bacheliers de la pr\u00e9fecture.<\/p>\n\n\n\n<p class=\"wp-block-paragraph\">Cette s\u00e9ries d\u2019activit\u00e9s, notons-le, a \u00e9t\u00e9 r\u00e9alis\u00e9e avec la complicit\u00e9 du pr\u00e9fet de Danyi, Ko\u00e9vi Koko Folly.<\/p>\n\n\n\n<p class=\"wp-block-paragraph\"><strong>JPB<\/strong><\/p>\n\n\n\n<p class=\"wp-block-paragraph\"><strong><em>@macite.info<\/em><\/strong><\/p>\n\n\n\n<p class=\"wp-block-paragraph\"><strong><em>E-mail&nbsp;: <\/em><\/strong><a href=\"mailto:maciteinfo@gmail.com\"><strong><em>maciteinfo@gmail.com<\/em><\/strong><\/a><strong><em>; <\/em><\/strong><a href=\"mailto:bawela1@gmail.com\"><strong><em>bawela1@gmail.com<\/em><\/strong><\/a><strong><em><\/em><\/strong><\/p>\n\n\n\n<p class=\"wp-block-paragraph\"><strong><em>Pour vos annonces, (publi)reportages, etc., joignez nous au (00228) 91515309\/<strong>79872224<\/strong><\/em><\/strong><em><\/em><\/p>\n\n\n\n<p class=\"wp-block-paragraph\"><a href=\"http:\/\/www.macite.info\"><strong><em>www.macite.info<\/em><\/strong><\/a><strong><em>, L\u2019information, la bonne&nbsp;!<\/em><\/strong><\/p>\n","protected":false},"excerpt":{"rendered":"<p class=\"text-justify mb-2\" >Les 11 et 12 septembre dernier, l\u2019honorable Abass Kaboua a t\u00e9moign\u00e9 une fois encore son attachement \u00e0 sa base, Dayi. Il a men\u00e9 plusieurs activit\u00e9s, juste pour soutenir les populations qui lui ont accord\u00e9 leur confiance. L\u2019honorable Abass Kaboua n\u2019incarne-t-il le mod\u00e8le de d\u00e9put\u00e9s que [&hellip;]<\/p>\n","protected":false},"author":2,"featured_media":147,"comment_status":"open","ping_status":"open","sticky":false,"template":"","format":"standard","meta":{"footnotes":""},"categories":[1],"tags":[],"class_list":["post-145","post","type-post","status-publish","format-standard","has-post-thumbnail","hentry","category-politique"],"yoast_head":"<!-- This site is optimized with the Yoast SEO plugin v28.4 - https:\/\/yoast.com\/product\/yoast-seo-wordpress\/ -->\n<title>ABASS KABOUA\u00a0: Un d\u00e9put\u00e9 plus proche de sa base \u2026 -<\/title>\n<meta name=\"robots\" content=\"index, follow, max-snippet:-1, max-image-preview:large, max-video-preview:-1\" \/>\n<link rel=\"canonical\" href=\"https:\/\/macite.tg\/?p=145\" \/>\n<meta property=\"og:locale\" content=\"fr_FR\" \/>\n<meta property=\"og:type\" content=\"article\" \/>\n<meta property=\"og:title\" content=\"ABASS KABOUA\u00a0: Un d\u00e9put\u00e9 plus proche de sa base \u2026 -\" \/>\n<meta property=\"og:description\" content=\"Les 11 et 12 septembre dernier, l\u2019honorable Abass Kaboua a t\u00e9moign\u00e9 une fois encore son attachement \u00e0 sa base, Dayi. Il a men\u00e9 plusieurs activit\u00e9s, juste pour soutenir les populations qui lui ont accord\u00e9 leur confiance. L\u2019honorable Abass Kaboua n\u2019incarne-t-il le mod\u00e8le de d\u00e9put\u00e9s que [&hellip;]\" \/>\n<meta property=\"og:url\" content=\"https:\/\/macite.tg\/?p=145\" \/>\n<meta property=\"article:published_time\" content=\"2022-09-17T14:06:47+00:00\" \/>\n<meta property=\"article:modified_time\" content=\"2022-09-17T14:06:48+00:00\" \/>\n<meta property=\"og:image\" content=\"https:\/\/macite.tg\/wp-content\/uploads\/2022\/09\/Aaaa.jpg\" \/>\n\t<meta property=\"og:image:width\" content=\"1080\" \/>\n\t<meta property=\"og:image:height\" content=\"810\" \/>\n\t<meta property=\"og:image:type\" content=\"image\/jpeg\" \/>\n<meta name=\"author\" content=\"Jean Pierre BAWELA\" \/>\n<meta name=\"twitter:card\" content=\"summary_large_image\" \/>\n<meta name=\"twitter:label1\" content=\"\u00c9crit par\" \/>\n\t<meta name=\"twitter:data1\" content=\"Jean Pierre BAWELA\" \/>\n\t<meta name=\"twitter:label2\" content=\"Dur\u00e9e de lecture estim\u00e9e\" \/>\n\t<meta name=\"twitter:data2\" content=\"2 minutes\" \/>\n<script type=\"application\/ld+json\" class=\"yoast-schema-graph\">{\"@context\":\"https:\\\/\\\/schema.org\",\"@graph\":[{\"@type\":\"Article\",\"@id\":\"https:\\\/\\\/macite.tg\\\/?p=145#article\",\"isPartOf\":{\"@id\":\"https:\\\/\\\/macite.tg\\\/?p=145\"},\"author\":{\"name\":\"Jean Pierre BAWELA\",\"@id\":\"https:\\\/\\\/macite.tg\\\/#\\\/schema\\\/person\\\/e9f2de7e5dbbe7770a9402c7ce82f5c2\"},\"headline\":\"ABASS KABOUA\u00a0: Un d\u00e9put\u00e9 plus proche de sa base \u2026\",\"datePublished\":\"2022-09-17T14:06:47+00:00\",\"dateModified\":\"2022-09-17T14:06:48+00:00\",\"mainEntityOfPage\":{\"@id\":\"https:\\\/\\\/macite.tg\\\/?p=145\"},\"wordCount\":280,\"commentCount\":0,\"image\":{\"@id\":\"https:\\\/\\\/macite.tg\\\/?p=145#primaryimage\"},\"thumbnailUrl\":\"https:\\\/\\\/macite.tg\\\/wp-content\\\/uploads\\\/2022\\\/09\\\/Aaaa.jpg\",\"articleSection\":[\"POLITIQUE\"],\"inLanguage\":\"fr-FR\",\"potentialAction\":[{\"@type\":\"CommentAction\",\"name\":\"Comment\",\"target\":[\"https:\\\/\\\/macite.tg\\\/?p=145#respond\"]}]},{\"@type\":\"WebPage\",\"@id\":\"https:\\\/\\\/macite.tg\\\/?p=145\",\"url\":\"https:\\\/\\\/macite.tg\\\/?p=145\",\"name\":\"ABASS KABOUA\u00a0: Un d\u00e9put\u00e9 plus proche de sa base \u2026 -\",\"isPartOf\":{\"@id\":\"https:\\\/\\\/macite.tg\\\/#website\"},\"primaryImageOfPage\":{\"@id\":\"https:\\\/\\\/macite.tg\\\/?p=145#primaryimage\"},\"image\":{\"@id\":\"https:\\\/\\\/macite.tg\\\/?p=145#primaryimage\"},\"thumbnailUrl\":\"https:\\\/\\\/macite.tg\\\/wp-content\\\/uploads\\\/2022\\\/09\\\/Aaaa.jpg\",\"datePublished\":\"2022-09-17T14:06:47+00:00\",\"dateModified\":\"2022-09-17T14:06:48+00:00\",\"author\":{\"@id\":\"https:\\\/\\\/macite.tg\\\/#\\\/schema\\\/person\\\/e9f2de7e5dbbe7770a9402c7ce82f5c2\"},\"breadcrumb\":{\"@id\":\"https:\\\/\\\/macite.tg\\\/?p=145#breadcrumb\"},\"inLanguage\":\"fr-FR\",\"potentialAction\":[{\"@type\":\"ReadAction\",\"target\":[\"https:\\\/\\\/macite.tg\\\/?p=145\"]}]},{\"@type\":\"ImageObject\",\"inLanguage\":\"fr-FR\",\"@id\":\"https:\\\/\\\/macite.tg\\\/?p=145#primaryimage\",\"url\":\"https:\\\/\\\/macite.tg\\\/wp-content\\\/uploads\\\/2022\\\/09\\\/Aaaa.jpg\",\"contentUrl\":\"https:\\\/\\\/macite.tg\\\/wp-content\\\/uploads\\\/2022\\\/09\\\/Aaaa.jpg\",\"width\":1080,\"height\":810,\"caption\":\"Abass Kaboua (dt) au contact de sa base, m\u00eame en p\u00e9riode difficile.\"},{\"@type\":\"BreadcrumbList\",\"@id\":\"https:\\\/\\\/macite.tg\\\/?p=145#breadcrumb\",\"itemListElement\":[{\"@type\":\"ListItem\",\"position\":1,\"name\":\"Accueil\",\"item\":\"https:\\\/\\\/macite.tg\\\/\"},{\"@type\":\"ListItem\",\"position\":2,\"name\":\"ABASS KABOUA\u00a0: Un d\u00e9put\u00e9 plus proche de sa base \u2026\"}]},{\"@type\":\"WebSite\",\"@id\":\"https:\\\/\\\/macite.tg\\\/#website\",\"url\":\"https:\\\/\\\/macite.tg\\\/\",\"name\":\"\",\"description\":\"L&#039;information, la bonne!!!\",\"potentialAction\":[{\"@type\":\"SearchAction\",\"target\":{\"@type\":\"EntryPoint\",\"urlTemplate\":\"https:\\\/\\\/macite.tg\\\/?s={search_term_string}\"},\"query-input\":{\"@type\":\"PropertyValueSpecification\",\"valueRequired\":true,\"valueName\":\"search_term_string\"}}],\"inLanguage\":\"fr-FR\"},{\"@type\":\"Person\",\"@id\":\"https:\\\/\\\/macite.tg\\\/#\\\/schema\\\/person\\\/e9f2de7e5dbbe7770a9402c7ce82f5c2\",\"name\":\"Jean Pierre BAWELA\",\"image\":{\"@type\":\"ImageObject\",\"inLanguage\":\"fr-FR\",\"@id\":\"https:\\\/\\\/macite.tg\\\/wp-content\\\/uploads\\\/2023\\\/09\\\/WhatsApp-Image-2023-09-19-at-14.44.41-122x122.jpeg\",\"url\":\"https:\\\/\\\/macite.tg\\\/wp-content\\\/uploads\\\/2023\\\/09\\\/WhatsApp-Image-2023-09-19-at-14.44.41-122x122.jpeg\",\"contentUrl\":\"https:\\\/\\\/macite.tg\\\/wp-content\\\/uploads\\\/2023\\\/09\\\/WhatsApp-Image-2023-09-19-at-14.44.41-122x122.jpeg\",\"caption\":\"Jean Pierre BAWELA\"},\"url\":\"https:\\\/\\\/macite.tg\\\/?author=2\"}]}<\/script>\n<!-- \/ Yoast SEO plugin. -->","yoast_head_json":{"title":"ABASS KABOUA\u00a0: Un d\u00e9put\u00e9 plus proche de sa base \u2026 -","robots":{"index":"index","follow":"follow","max-snippet":"max-snippet:-1","max-image-preview":"max-image-preview:large","max-video-preview":"max-video-preview:-1"},"canonical":"https:\/\/macite.tg\/?p=145","og_locale":"fr_FR","og_type":"article","og_title":"ABASS KABOUA\u00a0: Un d\u00e9put\u00e9 plus proche de sa base \u2026 -","og_description":"Les 11 et 12 septembre dernier, l\u2019honorable Abass Kaboua a t\u00e9moign\u00e9 une fois encore son attachement \u00e0 sa base, Dayi. Il a men\u00e9 plusieurs activit\u00e9s, juste pour soutenir les populations qui lui ont accord\u00e9 leur confiance. L\u2019honorable Abass Kaboua n\u2019incarne-t-il le mod\u00e8le de d\u00e9put\u00e9s que [&hellip;]","og_url":"https:\/\/macite.tg\/?p=145","article_published_time":"2022-09-17T14:06:47+00:00","article_modified_time":"2022-09-17T14:06:48+00:00","og_image":[{"width":1080,"height":810,"url":"https:\/\/macite.tg\/wp-content\/uploads\/2022\/09\/Aaaa.jpg","type":"image\/jpeg"}],"author":"Jean Pierre BAWELA","twitter_card":"summary_large_image","twitter_misc":{"\u00c9crit par":"Jean Pierre BAWELA","Dur\u00e9e de lecture estim\u00e9e":"2 minutes"},"schema":{"@context":"https:\/\/schema.org","@graph":[{"@type":"Article","@id":"https:\/\/macite.tg\/?p=145#article","isPartOf":{"@id":"https:\/\/macite.tg\/?p=145"},"author":{"name":"Jean Pierre BAWELA","@id":"https:\/\/macite.tg\/#\/schema\/person\/e9f2de7e5dbbe7770a9402c7ce82f5c2"},"headline":"ABASS KABOUA\u00a0: Un d\u00e9put\u00e9 plus proche de sa base \u2026","datePublished":"2022-09-17T14:06:47+00:00","dateModified":"2022-09-17T14:06:48+00:00","mainEntityOfPage":{"@id":"https:\/\/macite.tg\/?p=145"},"wordCount":280,"commentCount":0,"image":{"@id":"https:\/\/macite.tg\/?p=145#primaryimage"},"thumbnailUrl":"https:\/\/macite.tg\/wp-content\/uploads\/2022\/09\/Aaaa.jpg","articleSection":["POLITIQUE"],"inLanguage":"fr-FR","potentialAction":[{"@type":"CommentAction","name":"Comment","target":["https:\/\/macite.tg\/?p=145#respond"]}]},{"@type":"WebPage","@id":"https:\/\/macite.tg\/?p=145","url":"https:\/\/macite.tg\/?p=145","name":"ABASS KABOUA\u00a0: Un d\u00e9put\u00e9 plus proche de sa base \u2026 -","isPartOf":{"@id":"https:\/\/macite.tg\/#website"},"primaryImageOfPage":{"@id":"https:\/\/macite.tg\/?p=145#primaryimage"},"image":{"@id":"https:\/\/macite.tg\/?p=145#primaryimage"},"thumbnailUrl":"https:\/\/macite.tg\/wp-content\/uploads\/2022\/09\/Aaaa.jpg","datePublished":"2022-09-17T14:06:47+00:00","dateModified":"2022-09-17T14:06:48+00:00","author":{"@id":"https:\/\/macite.tg\/#\/schema\/person\/e9f2de7e5dbbe7770a9402c7ce82f5c2"},"breadcrumb":{"@id":"https:\/\/macite.tg\/?p=145#breadcrumb"},"inLanguage":"fr-FR","potentialAction":[{"@type":"ReadAction","target":["https:\/\/macite.tg\/?p=145"]}]},{"@type":"ImageObject","inLanguage":"fr-FR","@id":"https:\/\/macite.tg\/?p=145#primaryimage","url":"https:\/\/macite.tg\/wp-content\/uploads\/2022\/09\/Aaaa.jpg","contentUrl":"https:\/\/macite.tg\/wp-content\/uploads\/2022\/09\/Aaaa.jpg","width":1080,"height":810,"caption":"Abass Kaboua (dt) au contact de sa base, m\u00eame en p\u00e9riode difficile."},{"@type":"BreadcrumbList","@id":"https:\/\/macite.tg\/?p=145#breadcrumb","itemListElement":[{"@type":"ListItem","position":1,"name":"Accueil","item":"https:\/\/macite.tg\/"},{"@type":"ListItem","position":2,"name":"ABASS KABOUA\u00a0: Un d\u00e9put\u00e9 plus proche de sa base \u2026"}]},{"@type":"WebSite","@id":"https:\/\/macite.tg\/#website","url":"https:\/\/macite.tg\/","name":"","description":"L&#039;information, la bonne!!!","potentialAction":[{"@type":"SearchAction","target":{"@type":"EntryPoint","urlTemplate":"https:\/\/macite.tg\/?s={search_term_string}"},"query-input":{"@type":"PropertyValueSpecification","valueRequired":true,"valueName":"search_term_string"}}],"inLanguage":"fr-FR"},{"@type":"Person","@id":"https:\/\/macite.tg\/#\/schema\/person\/e9f2de7e5dbbe7770a9402c7ce82f5c2","name":"Jean Pierre BAWELA","image":{"@type":"ImageObject","inLanguage":"fr-FR","@id":"https:\/\/macite.tg\/wp-content\/uploads\/2023\/09\/WhatsApp-Image-2023-09-19-at-14.44.41-122x122.jpeg","url":"https:\/\/macite.tg\/wp-content\/uploads\/2023\/09\/WhatsApp-Image-2023-09-19-at-14.44.41-122x122.jpeg","contentUrl":"https:\/\/macite.tg\/wp-content\/uploads\/2023\/09\/WhatsApp-Image-2023-09-19-at-14.44.41-122x122.jpeg","caption":"Jean Pierre BAWELA"},"url":"https:\/\/macite.tg\/?author=2"}]}},"_links":{"self":[{"href":"https:\/\/macite.tg\/index.php?rest_route=\/wp\/v2\/posts\/145","targetHints":{"allow":["GET"]}}],"collection":[{"href":"https:\/\/macite.tg\/index.php?rest_route=\/wp\/v2\/posts"}],"about":[{"href":"https:\/\/macite.tg\/index.php?rest_route=\/wp\/v2\/types\/post"}],"author":[{"embeddable":true,"href":"https:\/\/macite.tg\/index.php?rest_route=\/wp\/v2\/users\/2"}],"replies":[{"embeddable":true,"href":"https:\/\/macite.tg\/index.php?rest_route=%2Fwp%2Fv2%2Fcomments&post=145"}],"version-history":[{"count":0,"href":"https:\/\/macite.tg\/index.php?rest_route=\/wp\/v2\/posts\/145\/revisions"}],"wp:featuredmedia":[{"embeddable":true,"href":"https:\/\/macite.tg\/index.php?rest_route=\/wp\/v2\/media\/147"}],"wp:attachment":[{"href":"https:\/\/macite.tg\/index.php?rest_route=%2Fwp%2Fv2%2Fmedia&parent=145"}],"wp:term":[{"taxonomy":"category","embeddable":true,"href":"https:\/\/macite.tg\/index.php?rest_route=%2Fwp%2Fv2%2Fcategories&post=145"},{"taxonomy":"post_tag","embeddable":true,"href":"https:\/\/macite.tg\/index.php?rest_route=%2Fwp%2Fv2%2Ftags&post=145"}],"curies":[{"name":"wp","href":"https:\/\/api.w.org\/{rel}","templated":true}]}}