{"id":1422,"date":"2022-07-03T11:32:00","date_gmt":"2022-07-03T11:32:00","guid":{"rendered":"https:\/\/macite.info\/?p=1422"},"modified":"2022-11-03T11:49:14","modified_gmt":"2022-11-03T11:49:14","slug":"foire-internationale-de-lome-la-17e-edition-annoncee-du-30-novembre-au-18-decembre-2022-au-cetef","status":"publish","type":"post","link":"https:\/\/macite.tg\/?p=1422","title":{"rendered":"FOIRE INTERNATIONALE DE LOM\u00c9 : La 17e \u00e9dition annonc\u00e9e\u00a0 du 30 novembre au 18 d\u00e9cembre 2022 au CETEF\u00a0"},"content":{"rendered":"\n<p class=\"wp-block-paragraph\"><strong><em>Suspendue pour cause de coronavirus, la Foire internationale de Lom\u00e9 aura bel et bien lieu cette ann\u00e9e. Elle annonc\u00e9e du 30 novembre au 18 d\u00e9cembre 2022 sur le site du Centre togolais des expositions et foires de Lom\u00e9 (CETEF-Lom\u00e9).<\/em><\/strong><\/p>\n\n\n\n<p class=\"wp-block-paragraph\">Cadre id\u00e9al de promotion des produits et service, de contacts d\u2019affaires, d\u2019\u00e9changes et de recherches de partenaires commerciaux, la manifestation commerciale phare de l\u2019Afrique de l\u2019Ouest fera son grand retour cette ann\u00e9e. La 17<sup>e<\/sup> \u00e9dition de la Foire internationale de Lom\u00e9 (FIL) sera organis\u00e9e du 30 novembre au 18 d\u00e9cembre 2022, annonce les organisateurs.<\/p>\n\n\n<div class=\"wp-block-image\">\n<figure class=\"aligncenter size-large is-resized\"><img loading=\"lazy\" decoding=\"async\" src=\"https:\/\/macite.tg\/wp-content\/uploads\/2022\/11\/IMG-20220730-WA0010-1024x767.jpg\" alt=\"\" class=\"wp-image-1424\" width=\"585\" height=\"438\" srcset=\"https:\/\/macite.tg\/wp-content\/uploads\/2022\/11\/IMG-20220730-WA0010-1024x767.jpg 1024w, https:\/\/macite.tg\/wp-content\/uploads\/2022\/11\/IMG-20220730-WA0010-300x225.jpg 300w, https:\/\/macite.tg\/wp-content\/uploads\/2022\/11\/IMG-20220730-WA0010-768x575.jpg 768w, https:\/\/macite.tg\/wp-content\/uploads\/2022\/11\/IMG-20220730-WA0010.jpg 1080w\" sizes=\"auto, (max-width: 585px) 100vw, 585px\" \/><figcaption><em><strong>Photo de famille des officiels pr\u00e9sents lors du lancement de la 17\u00e8 \u00e9dition de la FIL.<\/strong><\/em><\/figcaption><\/figure>\n<\/div>\n\n\n<p class=\"wp-block-paragraph\">Grand rendez-vous \u00e9conomique de la sous-r\u00e9gion, la FIL regroupe, au fil des ann\u00e9es, des centaines d\u2019entreprises publiques, priv\u00e9es, de diff\u00e9rents secteurs d\u2019activit\u00e9s, provenant de tous les continents.<\/p>\n\n\n\n<p class=\"wp-block-paragraph\">Pour ce grand retour, la FIL signe 19 jours d\u2019activit\u00e9s intenses au profit des milliers de visiteurs. Elle sera encore meubl\u00e9e par des rencontres d\u2019affaires, des conf\u00e9rences, des s\u00e9minaires, des tables rondes, et offrira d\u2019autres opportunit\u00e9s telles que des lancements de produits, des soir\u00e9es, des d\u00e9fil\u00e9s de mode, \u2026<\/p>\n\n\n\n<p class=\"wp-block-paragraph\">Couverte sur un espace de plus de 90.000 m\u00b2 et \u00e0 cinq minutes de l\u2019A\u00e9roport International Gnassingb\u00e9 Eyadema de Lom\u00e9, la foire de Lom\u00e9 a un acc\u00e8s rapide et pratique, notamment gr\u00e2ce aux taxis, taxi-motos, et bus.<\/p>\n\n\n\n<p class=\"wp-block-paragraph\">Redevez-vous est pris pour le 30 novembre 2022 pour l\u2019ouverture officielle\u2026<\/p>\n\n\n\n<p class=\"wp-block-paragraph\"><strong>JPB<\/strong><\/p>\n\n\n\n<p class=\"wp-block-paragraph\"><strong><em>@macite.info<\/em><\/strong><\/p>\n\n\n\n<p class=\"wp-block-paragraph\"><strong><em>E-mail&nbsp;: <\/em><\/strong><a href=\"mailto:maciteinfo@gmail.com\"><strong><em>maciteinfo@gmail.com<\/em><\/strong><\/a><strong><em>; <\/em><\/strong><a href=\"mailto:bawela1@gmail.com\"><strong><em>bawela1@gmail.com<\/em><\/strong><\/a><strong><em><\/em><\/strong><\/p>\n\n\n\n<p class=\"wp-block-paragraph\"><strong><em>Pour vos annonces, (publi)reportages, etc., joignez nous au (00228) 91515309\/<strong>79872224<\/strong><\/em><\/strong><em><\/em><\/p>\n\n\n\n<p class=\"wp-block-paragraph\"><a href=\"http:\/\/www.macite.info\"><strong><em>www.macite.info<\/em><\/strong><\/a><strong><em>, l\u2019information, la bonne&nbsp;!<\/em><\/strong><\/p>\n","protected":false},"excerpt":{"rendered":"<p class=\"text-justify mb-2\" >Suspendue pour cause de coronavirus, la Foire internationale de Lom\u00e9 aura bel et bien lieu cette ann\u00e9e. Elle annonc\u00e9e du 30 novembre au 18 d\u00e9cembre 2022 sur le site du Centre togolais des expositions et foires de Lom\u00e9 (CETEF-Lom\u00e9). Cadre id\u00e9al de promotion des produits [&hellip;]<\/p>\n","protected":false},"author":2,"featured_media":1423,"comment_status":"open","ping_status":"open","sticky":false,"template":"","format":"standard","meta":{"footnotes":""},"categories":[3],"tags":[],"class_list":["post-1422","post","type-post","status-publish","format-standard","has-post-thumbnail","hentry","category-economie"],"yoast_head":"<!-- This site is optimized with the Yoast SEO plugin v28.4 - https:\/\/yoast.com\/product\/yoast-seo-wordpress\/ -->\n<title>FOIRE INTERNATIONALE DE LOM\u00c9 : La 17e \u00e9dition annonc\u00e9e\u00a0 du 30 novembre au 18 d\u00e9cembre 2022 au CETEF\u00a0 -<\/title>\n<meta name=\"robots\" content=\"index, follow, max-snippet:-1, max-image-preview:large, max-video-preview:-1\" \/>\n<link rel=\"canonical\" href=\"https:\/\/macite.tg\/?p=1422\" \/>\n<meta property=\"og:locale\" content=\"fr_FR\" \/>\n<meta property=\"og:type\" content=\"article\" \/>\n<meta property=\"og:title\" content=\"FOIRE INTERNATIONALE DE LOM\u00c9 : La 17e \u00e9dition annonc\u00e9e\u00a0 du 30 novembre au 18 d\u00e9cembre 2022 au CETEF\u00a0 -\" \/>\n<meta property=\"og:description\" content=\"Suspendue pour cause de coronavirus, la Foire internationale de Lom\u00e9 aura bel et bien lieu cette ann\u00e9e. Elle annonc\u00e9e du 30 novembre au 18 d\u00e9cembre 2022 sur le site du Centre togolais des expositions et foires de Lom\u00e9 (CETEF-Lom\u00e9). Cadre id\u00e9al de promotion des produits [&hellip;]\" \/>\n<meta property=\"og:url\" content=\"https:\/\/macite.tg\/?p=1422\" \/>\n<meta property=\"article:published_time\" content=\"2022-07-03T11:32:00+00:00\" \/>\n<meta property=\"article:modified_time\" content=\"2022-11-03T11:49:14+00:00\" \/>\n<meta property=\"og:image\" content=\"https:\/\/macite.tg\/wp-content\/uploads\/2022\/11\/aFIL.jpg\" \/>\n\t<meta property=\"og:image:width\" content=\"1500\" \/>\n\t<meta property=\"og:image:height\" content=\"551\" \/>\n\t<meta property=\"og:image:type\" content=\"image\/jpeg\" \/>\n<meta name=\"author\" content=\"Jean Pierre BAWELA\" \/>\n<meta name=\"twitter:card\" content=\"summary_large_image\" \/>\n<meta name=\"twitter:label1\" content=\"\u00c9crit par\" \/>\n\t<meta name=\"twitter:data1\" content=\"Jean Pierre BAWELA\" \/>\n\t<meta name=\"twitter:label2\" content=\"Dur\u00e9e de lecture estim\u00e9e\" \/>\n\t<meta name=\"twitter:data2\" content=\"2 minutes\" \/>\n<script type=\"application\/ld+json\" class=\"yoast-schema-graph\">{\"@context\":\"https:\\\/\\\/schema.org\",\"@graph\":[{\"@type\":\"Article\",\"@id\":\"https:\\\/\\\/macite.tg\\\/?p=1422#article\",\"isPartOf\":{\"@id\":\"https:\\\/\\\/macite.tg\\\/?p=1422\"},\"author\":{\"name\":\"Jean Pierre BAWELA\",\"@id\":\"https:\\\/\\\/macite.tg\\\/#\\\/schema\\\/person\\\/e9f2de7e5dbbe7770a9402c7ce82f5c2\"},\"headline\":\"FOIRE INTERNATIONALE DE LOM\u00c9 : La 17e \u00e9dition annonc\u00e9e\u00a0 du 30 novembre au 18 d\u00e9cembre 2022 au CETEF\u00a0\",\"datePublished\":\"2022-07-03T11:32:00+00:00\",\"dateModified\":\"2022-11-03T11:49:14+00:00\",\"mainEntityOfPage\":{\"@id\":\"https:\\\/\\\/macite.tg\\\/?p=1422\"},\"wordCount\":299,\"commentCount\":0,\"image\":{\"@id\":\"https:\\\/\\\/macite.tg\\\/?p=1422#primaryimage\"},\"thumbnailUrl\":\"https:\\\/\\\/macite.tg\\\/wp-content\\\/uploads\\\/2022\\\/11\\\/aFIL.jpg\",\"articleSection\":[\"ECONOMIE\"],\"inLanguage\":\"fr-FR\",\"potentialAction\":[{\"@type\":\"CommentAction\",\"name\":\"Comment\",\"target\":[\"https:\\\/\\\/macite.tg\\\/?p=1422#respond\"]}]},{\"@type\":\"WebPage\",\"@id\":\"https:\\\/\\\/macite.tg\\\/?p=1422\",\"url\":\"https:\\\/\\\/macite.tg\\\/?p=1422\",\"name\":\"FOIRE INTERNATIONALE DE LOM\u00c9 : La 17e \u00e9dition annonc\u00e9e\u00a0 du 30 novembre au 18 d\u00e9cembre 2022 au CETEF\u00a0 -\",\"isPartOf\":{\"@id\":\"https:\\\/\\\/macite.tg\\\/#website\"},\"primaryImageOfPage\":{\"@id\":\"https:\\\/\\\/macite.tg\\\/?p=1422#primaryimage\"},\"image\":{\"@id\":\"https:\\\/\\\/macite.tg\\\/?p=1422#primaryimage\"},\"thumbnailUrl\":\"https:\\\/\\\/macite.tg\\\/wp-content\\\/uploads\\\/2022\\\/11\\\/aFIL.jpg\",\"datePublished\":\"2022-07-03T11:32:00+00:00\",\"dateModified\":\"2022-11-03T11:49:14+00:00\",\"author\":{\"@id\":\"https:\\\/\\\/macite.tg\\\/#\\\/schema\\\/person\\\/e9f2de7e5dbbe7770a9402c7ce82f5c2\"},\"breadcrumb\":{\"@id\":\"https:\\\/\\\/macite.tg\\\/?p=1422#breadcrumb\"},\"inLanguage\":\"fr-FR\",\"potentialAction\":[{\"@type\":\"ReadAction\",\"target\":[\"https:\\\/\\\/macite.tg\\\/?p=1422\"]}]},{\"@type\":\"ImageObject\",\"inLanguage\":\"fr-FR\",\"@id\":\"https:\\\/\\\/macite.tg\\\/?p=1422#primaryimage\",\"url\":\"https:\\\/\\\/macite.tg\\\/wp-content\\\/uploads\\\/2022\\\/11\\\/aFIL.jpg\",\"contentUrl\":\"https:\\\/\\\/macite.tg\\\/wp-content\\\/uploads\\\/2022\\\/11\\\/aFIL.jpg\",\"width\":1500,\"height\":551},{\"@type\":\"BreadcrumbList\",\"@id\":\"https:\\\/\\\/macite.tg\\\/?p=1422#breadcrumb\",\"itemListElement\":[{\"@type\":\"ListItem\",\"position\":1,\"name\":\"Accueil\",\"item\":\"https:\\\/\\\/macite.tg\\\/\"},{\"@type\":\"ListItem\",\"position\":2,\"name\":\"FOIRE INTERNATIONALE DE LOM\u00c9 : La 17e \u00e9dition annonc\u00e9e\u00a0 du 30 novembre au 18 d\u00e9cembre 2022 au CETEF\u00a0\"}]},{\"@type\":\"WebSite\",\"@id\":\"https:\\\/\\\/macite.tg\\\/#website\",\"url\":\"https:\\\/\\\/macite.tg\\\/\",\"name\":\"\",\"description\":\"L&#039;information, la bonne!!!\",\"potentialAction\":[{\"@type\":\"SearchAction\",\"target\":{\"@type\":\"EntryPoint\",\"urlTemplate\":\"https:\\\/\\\/macite.tg\\\/?s={search_term_string}\"},\"query-input\":{\"@type\":\"PropertyValueSpecification\",\"valueRequired\":true,\"valueName\":\"search_term_string\"}}],\"inLanguage\":\"fr-FR\"},{\"@type\":\"Person\",\"@id\":\"https:\\\/\\\/macite.tg\\\/#\\\/schema\\\/person\\\/e9f2de7e5dbbe7770a9402c7ce82f5c2\",\"name\":\"Jean Pierre BAWELA\",\"image\":{\"@type\":\"ImageObject\",\"inLanguage\":\"fr-FR\",\"@id\":\"https:\\\/\\\/macite.tg\\\/wp-content\\\/uploads\\\/2023\\\/09\\\/WhatsApp-Image-2023-09-19-at-14.44.41-122x122.jpeg\",\"url\":\"https:\\\/\\\/macite.tg\\\/wp-content\\\/uploads\\\/2023\\\/09\\\/WhatsApp-Image-2023-09-19-at-14.44.41-122x122.jpeg\",\"contentUrl\":\"https:\\\/\\\/macite.tg\\\/wp-content\\\/uploads\\\/2023\\\/09\\\/WhatsApp-Image-2023-09-19-at-14.44.41-122x122.jpeg\",\"caption\":\"Jean Pierre BAWELA\"},\"url\":\"https:\\\/\\\/macite.tg\\\/?author=2\"}]}<\/script>\n<!-- \/ Yoast SEO plugin. -->","yoast_head_json":{"title":"FOIRE INTERNATIONALE DE LOM\u00c9 : La 17e \u00e9dition annonc\u00e9e\u00a0 du 30 novembre au 18 d\u00e9cembre 2022 au CETEF\u00a0 -","robots":{"index":"index","follow":"follow","max-snippet":"max-snippet:-1","max-image-preview":"max-image-preview:large","max-video-preview":"max-video-preview:-1"},"canonical":"https:\/\/macite.tg\/?p=1422","og_locale":"fr_FR","og_type":"article","og_title":"FOIRE INTERNATIONALE DE LOM\u00c9 : La 17e \u00e9dition annonc\u00e9e\u00a0 du 30 novembre au 18 d\u00e9cembre 2022 au CETEF\u00a0 -","og_description":"Suspendue pour cause de coronavirus, la Foire internationale de Lom\u00e9 aura bel et bien lieu cette ann\u00e9e. Elle annonc\u00e9e du 30 novembre au 18 d\u00e9cembre 2022 sur le site du Centre togolais des expositions et foires de Lom\u00e9 (CETEF-Lom\u00e9). Cadre id\u00e9al de promotion des produits [&hellip;]","og_url":"https:\/\/macite.tg\/?p=1422","article_published_time":"2022-07-03T11:32:00+00:00","article_modified_time":"2022-11-03T11:49:14+00:00","og_image":[{"width":1500,"height":551,"url":"https:\/\/macite.tg\/wp-content\/uploads\/2022\/11\/aFIL.jpg","type":"image\/jpeg"}],"author":"Jean Pierre BAWELA","twitter_card":"summary_large_image","twitter_misc":{"\u00c9crit par":"Jean Pierre BAWELA","Dur\u00e9e de lecture estim\u00e9e":"2 minutes"},"schema":{"@context":"https:\/\/schema.org","@graph":[{"@type":"Article","@id":"https:\/\/macite.tg\/?p=1422#article","isPartOf":{"@id":"https:\/\/macite.tg\/?p=1422"},"author":{"name":"Jean Pierre BAWELA","@id":"https:\/\/macite.tg\/#\/schema\/person\/e9f2de7e5dbbe7770a9402c7ce82f5c2"},"headline":"FOIRE INTERNATIONALE DE LOM\u00c9 : La 17e \u00e9dition annonc\u00e9e\u00a0 du 30 novembre au 18 d\u00e9cembre 2022 au CETEF\u00a0","datePublished":"2022-07-03T11:32:00+00:00","dateModified":"2022-11-03T11:49:14+00:00","mainEntityOfPage":{"@id":"https:\/\/macite.tg\/?p=1422"},"wordCount":299,"commentCount":0,"image":{"@id":"https:\/\/macite.tg\/?p=1422#primaryimage"},"thumbnailUrl":"https:\/\/macite.tg\/wp-content\/uploads\/2022\/11\/aFIL.jpg","articleSection":["ECONOMIE"],"inLanguage":"fr-FR","potentialAction":[{"@type":"CommentAction","name":"Comment","target":["https:\/\/macite.tg\/?p=1422#respond"]}]},{"@type":"WebPage","@id":"https:\/\/macite.tg\/?p=1422","url":"https:\/\/macite.tg\/?p=1422","name":"FOIRE INTERNATIONALE DE LOM\u00c9 : La 17e \u00e9dition annonc\u00e9e\u00a0 du 30 novembre au 18 d\u00e9cembre 2022 au CETEF\u00a0 -","isPartOf":{"@id":"https:\/\/macite.tg\/#website"},"primaryImageOfPage":{"@id":"https:\/\/macite.tg\/?p=1422#primaryimage"},"image":{"@id":"https:\/\/macite.tg\/?p=1422#primaryimage"},"thumbnailUrl":"https:\/\/macite.tg\/wp-content\/uploads\/2022\/11\/aFIL.jpg","datePublished":"2022-07-03T11:32:00+00:00","dateModified":"2022-11-03T11:49:14+00:00","author":{"@id":"https:\/\/macite.tg\/#\/schema\/person\/e9f2de7e5dbbe7770a9402c7ce82f5c2"},"breadcrumb":{"@id":"https:\/\/macite.tg\/?p=1422#breadcrumb"},"inLanguage":"fr-FR","potentialAction":[{"@type":"ReadAction","target":["https:\/\/macite.tg\/?p=1422"]}]},{"@type":"ImageObject","inLanguage":"fr-FR","@id":"https:\/\/macite.tg\/?p=1422#primaryimage","url":"https:\/\/macite.tg\/wp-content\/uploads\/2022\/11\/aFIL.jpg","contentUrl":"https:\/\/macite.tg\/wp-content\/uploads\/2022\/11\/aFIL.jpg","width":1500,"height":551},{"@type":"BreadcrumbList","@id":"https:\/\/macite.tg\/?p=1422#breadcrumb","itemListElement":[{"@type":"ListItem","position":1,"name":"Accueil","item":"https:\/\/macite.tg\/"},{"@type":"ListItem","position":2,"name":"FOIRE INTERNATIONALE DE LOM\u00c9 : La 17e \u00e9dition annonc\u00e9e\u00a0 du 30 novembre au 18 d\u00e9cembre 2022 au CETEF\u00a0"}]},{"@type":"WebSite","@id":"https:\/\/macite.tg\/#website","url":"https:\/\/macite.tg\/","name":"","description":"L&#039;information, la bonne!!!","potentialAction":[{"@type":"SearchAction","target":{"@type":"EntryPoint","urlTemplate":"https:\/\/macite.tg\/?s={search_term_string}"},"query-input":{"@type":"PropertyValueSpecification","valueRequired":true,"valueName":"search_term_string"}}],"inLanguage":"fr-FR"},{"@type":"Person","@id":"https:\/\/macite.tg\/#\/schema\/person\/e9f2de7e5dbbe7770a9402c7ce82f5c2","name":"Jean Pierre BAWELA","image":{"@type":"ImageObject","inLanguage":"fr-FR","@id":"https:\/\/macite.tg\/wp-content\/uploads\/2023\/09\/WhatsApp-Image-2023-09-19-at-14.44.41-122x122.jpeg","url":"https:\/\/macite.tg\/wp-content\/uploads\/2023\/09\/WhatsApp-Image-2023-09-19-at-14.44.41-122x122.jpeg","contentUrl":"https:\/\/macite.tg\/wp-content\/uploads\/2023\/09\/WhatsApp-Image-2023-09-19-at-14.44.41-122x122.jpeg","caption":"Jean Pierre BAWELA"},"url":"https:\/\/macite.tg\/?author=2"}]}},"_links":{"self":[{"href":"https:\/\/macite.tg\/index.php?rest_route=\/wp\/v2\/posts\/1422","targetHints":{"allow":["GET"]}}],"collection":[{"href":"https:\/\/macite.tg\/index.php?rest_route=\/wp\/v2\/posts"}],"about":[{"href":"https:\/\/macite.tg\/index.php?rest_route=\/wp\/v2\/types\/post"}],"author":[{"embeddable":true,"href":"https:\/\/macite.tg\/index.php?rest_route=\/wp\/v2\/users\/2"}],"replies":[{"embeddable":true,"href":"https:\/\/macite.tg\/index.php?rest_route=%2Fwp%2Fv2%2Fcomments&post=1422"}],"version-history":[{"count":0,"href":"https:\/\/macite.tg\/index.php?rest_route=\/wp\/v2\/posts\/1422\/revisions"}],"wp:featuredmedia":[{"embeddable":true,"href":"https:\/\/macite.tg\/index.php?rest_route=\/wp\/v2\/media\/1423"}],"wp:attachment":[{"href":"https:\/\/macite.tg\/index.php?rest_route=%2Fwp%2Fv2%2Fmedia&parent=1422"}],"wp:term":[{"taxonomy":"category","embeddable":true,"href":"https:\/\/macite.tg\/index.php?rest_route=%2Fwp%2Fv2%2Fcategories&post=1422"},{"taxonomy":"post_tag","embeddable":true,"href":"https:\/\/macite.tg\/index.php?rest_route=%2Fwp%2Fv2%2Ftags&post=1422"}],"curies":[{"name":"wp","href":"https:\/\/api.w.org\/{rel}","templated":true}]}}