{"id":139,"date":"2022-09-17T13:53:18","date_gmt":"2022-09-17T13:53:18","guid":{"rendered":"https:\/\/macite.info\/?p=139"},"modified":"2022-09-17T13:53:20","modified_gmt":"2022-09-17T13:53:20","slug":"senegal-le-president-macky-sall-tient-son-nouveau-premier-ministreamadou-ba","status":"publish","type":"post","link":"https:\/\/macite.tg\/?p=139","title":{"rendered":"S\u00c9N\u00c9GAL\u00a0: Le pr\u00e9sident Macky Sall tient son nouveau Premier ministre\u2026Amadou Ba"},"content":{"rendered":"\n<p class=\"wp-block-paragraph\"><strong><em>L\u2019attente a \u00e9t\u00e9 longue. Le S\u00e9n\u00e9gal a de nouveau un Premier ministre, poste supprim\u00e9 depuis trois ans d\u00e9j\u00e0. Amadou Ba, ancien ministre de l\u2019\u00c9conomie, est port\u00e9, ce midi, \u00e0 la t\u00eate du gouvernement s\u00e9n\u00e9galais.<\/em><\/strong><\/p>\n\n\n\n<p class=\"wp-block-paragraph\">Le pr\u00e9sident de la R\u00e9publique du S\u00e9n\u00e9gal, Macky Sall, mettant fin au suspense. Il vient de nommer un nouveau Premier ministre. C\u2019est l\u2019ancien ministre de l\u2019\u00c9conomie et des finances et ancien ministre des Affaires \u00e9trang\u00e8res, entre 2013 et 2020, Amadou Ba, 61 ans, qui va d\u00e9sormais assumer les charges de Chef du gouvernement s\u00e9n\u00e9galais.<\/p>\n\n\n\n<p class=\"wp-block-paragraph\">Alors qu\u2019en mai 2019, le pr\u00e9sident Macky Sall avait&nbsp;promulgu\u00e9 la loi constitutionnelle, controvers\u00e9e, <em>\u00ab&nbsp;portant suppression du poste de premier ministre\u00bb,<\/em>&nbsp; l\u2019Assembl\u00e9e nationale avait, en d\u00e9cembre 2021, adopt\u00e9 un projet de loi r\u00e9tablissant la fonction de Premier ministre.<\/p>\n\n\n<div class=\"wp-block-image\">\n<figure class=\"aligncenter size-full is-resized\"><img loading=\"lazy\" decoding=\"async\" src=\"https:\/\/macite.tg\/wp-content\/uploads\/2022\/09\/Otr30b.jpeg\" alt=\"\" class=\"wp-image-80\" width=\"453\" height=\"453\" srcset=\"https:\/\/macite.tg\/wp-content\/uploads\/2022\/09\/Otr30b.jpeg 720w, https:\/\/macite.tg\/wp-content\/uploads\/2022\/09\/Otr30b-300x300.jpeg 300w, https:\/\/macite.tg\/wp-content\/uploads\/2022\/09\/Otr30b-150x150.jpeg 150w\" sizes=\"auto, (max-width: 453px) 100vw, 453px\" \/><\/figure>\n<\/div>\n\n\n<p class=\"wp-block-paragraph\">Ce retour \u00e0 la vie de la fonction de Premier ministre, avait \u00e9t\u00e9 per\u00e7u par le camp pr\u00e9sidentiel comme une mani\u00e8re de d\u00e9charger Macky Sall qui est appel\u00e9 \u00e0 assumer les hautes&nbsp; fonctions de pr\u00e9sident de la CEDEAO.<\/p>\n\n\n\n<p class=\"wp-block-paragraph\">En attendant les premi\u00e8res d\u00e9clarations du nouveau Premier ministre, notons que l\u2019homme qui a \u00e9t\u00e9 re\u00e7u ce matin \u00e0 la Pr\u00e9sidence de la R\u00e9publique, devrait composer son gouvernement dans les jours qui suivent afin de satisfaire la vision du Pr\u00e9sident Macky Sall. Celui-ci avait, dans un message \u00e0 la nation, assur\u00e9 que \u00ab<em>&nbsp;le co\u00fbt de la vie, l\u2019emploi des jeunes, la chert\u00e9 des loyers seront la priorit\u00e9 des priorit\u00e9s du nouveau gouvernement <\/em>\u00bb.<\/p>\n\n\n\n<p class=\"wp-block-paragraph\">Notons que nouveau Premier ministre est n\u00e9 le 17 mai 1961 \u00e0 Dakar.<\/p>\n\n\n\n<p class=\"wp-block-paragraph\"><strong>JPB<\/strong><\/p>\n\n\n\n<p class=\"wp-block-paragraph\"><strong><em>@macite.info<\/em><\/strong><\/p>\n\n\n\n<p class=\"wp-block-paragraph\"><strong><em>E-mail&nbsp;: <\/em><\/strong><a href=\"mailto:maciteinfo@gmail.com\"><strong><em>maciteinfo@gmail.com<\/em><\/strong><\/a><strong><em>; <\/em><\/strong><a href=\"mailto:bawela1@gmail.com\"><strong><em>bawela1@gmail.com<\/em><\/strong><\/a><strong><em><\/em><\/strong><\/p>\n\n\n\n<p class=\"wp-block-paragraph\"><strong><em>Pour vos annonces, (publi)reportages, etc., joignez nous au (00228) 91515309\/<strong>79872224<\/strong><\/em><\/strong><em><\/em><a href=\"http:\/\/www.macite.info\"><strong><em>www.macite.info<\/em><\/strong><\/a><strong><em>, L\u2019information, la bonne&nbsp;!<\/em><\/strong><\/p>\n","protected":false},"excerpt":{"rendered":"<p class=\"text-justify mb-2\" >L\u2019attente a \u00e9t\u00e9 longue. Le S\u00e9n\u00e9gal a de nouveau un Premier ministre, poste supprim\u00e9 depuis trois ans d\u00e9j\u00e0. Amadou Ba, ancien ministre de l\u2019\u00c9conomie, est port\u00e9, ce midi, \u00e0 la t\u00eate du gouvernement s\u00e9n\u00e9galais. Le pr\u00e9sident de la R\u00e9publique du S\u00e9n\u00e9gal, Macky Sall, mettant fin [&hellip;]<\/p>\n","protected":false},"author":2,"featured_media":141,"comment_status":"open","ping_status":"open","sticky":false,"template":"","format":"standard","meta":{"footnotes":""},"categories":[1],"tags":[],"class_list":["post-139","post","type-post","status-publish","format-standard","has-post-thumbnail","hentry","category-politique"],"yoast_head":"<!-- This site is optimized with the Yoast SEO plugin v28.4 - https:\/\/yoast.com\/product\/yoast-seo-wordpress\/ -->\n<title>S\u00c9N\u00c9GAL\u00a0: Le pr\u00e9sident Macky Sall tient son nouveau Premier ministre\u2026Amadou Ba -<\/title>\n<meta name=\"robots\" content=\"index, follow, max-snippet:-1, max-image-preview:large, max-video-preview:-1\" \/>\n<link rel=\"canonical\" href=\"https:\/\/macite.tg\/?p=139\" \/>\n<meta property=\"og:locale\" content=\"fr_FR\" \/>\n<meta property=\"og:type\" content=\"article\" \/>\n<meta property=\"og:title\" content=\"S\u00c9N\u00c9GAL\u00a0: Le pr\u00e9sident Macky Sall tient son nouveau Premier ministre\u2026Amadou Ba -\" \/>\n<meta property=\"og:description\" content=\"L\u2019attente a \u00e9t\u00e9 longue. Le S\u00e9n\u00e9gal a de nouveau un Premier ministre, poste supprim\u00e9 depuis trois ans d\u00e9j\u00e0. Amadou Ba, ancien ministre de l\u2019\u00c9conomie, est port\u00e9, ce midi, \u00e0 la t\u00eate du gouvernement s\u00e9n\u00e9galais. Le pr\u00e9sident de la R\u00e9publique du S\u00e9n\u00e9gal, Macky Sall, mettant fin [&hellip;]\" \/>\n<meta property=\"og:url\" content=\"https:\/\/macite.tg\/?p=139\" \/>\n<meta property=\"article:published_time\" content=\"2022-09-17T13:53:18+00:00\" \/>\n<meta property=\"article:modified_time\" content=\"2022-09-17T13:53:20+00:00\" \/>\n<meta property=\"og:image\" content=\"https:\/\/macite.tg\/wp-content\/uploads\/2022\/09\/amadou-ba-423x281-1.jpg\" \/>\n\t<meta property=\"og:image:width\" content=\"423\" \/>\n\t<meta property=\"og:image:height\" content=\"281\" \/>\n\t<meta property=\"og:image:type\" content=\"image\/jpeg\" \/>\n<meta name=\"author\" content=\"Jean Pierre BAWELA\" \/>\n<meta name=\"twitter:card\" content=\"summary_large_image\" \/>\n<meta name=\"twitter:label1\" content=\"\u00c9crit par\" \/>\n\t<meta name=\"twitter:data1\" content=\"Jean Pierre BAWELA\" \/>\n\t<meta name=\"twitter:label2\" content=\"Dur\u00e9e de lecture estim\u00e9e\" \/>\n\t<meta name=\"twitter:data2\" content=\"2 minutes\" \/>\n<script type=\"application\/ld+json\" class=\"yoast-schema-graph\">{\"@context\":\"https:\\\/\\\/schema.org\",\"@graph\":[{\"@type\":\"Article\",\"@id\":\"https:\\\/\\\/macite.tg\\\/?p=139#article\",\"isPartOf\":{\"@id\":\"https:\\\/\\\/macite.tg\\\/?p=139\"},\"author\":{\"name\":\"Jean Pierre BAWELA\",\"@id\":\"https:\\\/\\\/macite.tg\\\/#\\\/schema\\\/person\\\/e9f2de7e5dbbe7770a9402c7ce82f5c2\"},\"headline\":\"S\u00c9N\u00c9GAL\u00a0: Le pr\u00e9sident Macky Sall tient son nouveau Premier ministre\u2026Amadou Ba\",\"datePublished\":\"2022-09-17T13:53:18+00:00\",\"dateModified\":\"2022-09-17T13:53:20+00:00\",\"mainEntityOfPage\":{\"@id\":\"https:\\\/\\\/macite.tg\\\/?p=139\"},\"wordCount\":325,\"commentCount\":0,\"image\":{\"@id\":\"https:\\\/\\\/macite.tg\\\/?p=139#primaryimage\"},\"thumbnailUrl\":\"https:\\\/\\\/macite.tg\\\/wp-content\\\/uploads\\\/2022\\\/09\\\/amadou-ba-423x281-1.jpg\",\"articleSection\":[\"POLITIQUE\"],\"inLanguage\":\"fr-FR\",\"potentialAction\":[{\"@type\":\"CommentAction\",\"name\":\"Comment\",\"target\":[\"https:\\\/\\\/macite.tg\\\/?p=139#respond\"]}]},{\"@type\":\"WebPage\",\"@id\":\"https:\\\/\\\/macite.tg\\\/?p=139\",\"url\":\"https:\\\/\\\/macite.tg\\\/?p=139\",\"name\":\"S\u00c9N\u00c9GAL\u00a0: Le pr\u00e9sident Macky Sall tient son nouveau Premier ministre\u2026Amadou Ba -\",\"isPartOf\":{\"@id\":\"https:\\\/\\\/macite.tg\\\/#website\"},\"primaryImageOfPage\":{\"@id\":\"https:\\\/\\\/macite.tg\\\/?p=139#primaryimage\"},\"image\":{\"@id\":\"https:\\\/\\\/macite.tg\\\/?p=139#primaryimage\"},\"thumbnailUrl\":\"https:\\\/\\\/macite.tg\\\/wp-content\\\/uploads\\\/2022\\\/09\\\/amadou-ba-423x281-1.jpg\",\"datePublished\":\"2022-09-17T13:53:18+00:00\",\"dateModified\":\"2022-09-17T13:53:20+00:00\",\"author\":{\"@id\":\"https:\\\/\\\/macite.tg\\\/#\\\/schema\\\/person\\\/e9f2de7e5dbbe7770a9402c7ce82f5c2\"},\"breadcrumb\":{\"@id\":\"https:\\\/\\\/macite.tg\\\/?p=139#breadcrumb\"},\"inLanguage\":\"fr-FR\",\"potentialAction\":[{\"@type\":\"ReadAction\",\"target\":[\"https:\\\/\\\/macite.tg\\\/?p=139\"]}]},{\"@type\":\"ImageObject\",\"inLanguage\":\"fr-FR\",\"@id\":\"https:\\\/\\\/macite.tg\\\/?p=139#primaryimage\",\"url\":\"https:\\\/\\\/macite.tg\\\/wp-content\\\/uploads\\\/2022\\\/09\\\/amadou-ba-423x281-1.jpg\",\"contentUrl\":\"https:\\\/\\\/macite.tg\\\/wp-content\\\/uploads\\\/2022\\\/09\\\/amadou-ba-423x281-1.jpg\",\"width\":423,\"height\":281,\"caption\":\"Ba Amadou, nouveau Premier ministre du S\u00e9n\u00e9gal.\"},{\"@type\":\"BreadcrumbList\",\"@id\":\"https:\\\/\\\/macite.tg\\\/?p=139#breadcrumb\",\"itemListElement\":[{\"@type\":\"ListItem\",\"position\":1,\"name\":\"Accueil\",\"item\":\"https:\\\/\\\/macite.tg\\\/\"},{\"@type\":\"ListItem\",\"position\":2,\"name\":\"S\u00c9N\u00c9GAL\u00a0: Le pr\u00e9sident Macky Sall tient son nouveau Premier ministre\u2026Amadou Ba\"}]},{\"@type\":\"WebSite\",\"@id\":\"https:\\\/\\\/macite.tg\\\/#website\",\"url\":\"https:\\\/\\\/macite.tg\\\/\",\"name\":\"\",\"description\":\"L&#039;information, la bonne!!!\",\"potentialAction\":[{\"@type\":\"SearchAction\",\"target\":{\"@type\":\"EntryPoint\",\"urlTemplate\":\"https:\\\/\\\/macite.tg\\\/?s={search_term_string}\"},\"query-input\":{\"@type\":\"PropertyValueSpecification\",\"valueRequired\":true,\"valueName\":\"search_term_string\"}}],\"inLanguage\":\"fr-FR\"},{\"@type\":\"Person\",\"@id\":\"https:\\\/\\\/macite.tg\\\/#\\\/schema\\\/person\\\/e9f2de7e5dbbe7770a9402c7ce82f5c2\",\"name\":\"Jean Pierre BAWELA\",\"image\":{\"@type\":\"ImageObject\",\"inLanguage\":\"fr-FR\",\"@id\":\"https:\\\/\\\/macite.tg\\\/wp-content\\\/uploads\\\/2023\\\/09\\\/WhatsApp-Image-2023-09-19-at-14.44.41-122x122.jpeg\",\"url\":\"https:\\\/\\\/macite.tg\\\/wp-content\\\/uploads\\\/2023\\\/09\\\/WhatsApp-Image-2023-09-19-at-14.44.41-122x122.jpeg\",\"contentUrl\":\"https:\\\/\\\/macite.tg\\\/wp-content\\\/uploads\\\/2023\\\/09\\\/WhatsApp-Image-2023-09-19-at-14.44.41-122x122.jpeg\",\"caption\":\"Jean Pierre BAWELA\"},\"url\":\"https:\\\/\\\/macite.tg\\\/?author=2\"}]}<\/script>\n<!-- \/ Yoast SEO plugin. -->","yoast_head_json":{"title":"S\u00c9N\u00c9GAL\u00a0: Le pr\u00e9sident Macky Sall tient son nouveau Premier ministre\u2026Amadou Ba -","robots":{"index":"index","follow":"follow","max-snippet":"max-snippet:-1","max-image-preview":"max-image-preview:large","max-video-preview":"max-video-preview:-1"},"canonical":"https:\/\/macite.tg\/?p=139","og_locale":"fr_FR","og_type":"article","og_title":"S\u00c9N\u00c9GAL\u00a0: Le pr\u00e9sident Macky Sall tient son nouveau Premier ministre\u2026Amadou Ba -","og_description":"L\u2019attente a \u00e9t\u00e9 longue. Le S\u00e9n\u00e9gal a de nouveau un Premier ministre, poste supprim\u00e9 depuis trois ans d\u00e9j\u00e0. Amadou Ba, ancien ministre de l\u2019\u00c9conomie, est port\u00e9, ce midi, \u00e0 la t\u00eate du gouvernement s\u00e9n\u00e9galais. Le pr\u00e9sident de la R\u00e9publique du S\u00e9n\u00e9gal, Macky Sall, mettant fin [&hellip;]","og_url":"https:\/\/macite.tg\/?p=139","article_published_time":"2022-09-17T13:53:18+00:00","article_modified_time":"2022-09-17T13:53:20+00:00","og_image":[{"width":423,"height":281,"url":"https:\/\/macite.tg\/wp-content\/uploads\/2022\/09\/amadou-ba-423x281-1.jpg","type":"image\/jpeg"}],"author":"Jean Pierre BAWELA","twitter_card":"summary_large_image","twitter_misc":{"\u00c9crit par":"Jean Pierre BAWELA","Dur\u00e9e de lecture estim\u00e9e":"2 minutes"},"schema":{"@context":"https:\/\/schema.org","@graph":[{"@type":"Article","@id":"https:\/\/macite.tg\/?p=139#article","isPartOf":{"@id":"https:\/\/macite.tg\/?p=139"},"author":{"name":"Jean Pierre BAWELA","@id":"https:\/\/macite.tg\/#\/schema\/person\/e9f2de7e5dbbe7770a9402c7ce82f5c2"},"headline":"S\u00c9N\u00c9GAL\u00a0: Le pr\u00e9sident Macky Sall tient son nouveau Premier ministre\u2026Amadou Ba","datePublished":"2022-09-17T13:53:18+00:00","dateModified":"2022-09-17T13:53:20+00:00","mainEntityOfPage":{"@id":"https:\/\/macite.tg\/?p=139"},"wordCount":325,"commentCount":0,"image":{"@id":"https:\/\/macite.tg\/?p=139#primaryimage"},"thumbnailUrl":"https:\/\/macite.tg\/wp-content\/uploads\/2022\/09\/amadou-ba-423x281-1.jpg","articleSection":["POLITIQUE"],"inLanguage":"fr-FR","potentialAction":[{"@type":"CommentAction","name":"Comment","target":["https:\/\/macite.tg\/?p=139#respond"]}]},{"@type":"WebPage","@id":"https:\/\/macite.tg\/?p=139","url":"https:\/\/macite.tg\/?p=139","name":"S\u00c9N\u00c9GAL\u00a0: Le pr\u00e9sident Macky Sall tient son nouveau Premier ministre\u2026Amadou Ba -","isPartOf":{"@id":"https:\/\/macite.tg\/#website"},"primaryImageOfPage":{"@id":"https:\/\/macite.tg\/?p=139#primaryimage"},"image":{"@id":"https:\/\/macite.tg\/?p=139#primaryimage"},"thumbnailUrl":"https:\/\/macite.tg\/wp-content\/uploads\/2022\/09\/amadou-ba-423x281-1.jpg","datePublished":"2022-09-17T13:53:18+00:00","dateModified":"2022-09-17T13:53:20+00:00","author":{"@id":"https:\/\/macite.tg\/#\/schema\/person\/e9f2de7e5dbbe7770a9402c7ce82f5c2"},"breadcrumb":{"@id":"https:\/\/macite.tg\/?p=139#breadcrumb"},"inLanguage":"fr-FR","potentialAction":[{"@type":"ReadAction","target":["https:\/\/macite.tg\/?p=139"]}]},{"@type":"ImageObject","inLanguage":"fr-FR","@id":"https:\/\/macite.tg\/?p=139#primaryimage","url":"https:\/\/macite.tg\/wp-content\/uploads\/2022\/09\/amadou-ba-423x281-1.jpg","contentUrl":"https:\/\/macite.tg\/wp-content\/uploads\/2022\/09\/amadou-ba-423x281-1.jpg","width":423,"height":281,"caption":"Ba Amadou, nouveau Premier ministre du S\u00e9n\u00e9gal."},{"@type":"BreadcrumbList","@id":"https:\/\/macite.tg\/?p=139#breadcrumb","itemListElement":[{"@type":"ListItem","position":1,"name":"Accueil","item":"https:\/\/macite.tg\/"},{"@type":"ListItem","position":2,"name":"S\u00c9N\u00c9GAL\u00a0: Le pr\u00e9sident Macky Sall tient son nouveau Premier ministre\u2026Amadou Ba"}]},{"@type":"WebSite","@id":"https:\/\/macite.tg\/#website","url":"https:\/\/macite.tg\/","name":"","description":"L&#039;information, la bonne!!!","potentialAction":[{"@type":"SearchAction","target":{"@type":"EntryPoint","urlTemplate":"https:\/\/macite.tg\/?s={search_term_string}"},"query-input":{"@type":"PropertyValueSpecification","valueRequired":true,"valueName":"search_term_string"}}],"inLanguage":"fr-FR"},{"@type":"Person","@id":"https:\/\/macite.tg\/#\/schema\/person\/e9f2de7e5dbbe7770a9402c7ce82f5c2","name":"Jean Pierre BAWELA","image":{"@type":"ImageObject","inLanguage":"fr-FR","@id":"https:\/\/macite.tg\/wp-content\/uploads\/2023\/09\/WhatsApp-Image-2023-09-19-at-14.44.41-122x122.jpeg","url":"https:\/\/macite.tg\/wp-content\/uploads\/2023\/09\/WhatsApp-Image-2023-09-19-at-14.44.41-122x122.jpeg","contentUrl":"https:\/\/macite.tg\/wp-content\/uploads\/2023\/09\/WhatsApp-Image-2023-09-19-at-14.44.41-122x122.jpeg","caption":"Jean Pierre BAWELA"},"url":"https:\/\/macite.tg\/?author=2"}]}},"_links":{"self":[{"href":"https:\/\/macite.tg\/index.php?rest_route=\/wp\/v2\/posts\/139","targetHints":{"allow":["GET"]}}],"collection":[{"href":"https:\/\/macite.tg\/index.php?rest_route=\/wp\/v2\/posts"}],"about":[{"href":"https:\/\/macite.tg\/index.php?rest_route=\/wp\/v2\/types\/post"}],"author":[{"embeddable":true,"href":"https:\/\/macite.tg\/index.php?rest_route=\/wp\/v2\/users\/2"}],"replies":[{"embeddable":true,"href":"https:\/\/macite.tg\/index.php?rest_route=%2Fwp%2Fv2%2Fcomments&post=139"}],"version-history":[{"count":0,"href":"https:\/\/macite.tg\/index.php?rest_route=\/wp\/v2\/posts\/139\/revisions"}],"wp:featuredmedia":[{"embeddable":true,"href":"https:\/\/macite.tg\/index.php?rest_route=\/wp\/v2\/media\/141"}],"wp:attachment":[{"href":"https:\/\/macite.tg\/index.php?rest_route=%2Fwp%2Fv2%2Fmedia&parent=139"}],"wp:term":[{"taxonomy":"category","embeddable":true,"href":"https:\/\/macite.tg\/index.php?rest_route=%2Fwp%2Fv2%2Fcategories&post=139"},{"taxonomy":"post_tag","embeddable":true,"href":"https:\/\/macite.tg\/index.php?rest_route=%2Fwp%2Fv2%2Ftags&post=139"}],"curies":[{"name":"wp","href":"https:\/\/api.w.org\/{rel}","templated":true}]}}