{"id":1316,"date":"2022-10-31T13:42:30","date_gmt":"2022-10-31T13:42:30","guid":{"rendered":"https:\/\/macite.info\/?p=1316"},"modified":"2022-10-31T13:42:31","modified_gmt":"2022-10-31T13:42:31","slug":"de-la-prison-au-palais-presidentiel-le-retour-de-linoxydable-lula-a-la-tete-du-bresil","status":"publish","type":"post","link":"https:\/\/macite.tg\/?p=1316","title":{"rendered":"DE LA PRISON AU PALAIS PR\u00c9SIDENTIEL : Le retour de l\u2019inoxydable Lula \u00e0 la t\u00eate du Br\u00e9sil"},"content":{"rendered":"\n<p class=\"wp-block-paragraph\"><strong><em>\u00c0 77 ans, apr\u00e8s avoir encha\u00een\u00e9 moments de gloire et revers de fortune en passant par la case prison, Lula, ic\u00f4ne insubmersible de la gauche latino-am\u00e9ricaine, va retrouver le palais pr\u00e9sidentiel de Brasilia.<\/em><\/strong><\/p>\n\n\n\n<p class=\"wp-block-paragraph\"><em>\u00ab\u00a0C&rsquo;est le jour le plus important de ma vie\u00a0\u00bb,<\/em> a d\u00e9clar\u00e9 <a href=\"https:\/\/www.france24.com\/fr\/am\u00e9riques\/20221031-apr\u00e8s-la-courte-victoire-de-lula-le-camp-de-la-d\u00e9mocratie-entre-soulagement-et-inqui\u00e9tude\">Lula en votant dimanche, quelques heures avant d\u2019\u00eatre d\u00e9sign\u00e9 vainqueur du scrutin<\/a>,&nbsp;alors qu&rsquo;il \u00e9tait depuis des mois le favori de l&rsquo;\u00e9lection face au pr\u00e9sident d&rsquo;extr\u00eame droite sortant Jair Bolsonaro.<\/p>\n\n\n\n<p class=\"wp-block-paragraph\">\u00c0 77 ans, apr\u00e8s avoir encha\u00een\u00e9 moments de gloire et revers de fortune en passant par la case prison, Lula, ic\u00f4ne insubmersible de la gauche latino-am\u00e9ricaine, <a href=\"https:\/\/www.france24.com\/fr\/am\u00e9riques\/20221030-en-direct-lula-ou-bolsonaro-les-br\u00e9siliens-\u00e9lisent-leur-pr\u00e9sident-ce-dimanche\">va donc retrouver le palais pr\u00e9sidentiel de Brasilia.<\/a><\/p>\n\n\n\n<p class=\"wp-block-paragraph\">Le come-back de <a href=\"https:\/\/www.france24.com\/fr\/tag\/luiz-inacio-lula-da-silva\/\">Luiz Inacio Lula da Silva<\/a>, qui a \u00e9t\u00e9 au pouvoir lors de deux mandats (2003-2010) et voit sa 6<sup>e<\/sup> campagne pr\u00e9sidentielle le mener de nouveau \u00e0 la fonction supr\u00eame, est une premi\u00e8re dans l&rsquo;Histoire r\u00e9cente du Br\u00e9sil. Mais Lula, qui a connu un destin hors norme, revient de loin.<\/p>\n\n\n<div class=\"wp-block-image\">\n<figure class=\"aligncenter size-full is-resized\"><img loading=\"lazy\" decoding=\"async\" src=\"https:\/\/macite.tg\/wp-content\/uploads\/2022\/10\/lula.jpg\" alt=\"\" class=\"wp-image-1318\" width=\"664\" height=\"373\"\/><figcaption><em><strong>Le pr\u00e9sident \u00e9lu c\u00e9l\u00e9brant son retour au Palais<\/strong><\/em>&#8230;<\/figcaption><\/figure>\n<\/div>\n\n\n<p class=\"wp-block-paragraph\">Condamn\u00e9 pour corruption dans le plus grand scandale de l&rsquo;Histoire du Br\u00e9sil, <em>\u00ab\u00a0Lavage express\u00a0\u00bb,<\/em> il avait \u00e9t\u00e9 incarc\u00e9r\u00e9 580 jours, d&rsquo;avril 2018 \u00e0 novembre 2019.<\/p>\n\n\n\n<p class=\"wp-block-paragraph\">Le chef de file du Parti des Travailleurs (PT) s&rsquo;est toujours dit victime d&rsquo;un complot politique qui a permis \u00e0 <a href=\"https:\/\/www.france24.com\/fr\/tag\/jair-bolsonaro\/\">Jair Bolsonaro<\/a> d&rsquo;\u00eatre \u00e9lu \u00e0 la pr\u00e9sidence en 2018 alors qu&rsquo;il en \u00e9tait le grand favori.<\/p>\n\n\n\n<p class=\"wp-block-paragraph\">En mars 2021, il pouvait de nouveau r\u00eaver \u00e0 une revanche \u00e9clatante. La Cour supr\u00eame annulait ou prescrivait ses condamnations, lui permettant de recouvrer ses droits politiques, sans l&rsquo;innocenter pour autant.<\/p>\n\n\n\n<p class=\"wp-block-paragraph\">Pour le Comit\u00e9 des droits de l&rsquo;Homme de l&rsquo;ONU, l&rsquo;enqu\u00eate et les poursuites engag\u00e9es contre Lula avaient viol\u00e9 son droit \u00e0 \u00eatre jug\u00e9 par un tribunal impartial.<\/p>\n\n\n\n<h2 class=\"wp-block-heading\"><i class=\"fas fa-pencil-alt\"> <\/i><span>&nbsp;<\/h2>\n\n\n\n<h2 class=\"wp-block-heading\"><i class=\"fas fa-pencil-alt\"> <\/i><span>\u00ab\u00a0Le Br\u00e9sil heureux de nouveau\u00a0\u00bb<\/h2>\n\n\n\n<p class=\"wp-block-paragraph\">Aujourd&rsquo;hui, 12 ans apr\u00e8s avoir quitt\u00e9 le pouvoir sur un taux stratosph\u00e9rique d&rsquo;opinions favorables (87&nbsp;%), l&rsquo;inoxydable Lula veut rendre <em>\u00ab\u00a0le Br\u00e9sil heureux de nouveau\u00a0\u00bb.<\/em><\/p>\n\n\n\n<p class=\"wp-block-paragraph\">Ce tribun charismatique \u00e0 la voix rauque a parcouru l&rsquo;immense pays, \u00e9quip\u00e9 d&rsquo;un gilet pare-balle, et a livr\u00e9 un duel acharn\u00e9 face \u00e0&nbsp;son ennemi de toujours, Bolsonaro.<\/p>\n\n\n\n<p class=\"wp-block-paragraph\">Lula reste per\u00e7u comme <em>\u00ab\u00a0pr\u00e8s du peuple\u00a0\u00bb<\/em> et est toujours tr\u00e8s aim\u00e9, surtout dans les r\u00e9gions pauvres du Nord-Est, son fief historique.<\/p>\n\n\n\n<p class=\"wp-block-paragraph\">Mais il est aussi d\u00e9test\u00e9 par une partie des Br\u00e9siliens pour lesquels il incarne \u00e0 tout jamais la corruption. Jair Bolsonaro, qui avait beaucoup jou\u00e9 sur la haine du PT pour \u00eatre \u00e9lu en 2018, n&rsquo;a cess\u00e9 de le traiter <em>de \u00ab\u00a0voleur\u00a0\u00bb<\/em> et <em>\u2018\u2019d&rsquo;ex-prisonnier\u00a0\u00bb<\/em> lors de leurs d\u00e9bats.<\/p>\n\n\n\n<p class=\"wp-block-paragraph\">Rien ne pr\u00e9disposait Lula, ce cadet d&rsquo;une fratrie de huit enfants, n\u00e9 le 27 octobre 1945 dans une famille d&rsquo;agriculteurs pauvres du Pernambouc (nord-est), \u00e0 un tel destin.<\/p>\n\n\n\n<h2 class=\"wp-block-heading\"><i class=\"fas fa-pencil-alt\"> <\/i><span>&nbsp;<\/h2>\n\n\n\n<h2 class=\"wp-block-heading\"><i class=\"fas fa-pencil-alt\"> <\/i><span>Enfance<\/h2>\n\n\n\n<p class=\"wp-block-paragraph\">Enfant, Lula \u00e9tait cireur de chaussures. Il a sept ans lorsque sa famille d\u00e9m\u00e9nage \u00e0 Sao Paulo pour \u00e9chapper \u00e0 la mis\u00e8re.<\/p>\n\n\n\n<p class=\"wp-block-paragraph\">Vendeur ambulant puis ouvrier m\u00e9tallurgiste \u00e0 14 ans, il perd l&rsquo;auriculaire gauche dans un accident du travail.<\/p>\n\n\n\n<p class=\"wp-block-paragraph\">\u00c0 21 ans, il entre au syndicat des m\u00e9tallurgistes et conduit les grandes gr\u00e8ves de la fin des ann\u00e9es 1970, en pleine dictature militaire (1964-1985).<\/p>\n\n\n\n<p class=\"wp-block-paragraph\">Cofondateur du PT au d\u00e9but des ann\u00e9es 1980, il se pr\u00e9sente pour la premi\u00e8re fois \u00e0 l&rsquo;\u00e9lection pr\u00e9sidentielle en 1989 et \u00e9choue de peu. Apr\u00e8s deux nouveaux \u00e9checs, en 1994 et en 1998, la quatri\u00e8me tentative sera la bonne, en octobre 2002. Il est r\u00e9\u00e9lu en 2006.<\/p>\n\n\n\n<p class=\"wp-block-paragraph\">Premier chef de l&rsquo;\u00c9tat br\u00e9silien issu de la classe ouvri\u00e8re, il a mis en \u0153uvre d&rsquo;ambitieux programmes sociaux, gr\u00e2ce aux ann\u00e9es de croissance port\u00e9es par le boom des mati\u00e8res premi\u00e8res. Sous ses deux mandats, pr\u00e8s de 30 millions de Br\u00e9siliens sont sortis de la mis\u00e8re.<\/p>\n\n\n\n<figure class=\"wp-block-image size-large\"><img loading=\"lazy\" decoding=\"async\" width=\"1024\" height=\"426\" src=\"https:\/\/macite.tg\/wp-content\/uploads\/2022\/10\/ANNONCES-1-2-1024x426.jpg\" alt=\"\" class=\"wp-image-1264\" srcset=\"https:\/\/macite.tg\/wp-content\/uploads\/2022\/10\/ANNONCES-1-2-1024x426.jpg 1024w, https:\/\/macite.tg\/wp-content\/uploads\/2022\/10\/ANNONCES-1-2-300x125.jpg 300w, https:\/\/macite.tg\/wp-content\/uploads\/2022\/10\/ANNONCES-1-2-768x319.jpg 768w, https:\/\/macite.tg\/wp-content\/uploads\/2022\/10\/ANNONCES-1-2.jpg 1080w\" sizes=\"auto, (max-width: 1024px) 100vw, 1024px\" \/><\/figure>\n\n\n\n<p class=\"wp-block-paragraph\">Lula a aussi incarn\u00e9 un pays qui s&rsquo;ouvrait sur le monde, et a conf\u00e9r\u00e9 au Br\u00e9sil une stature internationale avec, notamment, le Mondial de football (2014) et les jeux Olympiques (2016) \u00e0 Rio de Janeiro.<\/p>\n\n\n\n<h2 class=\"wp-block-heading\"><i class=\"fas fa-pencil-alt\"> <\/i><span>&nbsp;<\/h2>\n\n\n\n<h2 class=\"wp-block-heading\"><i class=\"fas fa-pencil-alt\"> <\/i><span>Alliance et compromis<\/h2>\n\n\n\n<p class=\"wp-block-paragraph\">Id\u00e9aliste mais pragmatique, Lula est pass\u00e9 ma\u00eetre dans l&rsquo;art de tisser des alliances parfois contre nature. Pour cette pr\u00e9sidentielle, son colistier est un technocrate centriste \u00e0 m\u00eame de rassurer les milieux \u00e9conomiques: Geraldo Alckmin, son adversaire lors de pr\u00e9c\u00e9dents scrutins.<\/p>\n\n\n\n<p class=\"wp-block-paragraph\">En mars 2016, sa tentative de retour aux affaires en tant que ministre de sa dauphine, Dilma Rousseff, avait \u00e9t\u00e9 un \u00e9chec cuisant, tout comme la destitution de celle-ci en ao\u00fbt. En octobre 2011, il a souffert d&rsquo;un cancer du larynx. En f\u00e9vrier 2017, l&rsquo;ex-pr\u00e9sident a subi une \u00e9preuve intime avec la mort de son \u00e9pouse Marisa Leticia Rocco.<\/p>\n\n\n\n<p class=\"wp-block-paragraph\">Mais Lula a retrouv\u00e9 un nouvel amour, Rosangela da Silva, surnomm\u00e9e \u00ab\u00a0Janja\u00a0\u00bb, une sociologue militante du PT, de 21 ans sa cadette, qu&rsquo;il a \u00e9pous\u00e9e en mai. <em>\u00ab&nbsp;Je suis amoureux d&rsquo;elle comme si j&rsquo;avais 20 ans&nbsp;\u00bb, <\/em>a-t-il dit de celle qui a pris une part active \u00e0 sa campagne.<\/p>\n\n\n\n<p class=\"wp-block-paragraph\"><em>Avec AFP<\/em><\/p>\n\n\n\n<p class=\"wp-block-paragraph\"><strong><em>@macite.info<\/em><\/strong><\/p>\n\n\n\n<p class=\"wp-block-paragraph\"><strong><em>E-mail&nbsp;: <\/em><\/strong><a href=\"mailto:maciteinfo@gmail.com\"><strong><em>maciteinfo@gmail.com<\/em><\/strong><\/a><strong><em>; <\/em><\/strong><a href=\"mailto:bawela1@gmail.com\"><strong><em>bawela1@gmail.com<\/em><\/strong><\/a><\/p>\n\n\n\n<p class=\"wp-block-paragraph\"><strong><em>Pour vos annonces, (publi)reportages, etc., joignez nous au (00228) 91515309\/<strong>79872224<\/strong><\/em><\/strong><em><\/em><\/p>\n\n\n\n<p class=\"wp-block-paragraph\"><a href=\"http:\/\/www.macite.info\"><strong><em>www.macite.info<\/em><\/strong><\/a><strong><em>, L\u2019information, la bonne&nbsp;!<\/em><\/strong><\/p>\n","protected":false},"excerpt":{"rendered":"<p class=\"text-justify mb-2\" >\u00c0 77 ans, apr\u00e8s avoir encha\u00een\u00e9 moments de gloire et revers de fortune en passant par la case prison, Lula, ic\u00f4ne insubmersible de la gauche latino-am\u00e9ricaine, va retrouver le palais pr\u00e9sidentiel de Brasilia. \u00ab\u00a0C&rsquo;est le jour le plus important de ma vie\u00a0\u00bb, a d\u00e9clar\u00e9 Lula [&hellip;]<\/p>\n","protected":false},"author":2,"featured_media":1317,"comment_status":"open","ping_status":"open","sticky":false,"template":"","format":"standard","meta":{"footnotes":""},"categories":[1],"tags":[],"class_list":["post-1316","post","type-post","status-publish","format-standard","has-post-thumbnail","hentry","category-politique"],"yoast_head":"<!-- This site is optimized with the Yoast SEO plugin v28.4 - https:\/\/yoast.com\/product\/yoast-seo-wordpress\/ -->\n<title>DE LA PRISON AU PALAIS PR\u00c9SIDENTIEL : Le retour de l\u2019inoxydable Lula \u00e0 la t\u00eate du Br\u00e9sil -<\/title>\n<meta name=\"robots\" content=\"index, follow, max-snippet:-1, max-image-preview:large, max-video-preview:-1\" \/>\n<link rel=\"canonical\" href=\"https:\/\/macite.tg\/?p=1316\" \/>\n<meta property=\"og:locale\" content=\"fr_FR\" \/>\n<meta property=\"og:type\" content=\"article\" \/>\n<meta property=\"og:title\" content=\"DE LA PRISON AU PALAIS PR\u00c9SIDENTIEL : Le retour de l\u2019inoxydable Lula \u00e0 la t\u00eate du Br\u00e9sil -\" \/>\n<meta property=\"og:description\" content=\"\u00c0 77 ans, apr\u00e8s avoir encha\u00een\u00e9 moments de gloire et revers de fortune en passant par la case prison, Lula, ic\u00f4ne insubmersible de la gauche latino-am\u00e9ricaine, va retrouver le palais pr\u00e9sidentiel de Brasilia. \u00ab\u00a0C&rsquo;est le jour le plus important de ma vie\u00a0\u00bb, a d\u00e9clar\u00e9 Lula [&hellip;]\" \/>\n<meta property=\"og:url\" content=\"https:\/\/macite.tg\/?p=1316\" \/>\n<meta property=\"article:published_time\" content=\"2022-10-31T13:42:30+00:00\" \/>\n<meta property=\"article:modified_time\" content=\"2022-10-31T13:42:31+00:00\" \/>\n<meta property=\"og:image\" content=\"https:\/\/macite.tg\/wp-content\/uploads\/2022\/10\/Lula-jair.jpg\" \/>\n\t<meta property=\"og:image:width\" content=\"341\" \/>\n\t<meta property=\"og:image:height\" content=\"148\" \/>\n\t<meta property=\"og:image:type\" content=\"image\/jpeg\" \/>\n<meta name=\"author\" content=\"Jean Pierre BAWELA\" \/>\n<meta name=\"twitter:card\" content=\"summary_large_image\" \/>\n<meta name=\"twitter:label1\" content=\"\u00c9crit par\" \/>\n\t<meta name=\"twitter:data1\" content=\"Jean Pierre BAWELA\" \/>\n\t<meta name=\"twitter:label2\" content=\"Dur\u00e9e de lecture estim\u00e9e\" \/>\n\t<meta name=\"twitter:data2\" content=\"5 minutes\" \/>\n<script type=\"application\/ld+json\" class=\"yoast-schema-graph\">{\"@context\":\"https:\\\/\\\/schema.org\",\"@graph\":[{\"@type\":\"Article\",\"@id\":\"https:\\\/\\\/macite.tg\\\/?p=1316#article\",\"isPartOf\":{\"@id\":\"https:\\\/\\\/macite.tg\\\/?p=1316\"},\"author\":{\"name\":\"Jean Pierre BAWELA\",\"@id\":\"https:\\\/\\\/macite.tg\\\/#\\\/schema\\\/person\\\/e9f2de7e5dbbe7770a9402c7ce82f5c2\"},\"headline\":\"DE LA PRISON AU PALAIS PR\u00c9SIDENTIEL : Le retour de l\u2019inoxydable Lula \u00e0 la t\u00eate du Br\u00e9sil\",\"datePublished\":\"2022-10-31T13:42:30+00:00\",\"dateModified\":\"2022-10-31T13:42:31+00:00\",\"mainEntityOfPage\":{\"@id\":\"https:\\\/\\\/macite.tg\\\/?p=1316\"},\"wordCount\":907,\"commentCount\":0,\"image\":{\"@id\":\"https:\\\/\\\/macite.tg\\\/?p=1316#primaryimage\"},\"thumbnailUrl\":\"https:\\\/\\\/macite.tg\\\/wp-content\\\/uploads\\\/2022\\\/10\\\/Lula-jair.jpg\",\"articleSection\":[\"POLITIQUE\"],\"inLanguage\":\"fr-FR\",\"potentialAction\":[{\"@type\":\"CommentAction\",\"name\":\"Comment\",\"target\":[\"https:\\\/\\\/macite.tg\\\/?p=1316#respond\"]}]},{\"@type\":\"WebPage\",\"@id\":\"https:\\\/\\\/macite.tg\\\/?p=1316\",\"url\":\"https:\\\/\\\/macite.tg\\\/?p=1316\",\"name\":\"DE LA PRISON AU PALAIS PR\u00c9SIDENTIEL : Le retour de l\u2019inoxydable Lula \u00e0 la t\u00eate du Br\u00e9sil -\",\"isPartOf\":{\"@id\":\"https:\\\/\\\/macite.tg\\\/#website\"},\"primaryImageOfPage\":{\"@id\":\"https:\\\/\\\/macite.tg\\\/?p=1316#primaryimage\"},\"image\":{\"@id\":\"https:\\\/\\\/macite.tg\\\/?p=1316#primaryimage\"},\"thumbnailUrl\":\"https:\\\/\\\/macite.tg\\\/wp-content\\\/uploads\\\/2022\\\/10\\\/Lula-jair.jpg\",\"datePublished\":\"2022-10-31T13:42:30+00:00\",\"dateModified\":\"2022-10-31T13:42:31+00:00\",\"author\":{\"@id\":\"https:\\\/\\\/macite.tg\\\/#\\\/schema\\\/person\\\/e9f2de7e5dbbe7770a9402c7ce82f5c2\"},\"breadcrumb\":{\"@id\":\"https:\\\/\\\/macite.tg\\\/?p=1316#breadcrumb\"},\"inLanguage\":\"fr-FR\",\"potentialAction\":[{\"@type\":\"ReadAction\",\"target\":[\"https:\\\/\\\/macite.tg\\\/?p=1316\"]}]},{\"@type\":\"ImageObject\",\"inLanguage\":\"fr-FR\",\"@id\":\"https:\\\/\\\/macite.tg\\\/?p=1316#primaryimage\",\"url\":\"https:\\\/\\\/macite.tg\\\/wp-content\\\/uploads\\\/2022\\\/10\\\/Lula-jair.jpg\",\"contentUrl\":\"https:\\\/\\\/macite.tg\\\/wp-content\\\/uploads\\\/2022\\\/10\\\/Lula-jair.jpg\",\"width\":341,\"height\":148},{\"@type\":\"BreadcrumbList\",\"@id\":\"https:\\\/\\\/macite.tg\\\/?p=1316#breadcrumb\",\"itemListElement\":[{\"@type\":\"ListItem\",\"position\":1,\"name\":\"Accueil\",\"item\":\"https:\\\/\\\/macite.tg\\\/\"},{\"@type\":\"ListItem\",\"position\":2,\"name\":\"DE LA PRISON AU PALAIS PR\u00c9SIDENTIEL : Le retour de l\u2019inoxydable Lula \u00e0 la t\u00eate du Br\u00e9sil\"}]},{\"@type\":\"WebSite\",\"@id\":\"https:\\\/\\\/macite.tg\\\/#website\",\"url\":\"https:\\\/\\\/macite.tg\\\/\",\"name\":\"\",\"description\":\"L&#039;information, la bonne!!!\",\"potentialAction\":[{\"@type\":\"SearchAction\",\"target\":{\"@type\":\"EntryPoint\",\"urlTemplate\":\"https:\\\/\\\/macite.tg\\\/?s={search_term_string}\"},\"query-input\":{\"@type\":\"PropertyValueSpecification\",\"valueRequired\":true,\"valueName\":\"search_term_string\"}}],\"inLanguage\":\"fr-FR\"},{\"@type\":\"Person\",\"@id\":\"https:\\\/\\\/macite.tg\\\/#\\\/schema\\\/person\\\/e9f2de7e5dbbe7770a9402c7ce82f5c2\",\"name\":\"Jean Pierre BAWELA\",\"image\":{\"@type\":\"ImageObject\",\"inLanguage\":\"fr-FR\",\"@id\":\"https:\\\/\\\/macite.tg\\\/wp-content\\\/uploads\\\/2023\\\/09\\\/WhatsApp-Image-2023-09-19-at-14.44.41-122x122.jpeg\",\"url\":\"https:\\\/\\\/macite.tg\\\/wp-content\\\/uploads\\\/2023\\\/09\\\/WhatsApp-Image-2023-09-19-at-14.44.41-122x122.jpeg\",\"contentUrl\":\"https:\\\/\\\/macite.tg\\\/wp-content\\\/uploads\\\/2023\\\/09\\\/WhatsApp-Image-2023-09-19-at-14.44.41-122x122.jpeg\",\"caption\":\"Jean Pierre BAWELA\"},\"url\":\"https:\\\/\\\/macite.tg\\\/?author=2\"}]}<\/script>\n<!-- \/ Yoast SEO plugin. -->","yoast_head_json":{"title":"DE LA PRISON AU PALAIS PR\u00c9SIDENTIEL : Le retour de l\u2019inoxydable Lula \u00e0 la t\u00eate du Br\u00e9sil -","robots":{"index":"index","follow":"follow","max-snippet":"max-snippet:-1","max-image-preview":"max-image-preview:large","max-video-preview":"max-video-preview:-1"},"canonical":"https:\/\/macite.tg\/?p=1316","og_locale":"fr_FR","og_type":"article","og_title":"DE LA PRISON AU PALAIS PR\u00c9SIDENTIEL : Le retour de l\u2019inoxydable Lula \u00e0 la t\u00eate du Br\u00e9sil -","og_description":"\u00c0 77 ans, apr\u00e8s avoir encha\u00een\u00e9 moments de gloire et revers de fortune en passant par la case prison, Lula, ic\u00f4ne insubmersible de la gauche latino-am\u00e9ricaine, va retrouver le palais pr\u00e9sidentiel de Brasilia. \u00ab\u00a0C&rsquo;est le jour le plus important de ma vie\u00a0\u00bb, a d\u00e9clar\u00e9 Lula [&hellip;]","og_url":"https:\/\/macite.tg\/?p=1316","article_published_time":"2022-10-31T13:42:30+00:00","article_modified_time":"2022-10-31T13:42:31+00:00","og_image":[{"width":341,"height":148,"url":"https:\/\/macite.tg\/wp-content\/uploads\/2022\/10\/Lula-jair.jpg","type":"image\/jpeg"}],"author":"Jean Pierre BAWELA","twitter_card":"summary_large_image","twitter_misc":{"\u00c9crit par":"Jean Pierre BAWELA","Dur\u00e9e de lecture estim\u00e9e":"5 minutes"},"schema":{"@context":"https:\/\/schema.org","@graph":[{"@type":"Article","@id":"https:\/\/macite.tg\/?p=1316#article","isPartOf":{"@id":"https:\/\/macite.tg\/?p=1316"},"author":{"name":"Jean Pierre BAWELA","@id":"https:\/\/macite.tg\/#\/schema\/person\/e9f2de7e5dbbe7770a9402c7ce82f5c2"},"headline":"DE LA PRISON AU PALAIS PR\u00c9SIDENTIEL : Le retour de l\u2019inoxydable Lula \u00e0 la t\u00eate du Br\u00e9sil","datePublished":"2022-10-31T13:42:30+00:00","dateModified":"2022-10-31T13:42:31+00:00","mainEntityOfPage":{"@id":"https:\/\/macite.tg\/?p=1316"},"wordCount":907,"commentCount":0,"image":{"@id":"https:\/\/macite.tg\/?p=1316#primaryimage"},"thumbnailUrl":"https:\/\/macite.tg\/wp-content\/uploads\/2022\/10\/Lula-jair.jpg","articleSection":["POLITIQUE"],"inLanguage":"fr-FR","potentialAction":[{"@type":"CommentAction","name":"Comment","target":["https:\/\/macite.tg\/?p=1316#respond"]}]},{"@type":"WebPage","@id":"https:\/\/macite.tg\/?p=1316","url":"https:\/\/macite.tg\/?p=1316","name":"DE LA PRISON AU PALAIS PR\u00c9SIDENTIEL : Le retour de l\u2019inoxydable Lula \u00e0 la t\u00eate du Br\u00e9sil -","isPartOf":{"@id":"https:\/\/macite.tg\/#website"},"primaryImageOfPage":{"@id":"https:\/\/macite.tg\/?p=1316#primaryimage"},"image":{"@id":"https:\/\/macite.tg\/?p=1316#primaryimage"},"thumbnailUrl":"https:\/\/macite.tg\/wp-content\/uploads\/2022\/10\/Lula-jair.jpg","datePublished":"2022-10-31T13:42:30+00:00","dateModified":"2022-10-31T13:42:31+00:00","author":{"@id":"https:\/\/macite.tg\/#\/schema\/person\/e9f2de7e5dbbe7770a9402c7ce82f5c2"},"breadcrumb":{"@id":"https:\/\/macite.tg\/?p=1316#breadcrumb"},"inLanguage":"fr-FR","potentialAction":[{"@type":"ReadAction","target":["https:\/\/macite.tg\/?p=1316"]}]},{"@type":"ImageObject","inLanguage":"fr-FR","@id":"https:\/\/macite.tg\/?p=1316#primaryimage","url":"https:\/\/macite.tg\/wp-content\/uploads\/2022\/10\/Lula-jair.jpg","contentUrl":"https:\/\/macite.tg\/wp-content\/uploads\/2022\/10\/Lula-jair.jpg","width":341,"height":148},{"@type":"BreadcrumbList","@id":"https:\/\/macite.tg\/?p=1316#breadcrumb","itemListElement":[{"@type":"ListItem","position":1,"name":"Accueil","item":"https:\/\/macite.tg\/"},{"@type":"ListItem","position":2,"name":"DE LA PRISON AU PALAIS PR\u00c9SIDENTIEL : Le retour de l\u2019inoxydable Lula \u00e0 la t\u00eate du Br\u00e9sil"}]},{"@type":"WebSite","@id":"https:\/\/macite.tg\/#website","url":"https:\/\/macite.tg\/","name":"","description":"L&#039;information, la bonne!!!","potentialAction":[{"@type":"SearchAction","target":{"@type":"EntryPoint","urlTemplate":"https:\/\/macite.tg\/?s={search_term_string}"},"query-input":{"@type":"PropertyValueSpecification","valueRequired":true,"valueName":"search_term_string"}}],"inLanguage":"fr-FR"},{"@type":"Person","@id":"https:\/\/macite.tg\/#\/schema\/person\/e9f2de7e5dbbe7770a9402c7ce82f5c2","name":"Jean Pierre BAWELA","image":{"@type":"ImageObject","inLanguage":"fr-FR","@id":"https:\/\/macite.tg\/wp-content\/uploads\/2023\/09\/WhatsApp-Image-2023-09-19-at-14.44.41-122x122.jpeg","url":"https:\/\/macite.tg\/wp-content\/uploads\/2023\/09\/WhatsApp-Image-2023-09-19-at-14.44.41-122x122.jpeg","contentUrl":"https:\/\/macite.tg\/wp-content\/uploads\/2023\/09\/WhatsApp-Image-2023-09-19-at-14.44.41-122x122.jpeg","caption":"Jean Pierre BAWELA"},"url":"https:\/\/macite.tg\/?author=2"}]}},"_links":{"self":[{"href":"https:\/\/macite.tg\/index.php?rest_route=\/wp\/v2\/posts\/1316","targetHints":{"allow":["GET"]}}],"collection":[{"href":"https:\/\/macite.tg\/index.php?rest_route=\/wp\/v2\/posts"}],"about":[{"href":"https:\/\/macite.tg\/index.php?rest_route=\/wp\/v2\/types\/post"}],"author":[{"embeddable":true,"href":"https:\/\/macite.tg\/index.php?rest_route=\/wp\/v2\/users\/2"}],"replies":[{"embeddable":true,"href":"https:\/\/macite.tg\/index.php?rest_route=%2Fwp%2Fv2%2Fcomments&post=1316"}],"version-history":[{"count":0,"href":"https:\/\/macite.tg\/index.php?rest_route=\/wp\/v2\/posts\/1316\/revisions"}],"wp:featuredmedia":[{"embeddable":true,"href":"https:\/\/macite.tg\/index.php?rest_route=\/wp\/v2\/media\/1317"}],"wp:attachment":[{"href":"https:\/\/macite.tg\/index.php?rest_route=%2Fwp%2Fv2%2Fmedia&parent=1316"}],"wp:term":[{"taxonomy":"category","embeddable":true,"href":"https:\/\/macite.tg\/index.php?rest_route=%2Fwp%2Fv2%2Fcategories&post=1316"},{"taxonomy":"post_tag","embeddable":true,"href":"https:\/\/macite.tg\/index.php?rest_route=%2Fwp%2Fv2%2Ftags&post=1316"}],"curies":[{"name":"wp","href":"https:\/\/api.w.org\/{rel}","templated":true}]}}