{"id":1313,"date":"2022-10-31T13:06:55","date_gmt":"2022-10-31T13:06:55","guid":{"rendered":"https:\/\/macite.info\/?p=1313"},"modified":"2022-10-31T13:06:57","modified_gmt":"2022-10-31T13:06:57","slug":"coupe-du-monde-fifa-qatar-2022-la-fifa-exclut-un-attaquant-senegalais-pour-cette-raison","status":"publish","type":"post","link":"https:\/\/macite.tg\/?p=1313","title":{"rendered":"COUPE DU MONDE FIFA QATAR 2022\u00a0: La FIFA exclut un attaquant s\u00e9n\u00e9galais pour cette raison\u2026"},"content":{"rendered":"\n<p class=\"wp-block-paragraph\"><strong><em>Pas de Mondial pour Keita Diao Bald\u00e9. Le verdict \u00e9tait redout\u00e9 par les supporters s\u00e9n\u00e9galais. Il vient de tomber hier dimanche 30 octobre ! Suspendu par le Tribunal national antidopage italien lorsqu\u2019il \u00e9voluait \u00e0 Cagliari, l\u2019international s\u00e9n\u00e9galais Ke\u00efta Bald\u00e9 a d\u00e9cid\u00e9 de ne pas faire appel du jugement rendu le 17 septembre dernier.<\/em><\/strong><\/p>\n\n\n\n<p class=\"wp-block-paragraph\">Cons\u00e9quence: L\u2019ailier international s\u00e9n\u00e9galais qui a r\u00e9cemment sign\u00e9 au Spartak Moscou se voit officiellement refuser le droit de pratiquer le football jusqu\u2019au 5 d\u00e9cembre prochain et ce, en raison de <em>\u00abviolation d\u2019un contr\u00f4le antidopage\u00bb.<\/em><\/p>\n\n\n\n<p class=\"wp-block-paragraph\">Champion d\u2019Afrique 2022, l\u2019homme aux 40 capes avec les Lions va ainsi bel et bien rater la prochain Mondial au Qatar (20 novembre-18 d\u00e9cembre).<\/p>\n\n\n\n<figure class=\"wp-block-image size-large\"><img loading=\"lazy\" decoding=\"async\" width=\"1024\" height=\"426\" src=\"https:\/\/macite.tg\/wp-content\/uploads\/2022\/10\/ANNONCES-1-2-1024x426.jpg\" alt=\"\" class=\"wp-image-1264\" srcset=\"https:\/\/macite.tg\/wp-content\/uploads\/2022\/10\/ANNONCES-1-2-1024x426.jpg 1024w, https:\/\/macite.tg\/wp-content\/uploads\/2022\/10\/ANNONCES-1-2-300x125.jpg 300w, https:\/\/macite.tg\/wp-content\/uploads\/2022\/10\/ANNONCES-1-2-768x319.jpg 768w, https:\/\/macite.tg\/wp-content\/uploads\/2022\/10\/ANNONCES-1-2.jpg 1080w\" sizes=\"auto, (max-width: 1024px) 100vw, 1024px\" \/><\/figure>\n\n\n\n<p class=\"wp-block-paragraph\"><strong>Ci-apr\u00e8s le communiqu\u00e9 officiel du club de Keita Bald\u00e9, le Spartak Moscou :<\/strong><\/p>\n\n\n\n<p class=\"wp-block-paragraph\">&nbsp;<em>\u00abEn raison d\u2019une violation de la proc\u00e9dure de contr\u00f4le antidopage lors de ses apparitions pour Cagliari, Keita Balde est disqualifi\u00e9 par le tribunal antidopage National Italien jusqu\u2019au 5 d\u00e9cembre. Dans un \u00e9chantillon pr\u00e9lev\u00e9 ce jour-l\u00e0 chez Keita, aucune substance interdite n\u2019a \u00e9t\u00e9 trouv\u00e9e.<\/em><\/p>\n\n\n\n<p class=\"wp-block-paragraph\"><em>Toutefois, conform\u00e9ment au code de discipline, toute sanction li\u00e9e au dopage appliqu\u00e9e par une autre Association sportive nationale ou internationale, l\u2019organisation nationale antidopage, est automatiquement accept\u00e9e par la FIFA et doit \u00eatre reconnue par toutes les conf\u00e9d\u00e9rations et associations \u00bb.<\/em><\/p>\n\n\n\n<p class=\"wp-block-paragraph\"><em>\u00ab En cons\u00e9quence, la sanction appliqu\u00e9e par l\u2019organisation antidopage Italienne est soumise \u00e0 la reconnaissance de la RFS. Selon les conditions de la disqualification, le footballeur sera en mesure de revenir au processus d\u2019entra\u00eenement au plus t\u00f4t 22 jours avant l\u2019expiration de la peine.\u00bb<\/em><\/p>\n\n\n\n<p class=\"wp-block-paragraph\">Ainsi, l\u2019ancien pensionnaire du FC Barcelone, de l\u2019Inter Milan et de la Lazio rejoint les malheureux Bouna Sarrr et Moussa Niakhat\u00e9 dans la liste des joueurs s\u00e9n\u00e9galais forfaits pour le Mondial 2022 qui verra le S\u00e9n\u00e9gal croiser le fer avec les Pays-Bas, le Qatar et l\u2019Equateur.<\/p>\n\n\n\n<p class=\"wp-block-paragraph\"><strong><u>Source<\/u><\/strong><strong>&nbsp;: @SenenNews<\/strong><\/p>\n\n\n\n<p class=\"wp-block-paragraph\"><strong><em>@macite.info<\/em><\/strong><\/p>\n\n\n\n<p class=\"wp-block-paragraph\"><strong><em>E-mail&nbsp;: <\/em><\/strong><a href=\"mailto:maciteinfo@gmail.com\"><strong><em>maciteinfo@gmail.com<\/em><\/strong><\/a><strong><em>; <\/em><\/strong><a href=\"mailto:bawela1@gmail.com\"><strong><em>bawela1@gmail.com<\/em><\/strong><\/a><\/p>\n\n\n\n<p class=\"wp-block-paragraph\"><strong><em>Pour vos annonces, (publi)reportages, etc., joignez nous au (00228) 91515309\/<strong>79872224<\/strong><\/em><\/strong><em><\/em><\/p>\n\n\n\n<p class=\"wp-block-paragraph\"><a href=\"http:\/\/www.macite.info\"><strong><em>www.macite.info<\/em><\/strong><\/a><strong><em>, L\u2019information, la bonne&nbsp;<\/em><\/strong><\/p>\n","protected":false},"excerpt":{"rendered":"<p class=\"text-justify mb-2\" >Pas de Mondial pour Keita Diao Bald\u00e9. Le verdict \u00e9tait redout\u00e9 par les supporters s\u00e9n\u00e9galais. Il vient de tomber hier dimanche 30 octobre ! Suspendu par le Tribunal national antidopage italien lorsqu\u2019il \u00e9voluait \u00e0 Cagliari, l\u2019international s\u00e9n\u00e9galais Ke\u00efta Bald\u00e9 a d\u00e9cid\u00e9 de ne pas faire [&hellip;]<\/p>\n","protected":false},"author":2,"featured_media":1314,"comment_status":"open","ping_status":"open","sticky":false,"template":"","format":"standard","meta":{"footnotes":""},"categories":[7],"tags":[],"class_list":["post-1313","post","type-post","status-publish","format-standard","has-post-thumbnail","hentry","category-sports"],"yoast_head":"<!-- This site is optimized with the Yoast SEO plugin v28.4 - https:\/\/yoast.com\/product\/yoast-seo-wordpress\/ -->\n<title>COUPE DU MONDE FIFA QATAR 2022\u00a0: La FIFA exclut un attaquant s\u00e9n\u00e9galais pour cette raison\u2026 -<\/title>\n<meta name=\"robots\" content=\"index, follow, max-snippet:-1, max-image-preview:large, max-video-preview:-1\" \/>\n<link rel=\"canonical\" href=\"https:\/\/macite.tg\/?p=1313\" \/>\n<meta property=\"og:locale\" content=\"fr_FR\" \/>\n<meta property=\"og:type\" content=\"article\" \/>\n<meta property=\"og:title\" content=\"COUPE DU MONDE FIFA QATAR 2022\u00a0: La FIFA exclut un attaquant s\u00e9n\u00e9galais pour cette raison\u2026 -\" \/>\n<meta property=\"og:description\" content=\"Pas de Mondial pour Keita Diao Bald\u00e9. Le verdict \u00e9tait redout\u00e9 par les supporters s\u00e9n\u00e9galais. Il vient de tomber hier dimanche 30 octobre ! Suspendu par le Tribunal national antidopage italien lorsqu\u2019il \u00e9voluait \u00e0 Cagliari, l\u2019international s\u00e9n\u00e9galais Ke\u00efta Bald\u00e9 a d\u00e9cid\u00e9 de ne pas faire [&hellip;]\" \/>\n<meta property=\"og:url\" content=\"https:\/\/macite.tg\/?p=1313\" \/>\n<meta property=\"article:published_time\" content=\"2022-10-31T13:06:55+00:00\" \/>\n<meta property=\"article:modified_time\" content=\"2022-10-31T13:06:57+00:00\" \/>\n<meta property=\"og:image\" content=\"https:\/\/macite.tg\/wp-content\/uploads\/2022\/10\/Senegal.jpg\" \/>\n\t<meta property=\"og:image:width\" content=\"698\" \/>\n\t<meta property=\"og:image:height\" content=\"422\" \/>\n\t<meta property=\"og:image:type\" content=\"image\/jpeg\" \/>\n<meta name=\"author\" content=\"Jean Pierre BAWELA\" \/>\n<meta name=\"twitter:card\" content=\"summary_large_image\" \/>\n<meta name=\"twitter:label1\" content=\"\u00c9crit par\" \/>\n\t<meta name=\"twitter:data1\" content=\"Jean Pierre BAWELA\" \/>\n\t<meta name=\"twitter:label2\" content=\"Dur\u00e9e de lecture estim\u00e9e\" \/>\n\t<meta name=\"twitter:data2\" content=\"2 minutes\" \/>\n<script type=\"application\/ld+json\" class=\"yoast-schema-graph\">{\"@context\":\"https:\\\/\\\/schema.org\",\"@graph\":[{\"@type\":\"Article\",\"@id\":\"https:\\\/\\\/macite.tg\\\/?p=1313#article\",\"isPartOf\":{\"@id\":\"https:\\\/\\\/macite.tg\\\/?p=1313\"},\"author\":{\"name\":\"Jean Pierre BAWELA\",\"@id\":\"https:\\\/\\\/macite.tg\\\/#\\\/schema\\\/person\\\/e9f2de7e5dbbe7770a9402c7ce82f5c2\"},\"headline\":\"COUPE DU MONDE FIFA QATAR 2022\u00a0: La FIFA exclut un attaquant s\u00e9n\u00e9galais pour cette raison\u2026\",\"datePublished\":\"2022-10-31T13:06:55+00:00\",\"dateModified\":\"2022-10-31T13:06:57+00:00\",\"mainEntityOfPage\":{\"@id\":\"https:\\\/\\\/macite.tg\\\/?p=1313\"},\"wordCount\":379,\"commentCount\":0,\"image\":{\"@id\":\"https:\\\/\\\/macite.tg\\\/?p=1313#primaryimage\"},\"thumbnailUrl\":\"https:\\\/\\\/macite.tg\\\/wp-content\\\/uploads\\\/2022\\\/10\\\/Senegal.jpg\",\"articleSection\":[\"SPORTS\"],\"inLanguage\":\"fr-FR\",\"potentialAction\":[{\"@type\":\"CommentAction\",\"name\":\"Comment\",\"target\":[\"https:\\\/\\\/macite.tg\\\/?p=1313#respond\"]}]},{\"@type\":\"WebPage\",\"@id\":\"https:\\\/\\\/macite.tg\\\/?p=1313\",\"url\":\"https:\\\/\\\/macite.tg\\\/?p=1313\",\"name\":\"COUPE DU MONDE FIFA QATAR 2022\u00a0: La FIFA exclut un attaquant s\u00e9n\u00e9galais pour cette raison\u2026 -\",\"isPartOf\":{\"@id\":\"https:\\\/\\\/macite.tg\\\/#website\"},\"primaryImageOfPage\":{\"@id\":\"https:\\\/\\\/macite.tg\\\/?p=1313#primaryimage\"},\"image\":{\"@id\":\"https:\\\/\\\/macite.tg\\\/?p=1313#primaryimage\"},\"thumbnailUrl\":\"https:\\\/\\\/macite.tg\\\/wp-content\\\/uploads\\\/2022\\\/10\\\/Senegal.jpg\",\"datePublished\":\"2022-10-31T13:06:55+00:00\",\"dateModified\":\"2022-10-31T13:06:57+00:00\",\"author\":{\"@id\":\"https:\\\/\\\/macite.tg\\\/#\\\/schema\\\/person\\\/e9f2de7e5dbbe7770a9402c7ce82f5c2\"},\"breadcrumb\":{\"@id\":\"https:\\\/\\\/macite.tg\\\/?p=1313#breadcrumb\"},\"inLanguage\":\"fr-FR\",\"potentialAction\":[{\"@type\":\"ReadAction\",\"target\":[\"https:\\\/\\\/macite.tg\\\/?p=1313\"]}]},{\"@type\":\"ImageObject\",\"inLanguage\":\"fr-FR\",\"@id\":\"https:\\\/\\\/macite.tg\\\/?p=1313#primaryimage\",\"url\":\"https:\\\/\\\/macite.tg\\\/wp-content\\\/uploads\\\/2022\\\/10\\\/Senegal.jpg\",\"contentUrl\":\"https:\\\/\\\/macite.tg\\\/wp-content\\\/uploads\\\/2022\\\/10\\\/Senegal.jpg\",\"width\":698,\"height\":422},{\"@type\":\"BreadcrumbList\",\"@id\":\"https:\\\/\\\/macite.tg\\\/?p=1313#breadcrumb\",\"itemListElement\":[{\"@type\":\"ListItem\",\"position\":1,\"name\":\"Accueil\",\"item\":\"https:\\\/\\\/macite.tg\\\/\"},{\"@type\":\"ListItem\",\"position\":2,\"name\":\"COUPE DU MONDE FIFA QATAR 2022\u00a0: La FIFA exclut un attaquant s\u00e9n\u00e9galais pour cette raison\u2026\"}]},{\"@type\":\"WebSite\",\"@id\":\"https:\\\/\\\/macite.tg\\\/#website\",\"url\":\"https:\\\/\\\/macite.tg\\\/\",\"name\":\"\",\"description\":\"L&#039;information, la bonne!!!\",\"potentialAction\":[{\"@type\":\"SearchAction\",\"target\":{\"@type\":\"EntryPoint\",\"urlTemplate\":\"https:\\\/\\\/macite.tg\\\/?s={search_term_string}\"},\"query-input\":{\"@type\":\"PropertyValueSpecification\",\"valueRequired\":true,\"valueName\":\"search_term_string\"}}],\"inLanguage\":\"fr-FR\"},{\"@type\":\"Person\",\"@id\":\"https:\\\/\\\/macite.tg\\\/#\\\/schema\\\/person\\\/e9f2de7e5dbbe7770a9402c7ce82f5c2\",\"name\":\"Jean Pierre BAWELA\",\"image\":{\"@type\":\"ImageObject\",\"inLanguage\":\"fr-FR\",\"@id\":\"https:\\\/\\\/macite.tg\\\/wp-content\\\/uploads\\\/2023\\\/09\\\/WhatsApp-Image-2023-09-19-at-14.44.41-122x122.jpeg\",\"url\":\"https:\\\/\\\/macite.tg\\\/wp-content\\\/uploads\\\/2023\\\/09\\\/WhatsApp-Image-2023-09-19-at-14.44.41-122x122.jpeg\",\"contentUrl\":\"https:\\\/\\\/macite.tg\\\/wp-content\\\/uploads\\\/2023\\\/09\\\/WhatsApp-Image-2023-09-19-at-14.44.41-122x122.jpeg\",\"caption\":\"Jean Pierre BAWELA\"},\"url\":\"https:\\\/\\\/macite.tg\\\/?author=2\"}]}<\/script>\n<!-- \/ Yoast SEO plugin. -->","yoast_head_json":{"title":"COUPE DU MONDE FIFA QATAR 2022\u00a0: La FIFA exclut un attaquant s\u00e9n\u00e9galais pour cette raison\u2026 -","robots":{"index":"index","follow":"follow","max-snippet":"max-snippet:-1","max-image-preview":"max-image-preview:large","max-video-preview":"max-video-preview:-1"},"canonical":"https:\/\/macite.tg\/?p=1313","og_locale":"fr_FR","og_type":"article","og_title":"COUPE DU MONDE FIFA QATAR 2022\u00a0: La FIFA exclut un attaquant s\u00e9n\u00e9galais pour cette raison\u2026 -","og_description":"Pas de Mondial pour Keita Diao Bald\u00e9. Le verdict \u00e9tait redout\u00e9 par les supporters s\u00e9n\u00e9galais. Il vient de tomber hier dimanche 30 octobre ! Suspendu par le Tribunal national antidopage italien lorsqu\u2019il \u00e9voluait \u00e0 Cagliari, l\u2019international s\u00e9n\u00e9galais Ke\u00efta Bald\u00e9 a d\u00e9cid\u00e9 de ne pas faire [&hellip;]","og_url":"https:\/\/macite.tg\/?p=1313","article_published_time":"2022-10-31T13:06:55+00:00","article_modified_time":"2022-10-31T13:06:57+00:00","og_image":[{"width":698,"height":422,"url":"https:\/\/macite.tg\/wp-content\/uploads\/2022\/10\/Senegal.jpg","type":"image\/jpeg"}],"author":"Jean Pierre BAWELA","twitter_card":"summary_large_image","twitter_misc":{"\u00c9crit par":"Jean Pierre BAWELA","Dur\u00e9e de lecture estim\u00e9e":"2 minutes"},"schema":{"@context":"https:\/\/schema.org","@graph":[{"@type":"Article","@id":"https:\/\/macite.tg\/?p=1313#article","isPartOf":{"@id":"https:\/\/macite.tg\/?p=1313"},"author":{"name":"Jean Pierre BAWELA","@id":"https:\/\/macite.tg\/#\/schema\/person\/e9f2de7e5dbbe7770a9402c7ce82f5c2"},"headline":"COUPE DU MONDE FIFA QATAR 2022\u00a0: La FIFA exclut un attaquant s\u00e9n\u00e9galais pour cette raison\u2026","datePublished":"2022-10-31T13:06:55+00:00","dateModified":"2022-10-31T13:06:57+00:00","mainEntityOfPage":{"@id":"https:\/\/macite.tg\/?p=1313"},"wordCount":379,"commentCount":0,"image":{"@id":"https:\/\/macite.tg\/?p=1313#primaryimage"},"thumbnailUrl":"https:\/\/macite.tg\/wp-content\/uploads\/2022\/10\/Senegal.jpg","articleSection":["SPORTS"],"inLanguage":"fr-FR","potentialAction":[{"@type":"CommentAction","name":"Comment","target":["https:\/\/macite.tg\/?p=1313#respond"]}]},{"@type":"WebPage","@id":"https:\/\/macite.tg\/?p=1313","url":"https:\/\/macite.tg\/?p=1313","name":"COUPE DU MONDE FIFA QATAR 2022\u00a0: La FIFA exclut un attaquant s\u00e9n\u00e9galais pour cette raison\u2026 -","isPartOf":{"@id":"https:\/\/macite.tg\/#website"},"primaryImageOfPage":{"@id":"https:\/\/macite.tg\/?p=1313#primaryimage"},"image":{"@id":"https:\/\/macite.tg\/?p=1313#primaryimage"},"thumbnailUrl":"https:\/\/macite.tg\/wp-content\/uploads\/2022\/10\/Senegal.jpg","datePublished":"2022-10-31T13:06:55+00:00","dateModified":"2022-10-31T13:06:57+00:00","author":{"@id":"https:\/\/macite.tg\/#\/schema\/person\/e9f2de7e5dbbe7770a9402c7ce82f5c2"},"breadcrumb":{"@id":"https:\/\/macite.tg\/?p=1313#breadcrumb"},"inLanguage":"fr-FR","potentialAction":[{"@type":"ReadAction","target":["https:\/\/macite.tg\/?p=1313"]}]},{"@type":"ImageObject","inLanguage":"fr-FR","@id":"https:\/\/macite.tg\/?p=1313#primaryimage","url":"https:\/\/macite.tg\/wp-content\/uploads\/2022\/10\/Senegal.jpg","contentUrl":"https:\/\/macite.tg\/wp-content\/uploads\/2022\/10\/Senegal.jpg","width":698,"height":422},{"@type":"BreadcrumbList","@id":"https:\/\/macite.tg\/?p=1313#breadcrumb","itemListElement":[{"@type":"ListItem","position":1,"name":"Accueil","item":"https:\/\/macite.tg\/"},{"@type":"ListItem","position":2,"name":"COUPE DU MONDE FIFA QATAR 2022\u00a0: La FIFA exclut un attaquant s\u00e9n\u00e9galais pour cette raison\u2026"}]},{"@type":"WebSite","@id":"https:\/\/macite.tg\/#website","url":"https:\/\/macite.tg\/","name":"","description":"L&#039;information, la bonne!!!","potentialAction":[{"@type":"SearchAction","target":{"@type":"EntryPoint","urlTemplate":"https:\/\/macite.tg\/?s={search_term_string}"},"query-input":{"@type":"PropertyValueSpecification","valueRequired":true,"valueName":"search_term_string"}}],"inLanguage":"fr-FR"},{"@type":"Person","@id":"https:\/\/macite.tg\/#\/schema\/person\/e9f2de7e5dbbe7770a9402c7ce82f5c2","name":"Jean Pierre BAWELA","image":{"@type":"ImageObject","inLanguage":"fr-FR","@id":"https:\/\/macite.tg\/wp-content\/uploads\/2023\/09\/WhatsApp-Image-2023-09-19-at-14.44.41-122x122.jpeg","url":"https:\/\/macite.tg\/wp-content\/uploads\/2023\/09\/WhatsApp-Image-2023-09-19-at-14.44.41-122x122.jpeg","contentUrl":"https:\/\/macite.tg\/wp-content\/uploads\/2023\/09\/WhatsApp-Image-2023-09-19-at-14.44.41-122x122.jpeg","caption":"Jean Pierre BAWELA"},"url":"https:\/\/macite.tg\/?author=2"}]}},"_links":{"self":[{"href":"https:\/\/macite.tg\/index.php?rest_route=\/wp\/v2\/posts\/1313","targetHints":{"allow":["GET"]}}],"collection":[{"href":"https:\/\/macite.tg\/index.php?rest_route=\/wp\/v2\/posts"}],"about":[{"href":"https:\/\/macite.tg\/index.php?rest_route=\/wp\/v2\/types\/post"}],"author":[{"embeddable":true,"href":"https:\/\/macite.tg\/index.php?rest_route=\/wp\/v2\/users\/2"}],"replies":[{"embeddable":true,"href":"https:\/\/macite.tg\/index.php?rest_route=%2Fwp%2Fv2%2Fcomments&post=1313"}],"version-history":[{"count":0,"href":"https:\/\/macite.tg\/index.php?rest_route=\/wp\/v2\/posts\/1313\/revisions"}],"wp:featuredmedia":[{"embeddable":true,"href":"https:\/\/macite.tg\/index.php?rest_route=\/wp\/v2\/media\/1314"}],"wp:attachment":[{"href":"https:\/\/macite.tg\/index.php?rest_route=%2Fwp%2Fv2%2Fmedia&parent=1313"}],"wp:term":[{"taxonomy":"category","embeddable":true,"href":"https:\/\/macite.tg\/index.php?rest_route=%2Fwp%2Fv2%2Fcategories&post=1313"},{"taxonomy":"post_tag","embeddable":true,"href":"https:\/\/macite.tg\/index.php?rest_route=%2Fwp%2Fv2%2Ftags&post=1313"}],"curies":[{"name":"wp","href":"https:\/\/api.w.org\/{rel}","templated":true}]}}