{"id":1300,"date":"2022-10-31T11:52:03","date_gmt":"2022-10-31T11:52:03","guid":{"rendered":"https:\/\/macite.info\/?p=1300"},"modified":"2022-10-31T11:53:14","modified_gmt":"2022-10-31T11:53:14","slug":"bon-a-savoir-a-quelle-frequence-il-faut-laver-votre-serviette","status":"publish","type":"post","link":"https:\/\/macite.tg\/?p=1300","title":{"rendered":"BON A SAVOIR\u00a0: A quelle fr\u00e9quence il faut laver sa serviette\u00a0?"},"content":{"rendered":"\n<p class=\"wp-block-paragraph\"><strong><em>Pour beaucoup de gens, c\u2019est une routine\u00a0: prendre sa douche, se s\u00e9cher et jeter imm\u00e9diatement la serviette dans le panier \u00e0 linge. Mais ce n\u2019est pas n\u00e9cessaire du tout. Vous pouvez parfaitement r\u00e9utiliser votre serviette. Apr\u00e8s combien d\u2019utilisation vous pouvez mieux la laver ? Nous vous expliquons ce qu\u2019il en est. <\/em><\/strong><\/p>\n\n\n\n<p class=\"wp-block-paragraph\"><strong>Rituel<br><\/strong>Chacun a sa propre fa\u00e7on de laver les serviettes. Certains utilisent une serviette une fois et la jettent dans le panier \u00e0 linge. D\u2019autres utilisent la m\u00eame serviette pendant une semaine et la lave apr\u00e8s. Mais quel est le meilleur choix ?<\/p>\n\n\n\n<p class=\"wp-block-paragraph\"><\/p>\n\n\n\n<p class=\"wp-block-paragraph\"><strong>Bact\u00e9rienne<br><\/strong>Comme pour beaucoup de choses, la meilleure approche se situe un peu au milieu. Jeter votre serviette dans le panier \u00e0 linge imm\u00e9diatement apr\u00e8s que vous \u00eatre s\u00e9ch\u00e9(e) n\u2019est pas n\u00e9cessaire. Vous venez de sortir de la douche et donc vous \u00eates fondamentalement propres.<\/p>\n\n\n\n<p class=\"wp-block-paragraph\">Il peut y avoir des bact\u00e9ries de la peau sur la serviette, mais votre serviette ne sera pas vraiment sale. Ce qui est important en revanche c\u2019est qu\u2019apr\u00e8s avoir utilis\u00e9 votre serviette vous vous assurez qu\u2019elle puisse \u00eatre correctement s\u00e9ch\u00e9e. Accrochez-la, et ne jetez pas votre serviette mouill\u00e9e dans un coin.<\/p>\n\n\n\n<figure class=\"wp-block-image size-large\"><img loading=\"lazy\" decoding=\"async\" width=\"1024\" height=\"426\" src=\"https:\/\/macite.tg\/wp-content\/uploads\/2022\/10\/ANNONCES-1-2-1024x426.jpg\" alt=\"\" class=\"wp-image-1264\" srcset=\"https:\/\/macite.tg\/wp-content\/uploads\/2022\/10\/ANNONCES-1-2-1024x426.jpg 1024w, https:\/\/macite.tg\/wp-content\/uploads\/2022\/10\/ANNONCES-1-2-300x125.jpg 300w, https:\/\/macite.tg\/wp-content\/uploads\/2022\/10\/ANNONCES-1-2-768x319.jpg 768w, https:\/\/macite.tg\/wp-content\/uploads\/2022\/10\/ANNONCES-1-2.jpg 1080w\" sizes=\"auto, (max-width: 1024px) 100vw, 1024px\" \/><\/figure>\n\n\n\n<p class=\"wp-block-paragraph\">Si votre serviette ne s\u00e8che pas correctement, vous cr\u00e9ez les conditions id\u00e9ales pour que les bact\u00e9ries de la peau se propagent sur la serviette. Et c\u2019est quelque chose que vous voulez \u00e9viter.<\/p>\n\n\n\n<p class=\"wp-block-paragraph\"><\/p>\n\n\n\n<p class=\"wp-block-paragraph\"><strong>Combien de fois la laver ?<br><\/strong>Alors laver votre serviette apr\u00e8s une seule utilisation est un peu rapide. Mais combien de temps pouvez-vous utiliser votre serviette ? En g\u00e9n\u00e9ral, vous pouvez supposer qu\u2019apr\u00e8s trois \u00e0 cinq utilisations, vous devriez jeter votre serviette dans la machine \u00e0 laver. Utiliser la m\u00eame serviette pendant une semaine n\u2019est pas tr\u00e8s hygi\u00e9nique.<\/p>\n\n\n\n<p class=\"wp-block-paragraph\">En la rendant humide chaque fois que vous l\u2019utilisez, les bact\u00e9ries sur la serviette ont beaucoup de chance pour se d\u00e9velopper. Et le partage des serviettes ? \u00c7a va aussi. Lorsque vous vivez avec votre partenaire ou des enfants dans la m\u00eame maison, vous aurez d\u00e9j\u00e0 les m\u00eames bact\u00e9ries de la peau.<\/p>\n\n\n\n<p class=\"wp-block-paragraph\">Remarque&nbsp;: pour les serviettes que vous avez utilis\u00e9 apr\u00e8s le sport, c\u2019est mieux de les laver dessuite apr\u00e8s. N\u2019oubliez pas de laver les serviettes \u00e0 60 degr\u00e9s. Vous \u00eates s\u00fbr ainsi de tuer toutes les bact\u00e9ries.<\/p>\n\n\n\n<p class=\"wp-block-paragraph\"><strong><u>Source:<\/u><\/strong><strong>&nbsp;<\/strong><strong>truc-et-astuces<\/strong><\/p>\n\n\n\n<p class=\"wp-block-paragraph\"><strong><em>@macite.info<\/em><\/strong><\/p>\n\n\n\n<p class=\"wp-block-paragraph\"><strong><em>E-mail&nbsp;: <\/em><\/strong><a href=\"mailto:maciteinfo@gmail.com\"><strong><em>maciteinfo@gmail.com<\/em><\/strong><\/a><strong><em>; <\/em><\/strong><a href=\"mailto:bawela1@gmail.com\"><strong><em>bawela1@gmail.com<\/em><\/strong><\/a><\/p>\n\n\n\n<p class=\"wp-block-paragraph\"><strong><em>Pour vos annonces, (publi)reportages, etc., joignez nous au (00228) 91515309\/<strong>79872224<\/strong><\/em><\/strong><em><\/em><\/p>\n\n\n\n<p class=\"wp-block-paragraph\"><a href=\"http:\/\/www.macite.info\"><strong><em>www.macite.info<\/em><\/strong><\/a><strong><em>, L\u2019information, la bonne\u00a0!<\/em><\/strong><\/p>\n","protected":false},"excerpt":{"rendered":"<p class=\"text-justify mb-2\" >Pour beaucoup de gens, c\u2019est une routine\u00a0: prendre sa douche, se s\u00e9cher et jeter imm\u00e9diatement la serviette dans le panier \u00e0 linge. Mais ce n\u2019est pas n\u00e9cessaire du tout. Vous pouvez parfaitement r\u00e9utiliser votre serviette. Apr\u00e8s combien d\u2019utilisation vous pouvez mieux la laver ? Nous [&hellip;]<\/p>\n","protected":false},"author":2,"featured_media":1304,"comment_status":"open","ping_status":"open","sticky":false,"template":"","format":"standard","meta":{"footnotes":""},"categories":[5],"tags":[],"class_list":["post-1300","post","type-post","status-publish","format-standard","has-post-thumbnail","hentry","category-sante"],"yoast_head":"<!-- This site is optimized with the Yoast SEO plugin v28.4 - https:\/\/yoast.com\/product\/yoast-seo-wordpress\/ -->\n<title>BON A SAVOIR\u00a0: A quelle fr\u00e9quence il faut laver sa serviette\u00a0? -<\/title>\n<meta name=\"robots\" content=\"index, follow, max-snippet:-1, max-image-preview:large, max-video-preview:-1\" \/>\n<link rel=\"canonical\" href=\"https:\/\/macite.tg\/?p=1300\" \/>\n<meta property=\"og:locale\" content=\"fr_FR\" \/>\n<meta property=\"og:type\" content=\"article\" \/>\n<meta property=\"og:title\" content=\"BON A SAVOIR\u00a0: A quelle fr\u00e9quence il faut laver sa serviette\u00a0? -\" \/>\n<meta property=\"og:description\" content=\"Pour beaucoup de gens, c\u2019est une routine\u00a0: prendre sa douche, se s\u00e9cher et jeter imm\u00e9diatement la serviette dans le panier \u00e0 linge. Mais ce n\u2019est pas n\u00e9cessaire du tout. Vous pouvez parfaitement r\u00e9utiliser votre serviette. Apr\u00e8s combien d\u2019utilisation vous pouvez mieux la laver ? Nous [&hellip;]\" \/>\n<meta property=\"og:url\" content=\"https:\/\/macite.tg\/?p=1300\" \/>\n<meta property=\"article:published_time\" content=\"2022-10-31T11:52:03+00:00\" \/>\n<meta property=\"article:modified_time\" content=\"2022-10-31T11:53:14+00:00\" \/>\n<meta property=\"og:image\" content=\"https:\/\/macite.tg\/wp-content\/uploads\/2022\/10\/image-12.png\" \/>\n\t<meta property=\"og:image:width\" content=\"349\" \/>\n\t<meta property=\"og:image:height\" content=\"262\" \/>\n\t<meta property=\"og:image:type\" content=\"image\/png\" \/>\n<meta name=\"author\" content=\"Jean Pierre BAWELA\" \/>\n<meta name=\"twitter:card\" content=\"summary_large_image\" \/>\n<meta name=\"twitter:label1\" content=\"\u00c9crit par\" \/>\n\t<meta name=\"twitter:data1\" content=\"Jean Pierre BAWELA\" \/>\n\t<meta name=\"twitter:label2\" content=\"Dur\u00e9e de lecture estim\u00e9e\" \/>\n\t<meta name=\"twitter:data2\" content=\"3 minutes\" \/>\n<script type=\"application\/ld+json\" class=\"yoast-schema-graph\">{\"@context\":\"https:\\\/\\\/schema.org\",\"@graph\":[{\"@type\":\"Article\",\"@id\":\"https:\\\/\\\/macite.tg\\\/?p=1300#article\",\"isPartOf\":{\"@id\":\"https:\\\/\\\/macite.tg\\\/?p=1300\"},\"author\":{\"name\":\"Jean Pierre BAWELA\",\"@id\":\"https:\\\/\\\/macite.tg\\\/#\\\/schema\\\/person\\\/e9f2de7e5dbbe7770a9402c7ce82f5c2\"},\"headline\":\"BON A SAVOIR\u00a0: A quelle fr\u00e9quence il faut laver sa serviette\u00a0?\",\"datePublished\":\"2022-10-31T11:52:03+00:00\",\"dateModified\":\"2022-10-31T11:53:14+00:00\",\"mainEntityOfPage\":{\"@id\":\"https:\\\/\\\/macite.tg\\\/?p=1300\"},\"wordCount\":454,\"commentCount\":0,\"image\":{\"@id\":\"https:\\\/\\\/macite.tg\\\/?p=1300#primaryimage\"},\"thumbnailUrl\":\"https:\\\/\\\/macite.tg\\\/wp-content\\\/uploads\\\/2022\\\/10\\\/image-12.png\",\"articleSection\":[\"SANTE\"],\"inLanguage\":\"fr-FR\",\"potentialAction\":[{\"@type\":\"CommentAction\",\"name\":\"Comment\",\"target\":[\"https:\\\/\\\/macite.tg\\\/?p=1300#respond\"]}]},{\"@type\":\"WebPage\",\"@id\":\"https:\\\/\\\/macite.tg\\\/?p=1300\",\"url\":\"https:\\\/\\\/macite.tg\\\/?p=1300\",\"name\":\"BON A SAVOIR\u00a0: A quelle fr\u00e9quence il faut laver sa serviette\u00a0? -\",\"isPartOf\":{\"@id\":\"https:\\\/\\\/macite.tg\\\/#website\"},\"primaryImageOfPage\":{\"@id\":\"https:\\\/\\\/macite.tg\\\/?p=1300#primaryimage\"},\"image\":{\"@id\":\"https:\\\/\\\/macite.tg\\\/?p=1300#primaryimage\"},\"thumbnailUrl\":\"https:\\\/\\\/macite.tg\\\/wp-content\\\/uploads\\\/2022\\\/10\\\/image-12.png\",\"datePublished\":\"2022-10-31T11:52:03+00:00\",\"dateModified\":\"2022-10-31T11:53:14+00:00\",\"author\":{\"@id\":\"https:\\\/\\\/macite.tg\\\/#\\\/schema\\\/person\\\/e9f2de7e5dbbe7770a9402c7ce82f5c2\"},\"breadcrumb\":{\"@id\":\"https:\\\/\\\/macite.tg\\\/?p=1300#breadcrumb\"},\"inLanguage\":\"fr-FR\",\"potentialAction\":[{\"@type\":\"ReadAction\",\"target\":[\"https:\\\/\\\/macite.tg\\\/?p=1300\"]}]},{\"@type\":\"ImageObject\",\"inLanguage\":\"fr-FR\",\"@id\":\"https:\\\/\\\/macite.tg\\\/?p=1300#primaryimage\",\"url\":\"https:\\\/\\\/macite.tg\\\/wp-content\\\/uploads\\\/2022\\\/10\\\/image-12.png\",\"contentUrl\":\"https:\\\/\\\/macite.tg\\\/wp-content\\\/uploads\\\/2022\\\/10\\\/image-12.png\",\"width\":349,\"height\":262},{\"@type\":\"BreadcrumbList\",\"@id\":\"https:\\\/\\\/macite.tg\\\/?p=1300#breadcrumb\",\"itemListElement\":[{\"@type\":\"ListItem\",\"position\":1,\"name\":\"Accueil\",\"item\":\"https:\\\/\\\/macite.tg\\\/\"},{\"@type\":\"ListItem\",\"position\":2,\"name\":\"BON A SAVOIR\u00a0: A quelle fr\u00e9quence il faut laver sa serviette\u00a0?\"}]},{\"@type\":\"WebSite\",\"@id\":\"https:\\\/\\\/macite.tg\\\/#website\",\"url\":\"https:\\\/\\\/macite.tg\\\/\",\"name\":\"\",\"description\":\"L&#039;information, la bonne!!!\",\"potentialAction\":[{\"@type\":\"SearchAction\",\"target\":{\"@type\":\"EntryPoint\",\"urlTemplate\":\"https:\\\/\\\/macite.tg\\\/?s={search_term_string}\"},\"query-input\":{\"@type\":\"PropertyValueSpecification\",\"valueRequired\":true,\"valueName\":\"search_term_string\"}}],\"inLanguage\":\"fr-FR\"},{\"@type\":\"Person\",\"@id\":\"https:\\\/\\\/macite.tg\\\/#\\\/schema\\\/person\\\/e9f2de7e5dbbe7770a9402c7ce82f5c2\",\"name\":\"Jean Pierre BAWELA\",\"image\":{\"@type\":\"ImageObject\",\"inLanguage\":\"fr-FR\",\"@id\":\"https:\\\/\\\/macite.tg\\\/wp-content\\\/uploads\\\/2023\\\/09\\\/WhatsApp-Image-2023-09-19-at-14.44.41-122x122.jpeg\",\"url\":\"https:\\\/\\\/macite.tg\\\/wp-content\\\/uploads\\\/2023\\\/09\\\/WhatsApp-Image-2023-09-19-at-14.44.41-122x122.jpeg\",\"contentUrl\":\"https:\\\/\\\/macite.tg\\\/wp-content\\\/uploads\\\/2023\\\/09\\\/WhatsApp-Image-2023-09-19-at-14.44.41-122x122.jpeg\",\"caption\":\"Jean Pierre BAWELA\"},\"url\":\"https:\\\/\\\/macite.tg\\\/?author=2\"}]}<\/script>\n<!-- \/ Yoast SEO plugin. -->","yoast_head_json":{"title":"BON A SAVOIR\u00a0: A quelle fr\u00e9quence il faut laver sa serviette\u00a0? -","robots":{"index":"index","follow":"follow","max-snippet":"max-snippet:-1","max-image-preview":"max-image-preview:large","max-video-preview":"max-video-preview:-1"},"canonical":"https:\/\/macite.tg\/?p=1300","og_locale":"fr_FR","og_type":"article","og_title":"BON A SAVOIR\u00a0: A quelle fr\u00e9quence il faut laver sa serviette\u00a0? -","og_description":"Pour beaucoup de gens, c\u2019est une routine\u00a0: prendre sa douche, se s\u00e9cher et jeter imm\u00e9diatement la serviette dans le panier \u00e0 linge. Mais ce n\u2019est pas n\u00e9cessaire du tout. Vous pouvez parfaitement r\u00e9utiliser votre serviette. Apr\u00e8s combien d\u2019utilisation vous pouvez mieux la laver ? Nous [&hellip;]","og_url":"https:\/\/macite.tg\/?p=1300","article_published_time":"2022-10-31T11:52:03+00:00","article_modified_time":"2022-10-31T11:53:14+00:00","og_image":[{"width":349,"height":262,"url":"https:\/\/macite.tg\/wp-content\/uploads\/2022\/10\/image-12.png","type":"image\/png"}],"author":"Jean Pierre BAWELA","twitter_card":"summary_large_image","twitter_misc":{"\u00c9crit par":"Jean Pierre BAWELA","Dur\u00e9e de lecture estim\u00e9e":"3 minutes"},"schema":{"@context":"https:\/\/schema.org","@graph":[{"@type":"Article","@id":"https:\/\/macite.tg\/?p=1300#article","isPartOf":{"@id":"https:\/\/macite.tg\/?p=1300"},"author":{"name":"Jean Pierre BAWELA","@id":"https:\/\/macite.tg\/#\/schema\/person\/e9f2de7e5dbbe7770a9402c7ce82f5c2"},"headline":"BON A SAVOIR\u00a0: A quelle fr\u00e9quence il faut laver sa serviette\u00a0?","datePublished":"2022-10-31T11:52:03+00:00","dateModified":"2022-10-31T11:53:14+00:00","mainEntityOfPage":{"@id":"https:\/\/macite.tg\/?p=1300"},"wordCount":454,"commentCount":0,"image":{"@id":"https:\/\/macite.tg\/?p=1300#primaryimage"},"thumbnailUrl":"https:\/\/macite.tg\/wp-content\/uploads\/2022\/10\/image-12.png","articleSection":["SANTE"],"inLanguage":"fr-FR","potentialAction":[{"@type":"CommentAction","name":"Comment","target":["https:\/\/macite.tg\/?p=1300#respond"]}]},{"@type":"WebPage","@id":"https:\/\/macite.tg\/?p=1300","url":"https:\/\/macite.tg\/?p=1300","name":"BON A SAVOIR\u00a0: A quelle fr\u00e9quence il faut laver sa serviette\u00a0? -","isPartOf":{"@id":"https:\/\/macite.tg\/#website"},"primaryImageOfPage":{"@id":"https:\/\/macite.tg\/?p=1300#primaryimage"},"image":{"@id":"https:\/\/macite.tg\/?p=1300#primaryimage"},"thumbnailUrl":"https:\/\/macite.tg\/wp-content\/uploads\/2022\/10\/image-12.png","datePublished":"2022-10-31T11:52:03+00:00","dateModified":"2022-10-31T11:53:14+00:00","author":{"@id":"https:\/\/macite.tg\/#\/schema\/person\/e9f2de7e5dbbe7770a9402c7ce82f5c2"},"breadcrumb":{"@id":"https:\/\/macite.tg\/?p=1300#breadcrumb"},"inLanguage":"fr-FR","potentialAction":[{"@type":"ReadAction","target":["https:\/\/macite.tg\/?p=1300"]}]},{"@type":"ImageObject","inLanguage":"fr-FR","@id":"https:\/\/macite.tg\/?p=1300#primaryimage","url":"https:\/\/macite.tg\/wp-content\/uploads\/2022\/10\/image-12.png","contentUrl":"https:\/\/macite.tg\/wp-content\/uploads\/2022\/10\/image-12.png","width":349,"height":262},{"@type":"BreadcrumbList","@id":"https:\/\/macite.tg\/?p=1300#breadcrumb","itemListElement":[{"@type":"ListItem","position":1,"name":"Accueil","item":"https:\/\/macite.tg\/"},{"@type":"ListItem","position":2,"name":"BON A SAVOIR\u00a0: A quelle fr\u00e9quence il faut laver sa serviette\u00a0?"}]},{"@type":"WebSite","@id":"https:\/\/macite.tg\/#website","url":"https:\/\/macite.tg\/","name":"","description":"L&#039;information, la bonne!!!","potentialAction":[{"@type":"SearchAction","target":{"@type":"EntryPoint","urlTemplate":"https:\/\/macite.tg\/?s={search_term_string}"},"query-input":{"@type":"PropertyValueSpecification","valueRequired":true,"valueName":"search_term_string"}}],"inLanguage":"fr-FR"},{"@type":"Person","@id":"https:\/\/macite.tg\/#\/schema\/person\/e9f2de7e5dbbe7770a9402c7ce82f5c2","name":"Jean Pierre BAWELA","image":{"@type":"ImageObject","inLanguage":"fr-FR","@id":"https:\/\/macite.tg\/wp-content\/uploads\/2023\/09\/WhatsApp-Image-2023-09-19-at-14.44.41-122x122.jpeg","url":"https:\/\/macite.tg\/wp-content\/uploads\/2023\/09\/WhatsApp-Image-2023-09-19-at-14.44.41-122x122.jpeg","contentUrl":"https:\/\/macite.tg\/wp-content\/uploads\/2023\/09\/WhatsApp-Image-2023-09-19-at-14.44.41-122x122.jpeg","caption":"Jean Pierre BAWELA"},"url":"https:\/\/macite.tg\/?author=2"}]}},"_links":{"self":[{"href":"https:\/\/macite.tg\/index.php?rest_route=\/wp\/v2\/posts\/1300","targetHints":{"allow":["GET"]}}],"collection":[{"href":"https:\/\/macite.tg\/index.php?rest_route=\/wp\/v2\/posts"}],"about":[{"href":"https:\/\/macite.tg\/index.php?rest_route=\/wp\/v2\/types\/post"}],"author":[{"embeddable":true,"href":"https:\/\/macite.tg\/index.php?rest_route=\/wp\/v2\/users\/2"}],"replies":[{"embeddable":true,"href":"https:\/\/macite.tg\/index.php?rest_route=%2Fwp%2Fv2%2Fcomments&post=1300"}],"version-history":[{"count":0,"href":"https:\/\/macite.tg\/index.php?rest_route=\/wp\/v2\/posts\/1300\/revisions"}],"wp:featuredmedia":[{"embeddable":true,"href":"https:\/\/macite.tg\/index.php?rest_route=\/wp\/v2\/media\/1304"}],"wp:attachment":[{"href":"https:\/\/macite.tg\/index.php?rest_route=%2Fwp%2Fv2%2Fmedia&parent=1300"}],"wp:term":[{"taxonomy":"category","embeddable":true,"href":"https:\/\/macite.tg\/index.php?rest_route=%2Fwp%2Fv2%2Fcategories&post=1300"},{"taxonomy":"post_tag","embeddable":true,"href":"https:\/\/macite.tg\/index.php?rest_route=%2Fwp%2Fv2%2Ftags&post=1300"}],"curies":[{"name":"wp","href":"https:\/\/api.w.org\/{rel}","templated":true}]}}