{"id":12896,"date":"2024-02-27T22:29:05","date_gmt":"2024-02-27T22:29:05","guid":{"rendered":"https:\/\/macite.tg\/?p=12896"},"modified":"2024-02-27T22:29:07","modified_gmt":"2024-02-27T22:29:07","slug":"federation-camerounaise-de-football-fecafoot-paul-biya-prend-la-main","status":"publish","type":"post","link":"https:\/\/macite.tg\/?p=12896","title":{"rendered":"FEDERATION CAMEROUNAISE DE FOOTBALL (Fecafoot) : Paul Biya prend la main\u2026"},"content":{"rendered":"\n<p class=\"wp-block-paragraph\"><strong><em>Suite \u00e0 l\u2019\u00e9limination des Lions Indomptables en huiti\u00e8mes de finale de la CAN 2023 en C\u00f4te d\u2019Ivoire, le Cameroun se pr\u00e9pare \u00e0 une transformation majeure. Une \u00e8re o\u00f9 Samuel Eto\u2019o verra ses pouvoirs diminu\u00e9s par l\u2019ex\u00e9cutif camerounais, le pr\u00e9sident Paul Biya prenant lui-m\u00eame les r\u00eanes de la situation.<\/em><\/strong><\/p>\n\n\n\n<p class=\"wp-block-paragraph\">Apr\u00e8s avoir arrach\u00e9 miraculeusement la troisi\u00e8me place face au Burkina Faso en 2022 \u00e0 domicile et avoir obtenu une qualification laborieuse en 2024 en C\u00f4te d\u2019Ivoire, suivie de l\u2019\u00e9limination contre le Nigeria voisin, le Cameroun a perdu de son \u00e9lan sur le continent. Bien qu\u2019il demeure la deuxi\u00e8me nation la plus titr\u00e9e en Coupe d\u2019Afrique des Nations avec cinq titres, juste derri\u00e8re l\u2019\u00c9gypte et ses sept couronnes.<\/p>\n\n\n<div class=\"wp-block-image\">\n<figure class=\"aligncenter size-large is-resized\"><img loading=\"lazy\" decoding=\"async\" src=\"https:\/\/macite.tg\/wp-content\/uploads\/2024\/02\/IMG-20240226-WA0027-805x1024.jpg\" alt=\"\" class=\"wp-image-12872\" width=\"552\" height=\"702\" srcset=\"https:\/\/macite.tg\/wp-content\/uploads\/2024\/02\/IMG-20240226-WA0027-805x1024.jpg 805w, https:\/\/macite.tg\/wp-content\/uploads\/2024\/02\/IMG-20240226-WA0027-236x300.jpg 236w, https:\/\/macite.tg\/wp-content\/uploads\/2024\/02\/IMG-20240226-WA0027-768x977.jpg 768w, https:\/\/macite.tg\/wp-content\/uploads\/2024\/02\/IMG-20240226-WA0027.jpg 849w\" sizes=\"auto, (max-width: 552px) 100vw, 552px\" \/><\/figure>\n<\/div>\n\n\n<p class=\"wp-block-paragraph\">Cependant, au sommet de l\u2019\u00c9tat, l\u2019heure n\u2019est plus \u00e0 la nostalgie mais \u00e0 la recherche de nouveaux succ\u00e8s pour les Lions Indomptables. Une ambition qui semble difficile \u00e0 r\u00e9aliser sous la gouvernance de\u00a0Samuel Eto&rsquo;o, poussant ainsi le pouvoir central \u00e0 reprendre les r\u00eanes.<\/p>\n\n\n\n<p class=\"wp-block-paragraph\">Pour une nation qui aspirait \u00e0 une sixi\u00e8me \u00e9toile en se rendant en C\u00f4te d\u2019Ivoire, l\u2019\u00e9limination en huiti\u00e8mes de finale est clairement un \u00e9chec retentissant. Les Lions Indomptables ont d\u00fb attendre la derni\u00e8re journ\u00e9e des phases de groupes pour valider leur qualification pour le tour suivant de la Can 2023.<\/p>\n\n\n\n<p class=\"wp-block-paragraph\">Depuis cette d\u00e9convenue en terre ivoirienne, plus aucune nouvelle ni de Rigobert Song, le s\u00e9lectionneur, ni de Samuel Eto\u2019o, le pr\u00e9sident influent de la F\u00e9d\u00e9ration Camerounaise de Football (Fecafoot).<\/p>\n\n\n\n<p class=\"wp-block-paragraph\">Selon Jeune Afrique, Rigobert Song, dont le contrat expire ce mercredi 28 f\u00e9vrier, risque de ne pas \u00eatre reconduit \u00e0 la t\u00eate de l\u2019\u00e9quipe nationale. Cette fois-ci, c\u2019est le pr\u00e9sident Paul Biya lui-m\u00eame qui supervisera le processus de sa succession, \u00e9cartant ainsi progressivement Samuel Eto\u2019o dont la gestion de la Fecafoot ne satisfait gu\u00e8re l\u2019homme de 91 ans.<\/p>\n\n\n<div class=\"wp-block-image\">\n<figure class=\"aligncenter size-large is-resized\"><img loading=\"lazy\" decoding=\"async\" src=\"https:\/\/macite.tg\/wp-content\/uploads\/2024\/02\/IMG-20240220-WA0062-868x1024.jpg\" alt=\"\" class=\"wp-image-12721\" width=\"475\" height=\"559\" srcset=\"https:\/\/macite.tg\/wp-content\/uploads\/2024\/02\/IMG-20240220-WA0062-868x1024.jpg 868w, https:\/\/macite.tg\/wp-content\/uploads\/2024\/02\/IMG-20240220-WA0062-254x300.jpg 254w, https:\/\/macite.tg\/wp-content\/uploads\/2024\/02\/IMG-20240220-WA0062-768x906.jpg 768w, https:\/\/macite.tg\/wp-content\/uploads\/2024\/02\/IMG-20240220-WA0062-1302x1536.jpg 1302w, https:\/\/macite.tg\/wp-content\/uploads\/2024\/02\/IMG-20240220-WA0062.jpg 1356w\" sizes=\"auto, (max-width: 475px) 100vw, 475px\" \/><\/figure>\n<\/div>\n\n\n<p class=\"wp-block-paragraph\">Bien qu\u2019ayant \u00e9t\u00e9 l\u2019un des plus grands soutiens d\u2019Eto\u2019o pour son accession \u00e0 la pr\u00e9sidence de la Fecafoot, Paul Biya semble d\u00e9sormais r\u00e9duire progressivement son influence sur les d\u00e9cisions majeures concernant l\u2019avenir du football camerounais.<\/p>\n\n\n\n<p class=\"wp-block-paragraph\">Un changement significatif \u00e0 un an seulement de la fin du mandat de Samuel Eto\u2019o \u00e0 la t\u00eate de la F\u00e9d\u00e9ration.<\/p>\n\n\n\n<p class=\"wp-block-paragraph\"><strong>SeneNews<\/strong><\/p>\n\n\n\n<p class=\"wp-block-paragraph\"><a><strong><em>@macite.tg&nbsp;&nbsp;&nbsp;&nbsp;&nbsp;&nbsp;&nbsp;&nbsp;<\/em><\/strong><\/a><\/p>\n\n\n\n<p class=\"wp-block-paragraph\"><strong><em>E-mail&nbsp;: <\/em><\/strong><a href=\"mailto:maciteinfo@gmail.com\"><strong><em>maciteinfo@gmail.com<\/em><\/strong><\/a><strong><em>; <\/em><\/strong><a href=\"mailto:bawela1@gmail.com\"><strong><em>bawela1@gmail.com<\/em><\/strong><\/a><strong><em><\/em><\/strong><\/p>\n\n\n\n<p class=\"wp-block-paragraph\"><strong><em>Pour vos annonces, (publi)reportages, etc., joignez-nous au (00228)91515309\/<strong>79872224 <\/strong>www.macite.tg, L\u2019information, la bonne&nbsp;!<\/em><\/strong><\/p>\n","protected":false},"excerpt":{"rendered":"<p class=\"text-justify mb-2\" >Suite \u00e0 l\u2019\u00e9limination des Lions Indomptables en huiti\u00e8mes de finale de la CAN 2023 en C\u00f4te d\u2019Ivoire, le Cameroun se pr\u00e9pare \u00e0 une transformation majeure. Une \u00e8re o\u00f9 Samuel Eto\u2019o verra ses pouvoirs diminu\u00e9s par l\u2019ex\u00e9cutif camerounais, le pr\u00e9sident Paul Biya prenant lui-m\u00eame les r\u00eanes [&hellip;]<\/p>\n","protected":false},"author":2,"featured_media":12897,"comment_status":"open","ping_status":"open","sticky":false,"template":"","format":"standard","meta":{"footnotes":""},"categories":[20,7],"tags":[],"class_list":["post-12896","post","type-post","status-publish","format-standard","has-post-thumbnail","hentry","category-actualite","category-sports"],"yoast_head":"<!-- This site is optimized with the Yoast SEO plugin v28.4 - https:\/\/yoast.com\/product\/yoast-seo-wordpress\/ -->\n<title>FEDERATION CAMEROUNAISE DE FOOTBALL (Fecafoot) : Paul Biya prend la main\u2026 -<\/title>\n<meta name=\"robots\" content=\"index, follow, max-snippet:-1, max-image-preview:large, max-video-preview:-1\" \/>\n<link rel=\"canonical\" href=\"https:\/\/macite.tg\/?p=12896\" \/>\n<meta property=\"og:locale\" content=\"fr_FR\" \/>\n<meta property=\"og:type\" content=\"article\" \/>\n<meta property=\"og:title\" content=\"FEDERATION CAMEROUNAISE DE FOOTBALL (Fecafoot) : Paul Biya prend la main\u2026 -\" \/>\n<meta property=\"og:description\" content=\"Suite \u00e0 l\u2019\u00e9limination des Lions Indomptables en huiti\u00e8mes de finale de la CAN 2023 en C\u00f4te d\u2019Ivoire, le Cameroun se pr\u00e9pare \u00e0 une transformation majeure. Une \u00e8re o\u00f9 Samuel Eto\u2019o verra ses pouvoirs diminu\u00e9s par l\u2019ex\u00e9cutif camerounais, le pr\u00e9sident Paul Biya prenant lui-m\u00eame les r\u00eanes [&hellip;]\" \/>\n<meta property=\"og:url\" content=\"https:\/\/macite.tg\/?p=12896\" \/>\n<meta property=\"article:published_time\" content=\"2024-02-27T22:29:05+00:00\" \/>\n<meta property=\"article:modified_time\" content=\"2024-02-27T22:29:07+00:00\" \/>\n<meta property=\"og:image\" content=\"https:\/\/macite.tg\/wp-content\/uploads\/2024\/02\/image-82.png\" \/>\n\t<meta property=\"og:image:width\" content=\"696\" \/>\n\t<meta property=\"og:image:height\" content=\"348\" \/>\n\t<meta property=\"og:image:type\" content=\"image\/png\" \/>\n<meta name=\"author\" content=\"Jean Pierre BAWELA\" \/>\n<meta name=\"twitter:card\" content=\"summary_large_image\" \/>\n<meta name=\"twitter:label1\" content=\"\u00c9crit par\" \/>\n\t<meta name=\"twitter:data1\" content=\"Jean Pierre BAWELA\" \/>\n\t<meta name=\"twitter:label2\" content=\"Dur\u00e9e de lecture estim\u00e9e\" \/>\n\t<meta name=\"twitter:data2\" content=\"2 minutes\" \/>\n<script type=\"application\/ld+json\" class=\"yoast-schema-graph\">{\"@context\":\"https:\\\/\\\/schema.org\",\"@graph\":[{\"@type\":\"Article\",\"@id\":\"https:\\\/\\\/macite.tg\\\/?p=12896#article\",\"isPartOf\":{\"@id\":\"https:\\\/\\\/macite.tg\\\/?p=12896\"},\"author\":{\"name\":\"Jean Pierre BAWELA\",\"@id\":\"https:\\\/\\\/macite.tg\\\/#\\\/schema\\\/person\\\/e9f2de7e5dbbe7770a9402c7ce82f5c2\"},\"headline\":\"FEDERATION CAMEROUNAISE DE FOOTBALL (Fecafoot) : Paul Biya prend la main\u2026\",\"datePublished\":\"2024-02-27T22:29:05+00:00\",\"dateModified\":\"2024-02-27T22:29:07+00:00\",\"mainEntityOfPage\":{\"@id\":\"https:\\\/\\\/macite.tg\\\/?p=12896\"},\"wordCount\":444,\"commentCount\":0,\"image\":{\"@id\":\"https:\\\/\\\/macite.tg\\\/?p=12896#primaryimage\"},\"thumbnailUrl\":\"https:\\\/\\\/macite.tg\\\/wp-content\\\/uploads\\\/2024\\\/02\\\/image-82.png\",\"articleSection\":[\"ACTUALITE\",\"SPORTS\"],\"inLanguage\":\"fr-FR\",\"potentialAction\":[{\"@type\":\"CommentAction\",\"name\":\"Comment\",\"target\":[\"https:\\\/\\\/macite.tg\\\/?p=12896#respond\"]}]},{\"@type\":\"WebPage\",\"@id\":\"https:\\\/\\\/macite.tg\\\/?p=12896\",\"url\":\"https:\\\/\\\/macite.tg\\\/?p=12896\",\"name\":\"FEDERATION CAMEROUNAISE DE FOOTBALL (Fecafoot) : Paul Biya prend la main\u2026 -\",\"isPartOf\":{\"@id\":\"https:\\\/\\\/macite.tg\\\/#website\"},\"primaryImageOfPage\":{\"@id\":\"https:\\\/\\\/macite.tg\\\/?p=12896#primaryimage\"},\"image\":{\"@id\":\"https:\\\/\\\/macite.tg\\\/?p=12896#primaryimage\"},\"thumbnailUrl\":\"https:\\\/\\\/macite.tg\\\/wp-content\\\/uploads\\\/2024\\\/02\\\/image-82.png\",\"datePublished\":\"2024-02-27T22:29:05+00:00\",\"dateModified\":\"2024-02-27T22:29:07+00:00\",\"author\":{\"@id\":\"https:\\\/\\\/macite.tg\\\/#\\\/schema\\\/person\\\/e9f2de7e5dbbe7770a9402c7ce82f5c2\"},\"breadcrumb\":{\"@id\":\"https:\\\/\\\/macite.tg\\\/?p=12896#breadcrumb\"},\"inLanguage\":\"fr-FR\",\"potentialAction\":[{\"@type\":\"ReadAction\",\"target\":[\"https:\\\/\\\/macite.tg\\\/?p=12896\"]}]},{\"@type\":\"ImageObject\",\"inLanguage\":\"fr-FR\",\"@id\":\"https:\\\/\\\/macite.tg\\\/?p=12896#primaryimage\",\"url\":\"https:\\\/\\\/macite.tg\\\/wp-content\\\/uploads\\\/2024\\\/02\\\/image-82.png\",\"contentUrl\":\"https:\\\/\\\/macite.tg\\\/wp-content\\\/uploads\\\/2024\\\/02\\\/image-82.png\",\"width\":696,\"height\":348},{\"@type\":\"BreadcrumbList\",\"@id\":\"https:\\\/\\\/macite.tg\\\/?p=12896#breadcrumb\",\"itemListElement\":[{\"@type\":\"ListItem\",\"position\":1,\"name\":\"Accueil\",\"item\":\"https:\\\/\\\/macite.tg\\\/\"},{\"@type\":\"ListItem\",\"position\":2,\"name\":\"FEDERATION CAMEROUNAISE DE FOOTBALL (Fecafoot) : Paul Biya prend la main\u2026\"}]},{\"@type\":\"WebSite\",\"@id\":\"https:\\\/\\\/macite.tg\\\/#website\",\"url\":\"https:\\\/\\\/macite.tg\\\/\",\"name\":\"\",\"description\":\"L&#039;information, la bonne!!!\",\"potentialAction\":[{\"@type\":\"SearchAction\",\"target\":{\"@type\":\"EntryPoint\",\"urlTemplate\":\"https:\\\/\\\/macite.tg\\\/?s={search_term_string}\"},\"query-input\":{\"@type\":\"PropertyValueSpecification\",\"valueRequired\":true,\"valueName\":\"search_term_string\"}}],\"inLanguage\":\"fr-FR\"},{\"@type\":\"Person\",\"@id\":\"https:\\\/\\\/macite.tg\\\/#\\\/schema\\\/person\\\/e9f2de7e5dbbe7770a9402c7ce82f5c2\",\"name\":\"Jean Pierre BAWELA\",\"image\":{\"@type\":\"ImageObject\",\"inLanguage\":\"fr-FR\",\"@id\":\"https:\\\/\\\/macite.tg\\\/wp-content\\\/uploads\\\/2023\\\/09\\\/WhatsApp-Image-2023-09-19-at-14.44.41-122x122.jpeg\",\"url\":\"https:\\\/\\\/macite.tg\\\/wp-content\\\/uploads\\\/2023\\\/09\\\/WhatsApp-Image-2023-09-19-at-14.44.41-122x122.jpeg\",\"contentUrl\":\"https:\\\/\\\/macite.tg\\\/wp-content\\\/uploads\\\/2023\\\/09\\\/WhatsApp-Image-2023-09-19-at-14.44.41-122x122.jpeg\",\"caption\":\"Jean Pierre BAWELA\"},\"url\":\"https:\\\/\\\/macite.tg\\\/?author=2\"}]}<\/script>\n<!-- \/ Yoast SEO plugin. -->","yoast_head_json":{"title":"FEDERATION CAMEROUNAISE DE FOOTBALL (Fecafoot) : Paul Biya prend la main\u2026 -","robots":{"index":"index","follow":"follow","max-snippet":"max-snippet:-1","max-image-preview":"max-image-preview:large","max-video-preview":"max-video-preview:-1"},"canonical":"https:\/\/macite.tg\/?p=12896","og_locale":"fr_FR","og_type":"article","og_title":"FEDERATION CAMEROUNAISE DE FOOTBALL (Fecafoot) : Paul Biya prend la main\u2026 -","og_description":"Suite \u00e0 l\u2019\u00e9limination des Lions Indomptables en huiti\u00e8mes de finale de la CAN 2023 en C\u00f4te d\u2019Ivoire, le Cameroun se pr\u00e9pare \u00e0 une transformation majeure. Une \u00e8re o\u00f9 Samuel Eto\u2019o verra ses pouvoirs diminu\u00e9s par l\u2019ex\u00e9cutif camerounais, le pr\u00e9sident Paul Biya prenant lui-m\u00eame les r\u00eanes [&hellip;]","og_url":"https:\/\/macite.tg\/?p=12896","article_published_time":"2024-02-27T22:29:05+00:00","article_modified_time":"2024-02-27T22:29:07+00:00","og_image":[{"width":696,"height":348,"url":"https:\/\/macite.tg\/wp-content\/uploads\/2024\/02\/image-82.png","type":"image\/png"}],"author":"Jean Pierre BAWELA","twitter_card":"summary_large_image","twitter_misc":{"\u00c9crit par":"Jean Pierre BAWELA","Dur\u00e9e de lecture estim\u00e9e":"2 minutes"},"schema":{"@context":"https:\/\/schema.org","@graph":[{"@type":"Article","@id":"https:\/\/macite.tg\/?p=12896#article","isPartOf":{"@id":"https:\/\/macite.tg\/?p=12896"},"author":{"name":"Jean Pierre BAWELA","@id":"https:\/\/macite.tg\/#\/schema\/person\/e9f2de7e5dbbe7770a9402c7ce82f5c2"},"headline":"FEDERATION CAMEROUNAISE DE FOOTBALL (Fecafoot) : Paul Biya prend la main\u2026","datePublished":"2024-02-27T22:29:05+00:00","dateModified":"2024-02-27T22:29:07+00:00","mainEntityOfPage":{"@id":"https:\/\/macite.tg\/?p=12896"},"wordCount":444,"commentCount":0,"image":{"@id":"https:\/\/macite.tg\/?p=12896#primaryimage"},"thumbnailUrl":"https:\/\/macite.tg\/wp-content\/uploads\/2024\/02\/image-82.png","articleSection":["ACTUALITE","SPORTS"],"inLanguage":"fr-FR","potentialAction":[{"@type":"CommentAction","name":"Comment","target":["https:\/\/macite.tg\/?p=12896#respond"]}]},{"@type":"WebPage","@id":"https:\/\/macite.tg\/?p=12896","url":"https:\/\/macite.tg\/?p=12896","name":"FEDERATION CAMEROUNAISE DE FOOTBALL (Fecafoot) : Paul Biya prend la main\u2026 -","isPartOf":{"@id":"https:\/\/macite.tg\/#website"},"primaryImageOfPage":{"@id":"https:\/\/macite.tg\/?p=12896#primaryimage"},"image":{"@id":"https:\/\/macite.tg\/?p=12896#primaryimage"},"thumbnailUrl":"https:\/\/macite.tg\/wp-content\/uploads\/2024\/02\/image-82.png","datePublished":"2024-02-27T22:29:05+00:00","dateModified":"2024-02-27T22:29:07+00:00","author":{"@id":"https:\/\/macite.tg\/#\/schema\/person\/e9f2de7e5dbbe7770a9402c7ce82f5c2"},"breadcrumb":{"@id":"https:\/\/macite.tg\/?p=12896#breadcrumb"},"inLanguage":"fr-FR","potentialAction":[{"@type":"ReadAction","target":["https:\/\/macite.tg\/?p=12896"]}]},{"@type":"ImageObject","inLanguage":"fr-FR","@id":"https:\/\/macite.tg\/?p=12896#primaryimage","url":"https:\/\/macite.tg\/wp-content\/uploads\/2024\/02\/image-82.png","contentUrl":"https:\/\/macite.tg\/wp-content\/uploads\/2024\/02\/image-82.png","width":696,"height":348},{"@type":"BreadcrumbList","@id":"https:\/\/macite.tg\/?p=12896#breadcrumb","itemListElement":[{"@type":"ListItem","position":1,"name":"Accueil","item":"https:\/\/macite.tg\/"},{"@type":"ListItem","position":2,"name":"FEDERATION CAMEROUNAISE DE FOOTBALL (Fecafoot) : Paul Biya prend la main\u2026"}]},{"@type":"WebSite","@id":"https:\/\/macite.tg\/#website","url":"https:\/\/macite.tg\/","name":"","description":"L&#039;information, la bonne!!!","potentialAction":[{"@type":"SearchAction","target":{"@type":"EntryPoint","urlTemplate":"https:\/\/macite.tg\/?s={search_term_string}"},"query-input":{"@type":"PropertyValueSpecification","valueRequired":true,"valueName":"search_term_string"}}],"inLanguage":"fr-FR"},{"@type":"Person","@id":"https:\/\/macite.tg\/#\/schema\/person\/e9f2de7e5dbbe7770a9402c7ce82f5c2","name":"Jean Pierre BAWELA","image":{"@type":"ImageObject","inLanguage":"fr-FR","@id":"https:\/\/macite.tg\/wp-content\/uploads\/2023\/09\/WhatsApp-Image-2023-09-19-at-14.44.41-122x122.jpeg","url":"https:\/\/macite.tg\/wp-content\/uploads\/2023\/09\/WhatsApp-Image-2023-09-19-at-14.44.41-122x122.jpeg","contentUrl":"https:\/\/macite.tg\/wp-content\/uploads\/2023\/09\/WhatsApp-Image-2023-09-19-at-14.44.41-122x122.jpeg","caption":"Jean Pierre BAWELA"},"url":"https:\/\/macite.tg\/?author=2"}]}},"_links":{"self":[{"href":"https:\/\/macite.tg\/index.php?rest_route=\/wp\/v2\/posts\/12896","targetHints":{"allow":["GET"]}}],"collection":[{"href":"https:\/\/macite.tg\/index.php?rest_route=\/wp\/v2\/posts"}],"about":[{"href":"https:\/\/macite.tg\/index.php?rest_route=\/wp\/v2\/types\/post"}],"author":[{"embeddable":true,"href":"https:\/\/macite.tg\/index.php?rest_route=\/wp\/v2\/users\/2"}],"replies":[{"embeddable":true,"href":"https:\/\/macite.tg\/index.php?rest_route=%2Fwp%2Fv2%2Fcomments&post=12896"}],"version-history":[{"count":0,"href":"https:\/\/macite.tg\/index.php?rest_route=\/wp\/v2\/posts\/12896\/revisions"}],"wp:featuredmedia":[{"embeddable":true,"href":"https:\/\/macite.tg\/index.php?rest_route=\/wp\/v2\/media\/12897"}],"wp:attachment":[{"href":"https:\/\/macite.tg\/index.php?rest_route=%2Fwp%2Fv2%2Fmedia&parent=12896"}],"wp:term":[{"taxonomy":"category","embeddable":true,"href":"https:\/\/macite.tg\/index.php?rest_route=%2Fwp%2Fv2%2Fcategories&post=12896"},{"taxonomy":"post_tag","embeddable":true,"href":"https:\/\/macite.tg\/index.php?rest_route=%2Fwp%2Fv2%2Ftags&post=12896"}],"curies":[{"name":"wp","href":"https:\/\/api.w.org\/{rel}","templated":true}]}}